{"id":41864,"date":"2021-08-13T09:42:13","date_gmt":"2021-08-13T07:42:13","guid":{"rendered":"https:\/\/www.amiblu.com\/?p=41864"},"modified":"2021-11-23T10:57:45","modified_gmt":"2021-11-23T09:57:45","slug":"mischwasserkanal-mit-profilgerinne-fuer-wilhelmshaven","status":"publish","type":"post","link":"https:\/\/www.amiblu.com\/de\/mischwasserkanal-mit-profilgerinne-fuer-wilhelmshaven\/","title":{"rendered":"Mischwasserkanal mit Profilgerinne f\u00fcr Wilhelmshaven"},"content":{"rendered":"<div  class='avia-video av-kw39u8r8-037b26fcace8487997f2cabe0e963091 avia-video-16-9 av-no-preview-image avia-video-load-always av-lazyload-immediate av-lazyload-video-embed'  itemprop=\"video\" itemtype=\"https:\/\/schema.org\/VideoObject\"  data-original_url='https:\/\/www.youtube.com\/watch?v=w9DqVndN-iM'><script type='text\/html' class='av-video-tmpl'><div class='avia-iframe-wrap'><iframe title=\"Mischwasserkanal mit Profilgerinne in Wilhelmshaven\" width=\"1500\" height=\"844\" src=\"https:\/\/www.youtube.com\/embed\/w9DqVndN-iM?feature=oembed&autoplay=0&loop=0&controls=1&mute=0\" frameborder=\"0\" allow=\"accelerometer; autoplay; clipboard-write; encrypted-media; gyroscope; picture-in-picture\" allowfullscreen><\/iframe><\/div><\/script><div class='av-click-to-play-overlay'><div class=\"avia_playpause_icon\"><\/div><\/div><\/div>\n\n<style type=\"text\/css\" data-created_by=\"avia_inline_auto\" id=\"style-css-av-kw3bcdye-948b9f2c8df2298adbceb39dc06c2e24\">\n#top .hr.hr-invisible.av-kw3bcdye-948b9f2c8df2298adbceb39dc06c2e24{\nheight:50px;\n}\n<\/style>\n<div  class='hr av-kw3bcdye-948b9f2c8df2298adbceb39dc06c2e24 hr-invisible  avia-builder-el-1  el_after_av_video  el_before_av_textblock '><span class='hr-inner '><span class=\"hr-inner-style\"><\/span><\/span><\/div>\n<section  class='av_textblock_section av-kw39uzyp-8bdce3aa031ead909e541bb128270d4e '   itemscope=\"itemscope\" itemtype=\"https:\/\/schema.org\/BlogPosting\" itemprop=\"blogPost\" ><div class='avia_textblock'  itemprop=\"text\" ><h2>Mischwasserkanal mit Profilgerinne f\u00fcr Wilhelmshaven<\/h2>\n<p>Ungew\u00f6hnlich heftige oder langanhaltende Niederschl\u00e4ge k\u00f6nnen im innerst\u00e4dtischen Bereich schnell zu \u00dcberschwemmungen f\u00fchren.<\/p>\n<p>In der Bremer Stra\u00dfe in Wilhelmshaven wurde aus diesem Grund der bestehende Altkanal durch einen Staukanal ersetzt. Dieser wird zuk\u00fcnftig das Regenwasser zwischenspeichern und die angrenzenden Kan\u00e4le sowie die Kl\u00e4ranlage bei Regenereignissen entlasten. F\u00fcr den ersten Bauabschnitt mit einer L\u00e4nge von rund 260 kamen Amiblu GFK-Rohre zum Einsatz \u2013 kreisrunde GFK-Rohre DN 1700 und DN 1600 mit eingebautem Profilgerinne Drachenprofil und GFK-Rohre in der Nennweite DN 700. Zus\u00e4tzlich wurden insgesamt vier GFK-Sch\u00e4chte in den Dimensionen DN 2000 bzw. DN 2500 verbaut.<\/p>\n<p>Mit GFK-Rohren haben die Technischen Betriebe Wilhelmshaven schon seit Jahren gute Erfahrungen gemacht. Das liegt nicht zuletzt daran, dass aufgrund der geologischen und hydrogeologischen Verh\u00e4ltnisse ein stabiles aber im gewissen Ma\u00dfe auch flexibles Material ben\u00f6tigt wird.<\/p>\n<p>Die Rohre DN 1700 und DN 1600 wurden mit einer Baul\u00e4nge von je drei Metern hergestellt. Das Gerinne wurde nach hydraulischen Berechnungen mit Profilschalen aus GFK in die Rohre laminiert. Der Trockenwetterabfluss flie\u00dft so durch den schmaleren Sohlbereich ab, w\u00e4hrend bei einem Regenereignis der gesamte Querschnitt f\u00fcr den R\u00fcckstau verwendet wird. Vorteilhaft ist dabei auch, dass die GFK-Rohre eine sehr glatte Innenfl\u00e4che und gute hydraulische Eigenschaften aufweisen, die Ablagerungen in der Trockenwetterrinne nahezu unm\u00f6glich machen.<\/p>\n<p>Bei der Verlegung waren wir live dabei \u2013 Video anklicken f\u00fcr spannende Eindr\u00fccke von der Baustelle!<\/p>\n<\/div><\/section>\n","protected":false},"excerpt":{"rendered":"","protected":false},"author":8,"featured_media":41870,"comment_status":"closed","ping_status":"closed","sticky":false,"template":"","format":"standard","meta":{"_acf_changed":false,"footnotes":""},"categories":[162],"tags":[],"class_list":["post-41864","post","type-post","status-publish","format-standard","has-post-thumbnail","hentry","category-news-2"],"acf":[],"yoast_head":"<!-- This site is optimized with the Yoast SEO Premium plugin v27.5 (Yoast SEO v27.5) - https:\/\/yoast.com\/product\/yoast-seo-premium-wordpress\/ -->\n<title>Mischwasserkanal mit Profilgerinne f\u00fcr Wilhelmshaven - Amiblu<\/title>\n<meta name=\"description\" content=\"F\u00fcr den ersten Bauabschnitt mit einer L\u00e4nge von rund 260 kamen Amiblu GFK-Rohre zum Einsatz \u2013 kreisrunde GFK-Rohre DN 1700 und DN 1600.\" \/>\n<meta name=\"robots\" content=\"index, follow, max-snippet:-1, max-image-preview:large, max-video-preview:-1\" \/>\n<link rel=\"canonical\" href=\"https:\/\/www.amiblu.com\/de\/mischwasserkanal-mit-profilgerinne-fuer-wilhelmshaven\/\" \/>\n<meta property=\"og:locale\" content=\"de_DE\" \/>\n<meta property=\"og:type\" content=\"article\" \/>\n<meta property=\"og:title\" content=\"Mischwasserkanal mit Profilgerinne f\u00fcr Wilhelmshaven\" \/>\n<meta property=\"og:description\" content=\"F\u00fcr den ersten Bauabschnitt mit einer L\u00e4nge von rund 260 kamen Amiblu GFK-Rohre zum Einsatz \u2013 kreisrunde GFK-Rohre DN 1700 und DN 1600.\" \/>\n<meta property=\"og:url\" content=\"https:\/\/www.amiblu.com\/de\/mischwasserkanal-mit-profilgerinne-fuer-wilhelmshaven\/\" \/>\n<meta property=\"og:site_name\" content=\"Amiblu\" \/>\n<meta property=\"article:publisher\" content=\"https:\/\/www.facebook.com\/amiblupipes\" \/>\n<meta property=\"article:published_time\" content=\"2021-08-13T07:42:13+00:00\" \/>\n<meta property=\"article:modified_time\" content=\"2021-11-23T09:57:45+00:00\" \/>\n<meta property=\"og:image\" content=\"https:\/\/www.amiblu.com\/wp-content\/uploads\/Mischwasserkanal-Wilhelmshaven.jpg\" \/>\n\t<meta property=\"og:image:width\" content=\"800\" \/>\n\t<meta property=\"og:image:height\" content=\"500\" \/>\n\t<meta property=\"og:image:type\" content=\"image\/jpeg\" \/>\n<meta name=\"author\" content=\"Sabrina Waldner\" \/>\n<meta name=\"twitter:card\" content=\"summary_large_image\" \/>\n<meta name=\"twitter:label1\" content=\"Verfasst von\" \/>\n\t<meta name=\"twitter:data1\" content=\"Sabrina Waldner\" \/>\n\t<meta name=\"twitter:label2\" content=\"Gesch\u00e4tzte Lesezeit\" \/>\n\t<meta name=\"twitter:data2\" content=\"2\u00a0Minuten\" \/>\n<script type=\"application\/ld+json\" class=\"yoast-schema-graph\">{\"@context\":\"https:\\\/\\\/schema.org\",\"@graph\":[{\"@type\":\"Article\",\"@id\":\"https:\\\/\\\/www.amiblu.com\\\/de\\\/mischwasserkanal-mit-profilgerinne-fuer-wilhelmshaven\\\/#article\",\"isPartOf\":{\"@id\":\"https:\\\/\\\/www.amiblu.com\\\/de\\\/mischwasserkanal-mit-profilgerinne-fuer-wilhelmshaven\\\/\"},\"author\":{\"name\":\"Sabrina Waldner\",\"@id\":\"https:\\\/\\\/www.amiblu.com\\\/de\\\/#\\\/schema\\\/person\\\/66d4fe66582f5e08feb0c6d94831bea0\"},\"headline\":\"Mischwasserkanal mit Profilgerinne f\u00fcr Wilhelmshaven\",\"datePublished\":\"2021-08-13T07:42:13+00:00\",\"dateModified\":\"2021-11-23T09:57:45+00:00\",\"mainEntityOfPage\":{\"@id\":\"https:\\\/\\\/www.amiblu.com\\\/de\\\/mischwasserkanal-mit-profilgerinne-fuer-wilhelmshaven\\\/\"},\"wordCount\":345,\"publisher\":{\"@id\":\"https:\\\/\\\/www.amiblu.com\\\/de\\\/#organization\"},\"image\":{\"@id\":\"https:\\\/\\\/www.amiblu.com\\\/de\\\/mischwasserkanal-mit-profilgerinne-fuer-wilhelmshaven\\\/#primaryimage\"},\"thumbnailUrl\":\"https:\\\/\\\/www.amiblu.com\\\/wp-content\\\/uploads\\\/Mischwasserkanal-Wilhelmshaven.jpg\",\"articleSection\":[\"News\"],\"inLanguage\":\"de\"},{\"@type\":\"WebPage\",\"@id\":\"https:\\\/\\\/www.amiblu.com\\\/de\\\/mischwasserkanal-mit-profilgerinne-fuer-wilhelmshaven\\\/\",\"url\":\"https:\\\/\\\/www.amiblu.com\\\/de\\\/mischwasserkanal-mit-profilgerinne-fuer-wilhelmshaven\\\/\",\"name\":\"Mischwasserkanal mit Profilgerinne f\u00fcr Wilhelmshaven - Amiblu\",\"isPartOf\":{\"@id\":\"https:\\\/\\\/www.amiblu.com\\\/de\\\/#website\"},\"primaryImageOfPage\":{\"@id\":\"https:\\\/\\\/www.amiblu.com\\\/de\\\/mischwasserkanal-mit-profilgerinne-fuer-wilhelmshaven\\\/#primaryimage\"},\"image\":{\"@id\":\"https:\\\/\\\/www.amiblu.com\\\/de\\\/mischwasserkanal-mit-profilgerinne-fuer-wilhelmshaven\\\/#primaryimage\"},\"thumbnailUrl\":\"https:\\\/\\\/www.amiblu.com\\\/wp-content\\\/uploads\\\/Mischwasserkanal-Wilhelmshaven.jpg\",\"datePublished\":\"2021-08-13T07:42:13+00:00\",\"dateModified\":\"2021-11-23T09:57:45+00:00\",\"description\":\"F\u00fcr den ersten Bauabschnitt mit einer L\u00e4nge von rund 260 kamen Amiblu GFK-Rohre zum Einsatz \u2013 kreisrunde GFK-Rohre DN 1700 und DN 1600.\",\"inLanguage\":\"de\",\"potentialAction\":[{\"@type\":\"ReadAction\",\"target\":[\"https:\\\/\\\/www.amiblu.com\\\/de\\\/mischwasserkanal-mit-profilgerinne-fuer-wilhelmshaven\\\/\"]}]},{\"@type\":\"ImageObject\",\"inLanguage\":\"de\",\"@id\":\"https:\\\/\\\/www.amiblu.com\\\/de\\\/mischwasserkanal-mit-profilgerinne-fuer-wilhelmshaven\\\/#primaryimage\",\"url\":\"https:\\\/\\\/www.amiblu.com\\\/wp-content\\\/uploads\\\/Mischwasserkanal-Wilhelmshaven.jpg\",\"contentUrl\":\"https:\\\/\\\/www.amiblu.com\\\/wp-content\\\/uploads\\\/Mischwasserkanal-Wilhelmshaven.jpg\",\"width\":800,\"height\":500,\"caption\":\"Mischwasserkanal Wilhelmshaven\"},{\"@type\":\"WebSite\",\"@id\":\"https:\\\/\\\/www.amiblu.com\\\/de\\\/#website\",\"url\":\"https:\\\/\\\/www.amiblu.com\\\/de\\\/\",\"name\":\"Amiblu\",\"description\":\"GFK-Rohrsysteme f\u00fcr Generationen\",\"publisher\":{\"@id\":\"https:\\\/\\\/www.amiblu.com\\\/de\\\/#organization\"},\"potentialAction\":[{\"@type\":\"SearchAction\",\"target\":{\"@type\":\"EntryPoint\",\"urlTemplate\":\"https:\\\/\\\/www.amiblu.com\\\/de\\\/?s={search_term_string}\"},\"query-input\":{\"@type\":\"PropertyValueSpecification\",\"valueRequired\":true,\"valueName\":\"search_term_string\"}}],\"inLanguage\":\"de\"},{\"@type\":\"Organization\",\"@id\":\"https:\\\/\\\/www.amiblu.com\\\/de\\\/#organization\",\"name\":\"Amiblu Group\",\"url\":\"https:\\\/\\\/www.amiblu.com\\\/de\\\/\",\"logo\":{\"@type\":\"ImageObject\",\"inLanguage\":\"de\",\"@id\":\"https:\\\/\\\/www.amiblu.com\\\/de\\\/#\\\/schema\\\/logo\\\/image\\\/\",\"url\":\"https:\\\/\\\/www.amiblu.com\\\/wp-content\\\/uploads\\\/2021\\\/01\\\/Amiblu-logo-website-1.png\",\"contentUrl\":\"https:\\\/\\\/www.amiblu.com\\\/wp-content\\\/uploads\\\/2021\\\/01\\\/Amiblu-logo-website-1.png\",\"width\":201,\"height\":38,\"caption\":\"Amiblu Group\"},\"image\":{\"@id\":\"https:\\\/\\\/www.amiblu.com\\\/de\\\/#\\\/schema\\\/logo\\\/image\\\/\"},\"sameAs\":[\"https:\\\/\\\/www.facebook.com\\\/amiblupipes\",\"https:\\\/\\\/www.youtube.com\\\/c\\\/Amiblu\",\"https:\\\/\\\/de.wikipedia.org\\\/wiki\\\/Amiblu\",\"https:\\\/\\\/www.linkedin.com\\\/company\\\/amiblupipes\\\/\"]},{\"@type\":\"Person\",\"@id\":\"https:\\\/\\\/www.amiblu.com\\\/de\\\/#\\\/schema\\\/person\\\/66d4fe66582f5e08feb0c6d94831bea0\",\"name\":\"Sabrina Waldner\",\"image\":{\"@type\":\"ImageObject\",\"inLanguage\":\"de\",\"@id\":\"https:\\\/\\\/secure.gravatar.com\\\/avatar\\\/13cdbddc478ca35f68d646e8ab726e9621b98a13bfedaa60f87ca493f92dca34?s=96&d=mm&r=g\",\"url\":\"https:\\\/\\\/secure.gravatar.com\\\/avatar\\\/13cdbddc478ca35f68d646e8ab726e9621b98a13bfedaa60f87ca493f92dca34?s=96&d=mm&r=g\",\"contentUrl\":\"https:\\\/\\\/secure.gravatar.com\\\/avatar\\\/13cdbddc478ca35f68d646e8ab726e9621b98a13bfedaa60f87ca493f92dca34?s=96&d=mm&r=g\",\"caption\":\"Sabrina Waldner\"}}]}<\/script>\n<!-- \/ Yoast SEO Premium plugin. -->","yoast_head_json":{"title":"Mischwasserkanal mit Profilgerinne f\u00fcr Wilhelmshaven - Amiblu","description":"F\u00fcr den ersten Bauabschnitt mit einer L\u00e4nge von rund 260 kamen Amiblu GFK-Rohre zum Einsatz \u2013 kreisrunde GFK-Rohre DN 1700 und DN 1600.","robots":{"index":"index","follow":"follow","max-snippet":"max-snippet:-1","max-image-preview":"max-image-preview:large","max-video-preview":"max-video-preview:-1"},"canonical":"https:\/\/www.amiblu.com\/de\/mischwasserkanal-mit-profilgerinne-fuer-wilhelmshaven\/","og_locale":"de_DE","og_type":"article","og_title":"Mischwasserkanal mit Profilgerinne f\u00fcr Wilhelmshaven","og_description":"F\u00fcr den ersten Bauabschnitt mit einer L\u00e4nge von rund 260 kamen Amiblu GFK-Rohre zum Einsatz \u2013 kreisrunde GFK-Rohre DN 1700 und DN 1600.","og_url":"https:\/\/www.amiblu.com\/de\/mischwasserkanal-mit-profilgerinne-fuer-wilhelmshaven\/","og_site_name":"Amiblu","article_publisher":"https:\/\/www.facebook.com\/amiblupipes","article_published_time":"2021-08-13T07:42:13+00:00","article_modified_time":"2021-11-23T09:57:45+00:00","og_image":[{"width":800,"height":500,"url":"https:\/\/www.amiblu.com\/wp-content\/uploads\/Mischwasserkanal-Wilhelmshaven.jpg","type":"image\/jpeg"}],"author":"Sabrina Waldner","twitter_card":"summary_large_image","twitter_misc":{"Verfasst von":"Sabrina Waldner","Gesch\u00e4tzte Lesezeit":"2\u00a0Minuten"},"schema":{"@context":"https:\/\/schema.org","@graph":[{"@type":"Article","@id":"https:\/\/www.amiblu.com\/de\/mischwasserkanal-mit-profilgerinne-fuer-wilhelmshaven\/#article","isPartOf":{"@id":"https:\/\/www.amiblu.com\/de\/mischwasserkanal-mit-profilgerinne-fuer-wilhelmshaven\/"},"author":{"name":"Sabrina Waldner","@id":"https:\/\/www.amiblu.com\/de\/#\/schema\/person\/66d4fe66582f5e08feb0c6d94831bea0"},"headline":"Mischwasserkanal mit Profilgerinne f\u00fcr Wilhelmshaven","datePublished":"2021-08-13T07:42:13+00:00","dateModified":"2021-11-23T09:57:45+00:00","mainEntityOfPage":{"@id":"https:\/\/www.amiblu.com\/de\/mischwasserkanal-mit-profilgerinne-fuer-wilhelmshaven\/"},"wordCount":345,"publisher":{"@id":"https:\/\/www.amiblu.com\/de\/#organization"},"image":{"@id":"https:\/\/www.amiblu.com\/de\/mischwasserkanal-mit-profilgerinne-fuer-wilhelmshaven\/#primaryimage"},"thumbnailUrl":"https:\/\/www.amiblu.com\/wp-content\/uploads\/Mischwasserkanal-Wilhelmshaven.jpg","articleSection":["News"],"inLanguage":"de"},{"@type":"WebPage","@id":"https:\/\/www.amiblu.com\/de\/mischwasserkanal-mit-profilgerinne-fuer-wilhelmshaven\/","url":"https:\/\/www.amiblu.com\/de\/mischwasserkanal-mit-profilgerinne-fuer-wilhelmshaven\/","name":"Mischwasserkanal mit Profilgerinne f\u00fcr Wilhelmshaven - Amiblu","isPartOf":{"@id":"https:\/\/www.amiblu.com\/de\/#website"},"primaryImageOfPage":{"@id":"https:\/\/www.amiblu.com\/de\/mischwasserkanal-mit-profilgerinne-fuer-wilhelmshaven\/#primaryimage"},"image":{"@id":"https:\/\/www.amiblu.com\/de\/mischwasserkanal-mit-profilgerinne-fuer-wilhelmshaven\/#primaryimage"},"thumbnailUrl":"https:\/\/www.amiblu.com\/wp-content\/uploads\/Mischwasserkanal-Wilhelmshaven.jpg","datePublished":"2021-08-13T07:42:13+00:00","dateModified":"2021-11-23T09:57:45+00:00","description":"F\u00fcr den ersten Bauabschnitt mit einer L\u00e4nge von rund 260 kamen Amiblu GFK-Rohre zum Einsatz \u2013 kreisrunde GFK-Rohre DN 1700 und DN 1600.","inLanguage":"de","potentialAction":[{"@type":"ReadAction","target":["https:\/\/www.amiblu.com\/de\/mischwasserkanal-mit-profilgerinne-fuer-wilhelmshaven\/"]}]},{"@type":"ImageObject","inLanguage":"de","@id":"https:\/\/www.amiblu.com\/de\/mischwasserkanal-mit-profilgerinne-fuer-wilhelmshaven\/#primaryimage","url":"https:\/\/www.amiblu.com\/wp-content\/uploads\/Mischwasserkanal-Wilhelmshaven.jpg","contentUrl":"https:\/\/www.amiblu.com\/wp-content\/uploads\/Mischwasserkanal-Wilhelmshaven.jpg","width":800,"height":500,"caption":"Mischwasserkanal Wilhelmshaven"},{"@type":"WebSite","@id":"https:\/\/www.amiblu.com\/de\/#website","url":"https:\/\/www.amiblu.com\/de\/","name":"Amiblu","description":"GFK-Rohrsysteme f\u00fcr Generationen","publisher":{"@id":"https:\/\/www.amiblu.com\/de\/#organization"},"potentialAction":[{"@type":"SearchAction","target":{"@type":"EntryPoint","urlTemplate":"https:\/\/www.amiblu.com\/de\/?s={search_term_string}"},"query-input":{"@type":"PropertyValueSpecification","valueRequired":true,"valueName":"search_term_string"}}],"inLanguage":"de"},{"@type":"Organization","@id":"https:\/\/www.amiblu.com\/de\/#organization","name":"Amiblu Group","url":"https:\/\/www.amiblu.com\/de\/","logo":{"@type":"ImageObject","inLanguage":"de","@id":"https:\/\/www.amiblu.com\/de\/#\/schema\/logo\/image\/","url":"https:\/\/www.amiblu.com\/wp-content\/uploads\/2021\/01\/Amiblu-logo-website-1.png","contentUrl":"https:\/\/www.amiblu.com\/wp-content\/uploads\/2021\/01\/Amiblu-logo-website-1.png","width":201,"height":38,"caption":"Amiblu Group"},"image":{"@id":"https:\/\/www.amiblu.com\/de\/#\/schema\/logo\/image\/"},"sameAs":["https:\/\/www.facebook.com\/amiblupipes","https:\/\/www.youtube.com\/c\/Amiblu","https:\/\/de.wikipedia.org\/wiki\/Amiblu","https:\/\/www.linkedin.com\/company\/amiblupipes\/"]},{"@type":"Person","@id":"https:\/\/www.amiblu.com\/de\/#\/schema\/person\/66d4fe66582f5e08feb0c6d94831bea0","name":"Sabrina Waldner","image":{"@type":"ImageObject","inLanguage":"de","@id":"https:\/\/secure.gravatar.com\/avatar\/13cdbddc478ca35f68d646e8ab726e9621b98a13bfedaa60f87ca493f92dca34?s=96&d=mm&r=g","url":"https:\/\/secure.gravatar.com\/avatar\/13cdbddc478ca35f68d646e8ab726e9621b98a13bfedaa60f87ca493f92dca34?s=96&d=mm&r=g","contentUrl":"https:\/\/secure.gravatar.com\/avatar\/13cdbddc478ca35f68d646e8ab726e9621b98a13bfedaa60f87ca493f92dca34?s=96&d=mm&r=g","caption":"Sabrina Waldner"}}]}},"_links":{"self":[{"href":"https:\/\/www.amiblu.com\/de\/wp-json\/wp\/v2\/posts\/41864","targetHints":{"allow":["GET"]}}],"collection":[{"href":"https:\/\/www.amiblu.com\/de\/wp-json\/wp\/v2\/posts"}],"about":[{"href":"https:\/\/www.amiblu.com\/de\/wp-json\/wp\/v2\/types\/post"}],"author":[{"embeddable":true,"href":"https:\/\/www.amiblu.com\/de\/wp-json\/wp\/v2\/users\/8"}],"replies":[{"embeddable":true,"href":"https:\/\/www.amiblu.com\/de\/wp-json\/wp\/v2\/comments?post=41864"}],"version-history":[{"count":15,"href":"https:\/\/www.amiblu.com\/de\/wp-json\/wp\/v2\/posts\/41864\/revisions"}],"predecessor-version":[{"id":42176,"href":"https:\/\/www.amiblu.com\/de\/wp-json\/wp\/v2\/posts\/41864\/revisions\/42176"}],"wp:featuredmedia":[{"embeddable":true,"href":"https:\/\/www.amiblu.com\/de\/wp-json\/wp\/v2\/media\/41870"}],"wp:attachment":[{"href":"https:\/\/www.amiblu.com\/de\/wp-json\/wp\/v2\/media?parent=41864"}],"wp:term":[{"taxonomy":"category","embeddable":true,"href":"https:\/\/www.amiblu.com\/de\/wp-json\/wp\/v2\/categories?post=41864"},{"taxonomy":"post_tag","embeddable":true,"href":"https:\/\/www.amiblu.com\/de\/wp-json\/wp\/v2\/tags?post=41864"}],"curies":[{"name":"wp","href":"https:\/\/api.w.org\/{rel}","templated":true}]}}