{"id":54708,"date":"2022-12-20T12:06:54","date_gmt":"2022-12-20T11:06:54","guid":{"rendered":"https:\/\/www.amiblu.com\/?p=54708"},"modified":"2022-12-20T12:06:58","modified_gmt":"2022-12-20T11:06:58","slug":"staukanal-fulda","status":"publish","type":"post","link":"https:\/\/www.amiblu.com\/de\/staukanal-fulda\/","title":{"rendered":"Neues Regenr\u00fcckhaltebecken f\u00fcr Fulda"},"content":{"rendered":"\n<style type=\"text\/css\" data-created_by=\"avia_inline_auto\" id=\"style-css-av-l28mofvc-227f68b4c59d7efa8fc63943c643c0f2\">\n.avia-image-container.av-l28mofvc-227f68b4c59d7efa8fc63943c643c0f2 img.avia_image{\nbox-shadow:none;\n}\n.avia-image-container.av-l28mofvc-227f68b4c59d7efa8fc63943c643c0f2 .av-image-caption-overlay-center{\ncolor:#ffffff;\n}\n<\/style>\n<div  class='avia-image-container av-l28mofvc-227f68b4c59d7efa8fc63943c643c0f2 av-styling- avia-align-center  avia-builder-el-0  el_before_av_hr  avia-builder-el-first '   itemprop=\"image\" itemscope=\"itemscope\" itemtype=\"https:\/\/schema.org\/ImageObject\" ><div class=\"avia-image-container-inner\"><div class=\"avia-image-overlay-wrap\"><img fetchpriority=\"high\" fetchpriority=\"high\" decoding=\"async\" fetchpriority=\"high\" class='wp-image-54710 avia-img-lazy-loading-not-54710 avia_image ' src=\"https:\/\/www.amiblu.com\/wp-content\/uploads\/Staukanal-Fulda-2022.jpg\" alt='Regenr\u00fcckhaltebecken Fulda' title='Staukanal-Fulda-2022'  height=\"500\" width=\"800\"  itemprop=\"thumbnailUrl\" srcset=\"https:\/\/www.amiblu.com\/wp-content\/uploads\/Staukanal-Fulda-2022.jpg 800w, https:\/\/www.amiblu.com\/wp-content\/uploads\/Staukanal-Fulda-2022-300x188.jpg 300w, https:\/\/www.amiblu.com\/wp-content\/uploads\/Staukanal-Fulda-2022-768x480.jpg 768w, https:\/\/www.amiblu.com\/wp-content\/uploads\/Staukanal-Fulda-2022-705x441.jpg 705w\" sizes=\"(max-width: 800px) 100vw, 800px\" \/><\/div><\/div><\/div>\n\n<style type=\"text\/css\" data-created_by=\"avia_inline_auto\" id=\"style-css-av-kw3b89sf-9f0e684917a05e382555d0c7bc8225bb\">\n#top .hr.hr-invisible.av-kw3b89sf-9f0e684917a05e382555d0c7bc8225bb{\nheight:50px;\n}\n<\/style>\n<div  class='hr av-kw3b89sf-9f0e684917a05e382555d0c7bc8225bb hr-invisible  avia-builder-el-1  el_after_av_image  el_before_av_heading '><span class='hr-inner '><span class=\"hr-inner-style\"><\/span><\/span><\/div>\n\n<style type=\"text\/css\" data-created_by=\"avia_inline_auto\" id=\"style-css-av-l9dyerzp-e540064ba57a20e7c3e40cfd01a213f5\">\n#top .av-special-heading.av-l9dyerzp-e540064ba57a20e7c3e40cfd01a213f5{\npadding-bottom:10px;\n}\nbody .av-special-heading.av-l9dyerzp-e540064ba57a20e7c3e40cfd01a213f5 .av-special-heading-tag .heading-char{\nfont-size:25px;\n}\n.av-special-heading.av-l9dyerzp-e540064ba57a20e7c3e40cfd01a213f5 .av-subheading{\nfont-size:15px;\n}\n<\/style>\n<div  class='av-special-heading av-l9dyerzp-e540064ba57a20e7c3e40cfd01a213f5 av-special-heading-h3  avia-builder-el-2  el_after_av_hr  el_before_av_textblock '><h3 class='av-special-heading-tag '  itemprop=\"headline\"  >M\u00e4andrierender Stauraumkanal<\/h3><div class=\"special-heading-border\"><div class=\"special-heading-inner-border\"><\/div><\/div><\/div>\n<section  class='av_textblock_section av-l9dybqzr-cd6b96fae750c6cfd85e453c0c00ec9c '   itemscope=\"itemscope\" itemtype=\"https:\/\/schema.org\/BlogPosting\" itemprop=\"blogPost\" ><div class='avia_textblock'  itemprop=\"text\" ><p>Der <strong>Abwasserverband Fulda<\/strong> betreibt ein Kanalnetz von rund 700 Kilometer L\u00e4nge, dazu geh\u00f6ren etwa 190 Sonderbauwerke, die vom Verband baulich unterhalten werden. Bei einer Begehung vor einigen Jahren fiel auf, dass ein ca. 50 Jahre altes rechteckiges <strong>Regen\u00fcberlaufbecken<\/strong> aus Stahlbeton mit einem Volumen von 1900 m\u00b3 zwei setzungsbedingte radial verlaufende Risse aufwies&#8230;.<\/p>\n<p>Lesen Sie mehr bei B I umweltbau: <a href=\"https:\/\/bi-medien.de\/fachzeitschriften\/umweltbau\/kanalbau-kanalbetrieb\/maeandrierender-stauraumkanal-um-die-ecke-gedacht-u15377\" target=\"_blank\" rel=\"noopener\">bi-medien.de\/maeandrierender-stauraumkanal-um-die-ecke-gedacht<\/a><\/p>\n<\/div><\/section>\n\n<style type=\"text\/css\" data-created_by=\"avia_inline_auto\" id=\"style-css-av-l9dxw0v6-ce253e919621a13c0591bfa9e18efdb9\">\n#top .hr.hr-invisible.av-l9dxw0v6-ce253e919621a13c0591bfa9e18efdb9{\nheight:50px;\n}\n<\/style>\n<div  class='hr av-l9dxw0v6-ce253e919621a13c0591bfa9e18efdb9 hr-invisible  avia-builder-el-4  el_after_av_textblock  el_before_av_button '><span class='hr-inner '><span class=\"hr-inner-style\"><\/span><\/span><\/div>\n<div  class='avia-button-wrap av-l95ctybm-36fdbbb4f1a2b95976a72544bce32982-wrap avia-button-center  avia-builder-el-5  el_after_av_hr  avia-builder-el-last '><a href='https:\/\/www.amiblu.com\/de\/abwasser\/'  class='avia-button av-l95ctybm-36fdbbb4f1a2b95976a72544bce32982 av-link-btn avia-icon_select-yes-right-icon avia-size-small avia-position-center avia-color-theme-color'   aria-label=\"Hier mehr zu GFK-Rohren f\u00fcr Staukan\u00e4le erfahren\"><span class='avia_iconbox_title' >Hier mehr zu GFK-Rohren f\u00fcr Staukan\u00e4le erfahren<\/span><span class='avia_button_icon avia_button_icon_right avia-iconfont avia-font-entypo-fontello' data-av_icon='\ue88d' data-av_iconfont='entypo-fontello' ><\/span><\/a><\/div>\n","protected":false},"excerpt":{"rendered":"<p>Neuer Staukanal aus GFK-Rohren ersetzt ca. 50 Jahre altes rechteckiges Regen\u00fcberlaufbecken aus Stahlbeton mit einem Volumen von 1900 m\u00b3 &#8230;<\/p>\n","protected":false},"author":13,"featured_media":54710,"comment_status":"closed","ping_status":"closed","sticky":false,"template":"","format":"standard","meta":{"_acf_changed":false,"footnotes":""},"categories":[162],"tags":[],"class_list":["post-54708","post","type-post","status-publish","format-standard","has-post-thumbnail","hentry","category-news-2"],"acf":[],"yoast_head":"<!-- This site is optimized with the Yoast SEO Premium plugin v27.4 (Yoast SEO v27.5) - https:\/\/yoast.com\/product\/yoast-seo-premium-wordpress\/ -->\n<title>Neues Regenr\u00fcckhaltebecken f\u00fcr Fulda - Amiblu<\/title>\n<meta name=\"description\" content=\"Neuer Staukanal aus GFK-Rohren ersetzt ca. 50 Jahre altes rechteckiges Regen\u00fcberlaufbecken aus Stahlbeton mit einem Volumen von 1900 m\u00b3.\" \/>\n<meta name=\"robots\" content=\"index, follow, max-snippet:-1, max-image-preview:large, max-video-preview:-1\" \/>\n<link rel=\"canonical\" href=\"https:\/\/www.amiblu.com\/de\/staukanal-fulda\/\" \/>\n<meta property=\"og:locale\" content=\"de_DE\" \/>\n<meta property=\"og:type\" content=\"article\" \/>\n<meta property=\"og:title\" content=\"Neues Regenr\u00fcckhaltebecken f\u00fcr Fulda\" \/>\n<meta property=\"og:description\" content=\"Neuer Staukanal aus GFK-Rohren ersetzt ca. 50 Jahre altes rechteckiges Regen\u00fcberlaufbecken aus Stahlbeton mit einem Volumen von 1900 m\u00b3.\" \/>\n<meta property=\"og:url\" content=\"https:\/\/www.amiblu.com\/de\/staukanal-fulda\/\" \/>\n<meta property=\"og:site_name\" content=\"Amiblu\" \/>\n<meta property=\"article:publisher\" content=\"https:\/\/www.facebook.com\/amiblupipes\" \/>\n<meta property=\"article:published_time\" content=\"2022-12-20T11:06:54+00:00\" \/>\n<meta property=\"article:modified_time\" content=\"2022-12-20T11:06:58+00:00\" \/>\n<meta property=\"og:image\" content=\"https:\/\/www.amiblu.com\/wp-content\/uploads\/Staukanal-Fulda-2022.jpg\" \/>\n\t<meta property=\"og:image:width\" content=\"800\" \/>\n\t<meta property=\"og:image:height\" content=\"500\" \/>\n\t<meta property=\"og:image:type\" content=\"image\/jpeg\" \/>\n<meta name=\"author\" content=\"Anja Strehlow\" \/>\n<meta name=\"twitter:card\" content=\"summary_large_image\" \/>\n<meta name=\"twitter:label1\" content=\"Verfasst von\" \/>\n\t<meta name=\"twitter:data1\" content=\"Anja Strehlow\" \/>\n\t<meta name=\"twitter:label2\" content=\"Gesch\u00e4tzte Lesezeit\" \/>\n\t<meta name=\"twitter:data2\" content=\"2\u00a0Minuten\" \/>\n<script type=\"application\/ld+json\" class=\"yoast-schema-graph\">{\"@context\":\"https:\\\/\\\/schema.org\",\"@graph\":[{\"@type\":\"Article\",\"@id\":\"https:\\\/\\\/www.amiblu.com\\\/de\\\/staukanal-fulda\\\/#article\",\"isPartOf\":{\"@id\":\"https:\\\/\\\/www.amiblu.com\\\/de\\\/staukanal-fulda\\\/\"},\"author\":{\"name\":\"Anja Strehlow\",\"@id\":\"https:\\\/\\\/www.amiblu.com\\\/de\\\/#\\\/schema\\\/person\\\/1f29275fc935f7fda92589ff9058503c\"},\"headline\":\"Neues Regenr\u00fcckhaltebecken f\u00fcr Fulda\",\"datePublished\":\"2022-12-20T11:06:54+00:00\",\"dateModified\":\"2022-12-20T11:06:58+00:00\",\"mainEntityOfPage\":{\"@id\":\"https:\\\/\\\/www.amiblu.com\\\/de\\\/staukanal-fulda\\\/\"},\"wordCount\":507,\"publisher\":{\"@id\":\"https:\\\/\\\/www.amiblu.com\\\/de\\\/#organization\"},\"image\":{\"@id\":\"https:\\\/\\\/www.amiblu.com\\\/de\\\/staukanal-fulda\\\/#primaryimage\"},\"thumbnailUrl\":\"https:\\\/\\\/www.amiblu.com\\\/wp-content\\\/uploads\\\/Staukanal-Fulda-2022.jpg\",\"articleSection\":[\"News\"],\"inLanguage\":\"de\"},{\"@type\":\"WebPage\",\"@id\":\"https:\\\/\\\/www.amiblu.com\\\/de\\\/staukanal-fulda\\\/\",\"url\":\"https:\\\/\\\/www.amiblu.com\\\/de\\\/staukanal-fulda\\\/\",\"name\":\"Neues Regenr\u00fcckhaltebecken f\u00fcr Fulda - Amiblu\",\"isPartOf\":{\"@id\":\"https:\\\/\\\/www.amiblu.com\\\/de\\\/#website\"},\"primaryImageOfPage\":{\"@id\":\"https:\\\/\\\/www.amiblu.com\\\/de\\\/staukanal-fulda\\\/#primaryimage\"},\"image\":{\"@id\":\"https:\\\/\\\/www.amiblu.com\\\/de\\\/staukanal-fulda\\\/#primaryimage\"},\"thumbnailUrl\":\"https:\\\/\\\/www.amiblu.com\\\/wp-content\\\/uploads\\\/Staukanal-Fulda-2022.jpg\",\"datePublished\":\"2022-12-20T11:06:54+00:00\",\"dateModified\":\"2022-12-20T11:06:58+00:00\",\"description\":\"Neuer Staukanal aus GFK-Rohren ersetzt ca. 50 Jahre altes rechteckiges Regen\u00fcberlaufbecken aus Stahlbeton mit einem Volumen von 1900 m\u00b3.\",\"inLanguage\":\"de\",\"potentialAction\":[{\"@type\":\"ReadAction\",\"target\":[\"https:\\\/\\\/www.amiblu.com\\\/de\\\/staukanal-fulda\\\/\"]}]},{\"@type\":\"ImageObject\",\"inLanguage\":\"de\",\"@id\":\"https:\\\/\\\/www.amiblu.com\\\/de\\\/staukanal-fulda\\\/#primaryimage\",\"url\":\"https:\\\/\\\/www.amiblu.com\\\/wp-content\\\/uploads\\\/Staukanal-Fulda-2022.jpg\",\"contentUrl\":\"https:\\\/\\\/www.amiblu.com\\\/wp-content\\\/uploads\\\/Staukanal-Fulda-2022.jpg\",\"width\":800,\"height\":500,\"caption\":\"Regenr\u00fcckhaltebecken Fulda\"},{\"@type\":\"WebSite\",\"@id\":\"https:\\\/\\\/www.amiblu.com\\\/de\\\/#website\",\"url\":\"https:\\\/\\\/www.amiblu.com\\\/de\\\/\",\"name\":\"Amiblu\",\"description\":\"GFK-Rohrsysteme f\u00fcr Generationen\",\"publisher\":{\"@id\":\"https:\\\/\\\/www.amiblu.com\\\/de\\\/#organization\"},\"potentialAction\":[{\"@type\":\"SearchAction\",\"target\":{\"@type\":\"EntryPoint\",\"urlTemplate\":\"https:\\\/\\\/www.amiblu.com\\\/de\\\/?s={search_term_string}\"},\"query-input\":{\"@type\":\"PropertyValueSpecification\",\"valueRequired\":true,\"valueName\":\"search_term_string\"}}],\"inLanguage\":\"de\"},{\"@type\":\"Organization\",\"@id\":\"https:\\\/\\\/www.amiblu.com\\\/de\\\/#organization\",\"name\":\"Amiblu Group\",\"url\":\"https:\\\/\\\/www.amiblu.com\\\/de\\\/\",\"logo\":{\"@type\":\"ImageObject\",\"inLanguage\":\"de\",\"@id\":\"https:\\\/\\\/www.amiblu.com\\\/de\\\/#\\\/schema\\\/logo\\\/image\\\/\",\"url\":\"https:\\\/\\\/www.amiblu.com\\\/wp-content\\\/uploads\\\/2021\\\/01\\\/Amiblu-logo-website-1.png\",\"contentUrl\":\"https:\\\/\\\/www.amiblu.com\\\/wp-content\\\/uploads\\\/2021\\\/01\\\/Amiblu-logo-website-1.png\",\"width\":201,\"height\":38,\"caption\":\"Amiblu Group\"},\"image\":{\"@id\":\"https:\\\/\\\/www.amiblu.com\\\/de\\\/#\\\/schema\\\/logo\\\/image\\\/\"},\"sameAs\":[\"https:\\\/\\\/www.facebook.com\\\/amiblupipes\",\"https:\\\/\\\/www.youtube.com\\\/c\\\/Amiblu\",\"https:\\\/\\\/de.wikipedia.org\\\/wiki\\\/Amiblu\",\"https:\\\/\\\/www.linkedin.com\\\/company\\\/amiblupipes\\\/\"]},{\"@type\":\"Person\",\"@id\":\"https:\\\/\\\/www.amiblu.com\\\/de\\\/#\\\/schema\\\/person\\\/1f29275fc935f7fda92589ff9058503c\",\"name\":\"Anja Strehlow\",\"image\":{\"@type\":\"ImageObject\",\"inLanguage\":\"de\",\"@id\":\"https:\\\/\\\/secure.gravatar.com\\\/avatar\\\/5731db37d886ffee3940c320a110a71e4189ad575d85c2c0fad5f740ad725fdb?s=96&d=mm&r=g\",\"url\":\"https:\\\/\\\/secure.gravatar.com\\\/avatar\\\/5731db37d886ffee3940c320a110a71e4189ad575d85c2c0fad5f740ad725fdb?s=96&d=mm&r=g\",\"contentUrl\":\"https:\\\/\\\/secure.gravatar.com\\\/avatar\\\/5731db37d886ffee3940c320a110a71e4189ad575d85c2c0fad5f740ad725fdb?s=96&d=mm&r=g\",\"caption\":\"Anja Strehlow\"}}]}<\/script>\n<!-- \/ Yoast SEO Premium plugin. -->","yoast_head_json":{"title":"Neues Regenr\u00fcckhaltebecken f\u00fcr Fulda - Amiblu","description":"Neuer Staukanal aus GFK-Rohren ersetzt ca. 50 Jahre altes rechteckiges Regen\u00fcberlaufbecken aus Stahlbeton mit einem Volumen von 1900 m\u00b3.","robots":{"index":"index","follow":"follow","max-snippet":"max-snippet:-1","max-image-preview":"max-image-preview:large","max-video-preview":"max-video-preview:-1"},"canonical":"https:\/\/www.amiblu.com\/de\/staukanal-fulda\/","og_locale":"de_DE","og_type":"article","og_title":"Neues Regenr\u00fcckhaltebecken f\u00fcr Fulda","og_description":"Neuer Staukanal aus GFK-Rohren ersetzt ca. 50 Jahre altes rechteckiges Regen\u00fcberlaufbecken aus Stahlbeton mit einem Volumen von 1900 m\u00b3.","og_url":"https:\/\/www.amiblu.com\/de\/staukanal-fulda\/","og_site_name":"Amiblu","article_publisher":"https:\/\/www.facebook.com\/amiblupipes","article_published_time":"2022-12-20T11:06:54+00:00","article_modified_time":"2022-12-20T11:06:58+00:00","og_image":[{"width":800,"height":500,"url":"https:\/\/www.amiblu.com\/wp-content\/uploads\/Staukanal-Fulda-2022.jpg","type":"image\/jpeg"}],"author":"Anja Strehlow","twitter_card":"summary_large_image","twitter_misc":{"Verfasst von":"Anja Strehlow","Gesch\u00e4tzte Lesezeit":"2\u00a0Minuten"},"schema":{"@context":"https:\/\/schema.org","@graph":[{"@type":"Article","@id":"https:\/\/www.amiblu.com\/de\/staukanal-fulda\/#article","isPartOf":{"@id":"https:\/\/www.amiblu.com\/de\/staukanal-fulda\/"},"author":{"name":"Anja Strehlow","@id":"https:\/\/www.amiblu.com\/de\/#\/schema\/person\/1f29275fc935f7fda92589ff9058503c"},"headline":"Neues Regenr\u00fcckhaltebecken f\u00fcr Fulda","datePublished":"2022-12-20T11:06:54+00:00","dateModified":"2022-12-20T11:06:58+00:00","mainEntityOfPage":{"@id":"https:\/\/www.amiblu.com\/de\/staukanal-fulda\/"},"wordCount":507,"publisher":{"@id":"https:\/\/www.amiblu.com\/de\/#organization"},"image":{"@id":"https:\/\/www.amiblu.com\/de\/staukanal-fulda\/#primaryimage"},"thumbnailUrl":"https:\/\/www.amiblu.com\/wp-content\/uploads\/Staukanal-Fulda-2022.jpg","articleSection":["News"],"inLanguage":"de"},{"@type":"WebPage","@id":"https:\/\/www.amiblu.com\/de\/staukanal-fulda\/","url":"https:\/\/www.amiblu.com\/de\/staukanal-fulda\/","name":"Neues Regenr\u00fcckhaltebecken f\u00fcr Fulda - Amiblu","isPartOf":{"@id":"https:\/\/www.amiblu.com\/de\/#website"},"primaryImageOfPage":{"@id":"https:\/\/www.amiblu.com\/de\/staukanal-fulda\/#primaryimage"},"image":{"@id":"https:\/\/www.amiblu.com\/de\/staukanal-fulda\/#primaryimage"},"thumbnailUrl":"https:\/\/www.amiblu.com\/wp-content\/uploads\/Staukanal-Fulda-2022.jpg","datePublished":"2022-12-20T11:06:54+00:00","dateModified":"2022-12-20T11:06:58+00:00","description":"Neuer Staukanal aus GFK-Rohren ersetzt ca. 50 Jahre altes rechteckiges Regen\u00fcberlaufbecken aus Stahlbeton mit einem Volumen von 1900 m\u00b3.","inLanguage":"de","potentialAction":[{"@type":"ReadAction","target":["https:\/\/www.amiblu.com\/de\/staukanal-fulda\/"]}]},{"@type":"ImageObject","inLanguage":"de","@id":"https:\/\/www.amiblu.com\/de\/staukanal-fulda\/#primaryimage","url":"https:\/\/www.amiblu.com\/wp-content\/uploads\/Staukanal-Fulda-2022.jpg","contentUrl":"https:\/\/www.amiblu.com\/wp-content\/uploads\/Staukanal-Fulda-2022.jpg","width":800,"height":500,"caption":"Regenr\u00fcckhaltebecken Fulda"},{"@type":"WebSite","@id":"https:\/\/www.amiblu.com\/de\/#website","url":"https:\/\/www.amiblu.com\/de\/","name":"Amiblu","description":"GFK-Rohrsysteme f\u00fcr Generationen","publisher":{"@id":"https:\/\/www.amiblu.com\/de\/#organization"},"potentialAction":[{"@type":"SearchAction","target":{"@type":"EntryPoint","urlTemplate":"https:\/\/www.amiblu.com\/de\/?s={search_term_string}"},"query-input":{"@type":"PropertyValueSpecification","valueRequired":true,"valueName":"search_term_string"}}],"inLanguage":"de"},{"@type":"Organization","@id":"https:\/\/www.amiblu.com\/de\/#organization","name":"Amiblu Group","url":"https:\/\/www.amiblu.com\/de\/","logo":{"@type":"ImageObject","inLanguage":"de","@id":"https:\/\/www.amiblu.com\/de\/#\/schema\/logo\/image\/","url":"https:\/\/www.amiblu.com\/wp-content\/uploads\/2021\/01\/Amiblu-logo-website-1.png","contentUrl":"https:\/\/www.amiblu.com\/wp-content\/uploads\/2021\/01\/Amiblu-logo-website-1.png","width":201,"height":38,"caption":"Amiblu Group"},"image":{"@id":"https:\/\/www.amiblu.com\/de\/#\/schema\/logo\/image\/"},"sameAs":["https:\/\/www.facebook.com\/amiblupipes","https:\/\/www.youtube.com\/c\/Amiblu","https:\/\/de.wikipedia.org\/wiki\/Amiblu","https:\/\/www.linkedin.com\/company\/amiblupipes\/"]},{"@type":"Person","@id":"https:\/\/www.amiblu.com\/de\/#\/schema\/person\/1f29275fc935f7fda92589ff9058503c","name":"Anja Strehlow","image":{"@type":"ImageObject","inLanguage":"de","@id":"https:\/\/secure.gravatar.com\/avatar\/5731db37d886ffee3940c320a110a71e4189ad575d85c2c0fad5f740ad725fdb?s=96&d=mm&r=g","url":"https:\/\/secure.gravatar.com\/avatar\/5731db37d886ffee3940c320a110a71e4189ad575d85c2c0fad5f740ad725fdb?s=96&d=mm&r=g","contentUrl":"https:\/\/secure.gravatar.com\/avatar\/5731db37d886ffee3940c320a110a71e4189ad575d85c2c0fad5f740ad725fdb?s=96&d=mm&r=g","caption":"Anja Strehlow"}}]}},"_links":{"self":[{"href":"https:\/\/www.amiblu.com\/de\/wp-json\/wp\/v2\/posts\/54708","targetHints":{"allow":["GET"]}}],"collection":[{"href":"https:\/\/www.amiblu.com\/de\/wp-json\/wp\/v2\/posts"}],"about":[{"href":"https:\/\/www.amiblu.com\/de\/wp-json\/wp\/v2\/types\/post"}],"author":[{"embeddable":true,"href":"https:\/\/www.amiblu.com\/de\/wp-json\/wp\/v2\/users\/13"}],"replies":[{"embeddable":true,"href":"https:\/\/www.amiblu.com\/de\/wp-json\/wp\/v2\/comments?post=54708"}],"version-history":[{"count":6,"href":"https:\/\/www.amiblu.com\/de\/wp-json\/wp\/v2\/posts\/54708\/revisions"}],"predecessor-version":[{"id":54725,"href":"https:\/\/www.amiblu.com\/de\/wp-json\/wp\/v2\/posts\/54708\/revisions\/54725"}],"wp:featuredmedia":[{"embeddable":true,"href":"https:\/\/www.amiblu.com\/de\/wp-json\/wp\/v2\/media\/54710"}],"wp:attachment":[{"href":"https:\/\/www.amiblu.com\/de\/wp-json\/wp\/v2\/media?parent=54708"}],"wp:term":[{"taxonomy":"category","embeddable":true,"href":"https:\/\/www.amiblu.com\/de\/wp-json\/wp\/v2\/categories?post=54708"},{"taxonomy":"post_tag","embeddable":true,"href":"https:\/\/www.amiblu.com\/de\/wp-json\/wp\/v2\/tags?post=54708"}],"curies":[{"name":"wp","href":"https:\/\/api.w.org\/{rel}","templated":true}]}}