{"id":55454,"date":"2023-02-09T11:41:04","date_gmt":"2023-02-09T10:41:04","guid":{"rendered":"https:\/\/www.amiblu.com\/?p=55454"},"modified":"2023-05-11T09:51:46","modified_gmt":"2023-05-11T07:51:46","slug":"eu-abgeordnete-zu-besuch-bei-amiblu-in-doebeln","status":"publish","type":"post","link":"https:\/\/www.amiblu.com\/de\/eu-abgeordnete-zu-besuch-bei-amiblu-in-doebeln\/","title":{"rendered":"EU-Abgeordnete zum Werksbesuch"},"content":{"rendered":"\n<style type=\"text\/css\" data-created_by=\"avia_inline_auto\" id=\"style-css-av-l28mofvc-838dc252bf96dcd6d37b2609c6e37022\">\n.avia-image-container.av-l28mofvc-838dc252bf96dcd6d37b2609c6e37022 img.avia_image{\nbox-shadow:none;\n}\n.avia-image-container.av-l28mofvc-838dc252bf96dcd6d37b2609c6e37022 .av-image-caption-overlay-center{\ncolor:#ffffff;\n}\n<\/style>\n<div  class='avia-image-container av-l28mofvc-838dc252bf96dcd6d37b2609c6e37022 av-styling- avia-align-center  avia-builder-el-0  el_before_av_textblock  avia-builder-el-first '   itemprop=\"image\" itemscope=\"itemscope\" itemtype=\"https:\/\/schema.org\/ImageObject\" ><div class=\"avia-image-container-inner\"><div class=\"avia-image-overlay-wrap\"><img fetchpriority=\"high\" fetchpriority=\"high\" decoding=\"async\" fetchpriority=\"high\" class='wp-image-55462 avia-img-lazy-loading-not-55462 avia_image ' src=\"https:\/\/www.amiblu.com\/wp-content\/uploads\/EU-Abgeordnete-Anna-Cavazzini-Werksbesuch-Doebeln.jpeg\" alt='EU-Abgeordnete Anna Cavazzini auf Werksbesuch in D\u00f6beln' title='EU-Abgeordnete- Anna-Cavazzini-Werksbesuch-Doebeln'  height=\"450\" width=\"800\"  itemprop=\"thumbnailUrl\" srcset=\"https:\/\/www.amiblu.com\/wp-content\/uploads\/EU-Abgeordnete-Anna-Cavazzini-Werksbesuch-Doebeln.jpeg 800w, https:\/\/www.amiblu.com\/wp-content\/uploads\/EU-Abgeordnete-Anna-Cavazzini-Werksbesuch-Doebeln-300x169.jpeg 300w, https:\/\/www.amiblu.com\/wp-content\/uploads\/EU-Abgeordnete-Anna-Cavazzini-Werksbesuch-Doebeln-768x432.jpeg 768w, https:\/\/www.amiblu.com\/wp-content\/uploads\/EU-Abgeordnete-Anna-Cavazzini-Werksbesuch-Doebeln-705x397.jpeg 705w\" sizes=\"(max-width: 800px) 100vw, 800px\" \/><\/div><\/div><\/div>\n<section  class='av_textblock_section av-ldwyx35p-46386de9d73a57b0bf44c67773109496 '   itemscope=\"itemscope\" itemtype=\"https:\/\/schema.org\/BlogPosting\" itemprop=\"blogPost\" ><div class='avia_textblock'  itemprop=\"text\" ><p style=\"text-align: center;\">Betriebsbesichtigung bei Amiblu: EU-Abgeordnete Anna Cavazzini mit Vidar Pettersen, Mario Frieben und Michael Ausserwinkler<br \/>\n<span style=\"color: #808080;\">(\u00a9Quelle: <span class=\"ui-provider ho b c d e f g h i j k l m n o p q r s t u v w x y z ab ac ae af ag ah ai aj ak\" dir=\"ltr\">Dirk Wurzel, Leipziger Volkszeitung)<\/span><\/span><\/p>\n<\/div><\/section>\n\n<style type=\"text\/css\" data-created_by=\"avia_inline_auto\" id=\"style-css-av-kw3b89sf-9f0e684917a05e382555d0c7bc8225bb\">\n#top .hr.hr-invisible.av-kw3b89sf-9f0e684917a05e382555d0c7bc8225bb{\nheight:50px;\n}\n<\/style>\n<div  class='hr av-kw3b89sf-9f0e684917a05e382555d0c7bc8225bb hr-invisible  avia-builder-el-2  el_after_av_textblock  el_before_av_heading '><span class='hr-inner '><span class=\"hr-inner-style\"><\/span><\/span><\/div>\n\n<style type=\"text\/css\" data-created_by=\"avia_inline_auto\" id=\"style-css-av-l9dyerzp-055c21bdae1ff36201199543fbed0a91\">\n#top .av-special-heading.av-l9dyerzp-055c21bdae1ff36201199543fbed0a91{\npadding-bottom:10px;\n}\nbody .av-special-heading.av-l9dyerzp-055c21bdae1ff36201199543fbed0a91 .av-special-heading-tag .heading-char{\nfont-size:25px;\n}\n.av-special-heading.av-l9dyerzp-055c21bdae1ff36201199543fbed0a91 .av-subheading{\nfont-size:15px;\n}\n<\/style>\n<div  class='av-special-heading av-l9dyerzp-055c21bdae1ff36201199543fbed0a91 av-special-heading-h1  avia-builder-el-3  el_after_av_hr  el_before_av_textblock '><h1 class='av-special-heading-tag '  itemprop=\"headline\"  >EU-Abgeordnete Anna Cavazzini zum Werksbesuch in D\u00f6beln<\/h1><div class=\"special-heading-border\"><div class=\"special-heading-inner-border\"><\/div><\/div><\/div>\n\n<style type=\"text\/css\" data-created_by=\"avia_inline_auto\" id=\"style-css-av-l9dybqzr-a0e0ac847cf9377370d1a97cc907f888\">\n#top .av_textblock_section.av-l9dybqzr-a0e0ac847cf9377370d1a97cc907f888 .avia_textblock{\nfont-size:18px;\n}\n<\/style>\n<section  class='av_textblock_section av-l9dybqzr-a0e0ac847cf9377370d1a97cc907f888 '   itemscope=\"itemscope\" itemtype=\"https:\/\/schema.org\/BlogPosting\" itemprop=\"blogPost\" ><div class='avia_textblock'  itemprop=\"text\" ><p>Die <strong>EU-Abgeordnete<\/strong> (Gr\u00fcne) <strong>Anna Cavazzini<\/strong> war Ende Januar zu Besuch im <strong>Amiblu Werk<\/strong> in <strong>D\u00f6beln<\/strong>. Als Vorsitzende des Ausschusses f\u00fcr Binnenmarkt und Verbraucherschutz des Europ\u00e4ischen Parlamentes ist es ihr ein gro\u00dfes Anliegen, Produktionsst\u00e4tten in Europa zu unterst\u00fctzen und f\u00fcr einen fairen Wettbewerb zu sorgen.<\/p>\n<p>Als Hersteller von GFK-Rohrsystemen beziehen wir einen Gro\u00dfteil unserer Rohstoffe von Lieferanten aus der EU. Die dabei eingehaltenen hohen <strong>europ\u00e4ischen Standards<\/strong> f\u00fchren jedoch dazu, dass alternative Produkte aus dem au\u00dfereurop\u00e4ischen Ausland unter Umst\u00e4nden g\u00fcnstiger sind.<br \/>\nDem Problem der dadurch entstehenden <strong>Wettbewerbsverzerrung<\/strong> k\u00f6nnte man beispielsweise durch Ausschreibungsregeln entgegenwirken, die die L\u00e4nge der <strong>Lieferkette<\/strong> und den <strong>CO2-Fu\u00dfabdruck<\/strong> von Produkten ber\u00fccksichtigen. Diese und weitere Themen, warum GFK-Rohre die verantwortungsbewusste Alternative hinsichtlich Herstellung, Transport und Installation sind, standen auf der Tagesordnung der Werksbesichtigung.<\/p>\n<\/div><\/section>\n<div  class='avia-button-wrap av-l95ctybm-3a9f9b8ed28d84f31a354cb59cb33c1e-wrap avia-button-center  avia-builder-el-5  el_after_av_textblock  avia-builder-el-last '><a href='https:\/\/www.amiblu.com\/de\/oekologische-verantwortung\/'  class='avia-button av-l95ctybm-3a9f9b8ed28d84f31a354cb59cb33c1e av-link-btn avia-icon_select-yes-right-icon avia-size-small avia-position-center avia-color-theme-color'   aria-label=\"Hier mehr zu GFK und \u00f6kologischer Verantwortung erfahren\"><span class='avia_iconbox_title' >Hier mehr zu GFK und \u00f6kologischer Verantwortung erfahren<\/span><span class='avia_button_icon avia_button_icon_right avia-iconfont avia-font-entypo-fontello' data-av_icon='\ue88d' data-av_iconfont='entypo-fontello' ><\/span><\/a><\/div>\n","protected":false},"excerpt":{"rendered":"<p>Beim Besuch der Europaabgeordneten Anna Cavazzini (Gr\u00fcne) Ende Januar in unserem Werk in D\u00f6beln kamen Themen wie Wettbewerbsverzerrung, Ausschreibungsregeln, Lieferketten und der CO2-Fu\u00dfabdruck von Produkten zur Sprache.<\/p>\n","protected":false},"author":13,"featured_media":55462,"comment_status":"closed","ping_status":"closed","sticky":false,"template":"","format":"standard","meta":{"_acf_changed":false,"footnotes":""},"categories":[162],"tags":[],"class_list":["post-55454","post","type-post","status-publish","format-standard","has-post-thumbnail","hentry","category-news-2"],"acf":[],"yoast_head":"<!-- This site is optimized with the Yoast SEO Premium plugin v27.4 (Yoast SEO v27.5) - https:\/\/yoast.com\/product\/yoast-seo-premium-wordpress\/ -->\n<title>EU-Abgeordnete zum Werksbesuch - Amiblu<\/title>\n<meta name=\"description\" content=\"Beim Besuch der Europaabgeordneten Anna Cavazzini (Gr\u00fcne) Ende Januar in unserem Werk in D\u00f6beln kamen Themen wie Wettbewerbsverzerrung, Ausschreibungsregeln, Lieferketten und der CO2-Fu\u00dfabdruck von Produkten zur Sprache.\" \/>\n<meta name=\"robots\" content=\"index, follow, max-snippet:-1, max-image-preview:large, max-video-preview:-1\" \/>\n<link rel=\"canonical\" href=\"https:\/\/www.amiblu.com\/de\/eu-abgeordnete-zu-besuch-bei-amiblu-in-doebeln\/\" \/>\n<meta property=\"og:locale\" content=\"de_DE\" \/>\n<meta property=\"og:type\" content=\"article\" \/>\n<meta property=\"og:title\" content=\"EU-Abgeordnete zum Werksbesuch\" \/>\n<meta property=\"og:description\" content=\"Beim Besuch der Europaabgeordneten Anna Cavazzini (Gr\u00fcne) Ende Januar in unserem Werk in D\u00f6beln kamen Themen wie Wettbewerbsverzerrung, Ausschreibungsregeln, Lieferketten und der CO2-Fu\u00dfabdruck von Produkten zur Sprache.\" \/>\n<meta property=\"og:url\" content=\"https:\/\/www.amiblu.com\/de\/eu-abgeordnete-zu-besuch-bei-amiblu-in-doebeln\/\" \/>\n<meta property=\"og:site_name\" content=\"Amiblu\" \/>\n<meta property=\"article:publisher\" content=\"https:\/\/www.facebook.com\/amiblupipes\" \/>\n<meta property=\"article:published_time\" content=\"2023-02-09T10:41:04+00:00\" \/>\n<meta property=\"article:modified_time\" content=\"2023-05-11T07:51:46+00:00\" \/>\n<meta property=\"og:image\" content=\"https:\/\/www.amiblu.com\/wp-content\/uploads\/EU-Abgeordnete-Anna-Cavazzini-Werksbesuch-Doebeln.jpeg\" \/>\n\t<meta property=\"og:image:width\" content=\"800\" \/>\n\t<meta property=\"og:image:height\" content=\"450\" \/>\n\t<meta property=\"og:image:type\" content=\"image\/jpeg\" \/>\n<meta name=\"author\" content=\"Anja Strehlow\" \/>\n<meta name=\"twitter:card\" content=\"summary_large_image\" \/>\n<meta name=\"twitter:label1\" content=\"Verfasst von\" \/>\n\t<meta name=\"twitter:data1\" content=\"Anja Strehlow\" \/>\n\t<meta name=\"twitter:label2\" content=\"Gesch\u00e4tzte Lesezeit\" \/>\n\t<meta name=\"twitter:data2\" content=\"2\u00a0Minuten\" \/>\n<script type=\"application\/ld+json\" class=\"yoast-schema-graph\">{\"@context\":\"https:\\\/\\\/schema.org\",\"@graph\":[{\"@type\":\"Article\",\"@id\":\"https:\\\/\\\/www.amiblu.com\\\/de\\\/eu-abgeordnete-zu-besuch-bei-amiblu-in-doebeln\\\/#article\",\"isPartOf\":{\"@id\":\"https:\\\/\\\/www.amiblu.com\\\/de\\\/eu-abgeordnete-zu-besuch-bei-amiblu-in-doebeln\\\/\"},\"author\":{\"name\":\"Anja Strehlow\",\"@id\":\"https:\\\/\\\/www.amiblu.com\\\/de\\\/#\\\/schema\\\/person\\\/1f29275fc935f7fda92589ff9058503c\"},\"headline\":\"EU-Abgeordnete zum Werksbesuch\",\"datePublished\":\"2023-02-09T10:41:04+00:00\",\"dateModified\":\"2023-05-11T07:51:46+00:00\",\"mainEntityOfPage\":{\"@id\":\"https:\\\/\\\/www.amiblu.com\\\/de\\\/eu-abgeordnete-zu-besuch-bei-amiblu-in-doebeln\\\/\"},\"wordCount\":601,\"publisher\":{\"@id\":\"https:\\\/\\\/www.amiblu.com\\\/de\\\/#organization\"},\"image\":{\"@id\":\"https:\\\/\\\/www.amiblu.com\\\/de\\\/eu-abgeordnete-zu-besuch-bei-amiblu-in-doebeln\\\/#primaryimage\"},\"thumbnailUrl\":\"https:\\\/\\\/www.amiblu.com\\\/wp-content\\\/uploads\\\/EU-Abgeordnete-Anna-Cavazzini-Werksbesuch-Doebeln.jpeg\",\"articleSection\":[\"News\"],\"inLanguage\":\"de\"},{\"@type\":\"WebPage\",\"@id\":\"https:\\\/\\\/www.amiblu.com\\\/de\\\/eu-abgeordnete-zu-besuch-bei-amiblu-in-doebeln\\\/\",\"url\":\"https:\\\/\\\/www.amiblu.com\\\/de\\\/eu-abgeordnete-zu-besuch-bei-amiblu-in-doebeln\\\/\",\"name\":\"EU-Abgeordnete zum Werksbesuch - Amiblu\",\"isPartOf\":{\"@id\":\"https:\\\/\\\/www.amiblu.com\\\/de\\\/#website\"},\"primaryImageOfPage\":{\"@id\":\"https:\\\/\\\/www.amiblu.com\\\/de\\\/eu-abgeordnete-zu-besuch-bei-amiblu-in-doebeln\\\/#primaryimage\"},\"image\":{\"@id\":\"https:\\\/\\\/www.amiblu.com\\\/de\\\/eu-abgeordnete-zu-besuch-bei-amiblu-in-doebeln\\\/#primaryimage\"},\"thumbnailUrl\":\"https:\\\/\\\/www.amiblu.com\\\/wp-content\\\/uploads\\\/EU-Abgeordnete-Anna-Cavazzini-Werksbesuch-Doebeln.jpeg\",\"datePublished\":\"2023-02-09T10:41:04+00:00\",\"dateModified\":\"2023-05-11T07:51:46+00:00\",\"description\":\"Beim Besuch der Europaabgeordneten Anna Cavazzini (Gr\u00fcne) Ende Januar in unserem Werk in D\u00f6beln kamen Themen wie Wettbewerbsverzerrung, Ausschreibungsregeln, Lieferketten und der CO2-Fu\u00dfabdruck von Produkten zur Sprache.\",\"inLanguage\":\"de\",\"potentialAction\":[{\"@type\":\"ReadAction\",\"target\":[\"https:\\\/\\\/www.amiblu.com\\\/de\\\/eu-abgeordnete-zu-besuch-bei-amiblu-in-doebeln\\\/\"]}]},{\"@type\":\"ImageObject\",\"inLanguage\":\"de\",\"@id\":\"https:\\\/\\\/www.amiblu.com\\\/de\\\/eu-abgeordnete-zu-besuch-bei-amiblu-in-doebeln\\\/#primaryimage\",\"url\":\"https:\\\/\\\/www.amiblu.com\\\/wp-content\\\/uploads\\\/EU-Abgeordnete-Anna-Cavazzini-Werksbesuch-Doebeln.jpeg\",\"contentUrl\":\"https:\\\/\\\/www.amiblu.com\\\/wp-content\\\/uploads\\\/EU-Abgeordnete-Anna-Cavazzini-Werksbesuch-Doebeln.jpeg\",\"width\":800,\"height\":450,\"caption\":\"Betriebsbesichtigung bei Amiblu: EU-Abgeordnete Anna Cavazzini mit Vidar Pettersen, Mario Frieben und Michael Ausserwinkler\"},{\"@type\":\"WebSite\",\"@id\":\"https:\\\/\\\/www.amiblu.com\\\/de\\\/#website\",\"url\":\"https:\\\/\\\/www.amiblu.com\\\/de\\\/\",\"name\":\"Amiblu\",\"description\":\"GFK-Rohrsysteme f\u00fcr Generationen\",\"publisher\":{\"@id\":\"https:\\\/\\\/www.amiblu.com\\\/de\\\/#organization\"},\"potentialAction\":[{\"@type\":\"SearchAction\",\"target\":{\"@type\":\"EntryPoint\",\"urlTemplate\":\"https:\\\/\\\/www.amiblu.com\\\/de\\\/?s={search_term_string}\"},\"query-input\":{\"@type\":\"PropertyValueSpecification\",\"valueRequired\":true,\"valueName\":\"search_term_string\"}}],\"inLanguage\":\"de\"},{\"@type\":\"Organization\",\"@id\":\"https:\\\/\\\/www.amiblu.com\\\/de\\\/#organization\",\"name\":\"Amiblu Group\",\"url\":\"https:\\\/\\\/www.amiblu.com\\\/de\\\/\",\"logo\":{\"@type\":\"ImageObject\",\"inLanguage\":\"de\",\"@id\":\"https:\\\/\\\/www.amiblu.com\\\/de\\\/#\\\/schema\\\/logo\\\/image\\\/\",\"url\":\"https:\\\/\\\/www.amiblu.com\\\/wp-content\\\/uploads\\\/2021\\\/01\\\/Amiblu-logo-website-1.png\",\"contentUrl\":\"https:\\\/\\\/www.amiblu.com\\\/wp-content\\\/uploads\\\/2021\\\/01\\\/Amiblu-logo-website-1.png\",\"width\":201,\"height\":38,\"caption\":\"Amiblu Group\"},\"image\":{\"@id\":\"https:\\\/\\\/www.amiblu.com\\\/de\\\/#\\\/schema\\\/logo\\\/image\\\/\"},\"sameAs\":[\"https:\\\/\\\/www.facebook.com\\\/amiblupipes\",\"https:\\\/\\\/www.youtube.com\\\/c\\\/Amiblu\",\"https:\\\/\\\/de.wikipedia.org\\\/wiki\\\/Amiblu\",\"https:\\\/\\\/www.linkedin.com\\\/company\\\/amiblupipes\\\/\"]},{\"@type\":\"Person\",\"@id\":\"https:\\\/\\\/www.amiblu.com\\\/de\\\/#\\\/schema\\\/person\\\/1f29275fc935f7fda92589ff9058503c\",\"name\":\"Anja Strehlow\",\"image\":{\"@type\":\"ImageObject\",\"inLanguage\":\"de\",\"@id\":\"https:\\\/\\\/secure.gravatar.com\\\/avatar\\\/5731db37d886ffee3940c320a110a71e4189ad575d85c2c0fad5f740ad725fdb?s=96&d=mm&r=g\",\"url\":\"https:\\\/\\\/secure.gravatar.com\\\/avatar\\\/5731db37d886ffee3940c320a110a71e4189ad575d85c2c0fad5f740ad725fdb?s=96&d=mm&r=g\",\"contentUrl\":\"https:\\\/\\\/secure.gravatar.com\\\/avatar\\\/5731db37d886ffee3940c320a110a71e4189ad575d85c2c0fad5f740ad725fdb?s=96&d=mm&r=g\",\"caption\":\"Anja Strehlow\"}}]}<\/script>\n<!-- \/ Yoast SEO Premium plugin. -->","yoast_head_json":{"title":"EU-Abgeordnete zum Werksbesuch - Amiblu","description":"Beim Besuch der Europaabgeordneten Anna Cavazzini (Gr\u00fcne) Ende Januar in unserem Werk in D\u00f6beln kamen Themen wie Wettbewerbsverzerrung, Ausschreibungsregeln, Lieferketten und der CO2-Fu\u00dfabdruck von Produkten zur Sprache.","robots":{"index":"index","follow":"follow","max-snippet":"max-snippet:-1","max-image-preview":"max-image-preview:large","max-video-preview":"max-video-preview:-1"},"canonical":"https:\/\/www.amiblu.com\/de\/eu-abgeordnete-zu-besuch-bei-amiblu-in-doebeln\/","og_locale":"de_DE","og_type":"article","og_title":"EU-Abgeordnete zum Werksbesuch","og_description":"Beim Besuch der Europaabgeordneten Anna Cavazzini (Gr\u00fcne) Ende Januar in unserem Werk in D\u00f6beln kamen Themen wie Wettbewerbsverzerrung, Ausschreibungsregeln, Lieferketten und der CO2-Fu\u00dfabdruck von Produkten zur Sprache.","og_url":"https:\/\/www.amiblu.com\/de\/eu-abgeordnete-zu-besuch-bei-amiblu-in-doebeln\/","og_site_name":"Amiblu","article_publisher":"https:\/\/www.facebook.com\/amiblupipes","article_published_time":"2023-02-09T10:41:04+00:00","article_modified_time":"2023-05-11T07:51:46+00:00","og_image":[{"width":800,"height":450,"url":"https:\/\/www.amiblu.com\/wp-content\/uploads\/EU-Abgeordnete-Anna-Cavazzini-Werksbesuch-Doebeln.jpeg","type":"image\/jpeg"}],"author":"Anja Strehlow","twitter_card":"summary_large_image","twitter_misc":{"Verfasst von":"Anja Strehlow","Gesch\u00e4tzte Lesezeit":"2\u00a0Minuten"},"schema":{"@context":"https:\/\/schema.org","@graph":[{"@type":"Article","@id":"https:\/\/www.amiblu.com\/de\/eu-abgeordnete-zu-besuch-bei-amiblu-in-doebeln\/#article","isPartOf":{"@id":"https:\/\/www.amiblu.com\/de\/eu-abgeordnete-zu-besuch-bei-amiblu-in-doebeln\/"},"author":{"name":"Anja Strehlow","@id":"https:\/\/www.amiblu.com\/de\/#\/schema\/person\/1f29275fc935f7fda92589ff9058503c"},"headline":"EU-Abgeordnete zum Werksbesuch","datePublished":"2023-02-09T10:41:04+00:00","dateModified":"2023-05-11T07:51:46+00:00","mainEntityOfPage":{"@id":"https:\/\/www.amiblu.com\/de\/eu-abgeordnete-zu-besuch-bei-amiblu-in-doebeln\/"},"wordCount":601,"publisher":{"@id":"https:\/\/www.amiblu.com\/de\/#organization"},"image":{"@id":"https:\/\/www.amiblu.com\/de\/eu-abgeordnete-zu-besuch-bei-amiblu-in-doebeln\/#primaryimage"},"thumbnailUrl":"https:\/\/www.amiblu.com\/wp-content\/uploads\/EU-Abgeordnete-Anna-Cavazzini-Werksbesuch-Doebeln.jpeg","articleSection":["News"],"inLanguage":"de"},{"@type":"WebPage","@id":"https:\/\/www.amiblu.com\/de\/eu-abgeordnete-zu-besuch-bei-amiblu-in-doebeln\/","url":"https:\/\/www.amiblu.com\/de\/eu-abgeordnete-zu-besuch-bei-amiblu-in-doebeln\/","name":"EU-Abgeordnete zum Werksbesuch - Amiblu","isPartOf":{"@id":"https:\/\/www.amiblu.com\/de\/#website"},"primaryImageOfPage":{"@id":"https:\/\/www.amiblu.com\/de\/eu-abgeordnete-zu-besuch-bei-amiblu-in-doebeln\/#primaryimage"},"image":{"@id":"https:\/\/www.amiblu.com\/de\/eu-abgeordnete-zu-besuch-bei-amiblu-in-doebeln\/#primaryimage"},"thumbnailUrl":"https:\/\/www.amiblu.com\/wp-content\/uploads\/EU-Abgeordnete-Anna-Cavazzini-Werksbesuch-Doebeln.jpeg","datePublished":"2023-02-09T10:41:04+00:00","dateModified":"2023-05-11T07:51:46+00:00","description":"Beim Besuch der Europaabgeordneten Anna Cavazzini (Gr\u00fcne) Ende Januar in unserem Werk in D\u00f6beln kamen Themen wie Wettbewerbsverzerrung, Ausschreibungsregeln, Lieferketten und der CO2-Fu\u00dfabdruck von Produkten zur Sprache.","inLanguage":"de","potentialAction":[{"@type":"ReadAction","target":["https:\/\/www.amiblu.com\/de\/eu-abgeordnete-zu-besuch-bei-amiblu-in-doebeln\/"]}]},{"@type":"ImageObject","inLanguage":"de","@id":"https:\/\/www.amiblu.com\/de\/eu-abgeordnete-zu-besuch-bei-amiblu-in-doebeln\/#primaryimage","url":"https:\/\/www.amiblu.com\/wp-content\/uploads\/EU-Abgeordnete-Anna-Cavazzini-Werksbesuch-Doebeln.jpeg","contentUrl":"https:\/\/www.amiblu.com\/wp-content\/uploads\/EU-Abgeordnete-Anna-Cavazzini-Werksbesuch-Doebeln.jpeg","width":800,"height":450,"caption":"Betriebsbesichtigung bei Amiblu: EU-Abgeordnete Anna Cavazzini mit Vidar Pettersen, Mario Frieben und Michael Ausserwinkler"},{"@type":"WebSite","@id":"https:\/\/www.amiblu.com\/de\/#website","url":"https:\/\/www.amiblu.com\/de\/","name":"Amiblu","description":"GFK-Rohrsysteme f\u00fcr Generationen","publisher":{"@id":"https:\/\/www.amiblu.com\/de\/#organization"},"potentialAction":[{"@type":"SearchAction","target":{"@type":"EntryPoint","urlTemplate":"https:\/\/www.amiblu.com\/de\/?s={search_term_string}"},"query-input":{"@type":"PropertyValueSpecification","valueRequired":true,"valueName":"search_term_string"}}],"inLanguage":"de"},{"@type":"Organization","@id":"https:\/\/www.amiblu.com\/de\/#organization","name":"Amiblu Group","url":"https:\/\/www.amiblu.com\/de\/","logo":{"@type":"ImageObject","inLanguage":"de","@id":"https:\/\/www.amiblu.com\/de\/#\/schema\/logo\/image\/","url":"https:\/\/www.amiblu.com\/wp-content\/uploads\/2021\/01\/Amiblu-logo-website-1.png","contentUrl":"https:\/\/www.amiblu.com\/wp-content\/uploads\/2021\/01\/Amiblu-logo-website-1.png","width":201,"height":38,"caption":"Amiblu Group"},"image":{"@id":"https:\/\/www.amiblu.com\/de\/#\/schema\/logo\/image\/"},"sameAs":["https:\/\/www.facebook.com\/amiblupipes","https:\/\/www.youtube.com\/c\/Amiblu","https:\/\/de.wikipedia.org\/wiki\/Amiblu","https:\/\/www.linkedin.com\/company\/amiblupipes\/"]},{"@type":"Person","@id":"https:\/\/www.amiblu.com\/de\/#\/schema\/person\/1f29275fc935f7fda92589ff9058503c","name":"Anja Strehlow","image":{"@type":"ImageObject","inLanguage":"de","@id":"https:\/\/secure.gravatar.com\/avatar\/5731db37d886ffee3940c320a110a71e4189ad575d85c2c0fad5f740ad725fdb?s=96&d=mm&r=g","url":"https:\/\/secure.gravatar.com\/avatar\/5731db37d886ffee3940c320a110a71e4189ad575d85c2c0fad5f740ad725fdb?s=96&d=mm&r=g","contentUrl":"https:\/\/secure.gravatar.com\/avatar\/5731db37d886ffee3940c320a110a71e4189ad575d85c2c0fad5f740ad725fdb?s=96&d=mm&r=g","caption":"Anja Strehlow"}}]}},"_links":{"self":[{"href":"https:\/\/www.amiblu.com\/de\/wp-json\/wp\/v2\/posts\/55454","targetHints":{"allow":["GET"]}}],"collection":[{"href":"https:\/\/www.amiblu.com\/de\/wp-json\/wp\/v2\/posts"}],"about":[{"href":"https:\/\/www.amiblu.com\/de\/wp-json\/wp\/v2\/types\/post"}],"author":[{"embeddable":true,"href":"https:\/\/www.amiblu.com\/de\/wp-json\/wp\/v2\/users\/13"}],"replies":[{"embeddable":true,"href":"https:\/\/www.amiblu.com\/de\/wp-json\/wp\/v2\/comments?post=55454"}],"version-history":[{"count":26,"href":"https:\/\/www.amiblu.com\/de\/wp-json\/wp\/v2\/posts\/55454\/revisions"}],"predecessor-version":[{"id":57864,"href":"https:\/\/www.amiblu.com\/de\/wp-json\/wp\/v2\/posts\/55454\/revisions\/57864"}],"wp:featuredmedia":[{"embeddable":true,"href":"https:\/\/www.amiblu.com\/de\/wp-json\/wp\/v2\/media\/55462"}],"wp:attachment":[{"href":"https:\/\/www.amiblu.com\/de\/wp-json\/wp\/v2\/media?parent=55454"}],"wp:term":[{"taxonomy":"category","embeddable":true,"href":"https:\/\/www.amiblu.com\/de\/wp-json\/wp\/v2\/categories?post=55454"},{"taxonomy":"post_tag","embeddable":true,"href":"https:\/\/www.amiblu.com\/de\/wp-json\/wp\/v2\/tags?post=55454"}],"curies":[{"name":"wp","href":"https:\/\/api.w.org\/{rel}","templated":true}]}}