{"id":56259,"date":"2023-03-20T15:07:09","date_gmt":"2023-03-20T14:07:09","guid":{"rendered":"https:\/\/www.amiblu.com\/?p=56259"},"modified":"2023-09-07T11:00:41","modified_gmt":"2023-09-07T09:00:41","slug":"interview-stefan-baumeier","status":"publish","type":"post","link":"https:\/\/www.amiblu.com\/de\/interview-stefan-baumeier\/","title":{"rendered":"#wirsindamiblu &#8211; Interview mit Stefan Baumeier"},"content":{"rendered":"<\/p>\n\n<style type=\"text\/css\" data-created_by=\"avia_inline_auto\" id=\"style-css-av-l28mofvc-da91a510f2c6a6a068f32c3c029bb071\">\n.avia-image-container.av-l28mofvc-da91a510f2c6a6a068f32c3c029bb071 img.avia_image{\nbox-shadow:none;\n}\n.avia-image-container.av-l28mofvc-da91a510f2c6a6a068f32c3c029bb071 .av-image-caption-overlay-center{\ncolor:#ffffff;\n}\n<\/style>\n<div  class='avia-image-container av-l28mofvc-da91a510f2c6a6a068f32c3c029bb071 av-styling- avia-align-left  avia-builder-el-0  el_before_av_hr  avia-builder-el-first '   itemprop=\"image\" itemscope=\"itemscope\" itemtype=\"https:\/\/schema.org\/ImageObject\" ><div class=\"avia-image-container-inner\"><div class=\"avia-image-overlay-wrap\"><img fetchpriority=\"high\" fetchpriority=\"high\" decoding=\"async\" fetchpriority=\"high\" class='wp-image-56260 avia-img-lazy-loading-not-56260 avia_image ' src=\"https:\/\/www.amiblu.com\/wp-content\/uploads\/Stefan_Baumeier_wirsindamiblu.jpg\" alt='Interview_Stefan_Baumeier' title='Stefan_Baumeier_wirsindamiblu'  height=\"500\" width=\"800\"  itemprop=\"thumbnailUrl\" srcset=\"https:\/\/www.amiblu.com\/wp-content\/uploads\/Stefan_Baumeier_wirsindamiblu.jpg 800w, https:\/\/www.amiblu.com\/wp-content\/uploads\/Stefan_Baumeier_wirsindamiblu-300x188.jpg 300w, https:\/\/www.amiblu.com\/wp-content\/uploads\/Stefan_Baumeier_wirsindamiblu-768x480.jpg 768w, https:\/\/www.amiblu.com\/wp-content\/uploads\/Stefan_Baumeier_wirsindamiblu-705x441.jpg 705w\" sizes=\"(max-width: 800px) 100vw, 800px\" \/><\/div><\/div><\/div>\n\n<style type=\"text\/css\" data-created_by=\"avia_inline_auto\" id=\"style-css-av-kw3b89sf-9f0e684917a05e382555d0c7bc8225bb\">\n#top .hr.hr-invisible.av-kw3b89sf-9f0e684917a05e382555d0c7bc8225bb{\nheight:50px;\n}\n<\/style>\n<div  class='hr av-kw3b89sf-9f0e684917a05e382555d0c7bc8225bb hr-invisible  avia-builder-el-1  el_after_av_image  el_before_av_heading '><span class='hr-inner '><span class=\"hr-inner-style\"><\/span><\/span><\/div>\n\n<style type=\"text\/css\" data-created_by=\"avia_inline_auto\" id=\"style-css-av-l9dyerzp-e5c6c1e4cf23b9ab1ff9244e0801748a\">\n#top .av-special-heading.av-l9dyerzp-e5c6c1e4cf23b9ab1ff9244e0801748a{\npadding-bottom:10px;\n}\nbody .av-special-heading.av-l9dyerzp-e5c6c1e4cf23b9ab1ff9244e0801748a .av-special-heading-tag .heading-char{\nfont-size:25px;\n}\n.av-special-heading.av-l9dyerzp-e5c6c1e4cf23b9ab1ff9244e0801748a .av-subheading{\nfont-size:15px;\n}\n<\/style>\n<div  class='av-special-heading av-l9dyerzp-e5c6c1e4cf23b9ab1ff9244e0801748a av-special-heading-h1  avia-builder-el-2  el_after_av_hr  el_before_av_heading '><h1 class='av-special-heading-tag '  itemprop=\"headline\"  ><span class='special_amp'>&#8222;<\/span>Amiblu ist das Unternehmen, in dem ich alt werden m\u00f6chte.<span class='special_amp'>\u201c<\/span><\/h1><div class=\"special-heading-border\"><div class=\"special-heading-inner-border\"><\/div><\/div><\/div>\n\n<style type=\"text\/css\" data-created_by=\"avia_inline_auto\" id=\"style-css-av-lfgvq6nf-e61b726cf1d0428273ffe642e88703d5\">\n#top .av-special-heading.av-lfgvq6nf-e61b726cf1d0428273ffe642e88703d5{\npadding-bottom:10px;\n}\nbody .av-special-heading.av-lfgvq6nf-e61b726cf1d0428273ffe642e88703d5 .av-special-heading-tag .heading-char{\nfont-size:25px;\n}\n.av-special-heading.av-lfgvq6nf-e61b726cf1d0428273ffe642e88703d5 .av-subheading{\nfont-size:15px;\n}\n<\/style>\n<div  class='av-special-heading av-lfgvq6nf-e61b726cf1d0428273ffe642e88703d5 av-special-heading-h2 blockquote modern-quote  avia-builder-el-3  el_after_av_heading  el_before_av_heading '><h2 class='av-special-heading-tag '  itemprop=\"headline\"  >Interview mit Stefan Baumeier<\/h2><div class=\"special-heading-border\"><div class=\"special-heading-inner-border\"><\/div><\/div><\/div>\n\n<style type=\"text\/css\" data-created_by=\"avia_inline_auto\" id=\"style-css-av-lfgwefmr-289855f75a158d8bd84e5aae9f71a68b\">\n#top .av-special-heading.av-lfgwefmr-289855f75a158d8bd84e5aae9f71a68b{\npadding-bottom:10px;\n}\nbody .av-special-heading.av-lfgwefmr-289855f75a158d8bd84e5aae9f71a68b .av-special-heading-tag .heading-char{\nfont-size:25px;\n}\n.av-special-heading.av-lfgwefmr-289855f75a158d8bd84e5aae9f71a68b .av-subheading{\nfont-size:15px;\n}\n<\/style>\n<div  class='av-special-heading av-lfgwefmr-289855f75a158d8bd84e5aae9f71a68b av-special-heading-h3 blockquote modern-quote  avia-builder-el-4  el_after_av_heading  el_before_av_textblock '><h3 class='av-special-heading-tag '  itemprop=\"headline\"  >Koordinator Instandhaltung bei Amiblu Deutschland im Werk Trollenhagen. #wirsindamiblu<\/h3><div class=\"special-heading-border\"><div class=\"special-heading-inner-border\"><\/div><\/div><\/div>\n\n<style type=\"text\/css\" data-created_by=\"avia_inline_auto\" id=\"style-css-av-l9dybqzr-a0e0ac847cf9377370d1a97cc907f888\">\n#top .av_textblock_section.av-l9dybqzr-a0e0ac847cf9377370d1a97cc907f888 .avia_textblock{\nfont-size:18px;\n}\n<\/style>\n<section  class='av_textblock_section av-l9dybqzr-a0e0ac847cf9377370d1a97cc907f888 '   itemscope=\"itemscope\" itemtype=\"https:\/\/schema.org\/BlogPosting\" itemprop=\"blogPost\" ><div class='avia_textblock'  itemprop=\"text\" ><p>Stefan Baumeier ist seit 2003 in unserem Unternehmen und seit letztem Jahr als Koordinator f\u00fcr die Instandhaltung im Amiblu Werk Trollenhagen t\u00e4tig.<\/p>\n<p><strong>Wie lange bist du bei Amiblu und worin besteht dein Aufgabenbereich?<\/strong><\/p>\n<p>Nach meiner Ausbildung zum Verfahrensmechaniker f\u00fcr Kunststoff- und Kautschuktechnik arbeitete ich f\u00fcr ca. 5 Jahre in der Produktion, damals hie\u00df unser Werk noch Hobas Rohre GmbH. Das sollte f\u00fcr mich aber erst der Anfang sein. In den folgenden Jahren bekam ich die M\u00f6glichkeit, meine F\u00e4higkeiten zun\u00e4chst als Schichtleiter in der Kupplungsproduktion, dann in der Rohrfertigung und sp\u00e4ter als Supervisor unter Beweis zu stellen. Im vergangenen Jahr erhielt ich nun die Chance, den n\u00e4chsten Schritt zu wagen und wurde Koordinator der Instandhaltung. Das ist zwar eine neue Herausforderung f\u00fcr mich, aber man w\u00e4chst ja bekanntlich mit seinen Aufgaben und das ist etwas, was ich pers\u00f6nlich als sehr positiv empfinde.<\/p>\n<p><strong>Was gef\u00e4llt dir an deiner Arbeit bei Amiblu am besten und wie sieht ein typischer Arbeitstag aus?<\/strong><\/p>\n<p>Mein Aufgabengebiet ist sehr abwechslungsreich und jeden Tag warten neue Herausforderungen auf mein Team.<\/p>\n<p>Das Arbeitstempo kann schon mal recht hektisch und herausfordernd sein, aber das gute Umfeld, die Teamarbeit und Hilfsbereitschaft untereinander machen die Anstrengungen wieder wett.\ud83d\ude0a<\/p>\n<p><strong>Was ist bis heute der sch\u00f6nste Moment, an den du dich mit deinen Kollegen erinnerst? Worauf bist Du besonders stolz?<\/strong><\/p>\n<p>Da fallen mir spontan vor allem unsere j\u00e4hrliche Weihnachtsfeier und das Sommerfest ein. Sich mit den Kollegen auch mal \u00fcber andere Themen zu unterhalten und sie von einer anderen Seite kennen zu lernen, kann sehr spannend sein. Diese Momente bleiben stets in guter Erinnerung und helfen uns im Team auch bei stressigen Situationen.<\/p>\n<p><strong>Amiblu ist ein Unternehmen, das&#8230;<\/strong><\/p>\n<p>\u2026. sich st\u00e4ndig weiterentwickelt und mir die M\u00f6glichkeit bietet, mich ebenfalls weiterzuentwickeln.<\/p>\n<p>In meinem Beispiel ist das die intensive Unterst\u00fctzung bei der Absolvierung meiner Ausbildung zum Meister, die das Unternehmen finanziell und auch zeitlich f\u00f6rdert.<\/p>\n<p><strong>Wie siehst du deine Zukunft bei Amiblu?<\/strong><\/p>\n<p>Mein gr\u00f6\u00dfter Wunsch ist es, noch lange im Unternehmen arbeiten zu k\u00f6nnen und hier alt zu werden.<\/p>\n<\/div><\/section>\n","protected":false},"excerpt":{"rendered":"<p>Stefan Baumeier ist seit 2003 in unserem Unternehmen. Im Interview beschreibt er, was er an seiner Arbeit besonders sch\u00e4tzt und wie er seine Zukunft bei Amiblu sieht.<\/p>\n","protected":false},"author":13,"featured_media":56260,"comment_status":"closed","ping_status":"closed","sticky":false,"template":"","format":"standard","meta":{"_acf_changed":false,"footnotes":""},"categories":[162],"tags":[261],"class_list":["post-56259","post","type-post","status-publish","format-standard","has-post-thumbnail","hentry","category-news-2","tag-wirsindamiblu"],"acf":[],"yoast_head":"<!-- This site is optimized with the Yoast SEO Premium plugin v27.5 (Yoast SEO v27.5) - https:\/\/yoast.com\/product\/yoast-seo-premium-wordpress\/ -->\n<title>#wirsindamiblu - Interview mit Stefan Baumeier - Amiblu<\/title>\n<meta name=\"description\" content=\"Stefan Baumeier ist seit 2003 in unserem Unternehmen. Im Interview beschreibt er, was er an seiner Arbeit besonders sch\u00e4tzt.\" \/>\n<meta name=\"robots\" content=\"index, follow, max-snippet:-1, max-image-preview:large, max-video-preview:-1\" \/>\n<link rel=\"canonical\" href=\"https:\/\/www.amiblu.com\/de\/interview-stefan-baumeier\/\" \/>\n<meta property=\"og:locale\" content=\"de_DE\" \/>\n<meta property=\"og:type\" content=\"article\" \/>\n<meta property=\"og:title\" content=\"#wirsindamiblu - Interview mit Stefan Baumeier\" \/>\n<meta property=\"og:description\" content=\"Stefan Baumeier ist seit 2003 in unserem Unternehmen. Im Interview beschreibt er, was er an seiner Arbeit besonders sch\u00e4tzt.\" \/>\n<meta property=\"og:url\" content=\"https:\/\/www.amiblu.com\/de\/interview-stefan-baumeier\/\" \/>\n<meta property=\"og:site_name\" content=\"Amiblu\" \/>\n<meta property=\"article:publisher\" content=\"https:\/\/www.facebook.com\/amiblupipes\" \/>\n<meta property=\"article:published_time\" content=\"2023-03-20T14:07:09+00:00\" \/>\n<meta property=\"article:modified_time\" content=\"2023-09-07T09:00:41+00:00\" \/>\n<meta property=\"og:image\" content=\"https:\/\/www.amiblu.com\/wp-content\/uploads\/Stefan_Baumeier_wirsindamiblu.jpg\" \/>\n\t<meta property=\"og:image:width\" content=\"800\" \/>\n\t<meta property=\"og:image:height\" content=\"500\" \/>\n\t<meta property=\"og:image:type\" content=\"image\/jpeg\" \/>\n<meta name=\"author\" content=\"Anja Strehlow\" \/>\n<meta name=\"twitter:card\" content=\"summary_large_image\" \/>\n<meta name=\"twitter:label1\" content=\"Verfasst von\" \/>\n\t<meta name=\"twitter:data1\" content=\"Anja Strehlow\" \/>\n\t<meta name=\"twitter:label2\" content=\"Gesch\u00e4tzte Lesezeit\" \/>\n\t<meta name=\"twitter:data2\" content=\"3\u00a0Minuten\" \/>\n<script type=\"application\/ld+json\" class=\"yoast-schema-graph\">{\"@context\":\"https:\\\/\\\/schema.org\",\"@graph\":[{\"@type\":\"Article\",\"@id\":\"https:\\\/\\\/www.amiblu.com\\\/de\\\/interview-stefan-baumeier\\\/#article\",\"isPartOf\":{\"@id\":\"https:\\\/\\\/www.amiblu.com\\\/de\\\/interview-stefan-baumeier\\\/\"},\"author\":{\"name\":\"Anja Strehlow\",\"@id\":\"https:\\\/\\\/www.amiblu.com\\\/de\\\/#\\\/schema\\\/person\\\/1f29275fc935f7fda92589ff9058503c\"},\"headline\":\"#wirsindamiblu &#8211; Interview mit Stefan Baumeier\",\"datePublished\":\"2023-03-20T14:07:09+00:00\",\"dateModified\":\"2023-09-07T09:00:41+00:00\",\"mainEntityOfPage\":{\"@id\":\"https:\\\/\\\/www.amiblu.com\\\/de\\\/interview-stefan-baumeier\\\/\"},\"wordCount\":760,\"publisher\":{\"@id\":\"https:\\\/\\\/www.amiblu.com\\\/de\\\/#organization\"},\"image\":{\"@id\":\"https:\\\/\\\/www.amiblu.com\\\/de\\\/interview-stefan-baumeier\\\/#primaryimage\"},\"thumbnailUrl\":\"https:\\\/\\\/www.amiblu.com\\\/wp-content\\\/uploads\\\/Stefan_Baumeier_wirsindamiblu.jpg\",\"keywords\":[\"#wirsindamiblu\"],\"articleSection\":[\"News\"],\"inLanguage\":\"de\"},{\"@type\":\"WebPage\",\"@id\":\"https:\\\/\\\/www.amiblu.com\\\/de\\\/interview-stefan-baumeier\\\/\",\"url\":\"https:\\\/\\\/www.amiblu.com\\\/de\\\/interview-stefan-baumeier\\\/\",\"name\":\"#wirsindamiblu - Interview mit Stefan Baumeier - Amiblu\",\"isPartOf\":{\"@id\":\"https:\\\/\\\/www.amiblu.com\\\/de\\\/#website\"},\"primaryImageOfPage\":{\"@id\":\"https:\\\/\\\/www.amiblu.com\\\/de\\\/interview-stefan-baumeier\\\/#primaryimage\"},\"image\":{\"@id\":\"https:\\\/\\\/www.amiblu.com\\\/de\\\/interview-stefan-baumeier\\\/#primaryimage\"},\"thumbnailUrl\":\"https:\\\/\\\/www.amiblu.com\\\/wp-content\\\/uploads\\\/Stefan_Baumeier_wirsindamiblu.jpg\",\"datePublished\":\"2023-03-20T14:07:09+00:00\",\"dateModified\":\"2023-09-07T09:00:41+00:00\",\"description\":\"Stefan Baumeier ist seit 2003 in unserem Unternehmen. Im Interview beschreibt er, was er an seiner Arbeit besonders sch\u00e4tzt.\",\"inLanguage\":\"de\",\"potentialAction\":[{\"@type\":\"ReadAction\",\"target\":[\"https:\\\/\\\/www.amiblu.com\\\/de\\\/interview-stefan-baumeier\\\/\"]}]},{\"@type\":\"ImageObject\",\"inLanguage\":\"de\",\"@id\":\"https:\\\/\\\/www.amiblu.com\\\/de\\\/interview-stefan-baumeier\\\/#primaryimage\",\"url\":\"https:\\\/\\\/www.amiblu.com\\\/wp-content\\\/uploads\\\/Stefan_Baumeier_wirsindamiblu.jpg\",\"contentUrl\":\"https:\\\/\\\/www.amiblu.com\\\/wp-content\\\/uploads\\\/Stefan_Baumeier_wirsindamiblu.jpg\",\"width\":800,\"height\":500,\"caption\":\"Interview_Stefan_Baumeier\"},{\"@type\":\"WebSite\",\"@id\":\"https:\\\/\\\/www.amiblu.com\\\/de\\\/#website\",\"url\":\"https:\\\/\\\/www.amiblu.com\\\/de\\\/\",\"name\":\"Amiblu\",\"description\":\"GFK-Rohrsysteme f\u00fcr Generationen\",\"publisher\":{\"@id\":\"https:\\\/\\\/www.amiblu.com\\\/de\\\/#organization\"},\"potentialAction\":[{\"@type\":\"SearchAction\",\"target\":{\"@type\":\"EntryPoint\",\"urlTemplate\":\"https:\\\/\\\/www.amiblu.com\\\/de\\\/?s={search_term_string}\"},\"query-input\":{\"@type\":\"PropertyValueSpecification\",\"valueRequired\":true,\"valueName\":\"search_term_string\"}}],\"inLanguage\":\"de\"},{\"@type\":\"Organization\",\"@id\":\"https:\\\/\\\/www.amiblu.com\\\/de\\\/#organization\",\"name\":\"Amiblu Group\",\"url\":\"https:\\\/\\\/www.amiblu.com\\\/de\\\/\",\"logo\":{\"@type\":\"ImageObject\",\"inLanguage\":\"de\",\"@id\":\"https:\\\/\\\/www.amiblu.com\\\/de\\\/#\\\/schema\\\/logo\\\/image\\\/\",\"url\":\"https:\\\/\\\/www.amiblu.com\\\/wp-content\\\/uploads\\\/2021\\\/01\\\/Amiblu-logo-website-1.png\",\"contentUrl\":\"https:\\\/\\\/www.amiblu.com\\\/wp-content\\\/uploads\\\/2021\\\/01\\\/Amiblu-logo-website-1.png\",\"width\":201,\"height\":38,\"caption\":\"Amiblu Group\"},\"image\":{\"@id\":\"https:\\\/\\\/www.amiblu.com\\\/de\\\/#\\\/schema\\\/logo\\\/image\\\/\"},\"sameAs\":[\"https:\\\/\\\/www.facebook.com\\\/amiblupipes\",\"https:\\\/\\\/www.youtube.com\\\/c\\\/Amiblu\",\"https:\\\/\\\/de.wikipedia.org\\\/wiki\\\/Amiblu\",\"https:\\\/\\\/www.linkedin.com\\\/company\\\/amiblupipes\\\/\"]},{\"@type\":\"Person\",\"@id\":\"https:\\\/\\\/www.amiblu.com\\\/de\\\/#\\\/schema\\\/person\\\/1f29275fc935f7fda92589ff9058503c\",\"name\":\"Anja Strehlow\",\"image\":{\"@type\":\"ImageObject\",\"inLanguage\":\"de\",\"@id\":\"https:\\\/\\\/secure.gravatar.com\\\/avatar\\\/5731db37d886ffee3940c320a110a71e4189ad575d85c2c0fad5f740ad725fdb?s=96&d=mm&r=g\",\"url\":\"https:\\\/\\\/secure.gravatar.com\\\/avatar\\\/5731db37d886ffee3940c320a110a71e4189ad575d85c2c0fad5f740ad725fdb?s=96&d=mm&r=g\",\"contentUrl\":\"https:\\\/\\\/secure.gravatar.com\\\/avatar\\\/5731db37d886ffee3940c320a110a71e4189ad575d85c2c0fad5f740ad725fdb?s=96&d=mm&r=g\",\"caption\":\"Anja Strehlow\"}}]}<\/script>\n<!-- \/ Yoast SEO Premium plugin. -->","yoast_head_json":{"title":"#wirsindamiblu - Interview mit Stefan Baumeier - Amiblu","description":"Stefan Baumeier ist seit 2003 in unserem Unternehmen. Im Interview beschreibt er, was er an seiner Arbeit besonders sch\u00e4tzt.","robots":{"index":"index","follow":"follow","max-snippet":"max-snippet:-1","max-image-preview":"max-image-preview:large","max-video-preview":"max-video-preview:-1"},"canonical":"https:\/\/www.amiblu.com\/de\/interview-stefan-baumeier\/","og_locale":"de_DE","og_type":"article","og_title":"#wirsindamiblu - Interview mit Stefan Baumeier","og_description":"Stefan Baumeier ist seit 2003 in unserem Unternehmen. Im Interview beschreibt er, was er an seiner Arbeit besonders sch\u00e4tzt.","og_url":"https:\/\/www.amiblu.com\/de\/interview-stefan-baumeier\/","og_site_name":"Amiblu","article_publisher":"https:\/\/www.facebook.com\/amiblupipes","article_published_time":"2023-03-20T14:07:09+00:00","article_modified_time":"2023-09-07T09:00:41+00:00","og_image":[{"width":800,"height":500,"url":"https:\/\/www.amiblu.com\/wp-content\/uploads\/Stefan_Baumeier_wirsindamiblu.jpg","type":"image\/jpeg"}],"author":"Anja Strehlow","twitter_card":"summary_large_image","twitter_misc":{"Verfasst von":"Anja Strehlow","Gesch\u00e4tzte Lesezeit":"3\u00a0Minuten"},"schema":{"@context":"https:\/\/schema.org","@graph":[{"@type":"Article","@id":"https:\/\/www.amiblu.com\/de\/interview-stefan-baumeier\/#article","isPartOf":{"@id":"https:\/\/www.amiblu.com\/de\/interview-stefan-baumeier\/"},"author":{"name":"Anja Strehlow","@id":"https:\/\/www.amiblu.com\/de\/#\/schema\/person\/1f29275fc935f7fda92589ff9058503c"},"headline":"#wirsindamiblu &#8211; Interview mit Stefan Baumeier","datePublished":"2023-03-20T14:07:09+00:00","dateModified":"2023-09-07T09:00:41+00:00","mainEntityOfPage":{"@id":"https:\/\/www.amiblu.com\/de\/interview-stefan-baumeier\/"},"wordCount":760,"publisher":{"@id":"https:\/\/www.amiblu.com\/de\/#organization"},"image":{"@id":"https:\/\/www.amiblu.com\/de\/interview-stefan-baumeier\/#primaryimage"},"thumbnailUrl":"https:\/\/www.amiblu.com\/wp-content\/uploads\/Stefan_Baumeier_wirsindamiblu.jpg","keywords":["#wirsindamiblu"],"articleSection":["News"],"inLanguage":"de"},{"@type":"WebPage","@id":"https:\/\/www.amiblu.com\/de\/interview-stefan-baumeier\/","url":"https:\/\/www.amiblu.com\/de\/interview-stefan-baumeier\/","name":"#wirsindamiblu - Interview mit Stefan Baumeier - Amiblu","isPartOf":{"@id":"https:\/\/www.amiblu.com\/de\/#website"},"primaryImageOfPage":{"@id":"https:\/\/www.amiblu.com\/de\/interview-stefan-baumeier\/#primaryimage"},"image":{"@id":"https:\/\/www.amiblu.com\/de\/interview-stefan-baumeier\/#primaryimage"},"thumbnailUrl":"https:\/\/www.amiblu.com\/wp-content\/uploads\/Stefan_Baumeier_wirsindamiblu.jpg","datePublished":"2023-03-20T14:07:09+00:00","dateModified":"2023-09-07T09:00:41+00:00","description":"Stefan Baumeier ist seit 2003 in unserem Unternehmen. Im Interview beschreibt er, was er an seiner Arbeit besonders sch\u00e4tzt.","inLanguage":"de","potentialAction":[{"@type":"ReadAction","target":["https:\/\/www.amiblu.com\/de\/interview-stefan-baumeier\/"]}]},{"@type":"ImageObject","inLanguage":"de","@id":"https:\/\/www.amiblu.com\/de\/interview-stefan-baumeier\/#primaryimage","url":"https:\/\/www.amiblu.com\/wp-content\/uploads\/Stefan_Baumeier_wirsindamiblu.jpg","contentUrl":"https:\/\/www.amiblu.com\/wp-content\/uploads\/Stefan_Baumeier_wirsindamiblu.jpg","width":800,"height":500,"caption":"Interview_Stefan_Baumeier"},{"@type":"WebSite","@id":"https:\/\/www.amiblu.com\/de\/#website","url":"https:\/\/www.amiblu.com\/de\/","name":"Amiblu","description":"GFK-Rohrsysteme f\u00fcr Generationen","publisher":{"@id":"https:\/\/www.amiblu.com\/de\/#organization"},"potentialAction":[{"@type":"SearchAction","target":{"@type":"EntryPoint","urlTemplate":"https:\/\/www.amiblu.com\/de\/?s={search_term_string}"},"query-input":{"@type":"PropertyValueSpecification","valueRequired":true,"valueName":"search_term_string"}}],"inLanguage":"de"},{"@type":"Organization","@id":"https:\/\/www.amiblu.com\/de\/#organization","name":"Amiblu Group","url":"https:\/\/www.amiblu.com\/de\/","logo":{"@type":"ImageObject","inLanguage":"de","@id":"https:\/\/www.amiblu.com\/de\/#\/schema\/logo\/image\/","url":"https:\/\/www.amiblu.com\/wp-content\/uploads\/2021\/01\/Amiblu-logo-website-1.png","contentUrl":"https:\/\/www.amiblu.com\/wp-content\/uploads\/2021\/01\/Amiblu-logo-website-1.png","width":201,"height":38,"caption":"Amiblu Group"},"image":{"@id":"https:\/\/www.amiblu.com\/de\/#\/schema\/logo\/image\/"},"sameAs":["https:\/\/www.facebook.com\/amiblupipes","https:\/\/www.youtube.com\/c\/Amiblu","https:\/\/de.wikipedia.org\/wiki\/Amiblu","https:\/\/www.linkedin.com\/company\/amiblupipes\/"]},{"@type":"Person","@id":"https:\/\/www.amiblu.com\/de\/#\/schema\/person\/1f29275fc935f7fda92589ff9058503c","name":"Anja Strehlow","image":{"@type":"ImageObject","inLanguage":"de","@id":"https:\/\/secure.gravatar.com\/avatar\/5731db37d886ffee3940c320a110a71e4189ad575d85c2c0fad5f740ad725fdb?s=96&d=mm&r=g","url":"https:\/\/secure.gravatar.com\/avatar\/5731db37d886ffee3940c320a110a71e4189ad575d85c2c0fad5f740ad725fdb?s=96&d=mm&r=g","contentUrl":"https:\/\/secure.gravatar.com\/avatar\/5731db37d886ffee3940c320a110a71e4189ad575d85c2c0fad5f740ad725fdb?s=96&d=mm&r=g","caption":"Anja Strehlow"}}]}},"_links":{"self":[{"href":"https:\/\/www.amiblu.com\/de\/wp-json\/wp\/v2\/posts\/56259","targetHints":{"allow":["GET"]}}],"collection":[{"href":"https:\/\/www.amiblu.com\/de\/wp-json\/wp\/v2\/posts"}],"about":[{"href":"https:\/\/www.amiblu.com\/de\/wp-json\/wp\/v2\/types\/post"}],"author":[{"embeddable":true,"href":"https:\/\/www.amiblu.com\/de\/wp-json\/wp\/v2\/users\/13"}],"replies":[{"embeddable":true,"href":"https:\/\/www.amiblu.com\/de\/wp-json\/wp\/v2\/comments?post=56259"}],"version-history":[{"count":48,"href":"https:\/\/www.amiblu.com\/de\/wp-json\/wp\/v2\/posts\/56259\/revisions"}],"predecessor-version":[{"id":59692,"href":"https:\/\/www.amiblu.com\/de\/wp-json\/wp\/v2\/posts\/56259\/revisions\/59692"}],"wp:featuredmedia":[{"embeddable":true,"href":"https:\/\/www.amiblu.com\/de\/wp-json\/wp\/v2\/media\/56260"}],"wp:attachment":[{"href":"https:\/\/www.amiblu.com\/de\/wp-json\/wp\/v2\/media?parent=56259"}],"wp:term":[{"taxonomy":"category","embeddable":true,"href":"https:\/\/www.amiblu.com\/de\/wp-json\/wp\/v2\/categories?post=56259"},{"taxonomy":"post_tag","embeddable":true,"href":"https:\/\/www.amiblu.com\/de\/wp-json\/wp\/v2\/tags?post=56259"}],"curies":[{"name":"wp","href":"https:\/\/api.w.org\/{rel}","templated":true}]}}