{"id":59496,"date":"2023-08-28T07:57:34","date_gmt":"2023-08-28T05:57:34","guid":{"rendered":"https:\/\/www.amiblu.com\/?p=59496"},"modified":"2023-09-07T08:50:24","modified_gmt":"2023-09-07T06:50:24","slug":"interview-kilian-bronauer","status":"publish","type":"post","link":"https:\/\/www.amiblu.com\/de\/interview-kilian-bronauer\/","title":{"rendered":"#wirsindamiblu &#8211; Interview mit Kilian Bronauer"},"content":{"rendered":"<\/p>\n\n<style type=\"text\/css\" data-created_by=\"avia_inline_auto\" id=\"style-css-av-l28mofvc-6ba4b89fd370e1106d08e89862a1162d\">\n.avia-image-container.av-l28mofvc-6ba4b89fd370e1106d08e89862a1162d img.avia_image{\nbox-shadow:none;\n}\n.avia-image-container.av-l28mofvc-6ba4b89fd370e1106d08e89862a1162d .av-image-caption-overlay-center{\ncolor:#ffffff;\n}\n<\/style>\n<div  class='avia-image-container av-l28mofvc-6ba4b89fd370e1106d08e89862a1162d av-styling- avia-align-left  avia-builder-el-0  el_before_av_hr  avia-builder-el-first '   itemprop=\"image\" itemscope=\"itemscope\" itemtype=\"https:\/\/schema.org\/ImageObject\" ><div class=\"avia-image-container-inner\"><div class=\"avia-image-overlay-wrap\"><img fetchpriority=\"high\" fetchpriority=\"high\" decoding=\"async\" fetchpriority=\"high\" class='wp-image-59497 avia-img-lazy-loading-not-59497 avia_image ' src=\"https:\/\/www.amiblu.com\/wp-content\/uploads\/wirsindamiblu_K.Bronauer.jpg\" alt='#wirsindamiblu_azubi' title='#wirsindamiblu_K.Bronauer'  height=\"500\" width=\"800\"  itemprop=\"thumbnailUrl\" srcset=\"https:\/\/www.amiblu.com\/wp-content\/uploads\/wirsindamiblu_K.Bronauer.jpg 800w, https:\/\/www.amiblu.com\/wp-content\/uploads\/wirsindamiblu_K.Bronauer-300x188.jpg 300w, https:\/\/www.amiblu.com\/wp-content\/uploads\/wirsindamiblu_K.Bronauer-768x480.jpg 768w, https:\/\/www.amiblu.com\/wp-content\/uploads\/wirsindamiblu_K.Bronauer-705x441.jpg 705w\" sizes=\"(max-width: 800px) 100vw, 800px\" \/><\/div><\/div><\/div>\n\n<style type=\"text\/css\" data-created_by=\"avia_inline_auto\" id=\"style-css-av-kw3b89sf-9f0e684917a05e382555d0c7bc8225bb\">\n#top .hr.hr-invisible.av-kw3b89sf-9f0e684917a05e382555d0c7bc8225bb{\nheight:50px;\n}\n<\/style>\n<div  class='hr av-kw3b89sf-9f0e684917a05e382555d0c7bc8225bb hr-invisible  avia-builder-el-1  el_after_av_image  el_before_av_heading '><span class='hr-inner '><span class=\"hr-inner-style\"><\/span><\/span><\/div>\n\n<style type=\"text\/css\" data-created_by=\"avia_inline_auto\" id=\"style-css-av-l9dyerzp-07fd4fd962335a810160d27c71c1712c\">\n#top .av-special-heading.av-l9dyerzp-07fd4fd962335a810160d27c71c1712c{\npadding-bottom:10px;\n}\nbody .av-special-heading.av-l9dyerzp-07fd4fd962335a810160d27c71c1712c .av-special-heading-tag .heading-char{\nfont-size:25px;\n}\n.av-special-heading.av-l9dyerzp-07fd4fd962335a810160d27c71c1712c .av-subheading{\nfont-size:15px;\n}\n<\/style>\n<div  class='av-special-heading av-l9dyerzp-07fd4fd962335a810160d27c71c1712c av-special-heading-h1  avia-builder-el-2  el_after_av_hr  el_before_av_hr '><h1 class='av-special-heading-tag '  itemprop=\"headline\"  ><span class='special_amp'>&#8222;<\/span>Amiblu ist das Unternehmen, das mich bei meinem Start ins Berufsleben unterst\u00fctzt.<span class='special_amp'>\u201c<\/span><\/h1><div class=\"special-heading-border\"><div class=\"special-heading-inner-border\"><\/div><\/div><\/div>\n\n<style type=\"text\/css\" data-created_by=\"avia_inline_auto\" id=\"style-css-av-llkxewca-56115a7d86d86287937fb27fc0be9cad\">\n#top .hr.hr-invisible.av-llkxewca-56115a7d86d86287937fb27fc0be9cad{\nheight:40px;\n}\n<\/style>\n<div  class='hr av-llkxewca-56115a7d86d86287937fb27fc0be9cad hr-invisible  avia-builder-el-3  el_after_av_heading  el_before_av_heading '><span class='hr-inner '><span class=\"hr-inner-style\"><\/span><\/span><\/div>\n\n<style type=\"text\/css\" data-created_by=\"avia_inline_auto\" id=\"style-css-av-lfgvq6nf-4be80f137436fc3a7f64b6da4343375f\">\n#top .av-special-heading.av-lfgvq6nf-4be80f137436fc3a7f64b6da4343375f{\npadding-bottom:10px;\n}\nbody .av-special-heading.av-lfgvq6nf-4be80f137436fc3a7f64b6da4343375f .av-special-heading-tag .heading-char{\nfont-size:25px;\n}\n.av-special-heading.av-lfgvq6nf-4be80f137436fc3a7f64b6da4343375f .av-subheading{\nfont-size:15px;\n}\n<\/style>\n<div  class='av-special-heading av-lfgvq6nf-4be80f137436fc3a7f64b6da4343375f av-special-heading-h2 blockquote modern-quote  avia-builder-el-4  el_after_av_hr  el_before_av_heading '><h2 class='av-special-heading-tag '  itemprop=\"headline\"  >Interview mit Kilian Bronauer<\/h2><div class=\"special-heading-border\"><div class=\"special-heading-inner-border\"><\/div><\/div><\/div>\n\n<style type=\"text\/css\" data-created_by=\"avia_inline_auto\" id=\"style-css-av-lfgwefmr-47491643036e3e7bc1562a6bf363b59c\">\n#top .av-special-heading.av-lfgwefmr-47491643036e3e7bc1562a6bf363b59c{\npadding-bottom:10px;\n}\nbody .av-special-heading.av-lfgwefmr-47491643036e3e7bc1562a6bf363b59c .av-special-heading-tag .heading-char{\nfont-size:25px;\n}\n.av-special-heading.av-lfgwefmr-47491643036e3e7bc1562a6bf363b59c .av-subheading{\nfont-size:15px;\n}\n<\/style>\n<div  class='av-special-heading av-lfgwefmr-47491643036e3e7bc1562a6bf363b59c av-special-heading-h3 blockquote modern-quote  avia-builder-el-5  el_after_av_heading  el_before_av_textblock '><h3 class='av-special-heading-tag '  itemprop=\"headline\"  >Auszubildender bei Amiblu Deutschland im Werk Trollenhagen. #wirsindamiblu<\/h3><div class=\"special-heading-border\"><div class=\"special-heading-inner-border\"><\/div><\/div><\/div>\n\n<style type=\"text\/css\" data-created_by=\"avia_inline_auto\" id=\"style-css-av-llkx8fxi-c5eda6d5ff71c20799063b3e55541b88\">\n#top .av_textblock_section.av-llkx8fxi-c5eda6d5ff71c20799063b3e55541b88 .avia_textblock{\nfont-size:18px;\n}\n<\/style>\n<section  class='av_textblock_section av-llkx8fxi-c5eda6d5ff71c20799063b3e55541b88 '   itemscope=\"itemscope\" itemtype=\"https:\/\/schema.org\/BlogPosting\" itemprop=\"blogPost\" ><div class='avia_textblock'  itemprop=\"text\" ><p>Kilian Bronauer hat vor 2 Jahren in unserem Unternehmen seine Ausbildung begonnen und dieses Jahr seine Zwischenpr\u00fcfung erfolgreich bestanden.<\/p>\n<p><strong>Wie lange bist du bei Amiblu und worin besteht dein Aufgabenbereich?<\/strong><\/p>\n<p>Ich befinde mich mitten in meiner Ausbildung zum Elektroniker f\u00fcr Betriebstechnik und arbeite in der Instandhaltung im Amiblu Werk Trollenhagen. Die Ausbildung war bisher sehr interessant und auch ein bisschen herausfordernd. Im Moment bin ich einfach gespannt, was die Zukunft bringt und wie es f\u00fcr mich bei Amiblu und in meinem Leben weitergeht.<\/p>\n<p><strong>Was gef\u00e4llt dir an deiner Arbeit bei Amiblu am besten und wie sieht ein typischer Arbeitstag aus?<\/strong><\/p>\n<p>Am besten gef\u00e4llt mir die Arbeit mit den Maschinen, zum Beispiel der Matrizenwechsel bei der Schleuderanlage, und die Reparatur von wichtigen Bauteilen oder technischen Komponenten. Der Zusammenhalt unter den Kollegen ist f\u00fcr mich pers\u00f6nlich dabei besonders wichtig, vor allem wenn wir als Team die Reparaturauftr\u00e4ge rechtzeitig schaffen m\u00fcssen, damit es in der Produktion keinen Stillstand gibt, der sich dann negativ auf alle nachfolgenden Bereiche auswirkt.<\/p>\n<p><strong>Was ist bis heute der sch\u00f6nste Moment, an den du dich mit deinen Kollegen erinnerst? Worauf bist Du besonders stolz?<\/strong><\/p>\n<p>Ich erinnere mich noch gut an ein gemeinsames Abendessen mit allen Kollegen der Instandhaltung. Anlass war damals die gerade erfolgreich abgeschlossene Jahresrevision. Diesen Erfolg und die gute Zusammenarbeit im Team haben wir dann an diesem Abend gemeinsam so richtig gefeiert.<\/p>\n<p><strong>Amiblu ist ein Unternehmen, dass &#8230;<\/strong><\/p>\n<p>\u2026. mir eine Chance f\u00fcr meine Zukunft gibt und mich bei meinem Start ins Berufsleben begleitet.<\/p>\n<p><strong>Wie siehst du deine Zukunft bei Amiblu?<\/strong><\/p>\n<p>Da ich noch ziemlich am Anfang stehe, habe ich bisher keine konkreten Zukunftsvorstellungen. Ich bin f\u00fcr alles offen und lasse mich gerne \u00fcberraschen, welchen Weg Amiblu und ich zusammen gemeinsam gehen werden.<\/p>\n<\/div><\/section>\n","protected":false},"excerpt":{"rendered":"<p>\u201eIch befinde mich mitten in meiner Ausbildung zum Elektroniker f\u00fcr Betriebstechnik und arbeite in der Instandhaltung im Amiblu Werk Trollenhagen.&#8220;<\/p>\n","protected":false},"author":13,"featured_media":59497,"comment_status":"closed","ping_status":"closed","sticky":false,"template":"","format":"standard","meta":{"_acf_changed":false,"footnotes":""},"categories":[162],"tags":[261],"class_list":["post-59496","post","type-post","status-publish","format-standard","has-post-thumbnail","hentry","category-news-2","tag-wirsindamiblu"],"acf":[],"yoast_head":"<!-- This site is optimized with the Yoast SEO Premium plugin v27.4 (Yoast SEO v27.5) - https:\/\/yoast.com\/product\/yoast-seo-premium-wordpress\/ -->\n<title>#wirsindamiblu - Interview mit Kilian Bronauer - Amiblu<\/title>\n<meta name=\"description\" content=\"\u201eIch befinde mich mitten in meiner Ausbildung zum Elektroniker f\u00fcr Betriebstechnik und arbeite in der Instandhaltung bei Amiblu.&quot;\" \/>\n<meta name=\"robots\" content=\"index, follow, max-snippet:-1, max-image-preview:large, max-video-preview:-1\" \/>\n<link rel=\"canonical\" href=\"https:\/\/www.amiblu.com\/de\/interview-kilian-bronauer\/\" \/>\n<meta property=\"og:locale\" content=\"de_DE\" \/>\n<meta property=\"og:type\" content=\"article\" \/>\n<meta property=\"og:title\" content=\"#wirsindamiblu - Interview mit Kilian Bronauer\" \/>\n<meta property=\"og:description\" content=\"\u201eIch befinde mich mitten in meiner Ausbildung zum Elektroniker f\u00fcr Betriebstechnik und arbeite in der Instandhaltung bei Amiblu.&quot;\" \/>\n<meta property=\"og:url\" content=\"https:\/\/www.amiblu.com\/de\/interview-kilian-bronauer\/\" \/>\n<meta property=\"og:site_name\" content=\"Amiblu\" \/>\n<meta property=\"article:publisher\" content=\"https:\/\/www.facebook.com\/amiblupipes\" \/>\n<meta property=\"article:published_time\" content=\"2023-08-28T05:57:34+00:00\" \/>\n<meta property=\"article:modified_time\" content=\"2023-09-07T06:50:24+00:00\" \/>\n<meta property=\"og:image\" content=\"https:\/\/www.amiblu.com\/wp-content\/uploads\/wirsindamiblu_K.Bronauer.jpg\" \/>\n\t<meta property=\"og:image:width\" content=\"800\" \/>\n\t<meta property=\"og:image:height\" content=\"500\" \/>\n\t<meta property=\"og:image:type\" content=\"image\/jpeg\" \/>\n<meta name=\"author\" content=\"Anja Strehlow\" \/>\n<meta name=\"twitter:card\" content=\"summary_large_image\" \/>\n<meta name=\"twitter:label1\" content=\"Verfasst von\" \/>\n\t<meta name=\"twitter:data1\" content=\"Anja Strehlow\" \/>\n\t<meta name=\"twitter:label2\" content=\"Gesch\u00e4tzte Lesezeit\" \/>\n\t<meta name=\"twitter:data2\" content=\"3\u00a0Minuten\" \/>\n<script type=\"application\/ld+json\" class=\"yoast-schema-graph\">{\"@context\":\"https:\\\/\\\/schema.org\",\"@graph\":[{\"@type\":\"Article\",\"@id\":\"https:\\\/\\\/www.amiblu.com\\\/de\\\/interview-kilian-bronauer\\\/#article\",\"isPartOf\":{\"@id\":\"https:\\\/\\\/www.amiblu.com\\\/de\\\/interview-kilian-bronauer\\\/\"},\"author\":{\"name\":\"Anja Strehlow\",\"@id\":\"https:\\\/\\\/www.amiblu.com\\\/de\\\/#\\\/schema\\\/person\\\/1f29275fc935f7fda92589ff9058503c\"},\"headline\":\"#wirsindamiblu &#8211; Interview mit Kilian Bronauer\",\"datePublished\":\"2023-08-28T05:57:34+00:00\",\"dateModified\":\"2023-09-07T06:50:24+00:00\",\"mainEntityOfPage\":{\"@id\":\"https:\\\/\\\/www.amiblu.com\\\/de\\\/interview-kilian-bronauer\\\/\"},\"wordCount\":753,\"publisher\":{\"@id\":\"https:\\\/\\\/www.amiblu.com\\\/de\\\/#organization\"},\"image\":{\"@id\":\"https:\\\/\\\/www.amiblu.com\\\/de\\\/interview-kilian-bronauer\\\/#primaryimage\"},\"thumbnailUrl\":\"https:\\\/\\\/www.amiblu.com\\\/wp-content\\\/uploads\\\/wirsindamiblu_K.Bronauer.jpg\",\"keywords\":[\"#wirsindamiblu\"],\"articleSection\":[\"News\"],\"inLanguage\":\"de\"},{\"@type\":\"WebPage\",\"@id\":\"https:\\\/\\\/www.amiblu.com\\\/de\\\/interview-kilian-bronauer\\\/\",\"url\":\"https:\\\/\\\/www.amiblu.com\\\/de\\\/interview-kilian-bronauer\\\/\",\"name\":\"#wirsindamiblu - Interview mit Kilian Bronauer - Amiblu\",\"isPartOf\":{\"@id\":\"https:\\\/\\\/www.amiblu.com\\\/de\\\/#website\"},\"primaryImageOfPage\":{\"@id\":\"https:\\\/\\\/www.amiblu.com\\\/de\\\/interview-kilian-bronauer\\\/#primaryimage\"},\"image\":{\"@id\":\"https:\\\/\\\/www.amiblu.com\\\/de\\\/interview-kilian-bronauer\\\/#primaryimage\"},\"thumbnailUrl\":\"https:\\\/\\\/www.amiblu.com\\\/wp-content\\\/uploads\\\/wirsindamiblu_K.Bronauer.jpg\",\"datePublished\":\"2023-08-28T05:57:34+00:00\",\"dateModified\":\"2023-09-07T06:50:24+00:00\",\"description\":\"\u201eIch befinde mich mitten in meiner Ausbildung zum Elektroniker f\u00fcr Betriebstechnik und arbeite in der Instandhaltung bei Amiblu.\\\"\",\"inLanguage\":\"de\",\"potentialAction\":[{\"@type\":\"ReadAction\",\"target\":[\"https:\\\/\\\/www.amiblu.com\\\/de\\\/interview-kilian-bronauer\\\/\"]}]},{\"@type\":\"ImageObject\",\"inLanguage\":\"de\",\"@id\":\"https:\\\/\\\/www.amiblu.com\\\/de\\\/interview-kilian-bronauer\\\/#primaryimage\",\"url\":\"https:\\\/\\\/www.amiblu.com\\\/wp-content\\\/uploads\\\/wirsindamiblu_K.Bronauer.jpg\",\"contentUrl\":\"https:\\\/\\\/www.amiblu.com\\\/wp-content\\\/uploads\\\/wirsindamiblu_K.Bronauer.jpg\",\"width\":800,\"height\":500,\"caption\":\"#wirsindamiblu_azubi\"},{\"@type\":\"WebSite\",\"@id\":\"https:\\\/\\\/www.amiblu.com\\\/de\\\/#website\",\"url\":\"https:\\\/\\\/www.amiblu.com\\\/de\\\/\",\"name\":\"Amiblu\",\"description\":\"GFK-Rohrsysteme f\u00fcr Generationen\",\"publisher\":{\"@id\":\"https:\\\/\\\/www.amiblu.com\\\/de\\\/#organization\"},\"potentialAction\":[{\"@type\":\"SearchAction\",\"target\":{\"@type\":\"EntryPoint\",\"urlTemplate\":\"https:\\\/\\\/www.amiblu.com\\\/de\\\/?s={search_term_string}\"},\"query-input\":{\"@type\":\"PropertyValueSpecification\",\"valueRequired\":true,\"valueName\":\"search_term_string\"}}],\"inLanguage\":\"de\"},{\"@type\":\"Organization\",\"@id\":\"https:\\\/\\\/www.amiblu.com\\\/de\\\/#organization\",\"name\":\"Amiblu Group\",\"url\":\"https:\\\/\\\/www.amiblu.com\\\/de\\\/\",\"logo\":{\"@type\":\"ImageObject\",\"inLanguage\":\"de\",\"@id\":\"https:\\\/\\\/www.amiblu.com\\\/de\\\/#\\\/schema\\\/logo\\\/image\\\/\",\"url\":\"https:\\\/\\\/www.amiblu.com\\\/wp-content\\\/uploads\\\/2021\\\/01\\\/Amiblu-logo-website-1.png\",\"contentUrl\":\"https:\\\/\\\/www.amiblu.com\\\/wp-content\\\/uploads\\\/2021\\\/01\\\/Amiblu-logo-website-1.png\",\"width\":201,\"height\":38,\"caption\":\"Amiblu Group\"},\"image\":{\"@id\":\"https:\\\/\\\/www.amiblu.com\\\/de\\\/#\\\/schema\\\/logo\\\/image\\\/\"},\"sameAs\":[\"https:\\\/\\\/www.facebook.com\\\/amiblupipes\",\"https:\\\/\\\/www.youtube.com\\\/c\\\/Amiblu\",\"https:\\\/\\\/de.wikipedia.org\\\/wiki\\\/Amiblu\",\"https:\\\/\\\/www.linkedin.com\\\/company\\\/amiblupipes\\\/\"]},{\"@type\":\"Person\",\"@id\":\"https:\\\/\\\/www.amiblu.com\\\/de\\\/#\\\/schema\\\/person\\\/1f29275fc935f7fda92589ff9058503c\",\"name\":\"Anja Strehlow\",\"image\":{\"@type\":\"ImageObject\",\"inLanguage\":\"de\",\"@id\":\"https:\\\/\\\/secure.gravatar.com\\\/avatar\\\/5731db37d886ffee3940c320a110a71e4189ad575d85c2c0fad5f740ad725fdb?s=96&d=mm&r=g\",\"url\":\"https:\\\/\\\/secure.gravatar.com\\\/avatar\\\/5731db37d886ffee3940c320a110a71e4189ad575d85c2c0fad5f740ad725fdb?s=96&d=mm&r=g\",\"contentUrl\":\"https:\\\/\\\/secure.gravatar.com\\\/avatar\\\/5731db37d886ffee3940c320a110a71e4189ad575d85c2c0fad5f740ad725fdb?s=96&d=mm&r=g\",\"caption\":\"Anja Strehlow\"}}]}<\/script>\n<!-- \/ Yoast SEO Premium plugin. -->","yoast_head_json":{"title":"#wirsindamiblu - Interview mit Kilian Bronauer - Amiblu","description":"\u201eIch befinde mich mitten in meiner Ausbildung zum Elektroniker f\u00fcr Betriebstechnik und arbeite in der Instandhaltung bei Amiblu.\"","robots":{"index":"index","follow":"follow","max-snippet":"max-snippet:-1","max-image-preview":"max-image-preview:large","max-video-preview":"max-video-preview:-1"},"canonical":"https:\/\/www.amiblu.com\/de\/interview-kilian-bronauer\/","og_locale":"de_DE","og_type":"article","og_title":"#wirsindamiblu - Interview mit Kilian Bronauer","og_description":"\u201eIch befinde mich mitten in meiner Ausbildung zum Elektroniker f\u00fcr Betriebstechnik und arbeite in der Instandhaltung bei Amiblu.\"","og_url":"https:\/\/www.amiblu.com\/de\/interview-kilian-bronauer\/","og_site_name":"Amiblu","article_publisher":"https:\/\/www.facebook.com\/amiblupipes","article_published_time":"2023-08-28T05:57:34+00:00","article_modified_time":"2023-09-07T06:50:24+00:00","og_image":[{"width":800,"height":500,"url":"https:\/\/www.amiblu.com\/wp-content\/uploads\/wirsindamiblu_K.Bronauer.jpg","type":"image\/jpeg"}],"author":"Anja Strehlow","twitter_card":"summary_large_image","twitter_misc":{"Verfasst von":"Anja Strehlow","Gesch\u00e4tzte Lesezeit":"3\u00a0Minuten"},"schema":{"@context":"https:\/\/schema.org","@graph":[{"@type":"Article","@id":"https:\/\/www.amiblu.com\/de\/interview-kilian-bronauer\/#article","isPartOf":{"@id":"https:\/\/www.amiblu.com\/de\/interview-kilian-bronauer\/"},"author":{"name":"Anja Strehlow","@id":"https:\/\/www.amiblu.com\/de\/#\/schema\/person\/1f29275fc935f7fda92589ff9058503c"},"headline":"#wirsindamiblu &#8211; Interview mit Kilian Bronauer","datePublished":"2023-08-28T05:57:34+00:00","dateModified":"2023-09-07T06:50:24+00:00","mainEntityOfPage":{"@id":"https:\/\/www.amiblu.com\/de\/interview-kilian-bronauer\/"},"wordCount":753,"publisher":{"@id":"https:\/\/www.amiblu.com\/de\/#organization"},"image":{"@id":"https:\/\/www.amiblu.com\/de\/interview-kilian-bronauer\/#primaryimage"},"thumbnailUrl":"https:\/\/www.amiblu.com\/wp-content\/uploads\/wirsindamiblu_K.Bronauer.jpg","keywords":["#wirsindamiblu"],"articleSection":["News"],"inLanguage":"de"},{"@type":"WebPage","@id":"https:\/\/www.amiblu.com\/de\/interview-kilian-bronauer\/","url":"https:\/\/www.amiblu.com\/de\/interview-kilian-bronauer\/","name":"#wirsindamiblu - Interview mit Kilian Bronauer - Amiblu","isPartOf":{"@id":"https:\/\/www.amiblu.com\/de\/#website"},"primaryImageOfPage":{"@id":"https:\/\/www.amiblu.com\/de\/interview-kilian-bronauer\/#primaryimage"},"image":{"@id":"https:\/\/www.amiblu.com\/de\/interview-kilian-bronauer\/#primaryimage"},"thumbnailUrl":"https:\/\/www.amiblu.com\/wp-content\/uploads\/wirsindamiblu_K.Bronauer.jpg","datePublished":"2023-08-28T05:57:34+00:00","dateModified":"2023-09-07T06:50:24+00:00","description":"\u201eIch befinde mich mitten in meiner Ausbildung zum Elektroniker f\u00fcr Betriebstechnik und arbeite in der Instandhaltung bei Amiblu.\"","inLanguage":"de","potentialAction":[{"@type":"ReadAction","target":["https:\/\/www.amiblu.com\/de\/interview-kilian-bronauer\/"]}]},{"@type":"ImageObject","inLanguage":"de","@id":"https:\/\/www.amiblu.com\/de\/interview-kilian-bronauer\/#primaryimage","url":"https:\/\/www.amiblu.com\/wp-content\/uploads\/wirsindamiblu_K.Bronauer.jpg","contentUrl":"https:\/\/www.amiblu.com\/wp-content\/uploads\/wirsindamiblu_K.Bronauer.jpg","width":800,"height":500,"caption":"#wirsindamiblu_azubi"},{"@type":"WebSite","@id":"https:\/\/www.amiblu.com\/de\/#website","url":"https:\/\/www.amiblu.com\/de\/","name":"Amiblu","description":"GFK-Rohrsysteme f\u00fcr Generationen","publisher":{"@id":"https:\/\/www.amiblu.com\/de\/#organization"},"potentialAction":[{"@type":"SearchAction","target":{"@type":"EntryPoint","urlTemplate":"https:\/\/www.amiblu.com\/de\/?s={search_term_string}"},"query-input":{"@type":"PropertyValueSpecification","valueRequired":true,"valueName":"search_term_string"}}],"inLanguage":"de"},{"@type":"Organization","@id":"https:\/\/www.amiblu.com\/de\/#organization","name":"Amiblu Group","url":"https:\/\/www.amiblu.com\/de\/","logo":{"@type":"ImageObject","inLanguage":"de","@id":"https:\/\/www.amiblu.com\/de\/#\/schema\/logo\/image\/","url":"https:\/\/www.amiblu.com\/wp-content\/uploads\/2021\/01\/Amiblu-logo-website-1.png","contentUrl":"https:\/\/www.amiblu.com\/wp-content\/uploads\/2021\/01\/Amiblu-logo-website-1.png","width":201,"height":38,"caption":"Amiblu Group"},"image":{"@id":"https:\/\/www.amiblu.com\/de\/#\/schema\/logo\/image\/"},"sameAs":["https:\/\/www.facebook.com\/amiblupipes","https:\/\/www.youtube.com\/c\/Amiblu","https:\/\/de.wikipedia.org\/wiki\/Amiblu","https:\/\/www.linkedin.com\/company\/amiblupipes\/"]},{"@type":"Person","@id":"https:\/\/www.amiblu.com\/de\/#\/schema\/person\/1f29275fc935f7fda92589ff9058503c","name":"Anja Strehlow","image":{"@type":"ImageObject","inLanguage":"de","@id":"https:\/\/secure.gravatar.com\/avatar\/5731db37d886ffee3940c320a110a71e4189ad575d85c2c0fad5f740ad725fdb?s=96&d=mm&r=g","url":"https:\/\/secure.gravatar.com\/avatar\/5731db37d886ffee3940c320a110a71e4189ad575d85c2c0fad5f740ad725fdb?s=96&d=mm&r=g","contentUrl":"https:\/\/secure.gravatar.com\/avatar\/5731db37d886ffee3940c320a110a71e4189ad575d85c2c0fad5f740ad725fdb?s=96&d=mm&r=g","caption":"Anja Strehlow"}}]}},"_links":{"self":[{"href":"https:\/\/www.amiblu.com\/de\/wp-json\/wp\/v2\/posts\/59496","targetHints":{"allow":["GET"]}}],"collection":[{"href":"https:\/\/www.amiblu.com\/de\/wp-json\/wp\/v2\/posts"}],"about":[{"href":"https:\/\/www.amiblu.com\/de\/wp-json\/wp\/v2\/types\/post"}],"author":[{"embeddable":true,"href":"https:\/\/www.amiblu.com\/de\/wp-json\/wp\/v2\/users\/13"}],"replies":[{"embeddable":true,"href":"https:\/\/www.amiblu.com\/de\/wp-json\/wp\/v2\/comments?post=59496"}],"version-history":[{"count":32,"href":"https:\/\/www.amiblu.com\/de\/wp-json\/wp\/v2\/posts\/59496\/revisions"}],"predecessor-version":[{"id":59669,"href":"https:\/\/www.amiblu.com\/de\/wp-json\/wp\/v2\/posts\/59496\/revisions\/59669"}],"wp:featuredmedia":[{"embeddable":true,"href":"https:\/\/www.amiblu.com\/de\/wp-json\/wp\/v2\/media\/59497"}],"wp:attachment":[{"href":"https:\/\/www.amiblu.com\/de\/wp-json\/wp\/v2\/media?parent=59496"}],"wp:term":[{"taxonomy":"category","embeddable":true,"href":"https:\/\/www.amiblu.com\/de\/wp-json\/wp\/v2\/categories?post=59496"},{"taxonomy":"post_tag","embeddable":true,"href":"https:\/\/www.amiblu.com\/de\/wp-json\/wp\/v2\/tags?post=59496"}],"curies":[{"name":"wp","href":"https:\/\/api.w.org\/{rel}","templated":true}]}}