{"id":60146,"date":"2023-10-09T16:13:10","date_gmt":"2023-10-09T14:13:10","guid":{"rendered":"https:\/\/www.amiblu.com\/?p=60146"},"modified":"2023-10-09T16:14:39","modified_gmt":"2023-10-09T14:14:39","slug":"stauraumkanal-uelzener-sterngebiet-2","status":"publish","type":"post","link":"https:\/\/www.amiblu.com\/de\/stauraumkanal-uelzener-sterngebiet-2\/","title":{"rendered":"Regenr\u00fcckhaltekanal f\u00fcr M\u00fclheim"},"content":{"rendered":"\n<style type=\"text\/css\" data-created_by=\"avia_inline_auto\" id=\"style-css-av-l28mofvc-1550b245bb518a133e4ea2848a432a88\">\n.avia-image-container.av-l28mofvc-1550b245bb518a133e4ea2848a432a88 img.avia_image{\nbox-shadow:none;\n}\n.avia-image-container.av-l28mofvc-1550b245bb518a133e4ea2848a432a88 .av-image-caption-overlay-center{\ncolor:#ffffff;\n}\n<\/style>\n<div  class='avia-image-container av-l28mofvc-1550b245bb518a133e4ea2848a432a88 av-styling- avia-align-center  avia-builder-el-0  el_before_av_hr  avia-builder-el-first '   itemprop=\"image\" itemscope=\"itemscope\" itemtype=\"https:\/\/schema.org\/ImageObject\" ><div class=\"avia-image-container-inner\"><div class=\"avia-image-overlay-wrap\"><img fetchpriority=\"high\" fetchpriority=\"high\" decoding=\"async\" fetchpriority=\"high\" class='wp-image-60152 avia-img-lazy-loading-not-60152 avia_image ' src=\"https:\/\/www.amiblu.com\/wp-content\/uploads\/muelheim2-logo-800x500-1.jpg\" alt='M\u00fclheim-Staukanal' title='m\u00fclheim2-logo-800x500'  height=\"500\" width=\"800\"  itemprop=\"thumbnailUrl\" srcset=\"https:\/\/www.amiblu.com\/wp-content\/uploads\/muelheim2-logo-800x500-1.jpg 800w, https:\/\/www.amiblu.com\/wp-content\/uploads\/muelheim2-logo-800x500-1-300x188.jpg 300w, https:\/\/www.amiblu.com\/wp-content\/uploads\/muelheim2-logo-800x500-1-768x480.jpg 768w, https:\/\/www.amiblu.com\/wp-content\/uploads\/muelheim2-logo-800x500-1-705x441.jpg 705w\" sizes=\"(max-width: 800px) 100vw, 800px\" \/><\/div><\/div><\/div>\n\n<style type=\"text\/css\" data-created_by=\"avia_inline_auto\" id=\"style-css-av-kw3b89sf-9f0e684917a05e382555d0c7bc8225bb\">\n#top .hr.hr-invisible.av-kw3b89sf-9f0e684917a05e382555d0c7bc8225bb{\nheight:50px;\n}\n<\/style>\n<div  class='hr av-kw3b89sf-9f0e684917a05e382555d0c7bc8225bb hr-invisible  avia-builder-el-1  el_after_av_image  el_before_av_heading '><span class='hr-inner '><span class=\"hr-inner-style\"><\/span><\/span><\/div>\n\n<style type=\"text\/css\" data-created_by=\"avia_inline_auto\" id=\"style-css-av-l9dyerzp-538f718ff67c29d4d71b4ff682696f5a\">\n#top .av-special-heading.av-l9dyerzp-538f718ff67c29d4d71b4ff682696f5a{\npadding-bottom:10px;\n}\nbody .av-special-heading.av-l9dyerzp-538f718ff67c29d4d71b4ff682696f5a .av-special-heading-tag .heading-char{\nfont-size:25px;\n}\n.av-special-heading.av-l9dyerzp-538f718ff67c29d4d71b4ff682696f5a .av-subheading{\nfont-size:15px;\n}\n<\/style>\n<div  class='av-special-heading av-l9dyerzp-538f718ff67c29d4d71b4ff682696f5a av-special-heading-h1  avia-builder-el-2  el_after_av_hr  el_before_av_heading '><h1 class='av-special-heading-tag '  itemprop=\"headline\"  >Gro\u00dfdimensionierte GFK-Rohre von Amiblu punkten bei der Verlegung<\/h1><div class=\"special-heading-border\"><div class=\"special-heading-inner-border\"><\/div><\/div><\/div>\n\n<style type=\"text\/css\" data-created_by=\"avia_inline_auto\" id=\"style-css-av-ljwv4xha-afee02054845902d934cce2e8b5ed7ba\">\n#top .av-special-heading.av-ljwv4xha-afee02054845902d934cce2e8b5ed7ba{\npadding-bottom:10px;\n}\nbody .av-special-heading.av-ljwv4xha-afee02054845902d934cce2e8b5ed7ba .av-special-heading-tag .heading-char{\nfont-size:25px;\n}\n.av-special-heading.av-ljwv4xha-afee02054845902d934cce2e8b5ed7ba .av-subheading{\nfont-size:15px;\n}\n<\/style>\n<div  class='av-special-heading av-ljwv4xha-afee02054845902d934cce2e8b5ed7ba av-special-heading-h3  avia-builder-el-3  el_after_av_heading  el_before_av_textblock '><h3 class='av-special-heading-tag '  itemprop=\"headline\"  >Neue Regenr\u00fcckhaltekan\u00e4le f\u00fcr M\u00fclheim-Broich<\/h3><div class=\"special-heading-border\"><div class=\"special-heading-inner-border\"><\/div><\/div><\/div>\n\n<style type=\"text\/css\" data-created_by=\"avia_inline_auto\" id=\"style-css-av-l9dybqzr-a0e0ac847cf9377370d1a97cc907f888\">\n#top .av_textblock_section.av-l9dybqzr-a0e0ac847cf9377370d1a97cc907f888 .avia_textblock{\nfont-size:18px;\n}\n<\/style>\n<section  class='av_textblock_section av-l9dybqzr-a0e0ac847cf9377370d1a97cc907f888 '   itemscope=\"itemscope\" itemtype=\"https:\/\/schema.org\/BlogPosting\" itemprop=\"blogPost\" ><div class='avia_textblock'  itemprop=\"text\" ><p>Seit September 2022 l\u00e4sst die <em>medl GmbH<\/em> den vorhandenen <strong>Mischwasserkanal in der Liebigstra\u00dfe und Wissollstra\u00dfe im M\u00fclheimer Stadtteil Broich<\/strong> erneuern. Dabei handelt es sich um <strong>den ersten von zwei Teilbauabschnitten<\/strong>. Die Arbeiten werden von der <em>Klaus Stewering GmbH &amp; Co. KG<\/em> ausgef\u00fchrt. Verlegt wird ein etwa <strong>370 m langer Regenr\u00fcckhaltekanal (RRK) mit einer Nennweite von DN 2800 bzw. DN 3600<\/strong>. Hinzu kommen <strong>mehrere Zu- und Ablaufkan\u00e4le in einem Nennweitenbereich bis DN 900<\/strong>. Der neue gro\u00dfdimensionierte Kanal soll nach seiner Fertigstellung dazu dienen, das insbesondere <strong>bei Starkregenereignissen anfallende Niederschlagswasser zwischenzuspeichern<\/strong> und gedrosselt in das Kanalnetz weiterzuleiten.<\/p>\n<blockquote>\n<p>\u201eZiel ist es, Abflussspitzen im Bereich Broicher Waldweg und Liebigstra\u00dfe aufzufangen und damit insbesondere f\u00fcr eine Entlastung und einen \u00dcberflutungsschutz des Bereiches um den Broicher Waldweg zu sorgen\u201c, sagt Dipl.-Ing. Burkhard Malcus, Leiter Planung, medl GmbH und technischer Gesch\u00e4ftsf\u00fchrer der M\u00fclheimer Stadtentw\u00e4sserung (sem GmbH).<\/p>\n<\/blockquote>\n<p>F\u00fcr den Regenr\u00fcckhaltekanal kommen <strong>Rohre und Sch\u00e4chte aus glasfaserverst\u00e4rktem Kunststoff (GFK) von Amiblu<\/strong> zum Einsatz. Die GFK-Rohre sind selbst in den Nennweiten von DN 2800 mm und DN 3600 mm <strong>mit normalem Bauger\u00e4t an der Einbaustelle gut zu handhaben<\/strong> und sorgen aufgrund ihrer Baul\u00e4nge von drei Metern und ihren materialtechnischen Eigenschaften f\u00fcr einen <strong>schnellen und wirtschaftlichen Bauablauf<\/strong>.<\/p>\n<\/div><\/section>\n\n<style type=\"text\/css\" data-created_by=\"avia_inline_auto\" id=\"style-css-av-ljwwuo4g-1b3d9e5733b439d76b2310207ba7a5a4\">\n#top .avia-gallery.av-ljwwuo4g-1b3d9e5733b439d76b2310207ba7a5a4 .avia-gallery-thumb a{\nwidth:50%;\n}\n<\/style>\n<div  class='avia-gallery av-ljwwuo4g-1b3d9e5733b439d76b2310207ba7a5a4 avia_animate_when_visible  avia-builder-el-5  el_after_av_textblock  el_before_av_hr  avia_lazyload avia-gallery-animate avia-gallery-1'  itemprop=\"image\" itemscope=\"itemscope\" itemtype=\"https:\/\/schema.org\/ImageObject\" ><meta itemprop=\"contentURL\" content=\"https:\/\/www.amiblu.com\/de\/stauraumkanal-uelzener-sterngebiet-2\/\"><div class='avia-gallery-thumb'><a href=\"https:\/\/www.amiblu.com\/wp-content\/uploads\/muelheim-logo-500x800-1.jpg\" data-srcset=\"https:\/\/www.amiblu.com\/wp-content\/uploads\/muelheim-logo-500x800-1.jpg 500w, https:\/\/www.amiblu.com\/wp-content\/uploads\/muelheim-logo-500x800-1-188x300.jpg 188w, https:\/\/www.amiblu.com\/wp-content\/uploads\/muelheim-logo-500x800-1-441x705.jpg 441w\" data-sizes=\"(max-width: 500px) 100vw, 500px\" data-rel='gallery-1' data-prev-img='https:\/\/www.amiblu.com\/wp-content\/uploads\/muelheim-logo-500x800-1-495x400.jpg' class='first_thumb lightbox ' data-onclick='1' title='m\u00fclheim-logo-500x800'  itemprop=\"thumbnailUrl\"  ><img fetchpriority=\"high\" fetchpriority=\"high\" decoding=\"async\" fetchpriority=\"high\" class=\"wp-image-60149 avia-img-lazy-loading-not-60149\"   src=\"https:\/\/www.amiblu.com\/wp-content\/uploads\/muelheim-logo-500x800-1-500x375.jpg\" width=\"500\" height=\"375\"  title='m\u00fclheim-logo-500x800' alt='Regenr\u00fcckhaltekanal f\u00fcr M\u00fclheim' \/><div class='big-prev-fake'><img loading=\"lazy\" loading=\"lazy\" decoding=\"async\" loading=\"lazy\" class=\"wp-image-60149 avia-img-lazy-loading-60149\"  width=\"495\" height=\"400\" src=\"https:\/\/www.amiblu.com\/wp-content\/uploads\/muelheim-logo-500x800-1-495x400.jpg\" title='m\u00fclheim-logo-500x800' alt='Regenr\u00fcckhaltekanal f\u00fcr M\u00fclheim' \/><\/div><\/a><a href=\"https:\/\/www.amiblu.com\/wp-content\/uploads\/muelheim2-logo-500x800-1.jpg\" data-srcset=\"https:\/\/www.amiblu.com\/wp-content\/uploads\/muelheim2-logo-500x800-1.jpg 500w, https:\/\/www.amiblu.com\/wp-content\/uploads\/muelheim2-logo-500x800-1-188x300.jpg 188w, https:\/\/www.amiblu.com\/wp-content\/uploads\/muelheim2-logo-500x800-1-441x705.jpg 441w\" data-sizes=\"(max-width: 500px) 100vw, 500px\" data-rel='gallery-1' data-prev-img='https:\/\/www.amiblu.com\/wp-content\/uploads\/muelheim2-logo-500x800-1-495x400.jpg' class='lightbox ' data-onclick='2' title='m\u00fclheim2-logo-500x800'  itemprop=\"thumbnailUrl\"  ><img fetchpriority=\"high\" fetchpriority=\"high\" decoding=\"async\" fetchpriority=\"high\" class=\"wp-image-60148 avia-img-lazy-loading-not-60148\"   src=\"https:\/\/www.amiblu.com\/wp-content\/uploads\/muelheim2-logo-500x800-1-500x375.jpg\" width=\"500\" height=\"375\"  title='m\u00fclheim2-logo-500x800' alt='Staukanal M\u00fclheim' \/><div class='big-prev-fake'><img loading=\"lazy\" loading=\"lazy\" decoding=\"async\" loading=\"lazy\" class=\"wp-image-60148 avia-img-lazy-loading-60148\"  width=\"495\" height=\"400\" src=\"https:\/\/www.amiblu.com\/wp-content\/uploads\/muelheim2-logo-500x800-1-495x400.jpg\" title='m\u00fclheim2-logo-500x800' alt='Staukanal M\u00fclheim' \/><\/div><\/a><\/div><\/div>\n\n<style type=\"text\/css\" data-created_by=\"avia_inline_auto\" id=\"style-css-av-ljwwjq4i-f4449e0f0f527b65c8799eebfb61e740\">\n#top .hr.hr-invisible.av-ljwwjq4i-f4449e0f0f527b65c8799eebfb61e740{\nheight:30px;\n}\n<\/style>\n<div  class='hr av-ljwwjq4i-f4449e0f0f527b65c8799eebfb61e740 hr-invisible  avia-builder-el-6  el_after_av_gallery  el_before_av_textblock '><span class='hr-inner '><span class=\"hr-inner-style\"><\/span><\/span><\/div>\n\n<style type=\"text\/css\" data-created_by=\"avia_inline_auto\" id=\"style-css-av-ljwvb8xf-59ca988520ed77e8112357a1bdaea14c\">\n#top .av_textblock_section.av-ljwvb8xf-59ca988520ed77e8112357a1bdaea14c .avia_textblock{\nfont-size:18px;\n}\n<\/style>\n<section  class='av_textblock_section av-ljwvb8xf-59ca988520ed77e8112357a1bdaea14c '   itemscope=\"itemscope\" itemtype=\"https:\/\/schema.org\/BlogPosting\" itemprop=\"blogPost\" ><div class='avia_textblock'  itemprop=\"text\" ><h3><strong>\u00dcberzeugende Materialeigenschaften<\/strong><\/h3>\n<p>Bei den Rohren und Sch\u00e4chten der ersten beiden Bauabschnitte hat sich der Auftraggeber f\u00fcr glasfaserverst\u00e4rkte Kunststoffrohre (GFK) entschieden.<\/p>\n<blockquote>\n<p>\u201e<strong>GFK-Rohrsysteme f\u00fcr drucklose Abwasserkan\u00e4le<\/strong> von Amiblu verf\u00fcgen \u00fcber eine spezielle Rohrstruktur, sind <strong>hochbest\u00e4ndig gegen Korrosion<\/strong> und somit <strong>ideal f\u00fcr Abwassernetze geeignet<\/strong>\u201c, erkl\u00e4rt Holger H\u00f6rnemann, Amiblu Vertriebsleiter Deutschland.<\/p>\n<\/blockquote>\n<p>\u201eDer Werkstoff zeichnet sich durch eine <strong>hohe Langzeitbest\u00e4ndigkeit und hervorragende Hydraulik<\/strong> aus und ist <strong>hochdrucksp\u00fcl- und korrosionsbest\u00e4ndig<\/strong> sowie abriebfest. Neben diesen materialtechnischen Eigenschaften sorgt insbesondere das im Gegensatz zu herk\u00f6mmlichen Werkstoffen geringe Gewicht f\u00fcr eine<strong> einfache und flexible Handhabung an der Einbaustelle<\/strong>.\u201c Selbst in gr\u00f6\u00dferen Nennweitenbereichen wie sie f\u00fcr den RRK in M\u00fclheim erforderlich sind, erlaubt das hochsteife Material d\u00fcnne Rohrw\u00e4nde, wodurch <strong>das Volumen des erforderlichen Aushubs auf ein Minimum reduziert werden kann<\/strong>, so H\u00f6rnemann weiter.<\/p>\n<\/div><\/section>\n\n<style type=\"text\/css\" data-created_by=\"avia_inline_auto\" id=\"style-css-av-2a3tvik-9124d07d7a33c85ee2d0791dc28cc49f\">\n#top .hr.hr-invisible.av-2a3tvik-9124d07d7a33c85ee2d0791dc28cc49f{\nheight:30px;\n}\n<\/style>\n<div  class='hr av-2a3tvik-9124d07d7a33c85ee2d0791dc28cc49f hr-invisible  avia-builder-el-8  el_after_av_textblock  el_before_av_textblock '><span class='hr-inner '><span class=\"hr-inner-style\"><\/span><\/span><\/div>\n\n<style type=\"text\/css\" data-created_by=\"avia_inline_auto\" id=\"style-css-av-ljwvc7jj-50b5dc4463fd29b1036fd19b06180095\">\n#top .av_textblock_section.av-ljwvc7jj-50b5dc4463fd29b1036fd19b06180095 .avia_textblock{\nfont-size:18px;\n}\n<\/style>\n<section  class='av_textblock_section av-ljwvc7jj-50b5dc4463fd29b1036fd19b06180095 '   itemscope=\"itemscope\" itemtype=\"https:\/\/schema.org\/BlogPosting\" itemprop=\"blogPost\" ><div class='avia_textblock'  itemprop=\"text\" ><h3><strong>Bis zum K\u00e4mpfer in Fl\u00fcssigboden<\/strong><\/h3>\n<p>Die Vorteile beim Handling auf der Baustelle und beim Aushub best\u00e4tigt M.Sc. Matthias Niehoff, <em>Klaus Stewering GmbH &amp; Co. KG<\/em>.<\/p>\n<blockquote>\n<p>\u201eAnstelle eines Schwerlastkrans, wie er beispielsweise bei der Verlegung von Stahlbetonrohren notwendig gewesen w\u00e4re, reicht ein mittelgro\u00dfer Mobilbagger aus, um die drei Meter langen GFK-Rohre in die Baugrube einzuheben\u201c, nennt der Bauleiter einen Vorteil, der sich vor allem auf beengten innerst\u00e4dtischen Baustellen bemerkbar macht.<\/p>\n<\/blockquote>\n<p>Auch vor dem Hintergrund, dass die neuen Kanalrohre bis zum K\u00e4mpfer in Fl\u00fcssigboden verlegt werden, k\u00f6nnen die GFK-Rohre punkten. Insbesondere aufgrund der <strong>relativ geringen Wandst\u00e4rke<\/strong>, die statt bei diesen Nennweiten oft \u00fcblichen 30 cm nur ca. 8 cm aufweist. Deshalb tr\u00e4gt die Kombination aus zeitweise flie\u00dff\u00e4higem Verf\u00fcllbaustoff und den eingesetzten Rohren dazu bei, dass der Arbeitsraum deutlich geringer ausfallen kann. Das <strong>spart<\/strong> nach Aussage von Niehoff<strong> mehrere Kubikmeter Aushub und Widerverf\u00fcllung pro laufenden Meter Kanalgraben und sorgt damit f\u00fcr erhebliche Einsparpotenziale<\/strong> f\u00fcr die Stadt M\u00fchlheim bez\u00fcglich Zeit und Geld.<\/p>\n<\/div><\/section>\n\n<style type=\"text\/css\" data-created_by=\"avia_inline_auto\" id=\"style-css-av-1monslo-c45cb8234bc5e1dde97bdb1a1c1e67be\">\n#top .hr.hr-invisible.av-1monslo-c45cb8234bc5e1dde97bdb1a1c1e67be{\nheight:30px;\n}\n<\/style>\n<div  class='hr av-1monslo-c45cb8234bc5e1dde97bdb1a1c1e67be hr-invisible  avia-builder-el-10  el_after_av_textblock  el_before_av_textblock '><span class='hr-inner '><span class=\"hr-inner-style\"><\/span><\/span><\/div>\n\n<style type=\"text\/css\" data-created_by=\"avia_inline_auto\" id=\"style-css-av-ljwvd7av-fa3e56e0c836f5a1cdbfe749d716d853\">\n#top .av_textblock_section.av-ljwvd7av-fa3e56e0c836f5a1cdbfe749d716d853 .avia_textblock{\nfont-size:18px;\n}\n<\/style>\n<section  class='av_textblock_section av-ljwvd7av-fa3e56e0c836f5a1cdbfe749d716d853 '   itemscope=\"itemscope\" itemtype=\"https:\/\/schema.org\/BlogPosting\" itemprop=\"blogPost\" ><div class='avia_textblock'  itemprop=\"text\" ><h3><strong>Moderne Hebetechnik<\/strong><\/h3>\n<p>Die Rohre werden in Abstimmung zwischen der Bauleitung und dem Werk mit einem Tiefbett-Lkw in definierten Zeitabst\u00e4nden geliefert und auf einem vom Auftraggeber bereitgestellten Lagerplatz in der N\u00e4he der Einbaustelle zwischengelagert. \u201eAuf diese Weise kann immer eine ausreichende Kapazit\u00e4t an Rohren vorgehalten werden\u201c, erl\u00e4utert Projektleiter Dipl.-Ing. Gregor Wessendorf, <em>Klaus Stewering GmbH &amp; Co. KG<\/em>. F\u00fcr die Verlegung der Rohre hat das ausf\u00fchrende Unternehmen einen <strong>Mobilbagger im Einsatz<\/strong>, der mit einer Vielzahl von <strong>hydraulischen Anbauger\u00e4ten ausger\u00fcstet<\/strong> ist, die in Sekundenschnelle gewechselt werden k\u00f6nnen. \u201eHierzu z\u00e4hlt auch ein Anbauger\u00e4t, dass \u00fcber eine Vakuumhebetechnik f\u00fcr das Anheben und Transportieren der Rohre verf\u00fcgt\u201c, so Wessendorf weiter.\u00a0\u201eDieser <strong>Vakuumheber<\/strong> <strong>erleichtert die Arbeit vor Ort<\/strong> erheblich und wurde von Stewering speziell f\u00fcr diesen Einsatzfall in Zusammenarbeit mit dem Ger\u00e4tehersteller entwickelt.\u201c<\/p>\n<\/div><\/section>\n\n<style type=\"text\/css\" data-created_by=\"avia_inline_auto\" id=\"style-css-av-ljwve95f-0661b25f5060c2d4896564dd82fb98c6\">\n#top .av_textblock_section.av-ljwve95f-0661b25f5060c2d4896564dd82fb98c6 .avia_textblock{\nfont-size:18px;\n}\n<\/style>\n<section  class='av_textblock_section av-ljwve95f-0661b25f5060c2d4896564dd82fb98c6 '   itemscope=\"itemscope\" itemtype=\"https:\/\/schema.org\/BlogPosting\" itemprop=\"blogPost\" ><div class='avia_textblock'  itemprop=\"text\" ><p><strong>Neben den Kanalrohren<\/strong> wurden weitere Produkte von Amiblu zur Baustelle geliefert \u2013 so <strong>unter anderem Sch\u00e4chte, Formteile und teilweise auch B\u00f6gen<\/strong>. Dabei handelt es sich laut Vertriebsleiter H\u00f6rnemann nicht um Standardprodukte, sondern um von Amiblu bereits in der Planungsphase in Absprache mit dem Bauherrn konzipierte und <strong>auf die Anforderungen an der Einbaustelle angepasste Formteile<\/strong>. Bei den Sch\u00e4chten handelt es sich unter anderem um Tangentialsch\u00e4chte sowie einen Drosselschacht, der bereits zu Beginn der Tiefbauarbeiten gesetzt wurde.<\/p>\n<\/div><\/section>\n","protected":false},"excerpt":{"rendered":"<p>Neuer Mischwasserkanal in der Liebigstra\u00dfe und Wissollstra\u00dfe im M\u00fclheimer Stadtteil Broich, um bei Starkregenereignissen anfallende Wassermengen zwischenzuspeichern und gedrosselt in das Kanalnetz weiterzuleiten.<\/p>\n","protected":false},"author":13,"featured_media":60152,"comment_status":"closed","ping_status":"closed","sticky":false,"template":"","format":"standard","meta":{"_acf_changed":false,"footnotes":""},"categories":[162],"tags":[263,264,265],"class_list":["post-60146","post","type-post","status-publish","format-standard","has-post-thumbnail","hentry","category-news-2","tag-regenrueckhaltung","tag-staukanal","tag-stauraumsystem"],"acf":[],"yoast_head":"<!-- This site is optimized with the Yoast SEO Premium plugin v27.4 (Yoast SEO v27.4) - https:\/\/yoast.com\/product\/yoast-seo-premium-wordpress\/ -->\n<title>Regenr\u00fcckhaltekanal f\u00fcr M\u00fclheim - Amiblu<\/title>\n<meta name=\"description\" content=\"Neuer Mischwasserkanal in der Liebigstra\u00dfe und Wissollstra\u00dfe im M\u00fclheimer Stadtteil Broich, um bei Starkregenereignissen anfallende Wassermengen zwischenzuspeichern und gedrosselt in das Kanalnetz weiterzuleiten.\" \/>\n<meta name=\"robots\" content=\"index, follow, max-snippet:-1, max-image-preview:large, max-video-preview:-1\" \/>\n<link rel=\"canonical\" href=\"https:\/\/www.amiblu.com\/de\/stauraumkanal-uelzener-sterngebiet-2\/\" \/>\n<meta property=\"og:locale\" content=\"de_DE\" \/>\n<meta property=\"og:type\" content=\"article\" \/>\n<meta property=\"og:title\" content=\"Regenr\u00fcckhaltekanal f\u00fcr M\u00fclheim\" \/>\n<meta property=\"og:description\" content=\"Neuer Mischwasserkanal in der Liebigstra\u00dfe und Wissollstra\u00dfe im M\u00fclheimer Stadtteil Broich, um bei Starkregenereignissen anfallende Wassermengen zwischenzuspeichern und gedrosselt in das Kanalnetz weiterzuleiten.\" \/>\n<meta property=\"og:url\" content=\"https:\/\/www.amiblu.com\/de\/stauraumkanal-uelzener-sterngebiet-2\/\" \/>\n<meta property=\"og:site_name\" content=\"Amiblu\" \/>\n<meta property=\"article:publisher\" content=\"https:\/\/www.facebook.com\/amiblupipes\" \/>\n<meta property=\"article:published_time\" content=\"2023-10-09T14:13:10+00:00\" \/>\n<meta property=\"article:modified_time\" content=\"2023-10-09T14:14:39+00:00\" \/>\n<meta property=\"og:image\" content=\"https:\/\/www.amiblu.com\/wp-content\/uploads\/muelheim2-logo-800x500-1.jpg\" \/>\n\t<meta property=\"og:image:width\" content=\"800\" \/>\n\t<meta property=\"og:image:height\" content=\"500\" \/>\n\t<meta property=\"og:image:type\" content=\"image\/jpeg\" \/>\n<meta name=\"author\" content=\"Anja Strehlow\" \/>\n<meta name=\"twitter:card\" content=\"summary_large_image\" \/>\n<meta name=\"twitter:label1\" content=\"Verfasst von\" \/>\n\t<meta name=\"twitter:data1\" content=\"Anja Strehlow\" \/>\n\t<meta name=\"twitter:label2\" content=\"Gesch\u00e4tzte Lesezeit\" \/>\n\t<meta name=\"twitter:data2\" content=\"5\u00a0Minuten\" \/>\n<script type=\"application\/ld+json\" class=\"yoast-schema-graph\">{\"@context\":\"https:\\\/\\\/schema.org\",\"@graph\":[{\"@type\":\"Article\",\"@id\":\"https:\\\/\\\/www.amiblu.com\\\/de\\\/stauraumkanal-uelzener-sterngebiet-2\\\/#article\",\"isPartOf\":{\"@id\":\"https:\\\/\\\/www.amiblu.com\\\/de\\\/stauraumkanal-uelzener-sterngebiet-2\\\/\"},\"author\":{\"name\":\"Anja Strehlow\",\"@id\":\"https:\\\/\\\/www.amiblu.com\\\/de\\\/#\\\/schema\\\/person\\\/1f29275fc935f7fda92589ff9058503c\"},\"headline\":\"Regenr\u00fcckhaltekanal f\u00fcr M\u00fclheim\",\"datePublished\":\"2023-10-09T14:13:10+00:00\",\"dateModified\":\"2023-10-09T14:14:39+00:00\",\"mainEntityOfPage\":{\"@id\":\"https:\\\/\\\/www.amiblu.com\\\/de\\\/stauraumkanal-uelzener-sterngebiet-2\\\/\"},\"wordCount\":1426,\"publisher\":{\"@id\":\"https:\\\/\\\/www.amiblu.com\\\/de\\\/#organization\"},\"image\":{\"@id\":\"https:\\\/\\\/www.amiblu.com\\\/de\\\/stauraumkanal-uelzener-sterngebiet-2\\\/#primaryimage\"},\"thumbnailUrl\":\"https:\\\/\\\/www.amiblu.com\\\/wp-content\\\/uploads\\\/muelheim2-logo-800x500-1.jpg\",\"keywords\":[\"Regenr\u00fcckhaltung\",\"Staukanal\",\"Stauraumsystem\"],\"articleSection\":[\"News\"],\"inLanguage\":\"de\"},{\"@type\":\"WebPage\",\"@id\":\"https:\\\/\\\/www.amiblu.com\\\/de\\\/stauraumkanal-uelzener-sterngebiet-2\\\/\",\"url\":\"https:\\\/\\\/www.amiblu.com\\\/de\\\/stauraumkanal-uelzener-sterngebiet-2\\\/\",\"name\":\"Regenr\u00fcckhaltekanal f\u00fcr M\u00fclheim - Amiblu\",\"isPartOf\":{\"@id\":\"https:\\\/\\\/www.amiblu.com\\\/de\\\/#website\"},\"primaryImageOfPage\":{\"@id\":\"https:\\\/\\\/www.amiblu.com\\\/de\\\/stauraumkanal-uelzener-sterngebiet-2\\\/#primaryimage\"},\"image\":{\"@id\":\"https:\\\/\\\/www.amiblu.com\\\/de\\\/stauraumkanal-uelzener-sterngebiet-2\\\/#primaryimage\"},\"thumbnailUrl\":\"https:\\\/\\\/www.amiblu.com\\\/wp-content\\\/uploads\\\/muelheim2-logo-800x500-1.jpg\",\"datePublished\":\"2023-10-09T14:13:10+00:00\",\"dateModified\":\"2023-10-09T14:14:39+00:00\",\"description\":\"Neuer Mischwasserkanal in der Liebigstra\u00dfe und Wissollstra\u00dfe im M\u00fclheimer Stadtteil Broich, um bei Starkregenereignissen anfallende Wassermengen zwischenzuspeichern und gedrosselt in das Kanalnetz weiterzuleiten.\",\"inLanguage\":\"de\",\"potentialAction\":[{\"@type\":\"ReadAction\",\"target\":[\"https:\\\/\\\/www.amiblu.com\\\/de\\\/stauraumkanal-uelzener-sterngebiet-2\\\/\"]}]},{\"@type\":\"ImageObject\",\"inLanguage\":\"de\",\"@id\":\"https:\\\/\\\/www.amiblu.com\\\/de\\\/stauraumkanal-uelzener-sterngebiet-2\\\/#primaryimage\",\"url\":\"https:\\\/\\\/www.amiblu.com\\\/wp-content\\\/uploads\\\/muelheim2-logo-800x500-1.jpg\",\"contentUrl\":\"https:\\\/\\\/www.amiblu.com\\\/wp-content\\\/uploads\\\/muelheim2-logo-800x500-1.jpg\",\"width\":800,\"height\":500,\"caption\":\"M\u00fclheim-Staukanal\"},{\"@type\":\"WebSite\",\"@id\":\"https:\\\/\\\/www.amiblu.com\\\/de\\\/#website\",\"url\":\"https:\\\/\\\/www.amiblu.com\\\/de\\\/\",\"name\":\"Amiblu\",\"description\":\"GFK-Rohrsysteme f\u00fcr Generationen\",\"publisher\":{\"@id\":\"https:\\\/\\\/www.amiblu.com\\\/de\\\/#organization\"},\"potentialAction\":[{\"@type\":\"SearchAction\",\"target\":{\"@type\":\"EntryPoint\",\"urlTemplate\":\"https:\\\/\\\/www.amiblu.com\\\/de\\\/?s={search_term_string}\"},\"query-input\":{\"@type\":\"PropertyValueSpecification\",\"valueRequired\":true,\"valueName\":\"search_term_string\"}}],\"inLanguage\":\"de\"},{\"@type\":\"Organization\",\"@id\":\"https:\\\/\\\/www.amiblu.com\\\/de\\\/#organization\",\"name\":\"Amiblu Group\",\"url\":\"https:\\\/\\\/www.amiblu.com\\\/de\\\/\",\"logo\":{\"@type\":\"ImageObject\",\"inLanguage\":\"de\",\"@id\":\"https:\\\/\\\/www.amiblu.com\\\/de\\\/#\\\/schema\\\/logo\\\/image\\\/\",\"url\":\"https:\\\/\\\/www.amiblu.com\\\/wp-content\\\/uploads\\\/2021\\\/01\\\/Amiblu-logo-website-1.png\",\"contentUrl\":\"https:\\\/\\\/www.amiblu.com\\\/wp-content\\\/uploads\\\/2021\\\/01\\\/Amiblu-logo-website-1.png\",\"width\":201,\"height\":38,\"caption\":\"Amiblu Group\"},\"image\":{\"@id\":\"https:\\\/\\\/www.amiblu.com\\\/de\\\/#\\\/schema\\\/logo\\\/image\\\/\"},\"sameAs\":[\"https:\\\/\\\/www.facebook.com\\\/amiblupipes\",\"https:\\\/\\\/www.youtube.com\\\/c\\\/Amiblu\",\"https:\\\/\\\/de.wikipedia.org\\\/wiki\\\/Amiblu\",\"https:\\\/\\\/www.linkedin.com\\\/company\\\/amiblupipes\\\/\"]},{\"@type\":\"Person\",\"@id\":\"https:\\\/\\\/www.amiblu.com\\\/de\\\/#\\\/schema\\\/person\\\/1f29275fc935f7fda92589ff9058503c\",\"name\":\"Anja Strehlow\",\"image\":{\"@type\":\"ImageObject\",\"inLanguage\":\"de\",\"@id\":\"https:\\\/\\\/secure.gravatar.com\\\/avatar\\\/5731db37d886ffee3940c320a110a71e4189ad575d85c2c0fad5f740ad725fdb?s=96&d=mm&r=g\",\"url\":\"https:\\\/\\\/secure.gravatar.com\\\/avatar\\\/5731db37d886ffee3940c320a110a71e4189ad575d85c2c0fad5f740ad725fdb?s=96&d=mm&r=g\",\"contentUrl\":\"https:\\\/\\\/secure.gravatar.com\\\/avatar\\\/5731db37d886ffee3940c320a110a71e4189ad575d85c2c0fad5f740ad725fdb?s=96&d=mm&r=g\",\"caption\":\"Anja Strehlow\"}}]}<\/script>\n<!-- \/ Yoast SEO Premium plugin. -->","yoast_head_json":{"title":"Regenr\u00fcckhaltekanal f\u00fcr M\u00fclheim - Amiblu","description":"Neuer Mischwasserkanal in der Liebigstra\u00dfe und Wissollstra\u00dfe im M\u00fclheimer Stadtteil Broich, um bei Starkregenereignissen anfallende Wassermengen zwischenzuspeichern und gedrosselt in das Kanalnetz weiterzuleiten.","robots":{"index":"index","follow":"follow","max-snippet":"max-snippet:-1","max-image-preview":"max-image-preview:large","max-video-preview":"max-video-preview:-1"},"canonical":"https:\/\/www.amiblu.com\/de\/stauraumkanal-uelzener-sterngebiet-2\/","og_locale":"de_DE","og_type":"article","og_title":"Regenr\u00fcckhaltekanal f\u00fcr M\u00fclheim","og_description":"Neuer Mischwasserkanal in der Liebigstra\u00dfe und Wissollstra\u00dfe im M\u00fclheimer Stadtteil Broich, um bei Starkregenereignissen anfallende Wassermengen zwischenzuspeichern und gedrosselt in das Kanalnetz weiterzuleiten.","og_url":"https:\/\/www.amiblu.com\/de\/stauraumkanal-uelzener-sterngebiet-2\/","og_site_name":"Amiblu","article_publisher":"https:\/\/www.facebook.com\/amiblupipes","article_published_time":"2023-10-09T14:13:10+00:00","article_modified_time":"2023-10-09T14:14:39+00:00","og_image":[{"width":800,"height":500,"url":"https:\/\/www.amiblu.com\/wp-content\/uploads\/muelheim2-logo-800x500-1.jpg","type":"image\/jpeg"}],"author":"Anja Strehlow","twitter_card":"summary_large_image","twitter_misc":{"Verfasst von":"Anja Strehlow","Gesch\u00e4tzte Lesezeit":"5\u00a0Minuten"},"schema":{"@context":"https:\/\/schema.org","@graph":[{"@type":"Article","@id":"https:\/\/www.amiblu.com\/de\/stauraumkanal-uelzener-sterngebiet-2\/#article","isPartOf":{"@id":"https:\/\/www.amiblu.com\/de\/stauraumkanal-uelzener-sterngebiet-2\/"},"author":{"name":"Anja Strehlow","@id":"https:\/\/www.amiblu.com\/de\/#\/schema\/person\/1f29275fc935f7fda92589ff9058503c"},"headline":"Regenr\u00fcckhaltekanal f\u00fcr M\u00fclheim","datePublished":"2023-10-09T14:13:10+00:00","dateModified":"2023-10-09T14:14:39+00:00","mainEntityOfPage":{"@id":"https:\/\/www.amiblu.com\/de\/stauraumkanal-uelzener-sterngebiet-2\/"},"wordCount":1426,"publisher":{"@id":"https:\/\/www.amiblu.com\/de\/#organization"},"image":{"@id":"https:\/\/www.amiblu.com\/de\/stauraumkanal-uelzener-sterngebiet-2\/#primaryimage"},"thumbnailUrl":"https:\/\/www.amiblu.com\/wp-content\/uploads\/muelheim2-logo-800x500-1.jpg","keywords":["Regenr\u00fcckhaltung","Staukanal","Stauraumsystem"],"articleSection":["News"],"inLanguage":"de"},{"@type":"WebPage","@id":"https:\/\/www.amiblu.com\/de\/stauraumkanal-uelzener-sterngebiet-2\/","url":"https:\/\/www.amiblu.com\/de\/stauraumkanal-uelzener-sterngebiet-2\/","name":"Regenr\u00fcckhaltekanal f\u00fcr M\u00fclheim - Amiblu","isPartOf":{"@id":"https:\/\/www.amiblu.com\/de\/#website"},"primaryImageOfPage":{"@id":"https:\/\/www.amiblu.com\/de\/stauraumkanal-uelzener-sterngebiet-2\/#primaryimage"},"image":{"@id":"https:\/\/www.amiblu.com\/de\/stauraumkanal-uelzener-sterngebiet-2\/#primaryimage"},"thumbnailUrl":"https:\/\/www.amiblu.com\/wp-content\/uploads\/muelheim2-logo-800x500-1.jpg","datePublished":"2023-10-09T14:13:10+00:00","dateModified":"2023-10-09T14:14:39+00:00","description":"Neuer Mischwasserkanal in der Liebigstra\u00dfe und Wissollstra\u00dfe im M\u00fclheimer Stadtteil Broich, um bei Starkregenereignissen anfallende Wassermengen zwischenzuspeichern und gedrosselt in das Kanalnetz weiterzuleiten.","inLanguage":"de","potentialAction":[{"@type":"ReadAction","target":["https:\/\/www.amiblu.com\/de\/stauraumkanal-uelzener-sterngebiet-2\/"]}]},{"@type":"ImageObject","inLanguage":"de","@id":"https:\/\/www.amiblu.com\/de\/stauraumkanal-uelzener-sterngebiet-2\/#primaryimage","url":"https:\/\/www.amiblu.com\/wp-content\/uploads\/muelheim2-logo-800x500-1.jpg","contentUrl":"https:\/\/www.amiblu.com\/wp-content\/uploads\/muelheim2-logo-800x500-1.jpg","width":800,"height":500,"caption":"M\u00fclheim-Staukanal"},{"@type":"WebSite","@id":"https:\/\/www.amiblu.com\/de\/#website","url":"https:\/\/www.amiblu.com\/de\/","name":"Amiblu","description":"GFK-Rohrsysteme f\u00fcr Generationen","publisher":{"@id":"https:\/\/www.amiblu.com\/de\/#organization"},"potentialAction":[{"@type":"SearchAction","target":{"@type":"EntryPoint","urlTemplate":"https:\/\/www.amiblu.com\/de\/?s={search_term_string}"},"query-input":{"@type":"PropertyValueSpecification","valueRequired":true,"valueName":"search_term_string"}}],"inLanguage":"de"},{"@type":"Organization","@id":"https:\/\/www.amiblu.com\/de\/#organization","name":"Amiblu Group","url":"https:\/\/www.amiblu.com\/de\/","logo":{"@type":"ImageObject","inLanguage":"de","@id":"https:\/\/www.amiblu.com\/de\/#\/schema\/logo\/image\/","url":"https:\/\/www.amiblu.com\/wp-content\/uploads\/2021\/01\/Amiblu-logo-website-1.png","contentUrl":"https:\/\/www.amiblu.com\/wp-content\/uploads\/2021\/01\/Amiblu-logo-website-1.png","width":201,"height":38,"caption":"Amiblu Group"},"image":{"@id":"https:\/\/www.amiblu.com\/de\/#\/schema\/logo\/image\/"},"sameAs":["https:\/\/www.facebook.com\/amiblupipes","https:\/\/www.youtube.com\/c\/Amiblu","https:\/\/de.wikipedia.org\/wiki\/Amiblu","https:\/\/www.linkedin.com\/company\/amiblupipes\/"]},{"@type":"Person","@id":"https:\/\/www.amiblu.com\/de\/#\/schema\/person\/1f29275fc935f7fda92589ff9058503c","name":"Anja Strehlow","image":{"@type":"ImageObject","inLanguage":"de","@id":"https:\/\/secure.gravatar.com\/avatar\/5731db37d886ffee3940c320a110a71e4189ad575d85c2c0fad5f740ad725fdb?s=96&d=mm&r=g","url":"https:\/\/secure.gravatar.com\/avatar\/5731db37d886ffee3940c320a110a71e4189ad575d85c2c0fad5f740ad725fdb?s=96&d=mm&r=g","contentUrl":"https:\/\/secure.gravatar.com\/avatar\/5731db37d886ffee3940c320a110a71e4189ad575d85c2c0fad5f740ad725fdb?s=96&d=mm&r=g","caption":"Anja Strehlow"}}]}},"_links":{"self":[{"href":"https:\/\/www.amiblu.com\/de\/wp-json\/wp\/v2\/posts\/60146","targetHints":{"allow":["GET"]}}],"collection":[{"href":"https:\/\/www.amiblu.com\/de\/wp-json\/wp\/v2\/posts"}],"about":[{"href":"https:\/\/www.amiblu.com\/de\/wp-json\/wp\/v2\/types\/post"}],"author":[{"embeddable":true,"href":"https:\/\/www.amiblu.com\/de\/wp-json\/wp\/v2\/users\/13"}],"replies":[{"embeddable":true,"href":"https:\/\/www.amiblu.com\/de\/wp-json\/wp\/v2\/comments?post=60146"}],"version-history":[{"count":19,"href":"https:\/\/www.amiblu.com\/de\/wp-json\/wp\/v2\/posts\/60146\/revisions"}],"predecessor-version":[{"id":60169,"href":"https:\/\/www.amiblu.com\/de\/wp-json\/wp\/v2\/posts\/60146\/revisions\/60169"}],"wp:featuredmedia":[{"embeddable":true,"href":"https:\/\/www.amiblu.com\/de\/wp-json\/wp\/v2\/media\/60152"}],"wp:attachment":[{"href":"https:\/\/www.amiblu.com\/de\/wp-json\/wp\/v2\/media?parent=60146"}],"wp:term":[{"taxonomy":"category","embeddable":true,"href":"https:\/\/www.amiblu.com\/de\/wp-json\/wp\/v2\/categories?post=60146"},{"taxonomy":"post_tag","embeddable":true,"href":"https:\/\/www.amiblu.com\/de\/wp-json\/wp\/v2\/tags?post=60146"}],"curies":[{"name":"wp","href":"https:\/\/api.w.org\/{rel}","templated":true}]}}