{"id":61475,"date":"2024-02-16T11:54:41","date_gmt":"2024-02-16T10:54:41","guid":{"rendered":"https:\/\/www.amiblu.com\/?p=61475"},"modified":"2024-02-16T11:58:17","modified_gmt":"2024-02-16T10:58:17","slug":"amiblu-co2-neutral","status":"publish","type":"post","link":"https:\/\/www.amiblu.com\/de\/amiblu-co2-neutral\/","title":{"rendered":"Weiterer Nachhaltigkeits-Meilenstein f\u00fcr Amiblu"},"content":{"rendered":"<\/p>\n\n<style type=\"text\/css\" data-created_by=\"avia_inline_auto\" id=\"style-css-av-l28mofvc-f3a0a91df7c8de26fec01ea70971929e\">\n.avia-image-container.av-l28mofvc-f3a0a91df7c8de26fec01ea70971929e img.avia_image{\nbox-shadow:none;\n}\n.avia-image-container.av-l28mofvc-f3a0a91df7c8de26fec01ea70971929e .av-image-caption-overlay-center{\ncolor:#ffffff;\n}\n<\/style>\n<div  class='avia-image-container av-l28mofvc-f3a0a91df7c8de26fec01ea70971929e av-styling- avia-align-center  avia-builder-el-0  el_before_av_hr  avia-builder-el-first '   itemprop=\"image\" itemscope=\"itemscope\" itemtype=\"https:\/\/schema.org\/ImageObject\" ><div class=\"avia-image-container-inner\"><div class=\"avia-image-overlay-wrap\"><img fetchpriority=\"high\" fetchpriority=\"high\" decoding=\"async\" fetchpriority=\"high\" class='wp-image-60302 avia-img-lazy-loading-not-60302 avia_image ' src=\"https:\/\/www.amiblu.com\/wp-content\/uploads\/Amiblu-Spain-placas-solares.jpg\" alt='Amiblu Spain instala 2000 placas solares en su planta de producci\u00f3n de Camarles' title='Amiblu-Spain-placas-solares'  height=\"500\" width=\"800\"  itemprop=\"thumbnailUrl\" srcset=\"https:\/\/www.amiblu.com\/wp-content\/uploads\/Amiblu-Spain-placas-solares.jpg 800w, https:\/\/www.amiblu.com\/wp-content\/uploads\/Amiblu-Spain-placas-solares-300x188.jpg 300w, https:\/\/www.amiblu.com\/wp-content\/uploads\/Amiblu-Spain-placas-solares-768x480.jpg 768w, https:\/\/www.amiblu.com\/wp-content\/uploads\/Amiblu-Spain-placas-solares-705x441.jpg 705w\" sizes=\"(max-width: 800px) 100vw, 800px\" \/><\/div><\/div><\/div>\n\n<style type=\"text\/css\" data-created_by=\"avia_inline_auto\" id=\"style-css-av-kw3b89sf-9f0e684917a05e382555d0c7bc8225bb\">\n#top .hr.hr-invisible.av-kw3b89sf-9f0e684917a05e382555d0c7bc8225bb{\nheight:50px;\n}\n<\/style>\n<div  class='hr av-kw3b89sf-9f0e684917a05e382555d0c7bc8225bb hr-invisible  avia-builder-el-1  el_after_av_image  el_before_av_heading '><span class='hr-inner '><span class=\"hr-inner-style\"><\/span><\/span><\/div>\n\n<style type=\"text\/css\" data-created_by=\"avia_inline_auto\" id=\"style-css-av-lsoj3hez-ae834636690e7b234cca83dae9b1e6c9\">\n#top .av-special-heading.av-lsoj3hez-ae834636690e7b234cca83dae9b1e6c9{\npadding-bottom:10px;\n}\nbody .av-special-heading.av-lsoj3hez-ae834636690e7b234cca83dae9b1e6c9 .av-special-heading-tag .heading-char{\nfont-size:25px;\n}\n.av-special-heading.av-lsoj3hez-ae834636690e7b234cca83dae9b1e6c9 .av-subheading{\nfont-size:15px;\n}\n<\/style>\n<div  class='av-special-heading av-lsoj3hez-ae834636690e7b234cca83dae9b1e6c9 av-special-heading-h1  avia-builder-el-2  el_after_av_hr  el_before_av_textblock '><h1 class='av-special-heading-tag '  itemprop=\"headline\"  >Amiblu Spanien: Erstes CO2-neutrales GFK-Rohrwerk in Europa<\/h1><div class=\"special-heading-border\"><div class=\"special-heading-inner-border\"><\/div><\/div><\/div>\n<section  class='av_textblock_section av-l9dybqzr-6991afdc4c4340263a6430d89f021598 '   itemscope=\"itemscope\" itemtype=\"https:\/\/schema.org\/BlogPosting\" itemprop=\"blogPost\" ><div class='avia_textblock'  itemprop=\"text\" ><p>Es ist gelungen: Amiblu Pipes Spain produziert CO2-neutrale Rohre und wurde in das Register der \u201cCO2-Fu\u00dfabdruck-, Kompensations- und CO2-Absorptionsprojekte\u201d des \u00a0<a href=\"https:\/\/www.miteco.gob.es\/\" target=\"_blank\" rel=\"noopener\">Ministerio para la Transici\u00f3n Ecol\u00f3gica y el Reto Demogr\u00e1fico<\/a>\u00a0(MITECO) aufgenommen.<\/p>\n<p>Dank des\u00a0<strong>strategischen Plans f\u00fcr mehr Nachhaltigkeit \u201cAmiblu Green 2022-2024\u201d<\/strong>\u00a0konnte Amiblu Pipes Spain seine\u00a0<strong>CO2-Emissionen innerhalb von drei Jahren um 62% reduzieren<\/strong>, von 1.700 Tonnen CO2 im Jahr 2020 auf 645 Tonnen im Jahr 2022, und das bei einem h\u00f6heren Umsatz als in den Vorjahren. F\u00fcr 2023 erwartet Amiblu eine\u00a0<strong>weitere Reduktion um 30% auf 470 Tonnen CO2<\/strong>.<\/p>\n<p>Mit dem Erhalt des\u00a0<strong>Compensa-Labels<\/strong>\u00a0von MITECO geht Amiblu Spanien einen weiteren Schritt auf dem Weg zu mehr Nachhaltigkeit, indem es seine Emissionen zu 100 % durch die\u00a0<strong>Beteiligung an der Wiederaufforstung des Borela-Waldes in Cerdedo-Cotobade (Pontevedra)<\/strong>\u00a0kompensiert.<\/p>\n<p>In den letzten drei Jahren hat Amiblu\u00a0<strong>erhebliche Investitionen<\/strong>\u00a0get\u00e4tigt, um die CO2-Emissionen deutlich zu reduzieren und die Produktionsst\u00e4tte in Camarles zum ersten CO2-neutralen GFK-Rohrwerk Europas umzubauen, in der die CO2-Emissionen zu 100 % kompensiert werden.<\/p>\n<p>Im Rahmen des Plans \u201cAmiblu Green 2022-2024\u201d hat Amiblu Spanien\u00a0<strong>2.000 Solarpanelen im Werk Camarles installiert<\/strong>, die j\u00e4hrlich 942.000 Kilowattstunden (kWh) Strom erzeugen, was 51% des Energieverbrauchs des Werks entspricht.<\/p>\n<p>Amiblu Spaniens\u00a0<strong>Gesch\u00e4ftsf\u00fchrer, Xavier Arasanz, ist stolz auf das Erreichte<\/strong>: \u201cDas gesamte Team von Amiblu Pipes Spanien hat in den letzten drei Jahren\u00a0<strong>gro\u00dfe Anstrengungen unternommen<\/strong>, um Prozesse zu \u00e4ndern und Ma\u00dfnahmen zur Verringerung der Umweltauswirkungen umzusetzen. Wir sind jedoch auch\u00a0<strong>darauf angewiesen, dass die Beh\u00f6rden unsere Bem\u00fchungen im Umweltbereich anerkennen und Produkte mit entsprechenden Nachweisen unterst\u00fctzen<\/strong>, insbesondere in Zeiten in denen das Wassermanagement von entscheidender Bedeutung ist.\u201d<\/p>\n<p>Als Unternehmen bekennen wir uns zu den Zielen f\u00fcr nachhaltige Entwicklung (Sustainable Development Goals, SDGs) des\u00a0<strong>Global Compact der Vereinten Nationen<\/strong>\u00a0und setzen uns daf\u00fcr ein, Umweltauswirkungen zu reduzieren und die Umwelt zu sch\u00fctzen.<\/p>\n<p>Mehr zum\u00a0<strong>Amiblu Fu\u00dfabdruck<\/strong>\u00a0und was Nachhaltigkeit f\u00fcr uns bedeutet erfahren Sie\u00a0<strong><a href=\"https:\/\/www.amiblu.com\/de\/fussabdruck\/\" target=\"_blank\" rel=\"noopener\">hier<\/a><\/strong><\/p>\n<\/div><\/section>\n","protected":false},"excerpt":{"rendered":"<p>Es ist gelungen: Amiblu Pipes Spain produziert CO2-neutrale Rohre und wurde in das Register der \u201cCO2-Fu\u00dfabdruck-, Kompensations- und CO2-Absorptionsprojekte\u201d (MITECO) aufgenommen.<\/p>\n","protected":false},"author":13,"featured_media":60302,"comment_status":"closed","ping_status":"closed","sticky":false,"template":"","format":"standard","meta":{"_acf_changed":false,"footnotes":""},"categories":[162],"tags":[269],"class_list":["post-61475","post","type-post","status-publish","format-standard","has-post-thumbnail","hentry","category-news-2","tag-nachhaltigkeit"],"acf":[],"yoast_head":"<!-- This site is optimized with the Yoast SEO Premium plugin v27.5 (Yoast SEO v27.5) - https:\/\/yoast.com\/product\/yoast-seo-premium-wordpress\/ -->\n<title>Weiterer Nachhaltigkeits-Meilenstein f\u00fcr Amiblu - Amiblu<\/title>\n<meta name=\"description\" content=\"Weiterer Meilenstein f\u00fcr Amiblu Nachhaltigkeit: Erstes CO2-neutrales GFK-Rohrwerk in Europa\" \/>\n<meta name=\"robots\" content=\"index, follow, max-snippet:-1, max-image-preview:large, max-video-preview:-1\" \/>\n<link rel=\"canonical\" href=\"https:\/\/www.amiblu.com\/de\/amiblu-co2-neutral\/\" \/>\n<meta property=\"og:locale\" content=\"de_DE\" \/>\n<meta property=\"og:type\" content=\"article\" \/>\n<meta property=\"og:title\" content=\"Weiterer Nachhaltigkeits-Meilenstein f\u00fcr Amiblu\" \/>\n<meta property=\"og:description\" content=\"Weiterer Meilenstein f\u00fcr Amiblu Nachhaltigkeit: Erstes CO2-neutrales GFK-Rohrwerk in Europa\" \/>\n<meta property=\"og:url\" content=\"https:\/\/www.amiblu.com\/de\/amiblu-co2-neutral\/\" \/>\n<meta property=\"og:site_name\" content=\"Amiblu\" \/>\n<meta property=\"article:publisher\" content=\"https:\/\/www.facebook.com\/amiblupipes\" \/>\n<meta property=\"article:published_time\" content=\"2024-02-16T10:54:41+00:00\" \/>\n<meta property=\"article:modified_time\" content=\"2024-02-16T10:58:17+00:00\" \/>\n<meta property=\"og:image\" content=\"https:\/\/www.amiblu.com\/wp-content\/uploads\/Amiblu-Spain-placas-solares.jpg\" \/>\n\t<meta property=\"og:image:width\" content=\"800\" \/>\n\t<meta property=\"og:image:height\" content=\"500\" \/>\n\t<meta property=\"og:image:type\" content=\"image\/jpeg\" \/>\n<meta name=\"author\" content=\"Anja Strehlow\" \/>\n<meta name=\"twitter:card\" content=\"summary_large_image\" \/>\n<meta name=\"twitter:label1\" content=\"Verfasst von\" \/>\n\t<meta name=\"twitter:data1\" content=\"Anja Strehlow\" \/>\n\t<meta name=\"twitter:label2\" content=\"Gesch\u00e4tzte Lesezeit\" \/>\n\t<meta name=\"twitter:data2\" content=\"2\u00a0Minuten\" \/>\n<script type=\"application\/ld+json\" class=\"yoast-schema-graph\">{\"@context\":\"https:\\\/\\\/schema.org\",\"@graph\":[{\"@type\":\"Article\",\"@id\":\"https:\\\/\\\/www.amiblu.com\\\/de\\\/amiblu-co2-neutral\\\/#article\",\"isPartOf\":{\"@id\":\"https:\\\/\\\/www.amiblu.com\\\/de\\\/amiblu-co2-neutral\\\/\"},\"author\":{\"name\":\"Anja Strehlow\",\"@id\":\"https:\\\/\\\/www.amiblu.com\\\/de\\\/#\\\/schema\\\/person\\\/1f29275fc935f7fda92589ff9058503c\"},\"headline\":\"Weiterer Nachhaltigkeits-Meilenstein f\u00fcr Amiblu\",\"datePublished\":\"2024-02-16T10:54:41+00:00\",\"dateModified\":\"2024-02-16T10:58:17+00:00\",\"mainEntityOfPage\":{\"@id\":\"https:\\\/\\\/www.amiblu.com\\\/de\\\/amiblu-co2-neutral\\\/\"},\"wordCount\":857,\"publisher\":{\"@id\":\"https:\\\/\\\/www.amiblu.com\\\/de\\\/#organization\"},\"image\":{\"@id\":\"https:\\\/\\\/www.amiblu.com\\\/de\\\/amiblu-co2-neutral\\\/#primaryimage\"},\"thumbnailUrl\":\"https:\\\/\\\/www.amiblu.com\\\/wp-content\\\/uploads\\\/Amiblu-Spain-placas-solares.jpg\",\"keywords\":[\"nachhaltigkeit\"],\"articleSection\":[\"News\"],\"inLanguage\":\"de\"},{\"@type\":\"WebPage\",\"@id\":\"https:\\\/\\\/www.amiblu.com\\\/de\\\/amiblu-co2-neutral\\\/\",\"url\":\"https:\\\/\\\/www.amiblu.com\\\/de\\\/amiblu-co2-neutral\\\/\",\"name\":\"Weiterer Nachhaltigkeits-Meilenstein f\u00fcr Amiblu - Amiblu\",\"isPartOf\":{\"@id\":\"https:\\\/\\\/www.amiblu.com\\\/de\\\/#website\"},\"primaryImageOfPage\":{\"@id\":\"https:\\\/\\\/www.amiblu.com\\\/de\\\/amiblu-co2-neutral\\\/#primaryimage\"},\"image\":{\"@id\":\"https:\\\/\\\/www.amiblu.com\\\/de\\\/amiblu-co2-neutral\\\/#primaryimage\"},\"thumbnailUrl\":\"https:\\\/\\\/www.amiblu.com\\\/wp-content\\\/uploads\\\/Amiblu-Spain-placas-solares.jpg\",\"datePublished\":\"2024-02-16T10:54:41+00:00\",\"dateModified\":\"2024-02-16T10:58:17+00:00\",\"description\":\"Weiterer Meilenstein f\u00fcr Amiblu Nachhaltigkeit: Erstes CO2-neutrales GFK-Rohrwerk in Europa\",\"inLanguage\":\"de\",\"potentialAction\":[{\"@type\":\"ReadAction\",\"target\":[\"https:\\\/\\\/www.amiblu.com\\\/de\\\/amiblu-co2-neutral\\\/\"]}]},{\"@type\":\"ImageObject\",\"inLanguage\":\"de\",\"@id\":\"https:\\\/\\\/www.amiblu.com\\\/de\\\/amiblu-co2-neutral\\\/#primaryimage\",\"url\":\"https:\\\/\\\/www.amiblu.com\\\/wp-content\\\/uploads\\\/Amiblu-Spain-placas-solares.jpg\",\"contentUrl\":\"https:\\\/\\\/www.amiblu.com\\\/wp-content\\\/uploads\\\/Amiblu-Spain-placas-solares.jpg\",\"width\":800,\"height\":500,\"caption\":\"Amiblu Spain instala 2000 placas solares en su planta de producci\u00f3n de Camarles\"},{\"@type\":\"WebSite\",\"@id\":\"https:\\\/\\\/www.amiblu.com\\\/de\\\/#website\",\"url\":\"https:\\\/\\\/www.amiblu.com\\\/de\\\/\",\"name\":\"Amiblu\",\"description\":\"GFK-Rohrsysteme f\u00fcr Generationen\",\"publisher\":{\"@id\":\"https:\\\/\\\/www.amiblu.com\\\/de\\\/#organization\"},\"potentialAction\":[{\"@type\":\"SearchAction\",\"target\":{\"@type\":\"EntryPoint\",\"urlTemplate\":\"https:\\\/\\\/www.amiblu.com\\\/de\\\/?s={search_term_string}\"},\"query-input\":{\"@type\":\"PropertyValueSpecification\",\"valueRequired\":true,\"valueName\":\"search_term_string\"}}],\"inLanguage\":\"de\"},{\"@type\":\"Organization\",\"@id\":\"https:\\\/\\\/www.amiblu.com\\\/de\\\/#organization\",\"name\":\"Amiblu Group\",\"url\":\"https:\\\/\\\/www.amiblu.com\\\/de\\\/\",\"logo\":{\"@type\":\"ImageObject\",\"inLanguage\":\"de\",\"@id\":\"https:\\\/\\\/www.amiblu.com\\\/de\\\/#\\\/schema\\\/logo\\\/image\\\/\",\"url\":\"https:\\\/\\\/www.amiblu.com\\\/wp-content\\\/uploads\\\/2021\\\/01\\\/Amiblu-logo-website-1.png\",\"contentUrl\":\"https:\\\/\\\/www.amiblu.com\\\/wp-content\\\/uploads\\\/2021\\\/01\\\/Amiblu-logo-website-1.png\",\"width\":201,\"height\":38,\"caption\":\"Amiblu Group\"},\"image\":{\"@id\":\"https:\\\/\\\/www.amiblu.com\\\/de\\\/#\\\/schema\\\/logo\\\/image\\\/\"},\"sameAs\":[\"https:\\\/\\\/www.facebook.com\\\/amiblupipes\",\"https:\\\/\\\/www.youtube.com\\\/c\\\/Amiblu\",\"https:\\\/\\\/de.wikipedia.org\\\/wiki\\\/Amiblu\",\"https:\\\/\\\/www.linkedin.com\\\/company\\\/amiblupipes\\\/\"]},{\"@type\":\"Person\",\"@id\":\"https:\\\/\\\/www.amiblu.com\\\/de\\\/#\\\/schema\\\/person\\\/1f29275fc935f7fda92589ff9058503c\",\"name\":\"Anja Strehlow\",\"image\":{\"@type\":\"ImageObject\",\"inLanguage\":\"de\",\"@id\":\"https:\\\/\\\/secure.gravatar.com\\\/avatar\\\/5731db37d886ffee3940c320a110a71e4189ad575d85c2c0fad5f740ad725fdb?s=96&d=mm&r=g\",\"url\":\"https:\\\/\\\/secure.gravatar.com\\\/avatar\\\/5731db37d886ffee3940c320a110a71e4189ad575d85c2c0fad5f740ad725fdb?s=96&d=mm&r=g\",\"contentUrl\":\"https:\\\/\\\/secure.gravatar.com\\\/avatar\\\/5731db37d886ffee3940c320a110a71e4189ad575d85c2c0fad5f740ad725fdb?s=96&d=mm&r=g\",\"caption\":\"Anja Strehlow\"}}]}<\/script>\n<!-- \/ Yoast SEO Premium plugin. -->","yoast_head_json":{"title":"Weiterer Nachhaltigkeits-Meilenstein f\u00fcr Amiblu - Amiblu","description":"Weiterer Meilenstein f\u00fcr Amiblu Nachhaltigkeit: Erstes CO2-neutrales GFK-Rohrwerk in Europa","robots":{"index":"index","follow":"follow","max-snippet":"max-snippet:-1","max-image-preview":"max-image-preview:large","max-video-preview":"max-video-preview:-1"},"canonical":"https:\/\/www.amiblu.com\/de\/amiblu-co2-neutral\/","og_locale":"de_DE","og_type":"article","og_title":"Weiterer Nachhaltigkeits-Meilenstein f\u00fcr Amiblu","og_description":"Weiterer Meilenstein f\u00fcr Amiblu Nachhaltigkeit: Erstes CO2-neutrales GFK-Rohrwerk in Europa","og_url":"https:\/\/www.amiblu.com\/de\/amiblu-co2-neutral\/","og_site_name":"Amiblu","article_publisher":"https:\/\/www.facebook.com\/amiblupipes","article_published_time":"2024-02-16T10:54:41+00:00","article_modified_time":"2024-02-16T10:58:17+00:00","og_image":[{"width":800,"height":500,"url":"https:\/\/www.amiblu.com\/wp-content\/uploads\/Amiblu-Spain-placas-solares.jpg","type":"image\/jpeg"}],"author":"Anja Strehlow","twitter_card":"summary_large_image","twitter_misc":{"Verfasst von":"Anja Strehlow","Gesch\u00e4tzte Lesezeit":"2\u00a0Minuten"},"schema":{"@context":"https:\/\/schema.org","@graph":[{"@type":"Article","@id":"https:\/\/www.amiblu.com\/de\/amiblu-co2-neutral\/#article","isPartOf":{"@id":"https:\/\/www.amiblu.com\/de\/amiblu-co2-neutral\/"},"author":{"name":"Anja Strehlow","@id":"https:\/\/www.amiblu.com\/de\/#\/schema\/person\/1f29275fc935f7fda92589ff9058503c"},"headline":"Weiterer Nachhaltigkeits-Meilenstein f\u00fcr Amiblu","datePublished":"2024-02-16T10:54:41+00:00","dateModified":"2024-02-16T10:58:17+00:00","mainEntityOfPage":{"@id":"https:\/\/www.amiblu.com\/de\/amiblu-co2-neutral\/"},"wordCount":857,"publisher":{"@id":"https:\/\/www.amiblu.com\/de\/#organization"},"image":{"@id":"https:\/\/www.amiblu.com\/de\/amiblu-co2-neutral\/#primaryimage"},"thumbnailUrl":"https:\/\/www.amiblu.com\/wp-content\/uploads\/Amiblu-Spain-placas-solares.jpg","keywords":["nachhaltigkeit"],"articleSection":["News"],"inLanguage":"de"},{"@type":"WebPage","@id":"https:\/\/www.amiblu.com\/de\/amiblu-co2-neutral\/","url":"https:\/\/www.amiblu.com\/de\/amiblu-co2-neutral\/","name":"Weiterer Nachhaltigkeits-Meilenstein f\u00fcr Amiblu - Amiblu","isPartOf":{"@id":"https:\/\/www.amiblu.com\/de\/#website"},"primaryImageOfPage":{"@id":"https:\/\/www.amiblu.com\/de\/amiblu-co2-neutral\/#primaryimage"},"image":{"@id":"https:\/\/www.amiblu.com\/de\/amiblu-co2-neutral\/#primaryimage"},"thumbnailUrl":"https:\/\/www.amiblu.com\/wp-content\/uploads\/Amiblu-Spain-placas-solares.jpg","datePublished":"2024-02-16T10:54:41+00:00","dateModified":"2024-02-16T10:58:17+00:00","description":"Weiterer Meilenstein f\u00fcr Amiblu Nachhaltigkeit: Erstes CO2-neutrales GFK-Rohrwerk in Europa","inLanguage":"de","potentialAction":[{"@type":"ReadAction","target":["https:\/\/www.amiblu.com\/de\/amiblu-co2-neutral\/"]}]},{"@type":"ImageObject","inLanguage":"de","@id":"https:\/\/www.amiblu.com\/de\/amiblu-co2-neutral\/#primaryimage","url":"https:\/\/www.amiblu.com\/wp-content\/uploads\/Amiblu-Spain-placas-solares.jpg","contentUrl":"https:\/\/www.amiblu.com\/wp-content\/uploads\/Amiblu-Spain-placas-solares.jpg","width":800,"height":500,"caption":"Amiblu Spain instala 2000 placas solares en su planta de producci\u00f3n de Camarles"},{"@type":"WebSite","@id":"https:\/\/www.amiblu.com\/de\/#website","url":"https:\/\/www.amiblu.com\/de\/","name":"Amiblu","description":"GFK-Rohrsysteme f\u00fcr Generationen","publisher":{"@id":"https:\/\/www.amiblu.com\/de\/#organization"},"potentialAction":[{"@type":"SearchAction","target":{"@type":"EntryPoint","urlTemplate":"https:\/\/www.amiblu.com\/de\/?s={search_term_string}"},"query-input":{"@type":"PropertyValueSpecification","valueRequired":true,"valueName":"search_term_string"}}],"inLanguage":"de"},{"@type":"Organization","@id":"https:\/\/www.amiblu.com\/de\/#organization","name":"Amiblu Group","url":"https:\/\/www.amiblu.com\/de\/","logo":{"@type":"ImageObject","inLanguage":"de","@id":"https:\/\/www.amiblu.com\/de\/#\/schema\/logo\/image\/","url":"https:\/\/www.amiblu.com\/wp-content\/uploads\/2021\/01\/Amiblu-logo-website-1.png","contentUrl":"https:\/\/www.amiblu.com\/wp-content\/uploads\/2021\/01\/Amiblu-logo-website-1.png","width":201,"height":38,"caption":"Amiblu Group"},"image":{"@id":"https:\/\/www.amiblu.com\/de\/#\/schema\/logo\/image\/"},"sameAs":["https:\/\/www.facebook.com\/amiblupipes","https:\/\/www.youtube.com\/c\/Amiblu","https:\/\/de.wikipedia.org\/wiki\/Amiblu","https:\/\/www.linkedin.com\/company\/amiblupipes\/"]},{"@type":"Person","@id":"https:\/\/www.amiblu.com\/de\/#\/schema\/person\/1f29275fc935f7fda92589ff9058503c","name":"Anja Strehlow","image":{"@type":"ImageObject","inLanguage":"de","@id":"https:\/\/secure.gravatar.com\/avatar\/5731db37d886ffee3940c320a110a71e4189ad575d85c2c0fad5f740ad725fdb?s=96&d=mm&r=g","url":"https:\/\/secure.gravatar.com\/avatar\/5731db37d886ffee3940c320a110a71e4189ad575d85c2c0fad5f740ad725fdb?s=96&d=mm&r=g","contentUrl":"https:\/\/secure.gravatar.com\/avatar\/5731db37d886ffee3940c320a110a71e4189ad575d85c2c0fad5f740ad725fdb?s=96&d=mm&r=g","caption":"Anja Strehlow"}}]}},"_links":{"self":[{"href":"https:\/\/www.amiblu.com\/de\/wp-json\/wp\/v2\/posts\/61475","targetHints":{"allow":["GET"]}}],"collection":[{"href":"https:\/\/www.amiblu.com\/de\/wp-json\/wp\/v2\/posts"}],"about":[{"href":"https:\/\/www.amiblu.com\/de\/wp-json\/wp\/v2\/types\/post"}],"author":[{"embeddable":true,"href":"https:\/\/www.amiblu.com\/de\/wp-json\/wp\/v2\/users\/13"}],"replies":[{"embeddable":true,"href":"https:\/\/www.amiblu.com\/de\/wp-json\/wp\/v2\/comments?post=61475"}],"version-history":[{"count":11,"href":"https:\/\/www.amiblu.com\/de\/wp-json\/wp\/v2\/posts\/61475\/revisions"}],"predecessor-version":[{"id":61566,"href":"https:\/\/www.amiblu.com\/de\/wp-json\/wp\/v2\/posts\/61475\/revisions\/61566"}],"wp:featuredmedia":[{"embeddable":true,"href":"https:\/\/www.amiblu.com\/de\/wp-json\/wp\/v2\/media\/60302"}],"wp:attachment":[{"href":"https:\/\/www.amiblu.com\/de\/wp-json\/wp\/v2\/media?parent=61475"}],"wp:term":[{"taxonomy":"category","embeddable":true,"href":"https:\/\/www.amiblu.com\/de\/wp-json\/wp\/v2\/categories?post=61475"},{"taxonomy":"post_tag","embeddable":true,"href":"https:\/\/www.amiblu.com\/de\/wp-json\/wp\/v2\/tags?post=61475"}],"curies":[{"name":"wp","href":"https:\/\/api.w.org\/{rel}","templated":true}]}}