{"id":61833,"date":"2024-03-14T09:11:14","date_gmt":"2024-03-14T08:11:14","guid":{"rendered":"https:\/\/www.amiblu.com\/?p=61833"},"modified":"2024-03-14T09:17:20","modified_gmt":"2024-03-14T08:17:20","slug":"notsanierung-a27","status":"publish","type":"post","link":"https:\/\/www.amiblu.com\/de\/notsanierung-a27\/","title":{"rendered":"Schnelle Hilfe f\u00fcr A27"},"content":{"rendered":"\n<style type=\"text\/css\" data-created_by=\"avia_inline_auto\" id=\"style-css-av-l28mofvc-67ebe6e885182187dc50d17709ef0a76\">\n.avia-image-container.av-l28mofvc-67ebe6e885182187dc50d17709ef0a76 img.avia_image{\nbox-shadow:none;\n}\n.avia-image-container.av-l28mofvc-67ebe6e885182187dc50d17709ef0a76 .av-image-caption-overlay-center{\ncolor:#ffffff;\n}\n<\/style>\n<div  class='avia-image-container av-l28mofvc-67ebe6e885182187dc50d17709ef0a76 av-styling- avia-align-left  avia-builder-el-0  el_before_av_hr  avia-builder-el-first '   itemprop=\"image\" itemscope=\"itemscope\" itemtype=\"https:\/\/schema.org\/ImageObject\" ><div class=\"avia-image-container-inner\"><div class=\"avia-image-overlay-wrap\"><img fetchpriority=\"high\" fetchpriority=\"high\" decoding=\"async\" fetchpriority=\"high\" class='wp-image-61834 avia-img-lazy-loading-not-61834 avia_image ' src=\"https:\/\/www.amiblu.com\/wp-content\/uploads\/A27-1.jpg\" alt='' title='A27-1'  height=\"500\" width=\"800\"  itemprop=\"thumbnailUrl\" srcset=\"https:\/\/www.amiblu.com\/wp-content\/uploads\/A27-1.jpg 800w, https:\/\/www.amiblu.com\/wp-content\/uploads\/A27-1-300x188.jpg 300w, https:\/\/www.amiblu.com\/wp-content\/uploads\/A27-1-768x480.jpg 768w, https:\/\/www.amiblu.com\/wp-content\/uploads\/A27-1-705x441.jpg 705w\" sizes=\"(max-width: 800px) 100vw, 800px\" \/><\/div><\/div><\/div>\n\n<style type=\"text\/css\" data-created_by=\"avia_inline_auto\" id=\"style-css-av-kw3b89sf-9f0e684917a05e382555d0c7bc8225bb\">\n#top .hr.hr-invisible.av-kw3b89sf-9f0e684917a05e382555d0c7bc8225bb{\nheight:50px;\n}\n<\/style>\n<div  class='hr av-kw3b89sf-9f0e684917a05e382555d0c7bc8225bb hr-invisible  avia-builder-el-1  el_after_av_image  el_before_av_heading '><span class='hr-inner '><span class=\"hr-inner-style\"><\/span><\/span><\/div>\n\n<style type=\"text\/css\" data-created_by=\"avia_inline_auto\" id=\"style-css-av-lsoj3hez-0a4e17cf6af01017e02ae0a11782bdef\">\n#top .av-special-heading.av-lsoj3hez-0a4e17cf6af01017e02ae0a11782bdef{\npadding-bottom:0;\n}\nbody .av-special-heading.av-lsoj3hez-0a4e17cf6af01017e02ae0a11782bdef .av-special-heading-tag .heading-char{\nfont-size:25px;\n}\n.av-special-heading.av-lsoj3hez-0a4e17cf6af01017e02ae0a11782bdef .av-subheading{\nfont-size:15px;\n}\n<\/style>\n<div  class='av-special-heading av-lsoj3hez-0a4e17cf6af01017e02ae0a11782bdef av-special-heading-h1  avia-builder-el-2  el_after_av_hr  el_before_av_textblock '><h1 class='av-special-heading-tag '  itemprop=\"headline\"  ><span class='special_amp'>&#8222;<\/span>Notsanierung<span class='special_amp'>&#8220;<\/span> der A27 zwischen Bremen und Bremerhaven<\/h1><div class=\"special-heading-border\"><div class=\"special-heading-inner-border\"><\/div><\/div><\/div>\n<section  class='av_textblock_section av-lswu7v9a-7db15a5002b17dbfe37a21c513707499 '   itemscope=\"itemscope\" itemtype=\"https:\/\/schema.org\/BlogPosting\" itemprop=\"blogPost\" ><div class='avia_textblock'  itemprop=\"text\" ><h3>Alles im Zeitplan &#8230;.<\/h3>\n<p>die &#8222;Notsanierung&#8220; der A27 zwischen Bremen und Bremerhaven durch\u00a0<a href=\"https:\/\/www.linkedin.com\/company\/die-autobahn\/\" data-attribute-index=\"0\" data-entity-type=\"MINI_COMPANY\">Die Autobahn GmbH des Bundes<\/a>\u00a0l\u00e4uft wie geplant &#8230;. mit kl. Verz\u00f6gerungen &#038; gro\u00dfem Engagement aller Beteiligten &#038; DN3000 GFK-Rohren von Amiblu<\/p>\n<\/div><\/section>\n<div  class='flex_column av-wipy8r-3b5e13ba77a89458eb4e0fa9a766cb45 av_one_full  avia-builder-el-4  el_after_av_textblock  el_before_av_hr  first flex_column_div  column-top-margin'     ><style type=\"text\/css\" data-created_by=\"avia_inline_auto\" id=\"style-css-av-lswun63s-1072519fc16cb38fd75254a9f4cc2a1f\">\n#top .avia-gallery.av-lswun63s-1072519fc16cb38fd75254a9f4cc2a1f .avia-gallery-thumb a{\nwidth:20%;\n}\n<\/style>\n<div  class='avia-gallery av-lswun63s-1072519fc16cb38fd75254a9f4cc2a1f avia_animate_when_visible  avia-builder-el-5  avia-builder-el-no-sibling  avia_lazyload avia-gallery-animate avia-gallery-1'  itemprop=\"image\" itemscope=\"itemscope\" itemtype=\"https:\/\/schema.org\/ImageObject\" ><meta itemprop=\"contentURL\" content=\"https:\/\/www.amiblu.com\/de\/notsanierung-a27\/\"><div class='avia-gallery-thumb'><a href=\"https:\/\/www.amiblu.com\/wp-content\/uploads\/A27-4.jpg\" data-srcset=\"https:\/\/www.amiblu.com\/wp-content\/uploads\/A27-4.jpg 800w, https:\/\/www.amiblu.com\/wp-content\/uploads\/A27-4-300x188.jpg 300w, https:\/\/www.amiblu.com\/wp-content\/uploads\/A27-4-768x480.jpg 768w, https:\/\/www.amiblu.com\/wp-content\/uploads\/A27-4-705x441.jpg 705w\" data-sizes=\"(max-width: 800px) 100vw, 800px\" data-rel='gallery-1' data-prev-img='https:\/\/www.amiblu.com\/wp-content\/uploads\/A27-4-495x400.jpg' class='first_thumb lightbox ' data-onclick='1' title='Langlebige GFK-Rohre f\u00fcr die schnelle &#8222;Notsanierung&#8220; der A27'  itemprop=\"thumbnailUrl\"  ><img fetchpriority=\"high\" decoding=\"async\" fetchpriority=\"high\" fetchpriority=\"high\" class=\"wp-image-61837 avia-img-lazy-loading-not-61837\"  data-avia-tooltip='Langlebige GFK-Rohre f\u00fcr die schnelle &#8222;Notsanierung&#8220; der A27' src=\"https:\/\/www.amiblu.com\/wp-content\/uploads\/A27-4-495x400.jpg\" width=\"495\" height=\"400\"  title='A27-4' alt='DN3000 GFK-Rohre f\u00fcr A27 Notsanierung' \/><div class='big-prev-fake'><img loading=\"lazy\" decoding=\"async\" loading=\"lazy\" loading=\"lazy\" class=\"wp-image-61837 avia-img-lazy-loading-61837\"  width=\"495\" height=\"400\" src=\"https:\/\/www.amiblu.com\/wp-content\/uploads\/A27-4-495x400.jpg\" title='A27-4' alt='DN3000 GFK-Rohre f\u00fcr A27 Notsanierung' \/><\/div><\/a><a href=\"https:\/\/www.amiblu.com\/wp-content\/uploads\/A27-2.jpg\" data-srcset=\"https:\/\/www.amiblu.com\/wp-content\/uploads\/A27-2.jpg 800w, https:\/\/www.amiblu.com\/wp-content\/uploads\/A27-2-300x188.jpg 300w, https:\/\/www.amiblu.com\/wp-content\/uploads\/A27-2-768x480.jpg 768w, https:\/\/www.amiblu.com\/wp-content\/uploads\/A27-2-705x441.jpg 705w\" data-sizes=\"(max-width: 800px) 100vw, 800px\" data-rel='gallery-1' data-prev-img='https:\/\/www.amiblu.com\/wp-content\/uploads\/A27-2-495x400.jpg' class='lightbox ' data-onclick='2' title='Transport &#038; Handling der DN3000mm GFK-Rohre'  itemprop=\"thumbnailUrl\"  ><img fetchpriority=\"high\" decoding=\"async\" fetchpriority=\"high\" fetchpriority=\"high\" class=\"wp-image-61835 avia-img-lazy-loading-not-61835\"  data-avia-tooltip='Transport &#038; Handling der DN3000mm GFK-Rohre' src=\"https:\/\/www.amiblu.com\/wp-content\/uploads\/A27-2-495x400.jpg\" width=\"495\" height=\"400\"  title='A27-2' alt='Handling GFK-Gro\u00dfrohr (3000mm Durchmesser)' \/><div class='big-prev-fake'><img loading=\"lazy\" decoding=\"async\" loading=\"lazy\" loading=\"lazy\" class=\"wp-image-61835 avia-img-lazy-loading-61835\"  width=\"495\" height=\"400\" src=\"https:\/\/www.amiblu.com\/wp-content\/uploads\/A27-2-495x400.jpg\" title='A27-2' alt='Handling GFK-Gro\u00dfrohr (3000mm Durchmesser)' \/><\/div><\/a><a href=\"https:\/\/www.amiblu.com\/wp-content\/uploads\/A27-3.jpg\" data-srcset=\"https:\/\/www.amiblu.com\/wp-content\/uploads\/A27-3.jpg 800w, https:\/\/www.amiblu.com\/wp-content\/uploads\/A27-3-300x188.jpg 300w, https:\/\/www.amiblu.com\/wp-content\/uploads\/A27-3-768x480.jpg 768w, https:\/\/www.amiblu.com\/wp-content\/uploads\/A27-3-705x441.jpg 705w\" data-sizes=\"(max-width: 800px) 100vw, 800px\" data-rel='gallery-1' data-prev-img='https:\/\/www.amiblu.com\/wp-content\/uploads\/A27-3-495x400.jpg' class='lightbox ' data-onclick='3' title='Unser regionaler GFK-Experte Andreas Meyer vor Ort im Einsatz.'  itemprop=\"thumbnailUrl\"  ><img fetchpriority=\"high\" decoding=\"async\" fetchpriority=\"high\" fetchpriority=\"high\" class=\"wp-image-61836 avia-img-lazy-loading-not-61836\"  data-avia-tooltip='Unser regionaler GFK-Experte Andreas Meyer vor Ort im Einsatz.' src=\"https:\/\/www.amiblu.com\/wp-content\/uploads\/A27-3-495x400.jpg\" width=\"495\" height=\"400\"  title='A27-3' alt='Andreas Meyer (Amiblu) in GFK-Rohr DN3000mm' \/><div class='big-prev-fake'><img loading=\"lazy\" decoding=\"async\" loading=\"lazy\" loading=\"lazy\" class=\"wp-image-61836 avia-img-lazy-loading-61836\"  width=\"495\" height=\"400\" src=\"https:\/\/www.amiblu.com\/wp-content\/uploads\/A27-3-495x400.jpg\" title='A27-3' alt='Andreas Meyer (Amiblu) in GFK-Rohr DN3000mm' \/><\/div><\/a><\/div><\/div><\/div>\n<style type=\"text\/css\" data-created_by=\"avia_inline_auto\" id=\"style-css-av-lswutg0z-ae1dc20329fc2c245f64a760b7d3fda4\">\n#top .hr.hr-invisible.av-lswutg0z-ae1dc20329fc2c245f64a760b7d3fda4{\nheight:25px;\n}\n<\/style>\n<div  class='hr av-lswutg0z-ae1dc20329fc2c245f64a760b7d3fda4 hr-invisible  avia-builder-el-6  el_after_av_one_full  el_before_av_textblock '><span class='hr-inner '><span class=\"hr-inner-style\"><\/span><\/span><\/div><\/p>\n<section  class='av_textblock_section av-lswujx2n-532cdd87bca45729868271e2d5517dbd '   itemscope=\"itemscope\" itemtype=\"https:\/\/schema.org\/BlogPosting\" itemprop=\"blogPost\" ><div class='avia_textblock'  itemprop=\"text\" ><p><strong>Das Projekt:<\/strong><br \/>\nDie A27 ist derzeit zwischen den Anschlussstellen Uthlede und Hagen voll gesperrt. Weil die Fahrbahn abzusacken drohte, saniert die Autobahn GmbH den maroden Grabendurchlass \u2013 im Mehrschichtbetrieb und an sechs Tagen die Woche.<\/p>\n<p><strong>Aktueller Stand:<\/strong><br \/>\nDie Autobahn GmbH des Bundes\u00a0informiert mit aktuellen Bilder auf ihrer Webseite &#8211; reinschauen &amp; staunen &amp; (fast) live dabei sein.<\/p>\n<p><a href=\"https:\/\/www.autobahn.de\/die-autobahn\/projekte\/detail\/sanierung-a27-zwischen-bremen-und-bremerhaven#bilder\" target=\"_blank\" rel=\"noopener\">https:\/\/www.autobahn.de\/die-autobahn\/projekte\/detail\/sanierung-a27-zwischen-bremen-und-bremerhaven#bilder<\/a><\/p>\n<p><strong>Video:<\/strong><\/p>\n<p>Radio Bremen war vor Ort &#8211; hier der Link zum Video <a href=\"https:\/\/www.butenunbinnen.de\/videos\/autobahn-baustelle-rohr-sanierung-100.html\" target=\"_blank\" rel=\"noopener\">https:\/\/www.butenunbinnen.de\/videos\/autobahn-baustelle-rohr-sanierung-100.html<\/a><\/p>\n<\/div><\/section>\n","protected":false},"excerpt":{"rendered":"<p>Wenn wichtige Verkehrswege in Gefahr sind, ist eine fachgerechte Instandsetzung umso wichtiger &#8230;.. z.B. bei der Sanierung der A27 zwischen Bremen und Bremerhaven.<\/p>\n","protected":false},"author":13,"featured_media":61834,"comment_status":"closed","ping_status":"closed","sticky":false,"template":"","format":"standard","meta":{"_acf_changed":false,"footnotes":""},"categories":[162],"tags":[169,279,280],"class_list":["post-61833","post","type-post","status-publish","format-standard","has-post-thumbnail","hentry","category-news-2","tag-sanierung","tag-autobahn","tag-verkehr"],"acf":[],"yoast_head":"<!-- This site is optimized with the Yoast SEO Premium plugin v27.4 (Yoast SEO v27.4) - https:\/\/yoast.com\/product\/yoast-seo-premium-wordpress\/ -->\n<title>Schnelle Hilfe f\u00fcr A27<\/title>\n<meta name=\"description\" content=\"Wenn wichtige Verkehrswege in Gefahr sind, ist eine fachgerechte Instandsetzung umso wichtiger ..... z.B. bei der Sanierung der A27 zwischen Bremen und Bremerhaven.\" \/>\n<meta name=\"robots\" content=\"index, follow, max-snippet:-1, max-image-preview:large, max-video-preview:-1\" \/>\n<link rel=\"canonical\" href=\"https:\/\/www.amiblu.com\/de\/notsanierung-a27\/\" \/>\n<meta property=\"og:locale\" content=\"de_DE\" \/>\n<meta property=\"og:type\" content=\"article\" \/>\n<meta property=\"og:title\" content=\"Schnelle Hilfe f\u00fcr A27\" \/>\n<meta property=\"og:description\" content=\"Wenn wichtige Verkehrswege in Gefahr sind, ist eine fachgerechte Instandsetzung umso wichtiger ..... z.B. bei der Sanierung der A27 zwischen Bremen und Bremerhaven.\" \/>\n<meta property=\"og:url\" content=\"https:\/\/www.amiblu.com\/de\/notsanierung-a27\/\" \/>\n<meta property=\"og:site_name\" content=\"Amiblu\" \/>\n<meta property=\"article:publisher\" content=\"https:\/\/www.facebook.com\/amiblupipes\" \/>\n<meta property=\"article:published_time\" content=\"2024-03-14T08:11:14+00:00\" \/>\n<meta property=\"article:modified_time\" content=\"2024-03-14T08:17:20+00:00\" \/>\n<meta property=\"og:image\" content=\"https:\/\/www.amiblu.com\/wp-content\/uploads\/A27-1.jpg\" \/>\n\t<meta property=\"og:image:width\" content=\"800\" \/>\n\t<meta property=\"og:image:height\" content=\"500\" \/>\n\t<meta property=\"og:image:type\" content=\"image\/jpeg\" \/>\n<meta name=\"author\" content=\"Anja Strehlow\" \/>\n<meta name=\"twitter:card\" content=\"summary_large_image\" \/>\n<meta name=\"twitter:label1\" content=\"Verfasst von\" \/>\n\t<meta name=\"twitter:data1\" content=\"Anja Strehlow\" \/>\n\t<meta name=\"twitter:label2\" content=\"Gesch\u00e4tzte Lesezeit\" \/>\n\t<meta name=\"twitter:data2\" content=\"2\u00a0Minuten\" \/>\n<script type=\"application\/ld+json\" class=\"yoast-schema-graph\">{\"@context\":\"https:\\\/\\\/schema.org\",\"@graph\":[{\"@type\":\"Article\",\"@id\":\"https:\\\/\\\/www.amiblu.com\\\/de\\\/notsanierung-a27\\\/#article\",\"isPartOf\":{\"@id\":\"https:\\\/\\\/www.amiblu.com\\\/de\\\/notsanierung-a27\\\/\"},\"author\":{\"name\":\"Anja Strehlow\",\"@id\":\"https:\\\/\\\/www.amiblu.com\\\/de\\\/#\\\/schema\\\/person\\\/1f29275fc935f7fda92589ff9058503c\"},\"headline\":\"Schnelle Hilfe f\u00fcr A27\",\"datePublished\":\"2024-03-14T08:11:14+00:00\",\"dateModified\":\"2024-03-14T08:17:20+00:00\",\"mainEntityOfPage\":{\"@id\":\"https:\\\/\\\/www.amiblu.com\\\/de\\\/notsanierung-a27\\\/\"},\"wordCount\":1175,\"publisher\":{\"@id\":\"https:\\\/\\\/www.amiblu.com\\\/de\\\/#organization\"},\"image\":{\"@id\":\"https:\\\/\\\/www.amiblu.com\\\/de\\\/notsanierung-a27\\\/#primaryimage\"},\"thumbnailUrl\":\"https:\\\/\\\/www.amiblu.com\\\/wp-content\\\/uploads\\\/A27-1.jpg\",\"keywords\":[\"Sanierung\",\"autobahn\",\"verkehr\"],\"articleSection\":[\"News\"],\"inLanguage\":\"de\"},{\"@type\":\"WebPage\",\"@id\":\"https:\\\/\\\/www.amiblu.com\\\/de\\\/notsanierung-a27\\\/\",\"url\":\"https:\\\/\\\/www.amiblu.com\\\/de\\\/notsanierung-a27\\\/\",\"name\":\"Schnelle Hilfe f\u00fcr A27\",\"isPartOf\":{\"@id\":\"https:\\\/\\\/www.amiblu.com\\\/de\\\/#website\"},\"primaryImageOfPage\":{\"@id\":\"https:\\\/\\\/www.amiblu.com\\\/de\\\/notsanierung-a27\\\/#primaryimage\"},\"image\":{\"@id\":\"https:\\\/\\\/www.amiblu.com\\\/de\\\/notsanierung-a27\\\/#primaryimage\"},\"thumbnailUrl\":\"https:\\\/\\\/www.amiblu.com\\\/wp-content\\\/uploads\\\/A27-1.jpg\",\"datePublished\":\"2024-03-14T08:11:14+00:00\",\"dateModified\":\"2024-03-14T08:17:20+00:00\",\"description\":\"Wenn wichtige Verkehrswege in Gefahr sind, ist eine fachgerechte Instandsetzung umso wichtiger ..... z.B. bei der Sanierung der A27 zwischen Bremen und Bremerhaven.\",\"inLanguage\":\"de\",\"potentialAction\":[{\"@type\":\"ReadAction\",\"target\":[\"https:\\\/\\\/www.amiblu.com\\\/de\\\/notsanierung-a27\\\/\"]}]},{\"@type\":\"ImageObject\",\"inLanguage\":\"de\",\"@id\":\"https:\\\/\\\/www.amiblu.com\\\/de\\\/notsanierung-a27\\\/#primaryimage\",\"url\":\"https:\\\/\\\/www.amiblu.com\\\/wp-content\\\/uploads\\\/A27-1.jpg\",\"contentUrl\":\"https:\\\/\\\/www.amiblu.com\\\/wp-content\\\/uploads\\\/A27-1.jpg\",\"width\":800,\"height\":500},{\"@type\":\"WebSite\",\"@id\":\"https:\\\/\\\/www.amiblu.com\\\/de\\\/#website\",\"url\":\"https:\\\/\\\/www.amiblu.com\\\/de\\\/\",\"name\":\"Amiblu\",\"description\":\"GFK-Rohrsysteme f\u00fcr Generationen\",\"publisher\":{\"@id\":\"https:\\\/\\\/www.amiblu.com\\\/de\\\/#organization\"},\"potentialAction\":[{\"@type\":\"SearchAction\",\"target\":{\"@type\":\"EntryPoint\",\"urlTemplate\":\"https:\\\/\\\/www.amiblu.com\\\/de\\\/?s={search_term_string}\"},\"query-input\":{\"@type\":\"PropertyValueSpecification\",\"valueRequired\":true,\"valueName\":\"search_term_string\"}}],\"inLanguage\":\"de\"},{\"@type\":\"Organization\",\"@id\":\"https:\\\/\\\/www.amiblu.com\\\/de\\\/#organization\",\"name\":\"Amiblu Group\",\"url\":\"https:\\\/\\\/www.amiblu.com\\\/de\\\/\",\"logo\":{\"@type\":\"ImageObject\",\"inLanguage\":\"de\",\"@id\":\"https:\\\/\\\/www.amiblu.com\\\/de\\\/#\\\/schema\\\/logo\\\/image\\\/\",\"url\":\"https:\\\/\\\/www.amiblu.com\\\/wp-content\\\/uploads\\\/2021\\\/01\\\/Amiblu-logo-website-1.png\",\"contentUrl\":\"https:\\\/\\\/www.amiblu.com\\\/wp-content\\\/uploads\\\/2021\\\/01\\\/Amiblu-logo-website-1.png\",\"width\":201,\"height\":38,\"caption\":\"Amiblu Group\"},\"image\":{\"@id\":\"https:\\\/\\\/www.amiblu.com\\\/de\\\/#\\\/schema\\\/logo\\\/image\\\/\"},\"sameAs\":[\"https:\\\/\\\/www.facebook.com\\\/amiblupipes\",\"https:\\\/\\\/www.youtube.com\\\/c\\\/Amiblu\",\"https:\\\/\\\/de.wikipedia.org\\\/wiki\\\/Amiblu\",\"https:\\\/\\\/www.linkedin.com\\\/company\\\/amiblupipes\\\/\"]},{\"@type\":\"Person\",\"@id\":\"https:\\\/\\\/www.amiblu.com\\\/de\\\/#\\\/schema\\\/person\\\/1f29275fc935f7fda92589ff9058503c\",\"name\":\"Anja Strehlow\",\"image\":{\"@type\":\"ImageObject\",\"inLanguage\":\"de\",\"@id\":\"https:\\\/\\\/secure.gravatar.com\\\/avatar\\\/5731db37d886ffee3940c320a110a71e4189ad575d85c2c0fad5f740ad725fdb?s=96&d=mm&r=g\",\"url\":\"https:\\\/\\\/secure.gravatar.com\\\/avatar\\\/5731db37d886ffee3940c320a110a71e4189ad575d85c2c0fad5f740ad725fdb?s=96&d=mm&r=g\",\"contentUrl\":\"https:\\\/\\\/secure.gravatar.com\\\/avatar\\\/5731db37d886ffee3940c320a110a71e4189ad575d85c2c0fad5f740ad725fdb?s=96&d=mm&r=g\",\"caption\":\"Anja Strehlow\"}}]}<\/script>\n<!-- \/ Yoast SEO Premium plugin. -->","yoast_head_json":{"title":"Schnelle Hilfe f\u00fcr A27","description":"Wenn wichtige Verkehrswege in Gefahr sind, ist eine fachgerechte Instandsetzung umso wichtiger ..... z.B. bei der Sanierung der A27 zwischen Bremen und Bremerhaven.","robots":{"index":"index","follow":"follow","max-snippet":"max-snippet:-1","max-image-preview":"max-image-preview:large","max-video-preview":"max-video-preview:-1"},"canonical":"https:\/\/www.amiblu.com\/de\/notsanierung-a27\/","og_locale":"de_DE","og_type":"article","og_title":"Schnelle Hilfe f\u00fcr A27","og_description":"Wenn wichtige Verkehrswege in Gefahr sind, ist eine fachgerechte Instandsetzung umso wichtiger ..... z.B. bei der Sanierung der A27 zwischen Bremen und Bremerhaven.","og_url":"https:\/\/www.amiblu.com\/de\/notsanierung-a27\/","og_site_name":"Amiblu","article_publisher":"https:\/\/www.facebook.com\/amiblupipes","article_published_time":"2024-03-14T08:11:14+00:00","article_modified_time":"2024-03-14T08:17:20+00:00","og_image":[{"width":800,"height":500,"url":"https:\/\/www.amiblu.com\/wp-content\/uploads\/A27-1.jpg","type":"image\/jpeg"}],"author":"Anja Strehlow","twitter_card":"summary_large_image","twitter_misc":{"Verfasst von":"Anja Strehlow","Gesch\u00e4tzte Lesezeit":"2\u00a0Minuten"},"schema":{"@context":"https:\/\/schema.org","@graph":[{"@type":"Article","@id":"https:\/\/www.amiblu.com\/de\/notsanierung-a27\/#article","isPartOf":{"@id":"https:\/\/www.amiblu.com\/de\/notsanierung-a27\/"},"author":{"name":"Anja Strehlow","@id":"https:\/\/www.amiblu.com\/de\/#\/schema\/person\/1f29275fc935f7fda92589ff9058503c"},"headline":"Schnelle Hilfe f\u00fcr A27","datePublished":"2024-03-14T08:11:14+00:00","dateModified":"2024-03-14T08:17:20+00:00","mainEntityOfPage":{"@id":"https:\/\/www.amiblu.com\/de\/notsanierung-a27\/"},"wordCount":1175,"publisher":{"@id":"https:\/\/www.amiblu.com\/de\/#organization"},"image":{"@id":"https:\/\/www.amiblu.com\/de\/notsanierung-a27\/#primaryimage"},"thumbnailUrl":"https:\/\/www.amiblu.com\/wp-content\/uploads\/A27-1.jpg","keywords":["Sanierung","autobahn","verkehr"],"articleSection":["News"],"inLanguage":"de"},{"@type":"WebPage","@id":"https:\/\/www.amiblu.com\/de\/notsanierung-a27\/","url":"https:\/\/www.amiblu.com\/de\/notsanierung-a27\/","name":"Schnelle Hilfe f\u00fcr A27","isPartOf":{"@id":"https:\/\/www.amiblu.com\/de\/#website"},"primaryImageOfPage":{"@id":"https:\/\/www.amiblu.com\/de\/notsanierung-a27\/#primaryimage"},"image":{"@id":"https:\/\/www.amiblu.com\/de\/notsanierung-a27\/#primaryimage"},"thumbnailUrl":"https:\/\/www.amiblu.com\/wp-content\/uploads\/A27-1.jpg","datePublished":"2024-03-14T08:11:14+00:00","dateModified":"2024-03-14T08:17:20+00:00","description":"Wenn wichtige Verkehrswege in Gefahr sind, ist eine fachgerechte Instandsetzung umso wichtiger ..... z.B. bei der Sanierung der A27 zwischen Bremen und Bremerhaven.","inLanguage":"de","potentialAction":[{"@type":"ReadAction","target":["https:\/\/www.amiblu.com\/de\/notsanierung-a27\/"]}]},{"@type":"ImageObject","inLanguage":"de","@id":"https:\/\/www.amiblu.com\/de\/notsanierung-a27\/#primaryimage","url":"https:\/\/www.amiblu.com\/wp-content\/uploads\/A27-1.jpg","contentUrl":"https:\/\/www.amiblu.com\/wp-content\/uploads\/A27-1.jpg","width":800,"height":500},{"@type":"WebSite","@id":"https:\/\/www.amiblu.com\/de\/#website","url":"https:\/\/www.amiblu.com\/de\/","name":"Amiblu","description":"GFK-Rohrsysteme f\u00fcr Generationen","publisher":{"@id":"https:\/\/www.amiblu.com\/de\/#organization"},"potentialAction":[{"@type":"SearchAction","target":{"@type":"EntryPoint","urlTemplate":"https:\/\/www.amiblu.com\/de\/?s={search_term_string}"},"query-input":{"@type":"PropertyValueSpecification","valueRequired":true,"valueName":"search_term_string"}}],"inLanguage":"de"},{"@type":"Organization","@id":"https:\/\/www.amiblu.com\/de\/#organization","name":"Amiblu Group","url":"https:\/\/www.amiblu.com\/de\/","logo":{"@type":"ImageObject","inLanguage":"de","@id":"https:\/\/www.amiblu.com\/de\/#\/schema\/logo\/image\/","url":"https:\/\/www.amiblu.com\/wp-content\/uploads\/2021\/01\/Amiblu-logo-website-1.png","contentUrl":"https:\/\/www.amiblu.com\/wp-content\/uploads\/2021\/01\/Amiblu-logo-website-1.png","width":201,"height":38,"caption":"Amiblu Group"},"image":{"@id":"https:\/\/www.amiblu.com\/de\/#\/schema\/logo\/image\/"},"sameAs":["https:\/\/www.facebook.com\/amiblupipes","https:\/\/www.youtube.com\/c\/Amiblu","https:\/\/de.wikipedia.org\/wiki\/Amiblu","https:\/\/www.linkedin.com\/company\/amiblupipes\/"]},{"@type":"Person","@id":"https:\/\/www.amiblu.com\/de\/#\/schema\/person\/1f29275fc935f7fda92589ff9058503c","name":"Anja Strehlow","image":{"@type":"ImageObject","inLanguage":"de","@id":"https:\/\/secure.gravatar.com\/avatar\/5731db37d886ffee3940c320a110a71e4189ad575d85c2c0fad5f740ad725fdb?s=96&d=mm&r=g","url":"https:\/\/secure.gravatar.com\/avatar\/5731db37d886ffee3940c320a110a71e4189ad575d85c2c0fad5f740ad725fdb?s=96&d=mm&r=g","contentUrl":"https:\/\/secure.gravatar.com\/avatar\/5731db37d886ffee3940c320a110a71e4189ad575d85c2c0fad5f740ad725fdb?s=96&d=mm&r=g","caption":"Anja Strehlow"}}]}},"_links":{"self":[{"href":"https:\/\/www.amiblu.com\/de\/wp-json\/wp\/v2\/posts\/61833","targetHints":{"allow":["GET"]}}],"collection":[{"href":"https:\/\/www.amiblu.com\/de\/wp-json\/wp\/v2\/posts"}],"about":[{"href":"https:\/\/www.amiblu.com\/de\/wp-json\/wp\/v2\/types\/post"}],"author":[{"embeddable":true,"href":"https:\/\/www.amiblu.com\/de\/wp-json\/wp\/v2\/users\/13"}],"replies":[{"embeddable":true,"href":"https:\/\/www.amiblu.com\/de\/wp-json\/wp\/v2\/comments?post=61833"}],"version-history":[{"count":30,"href":"https:\/\/www.amiblu.com\/de\/wp-json\/wp\/v2\/posts\/61833\/revisions"}],"predecessor-version":[{"id":61867,"href":"https:\/\/www.amiblu.com\/de\/wp-json\/wp\/v2\/posts\/61833\/revisions\/61867"}],"wp:featuredmedia":[{"embeddable":true,"href":"https:\/\/www.amiblu.com\/de\/wp-json\/wp\/v2\/media\/61834"}],"wp:attachment":[{"href":"https:\/\/www.amiblu.com\/de\/wp-json\/wp\/v2\/media?parent=61833"}],"wp:term":[{"taxonomy":"category","embeddable":true,"href":"https:\/\/www.amiblu.com\/de\/wp-json\/wp\/v2\/categories?post=61833"},{"taxonomy":"post_tag","embeddable":true,"href":"https:\/\/www.amiblu.com\/de\/wp-json\/wp\/v2\/tags?post=61833"}],"curies":[{"name":"wp","href":"https:\/\/api.w.org\/{rel}","templated":true}]}}