{"id":65141,"date":"2024-08-23T10:46:47","date_gmt":"2024-08-23T08:46:47","guid":{"rendered":"https:\/\/www.amiblu.com\/?p=65141"},"modified":"2024-08-23T10:46:51","modified_gmt":"2024-08-23T08:46:51","slug":"interview-christine-walter","status":"publish","type":"post","link":"https:\/\/www.amiblu.com\/de\/interview-christine-walter\/","title":{"rendered":"#wirsindamiblu &#8211; Interview mit Christine Walter"},"content":{"rendered":"<\/p>\n\n<style type=\"text\/css\" data-created_by=\"avia_inline_auto\" id=\"style-css-av-l28mofvc-a89cf5a29a5db3154c95ce00ef0958a6\">\n.avia-image-container.av-l28mofvc-a89cf5a29a5db3154c95ce00ef0958a6 img.avia_image{\nbox-shadow:none;\n}\n.avia-image-container.av-l28mofvc-a89cf5a29a5db3154c95ce00ef0958a6 .av-image-caption-overlay-center{\ncolor:#ffffff;\n}\n<\/style>\n<div  class='avia-image-container av-l28mofvc-a89cf5a29a5db3154c95ce00ef0958a6 av-styling- avia-align-left  avia-builder-el-0  el_before_av_hr  avia-builder-el-first '   itemprop=\"image\" itemscope=\"itemscope\" itemtype=\"https:\/\/schema.org\/ImageObject\" ><div class=\"avia-image-container-inner\"><div class=\"avia-image-overlay-wrap\"><img fetchpriority=\"high\" fetchpriority=\"high\" decoding=\"async\" fetchpriority=\"high\" class='wp-image-65142 avia-img-lazy-loading-not-65142 avia_image ' src=\"https:\/\/www.amiblu.com\/wp-content\/uploads\/wirsindamiblu-GTC.jpg\" alt='#wirsindamiblu Christine Walter' title='wirsindamiblu-GTC'  height=\"550\" width=\"800\"  itemprop=\"thumbnailUrl\" srcset=\"https:\/\/www.amiblu.com\/wp-content\/uploads\/wirsindamiblu-GTC.jpg 800w, https:\/\/www.amiblu.com\/wp-content\/uploads\/wirsindamiblu-GTC-300x206.jpg 300w, https:\/\/www.amiblu.com\/wp-content\/uploads\/wirsindamiblu-GTC-768x528.jpg 768w, https:\/\/www.amiblu.com\/wp-content\/uploads\/wirsindamiblu-GTC-705x485.jpg 705w\" sizes=\"(max-width: 800px) 100vw, 800px\" \/><\/div><\/div><\/div>\n\n<style type=\"text\/css\" data-created_by=\"avia_inline_auto\" id=\"style-css-av-kw3b89sf-9f0e684917a05e382555d0c7bc8225bb\">\n#top .hr.hr-invisible.av-kw3b89sf-9f0e684917a05e382555d0c7bc8225bb{\nheight:50px;\n}\n<\/style>\n<div  class='hr av-kw3b89sf-9f0e684917a05e382555d0c7bc8225bb hr-invisible  avia-builder-el-1  el_after_av_image  el_before_av_heading '><span class='hr-inner '><span class=\"hr-inner-style\"><\/span><\/span><\/div>\n\n<style type=\"text\/css\" data-created_by=\"avia_inline_auto\" id=\"style-css-av-l9dyerzp-f11bd8e5c8b6248171a7c003df99e086\">\n#top .av-special-heading.av-l9dyerzp-f11bd8e5c8b6248171a7c003df99e086{\npadding-bottom:10px;\n}\nbody .av-special-heading.av-l9dyerzp-f11bd8e5c8b6248171a7c003df99e086 .av-special-heading-tag .heading-char{\nfont-size:25px;\n}\n.av-special-heading.av-l9dyerzp-f11bd8e5c8b6248171a7c003df99e086 .av-subheading{\nfont-size:15px;\n}\n<\/style>\n<div  class='av-special-heading av-l9dyerzp-f11bd8e5c8b6248171a7c003df99e086 av-special-heading-h1  avia-builder-el-2  el_after_av_hr  el_before_av_hr '><h1 class='av-special-heading-tag '  itemprop=\"headline\"  ><span class='special_amp'>&#8222;<\/span>Amiblu ist das Unternehmen, mit dem ich mich weiterentwickeln konnte.<span class='special_amp'>\u201c<\/span><\/h1><div class=\"special-heading-border\"><div class=\"special-heading-inner-border\"><\/div><\/div><\/div>\n\n<style type=\"text\/css\" data-created_by=\"avia_inline_auto\" id=\"style-css-av-llkxewca-56115a7d86d86287937fb27fc0be9cad\">\n#top .hr.hr-invisible.av-llkxewca-56115a7d86d86287937fb27fc0be9cad{\nheight:40px;\n}\n<\/style>\n<div  class='hr av-llkxewca-56115a7d86d86287937fb27fc0be9cad hr-invisible  avia-builder-el-3  el_after_av_heading  el_before_av_heading '><span class='hr-inner '><span class=\"hr-inner-style\"><\/span><\/span><\/div>\n\n<style type=\"text\/css\" data-created_by=\"avia_inline_auto\" id=\"style-css-av-lfgvq6nf-7b71328d3666e603758ec3b55e58f5f0\">\n#top .av-special-heading.av-lfgvq6nf-7b71328d3666e603758ec3b55e58f5f0{\npadding-bottom:10px;\n}\nbody .av-special-heading.av-lfgvq6nf-7b71328d3666e603758ec3b55e58f5f0 .av-special-heading-tag .heading-char{\nfont-size:25px;\n}\n.av-special-heading.av-lfgvq6nf-7b71328d3666e603758ec3b55e58f5f0 .av-subheading{\nfont-size:15px;\n}\n<\/style>\n<div  class='av-special-heading av-lfgvq6nf-7b71328d3666e603758ec3b55e58f5f0 av-special-heading-h2 blockquote modern-quote  avia-builder-el-4  el_after_av_hr  el_before_av_heading '><h2 class='av-special-heading-tag '  itemprop=\"headline\"  >Interview mit Christine Walter<\/h2><div class=\"special-heading-border\"><div class=\"special-heading-inner-border\"><\/div><\/div><\/div>\n\n<style type=\"text\/css\" data-created_by=\"avia_inline_auto\" id=\"style-css-av-lfgwefmr-507ce91ab9fe9237385c3b4811f25072\">\n#top .av-special-heading.av-lfgwefmr-507ce91ab9fe9237385c3b4811f25072{\npadding-bottom:10px;\n}\nbody .av-special-heading.av-lfgwefmr-507ce91ab9fe9237385c3b4811f25072 .av-special-heading-tag .heading-char{\nfont-size:25px;\n}\n.av-special-heading.av-lfgwefmr-507ce91ab9fe9237385c3b4811f25072 .av-subheading{\nfont-size:15px;\n}\n<\/style>\n<div  class='av-special-heading av-lfgwefmr-507ce91ab9fe9237385c3b4811f25072 av-special-heading-h3 blockquote modern-quote  avia-builder-el-5  el_after_av_heading  el_before_av_textblock '><h3 class='av-special-heading-tag '  itemprop=\"headline\"  >Leiterin der Buchhaltung bei Amiblu Deutschland. #wirsindamiblu<\/h3><div class=\"special-heading-border\"><div class=\"special-heading-inner-border\"><\/div><\/div><\/div>\n\n<style type=\"text\/css\" data-created_by=\"avia_inline_auto\" id=\"style-css-av-llkx8fxi-15184d88f719f8ae4fc8c8df3ba409fe\">\n#top .av_textblock_section.av-llkx8fxi-15184d88f719f8ae4fc8c8df3ba409fe .avia_textblock{\nfont-size:18px;\n}\n<\/style>\n<section  class='av_textblock_section av-llkx8fxi-15184d88f719f8ae4fc8c8df3ba409fe '   itemscope=\"itemscope\" itemtype=\"https:\/\/schema.org\/BlogPosting\" itemprop=\"blogPost\" ><div class='avia_textblock'  itemprop=\"text\" ><p>Christine Walter ist seit 1992 in unserem Unternehmen t\u00e4tig und begleitet den Standort in Trollenhagen schon seit der Zeit vor der eigentlichen Grundsteinlegung als Mitarbeiterin und sp\u00e4tere Leiterin der Finanzbuchhaltung.<\/p>\n<p><strong>Wie lange bist du bei Amiblu und worin besteht dein Aufgabenbereich?<\/strong><\/p>\n<p>Nach meiner Ausbildung zur Industriekauffrau und dem anschlie\u00dfenden Studium zur Dipl.-Ing. (FH) \u00d6konom habe ich 1992 bei der Firma Hobas in der Niederlassung Neubrandenburg als Buchhalterin angefangen. Mit einem kleinen Vertriebsteam wurden damals GFK-Rohre von den Hobas Werken in \u00d6sterreich und der Schweiz eingekauft und von Oberhausen aus in Deutschland vertrieben. Bereits zu dieser Zeit wurde der Bau eines GFK-Rohrwerkes in Deutschland geplant und 1993 erfolgte dann die Grundsteinlegung in Trollenhagen bei Neubrandenburg.<\/p>\n<p>Und so wie sich das Werk in der Folgezeit immer weiterentwickelt hat, haben sich auch meine Aufgaben ver\u00e4ndert. 2001 habe ich die Bilanzbuchhalterpr\u00fcfung in Eigenregie gemacht und war dann Leiterin der Buchhaltung mit zwei weiteren Kolleginnen, heute sind es f\u00fcnf. Nach der Fusion in 2018 kam f\u00fcr uns das 2. Werk in D\u00f6beln dazu und mittlerweile betreuen wir nicht nur die Buchhaltung f\u00fcr Deutschland, sondern auch f\u00fcr die Schweiz und die Niederlande.<\/p>\n<p><strong>Was gef\u00e4llt dir an deiner Arbeit bei Amiblu am besten und wie sieht ein typischer Arbeitstag aus?<\/strong><\/p>\n<p>Also am besten gef\u00e4llt mir inzwischen die Zusammenarbeit mit den internationalen Konzerngesellschaften und nat\u00fcrlich auch das Miteinander im gesamten Team. Deswegen startet jeder Tag auch erst einmal mit einer Begr\u00fc\u00dfung, bevor es an die Mails und andere Aufgaben geht.<\/p>\n<p>Typischerweise k\u00fcmmere ich mich um viele termingebundene Projekte wie Betriebspr\u00fcfungen, Monatsabschl\u00fcsse und Zuarbeiten f\u00fcr unser Steuerb\u00fcro. Der Ausgleich zu diesen eher stringenten Aufgaben ist f\u00fcr mich das Miteinander und der herzliche Umgang im Team. Deshalb w\u00e4re ein Umzug ins Homeoffice nie etwas f\u00fcr mich. Ich brauche den Austausch im B\u00fcro und mit unserer guten technischen Ausstattung ist es im B\u00fcro auch oft einfacher und macht vor allem Spa\u00df.<\/p>\n<p><strong>Was ist bis heute der sch\u00f6nste Moment, an den du dich mit deinen Kollegen erinnerst? Worauf bist Du besonders stolz?<\/strong><\/p>\n<p>Der sch\u00f6nste Moment, an den ich mich noch richtig gut erinnere, war, als wir zum ersten Mal die 5-Millionen-Umsatzgrenze \u00fcberschritten haben, das muss so um 1995 gewesen sein. Wir haben damals f\u00fcr alle Pizza bestellt, sa\u00dfen zusammen auf der Treppe und haben diesen Meilenstein gemeinsam gefeiert. Das war einfach ein sch\u00f6nes Erfolgserlebnis, das auch unsere Arbeit und den Einsatz der ganzen Mannschaft belohnt hat.<\/p>\n<p>Ich bin stolz auf die Entwicklung, die der Standort und ich seit der Grundsteinlegung genommen haben. Auch wenn es manchmal kleine R\u00fcckschl\u00e4ge gab, war es insgesamt eine positive Entwicklung, die mir letztendlich auch viele M\u00f6glichkeiten zur pers\u00f6nlichen Weiterentwicklung gegeben hat. Wie hei\u00dft es so sch\u00f6n: \u201eMan w\u00e4chst mit seinen Aufgaben\u201c und das kann ich f\u00fcr mich nur best\u00e4tigen. Mit den wachsenden Aufgaben wuchsen auch das Selbstvertrauen und die fachliche Kompetenz, die ich mir im Laufe der Jahre erarbeitet habe. Nach gut 30 Jahren bin ich stolz auf das Erreichte. Und den R\u00fcckmeldungen meiner Kolleginnen und Kollegen nach zu urteilen, kann ich als Vorgesetzte auch gar nicht so schlecht sein. \ud83d\ude09 Das liegt mir auch am Herzen, dass mein Team sich wohl f\u00fchlt, sie zu mir kommen k\u00f6nnen und wir versuchen eine L\u00f6sung zu finden. Nur so funktioniert ein gutes Team.<\/p>\n<p><strong>Amiblu ist ein Unternehmen, dass &#8230;<\/strong><\/p>\n<p>\u2026. den Menschen Chancen gibt.<\/p>\n<p><strong>Wie siehst du deine Zukunft bei Amiblu?<\/strong><\/p>\n<p>Da ich von Anfang an dabei war, f\u00fchle ich mich nat\u00fcrlich auch etwas verantwortlich was mit dem Werk und den Menschen am Standort in Zukunft passiert. In diesem Sinne m\u00f6chte ich vor allem mein Wissen an die J\u00fcngeren weitergeben und dann in einigen Jahren mit gutem Gewissen und einem L\u00e4cheln in Rente gehen. \ud83d\ude0a<\/p>\n<\/div><\/section>\n","protected":false},"excerpt":{"rendered":"<p>Christine Walter ist seit 1992 in unserem Unternehmen t\u00e4tig und begleitet den Standort in Trollenhagen schon seit Grundsteinlegung als Mitarbeiterin und sp\u00e4tere Leiterin der Finanzbuchhaltung.<\/p>\n","protected":false},"author":13,"featured_media":65142,"comment_status":"closed","ping_status":"closed","sticky":false,"template":"","format":"standard","meta":{"_acf_changed":false,"footnotes":""},"categories":[162],"tags":[261],"class_list":["post-65141","post","type-post","status-publish","format-standard","has-post-thumbnail","hentry","category-news-2","tag-wirsindamiblu"],"acf":[],"yoast_head":"<!-- This site is optimized with the Yoast SEO Premium plugin v27.4 (Yoast SEO v27.4) - https:\/\/yoast.com\/product\/yoast-seo-premium-wordpress\/ -->\n<title>#wirsindamiblu - Interview mit Christine Walter - Amiblu<\/title>\n<meta name=\"description\" content=\"Christine Walter ist seit 1992 in unserem Unternehmen t\u00e4tig und begleitet den Standort in Trollenhagen seit der Grundsteinlegung.\" \/>\n<meta name=\"robots\" content=\"index, follow, max-snippet:-1, max-image-preview:large, max-video-preview:-1\" \/>\n<link rel=\"canonical\" href=\"https:\/\/www.amiblu.com\/de\/interview-christine-walter\/\" \/>\n<meta property=\"og:locale\" content=\"de_DE\" \/>\n<meta property=\"og:type\" content=\"article\" \/>\n<meta property=\"og:title\" content=\"#wirsindamiblu\" \/>\n<meta property=\"og:description\" content=\"Christine ist seit 1992 in unserem Unternehmen t\u00e4tig und begleitet den Standort in Trollenhagen schon seit der Grundsteinlegung.\" \/>\n<meta property=\"og:url\" content=\"https:\/\/www.amiblu.com\/de\/interview-christine-walter\/\" \/>\n<meta property=\"og:site_name\" content=\"Amiblu\" \/>\n<meta property=\"article:publisher\" content=\"https:\/\/www.facebook.com\/amiblupipes\" \/>\n<meta property=\"article:published_time\" content=\"2024-08-23T08:46:47+00:00\" \/>\n<meta property=\"article:modified_time\" content=\"2024-08-23T08:46:51+00:00\" \/>\n<meta property=\"og:image\" content=\"https:\/\/www.amiblu.com\/wp-content\/uploads\/wirsindamiblu-GTC.jpg\" \/>\n\t<meta property=\"og:image:width\" content=\"800\" \/>\n\t<meta property=\"og:image:height\" content=\"550\" \/>\n\t<meta property=\"og:image:type\" content=\"image\/jpeg\" \/>\n<meta name=\"author\" content=\"Anja Strehlow\" \/>\n<meta name=\"twitter:card\" content=\"summary_large_image\" \/>\n<meta name=\"twitter:title\" content=\"#wirsindamiblu - Interview mit Christine Walter\" \/>\n<meta name=\"twitter:label1\" content=\"Verfasst von\" \/>\n\t<meta name=\"twitter:data1\" content=\"Anja Strehlow\" \/>\n\t<meta name=\"twitter:label2\" content=\"Gesch\u00e4tzte Lesezeit\" \/>\n\t<meta name=\"twitter:data2\" content=\"4\u00a0Minuten\" \/>\n<script type=\"application\/ld+json\" class=\"yoast-schema-graph\">{\"@context\":\"https:\\\/\\\/schema.org\",\"@graph\":[{\"@type\":\"Article\",\"@id\":\"https:\\\/\\\/www.amiblu.com\\\/de\\\/interview-christine-walter\\\/#article\",\"isPartOf\":{\"@id\":\"https:\\\/\\\/www.amiblu.com\\\/de\\\/interview-christine-walter\\\/\"},\"author\":{\"name\":\"Anja Strehlow\",\"@id\":\"https:\\\/\\\/www.amiblu.com\\\/de\\\/#\\\/schema\\\/person\\\/1f29275fc935f7fda92589ff9058503c\"},\"headline\":\"#wirsindamiblu &#8211; Interview mit Christine Walter\",\"datePublished\":\"2024-08-23T08:46:47+00:00\",\"dateModified\":\"2024-08-23T08:46:51+00:00\",\"mainEntityOfPage\":{\"@id\":\"https:\\\/\\\/www.amiblu.com\\\/de\\\/interview-christine-walter\\\/\"},\"wordCount\":1511,\"publisher\":{\"@id\":\"https:\\\/\\\/www.amiblu.com\\\/de\\\/#organization\"},\"image\":{\"@id\":\"https:\\\/\\\/www.amiblu.com\\\/de\\\/interview-christine-walter\\\/#primaryimage\"},\"thumbnailUrl\":\"https:\\\/\\\/www.amiblu.com\\\/wp-content\\\/uploads\\\/wirsindamiblu-GTC.jpg\",\"keywords\":[\"#wirsindamiblu\"],\"articleSection\":[\"News\"],\"inLanguage\":\"de\"},{\"@type\":\"WebPage\",\"@id\":\"https:\\\/\\\/www.amiblu.com\\\/de\\\/interview-christine-walter\\\/\",\"url\":\"https:\\\/\\\/www.amiblu.com\\\/de\\\/interview-christine-walter\\\/\",\"name\":\"#wirsindamiblu - Interview mit Christine Walter - Amiblu\",\"isPartOf\":{\"@id\":\"https:\\\/\\\/www.amiblu.com\\\/de\\\/#website\"},\"primaryImageOfPage\":{\"@id\":\"https:\\\/\\\/www.amiblu.com\\\/de\\\/interview-christine-walter\\\/#primaryimage\"},\"image\":{\"@id\":\"https:\\\/\\\/www.amiblu.com\\\/de\\\/interview-christine-walter\\\/#primaryimage\"},\"thumbnailUrl\":\"https:\\\/\\\/www.amiblu.com\\\/wp-content\\\/uploads\\\/wirsindamiblu-GTC.jpg\",\"datePublished\":\"2024-08-23T08:46:47+00:00\",\"dateModified\":\"2024-08-23T08:46:51+00:00\",\"description\":\"Christine Walter ist seit 1992 in unserem Unternehmen t\u00e4tig und begleitet den Standort in Trollenhagen seit der Grundsteinlegung.\",\"inLanguage\":\"de\",\"potentialAction\":[{\"@type\":\"ReadAction\",\"target\":[\"https:\\\/\\\/www.amiblu.com\\\/de\\\/interview-christine-walter\\\/\"]}]},{\"@type\":\"ImageObject\",\"inLanguage\":\"de\",\"@id\":\"https:\\\/\\\/www.amiblu.com\\\/de\\\/interview-christine-walter\\\/#primaryimage\",\"url\":\"https:\\\/\\\/www.amiblu.com\\\/wp-content\\\/uploads\\\/wirsindamiblu-GTC.jpg\",\"contentUrl\":\"https:\\\/\\\/www.amiblu.com\\\/wp-content\\\/uploads\\\/wirsindamiblu-GTC.jpg\",\"width\":800,\"height\":550,\"caption\":\"#wirsindamiblu Christine Walter\"},{\"@type\":\"WebSite\",\"@id\":\"https:\\\/\\\/www.amiblu.com\\\/de\\\/#website\",\"url\":\"https:\\\/\\\/www.amiblu.com\\\/de\\\/\",\"name\":\"Amiblu\",\"description\":\"GFK-Rohrsysteme f\u00fcr Generationen\",\"publisher\":{\"@id\":\"https:\\\/\\\/www.amiblu.com\\\/de\\\/#organization\"},\"potentialAction\":[{\"@type\":\"SearchAction\",\"target\":{\"@type\":\"EntryPoint\",\"urlTemplate\":\"https:\\\/\\\/www.amiblu.com\\\/de\\\/?s={search_term_string}\"},\"query-input\":{\"@type\":\"PropertyValueSpecification\",\"valueRequired\":true,\"valueName\":\"search_term_string\"}}],\"inLanguage\":\"de\"},{\"@type\":\"Organization\",\"@id\":\"https:\\\/\\\/www.amiblu.com\\\/de\\\/#organization\",\"name\":\"Amiblu Group\",\"url\":\"https:\\\/\\\/www.amiblu.com\\\/de\\\/\",\"logo\":{\"@type\":\"ImageObject\",\"inLanguage\":\"de\",\"@id\":\"https:\\\/\\\/www.amiblu.com\\\/de\\\/#\\\/schema\\\/logo\\\/image\\\/\",\"url\":\"https:\\\/\\\/www.amiblu.com\\\/wp-content\\\/uploads\\\/2021\\\/01\\\/Amiblu-logo-website-1.png\",\"contentUrl\":\"https:\\\/\\\/www.amiblu.com\\\/wp-content\\\/uploads\\\/2021\\\/01\\\/Amiblu-logo-website-1.png\",\"width\":201,\"height\":38,\"caption\":\"Amiblu Group\"},\"image\":{\"@id\":\"https:\\\/\\\/www.amiblu.com\\\/de\\\/#\\\/schema\\\/logo\\\/image\\\/\"},\"sameAs\":[\"https:\\\/\\\/www.facebook.com\\\/amiblupipes\",\"https:\\\/\\\/www.youtube.com\\\/c\\\/Amiblu\",\"https:\\\/\\\/de.wikipedia.org\\\/wiki\\\/Amiblu\",\"https:\\\/\\\/www.linkedin.com\\\/company\\\/amiblupipes\\\/\"]},{\"@type\":\"Person\",\"@id\":\"https:\\\/\\\/www.amiblu.com\\\/de\\\/#\\\/schema\\\/person\\\/1f29275fc935f7fda92589ff9058503c\",\"name\":\"Anja Strehlow\",\"image\":{\"@type\":\"ImageObject\",\"inLanguage\":\"de\",\"@id\":\"https:\\\/\\\/secure.gravatar.com\\\/avatar\\\/5731db37d886ffee3940c320a110a71e4189ad575d85c2c0fad5f740ad725fdb?s=96&d=mm&r=g\",\"url\":\"https:\\\/\\\/secure.gravatar.com\\\/avatar\\\/5731db37d886ffee3940c320a110a71e4189ad575d85c2c0fad5f740ad725fdb?s=96&d=mm&r=g\",\"contentUrl\":\"https:\\\/\\\/secure.gravatar.com\\\/avatar\\\/5731db37d886ffee3940c320a110a71e4189ad575d85c2c0fad5f740ad725fdb?s=96&d=mm&r=g\",\"caption\":\"Anja Strehlow\"}}]}<\/script>\n<!-- \/ Yoast SEO Premium plugin. -->","yoast_head_json":{"title":"#wirsindamiblu - Interview mit Christine Walter - Amiblu","description":"Christine Walter ist seit 1992 in unserem Unternehmen t\u00e4tig und begleitet den Standort in Trollenhagen seit der Grundsteinlegung.","robots":{"index":"index","follow":"follow","max-snippet":"max-snippet:-1","max-image-preview":"max-image-preview:large","max-video-preview":"max-video-preview:-1"},"canonical":"https:\/\/www.amiblu.com\/de\/interview-christine-walter\/","og_locale":"de_DE","og_type":"article","og_title":"#wirsindamiblu","og_description":"Christine ist seit 1992 in unserem Unternehmen t\u00e4tig und begleitet den Standort in Trollenhagen schon seit der Grundsteinlegung.","og_url":"https:\/\/www.amiblu.com\/de\/interview-christine-walter\/","og_site_name":"Amiblu","article_publisher":"https:\/\/www.facebook.com\/amiblupipes","article_published_time":"2024-08-23T08:46:47+00:00","article_modified_time":"2024-08-23T08:46:51+00:00","og_image":[{"width":800,"height":550,"url":"https:\/\/www.amiblu.com\/wp-content\/uploads\/wirsindamiblu-GTC.jpg","type":"image\/jpeg"}],"author":"Anja Strehlow","twitter_card":"summary_large_image","twitter_title":"#wirsindamiblu - Interview mit Christine Walter","twitter_misc":{"Verfasst von":"Anja Strehlow","Gesch\u00e4tzte Lesezeit":"4\u00a0Minuten"},"schema":{"@context":"https:\/\/schema.org","@graph":[{"@type":"Article","@id":"https:\/\/www.amiblu.com\/de\/interview-christine-walter\/#article","isPartOf":{"@id":"https:\/\/www.amiblu.com\/de\/interview-christine-walter\/"},"author":{"name":"Anja Strehlow","@id":"https:\/\/www.amiblu.com\/de\/#\/schema\/person\/1f29275fc935f7fda92589ff9058503c"},"headline":"#wirsindamiblu &#8211; Interview mit Christine Walter","datePublished":"2024-08-23T08:46:47+00:00","dateModified":"2024-08-23T08:46:51+00:00","mainEntityOfPage":{"@id":"https:\/\/www.amiblu.com\/de\/interview-christine-walter\/"},"wordCount":1511,"publisher":{"@id":"https:\/\/www.amiblu.com\/de\/#organization"},"image":{"@id":"https:\/\/www.amiblu.com\/de\/interview-christine-walter\/#primaryimage"},"thumbnailUrl":"https:\/\/www.amiblu.com\/wp-content\/uploads\/wirsindamiblu-GTC.jpg","keywords":["#wirsindamiblu"],"articleSection":["News"],"inLanguage":"de"},{"@type":"WebPage","@id":"https:\/\/www.amiblu.com\/de\/interview-christine-walter\/","url":"https:\/\/www.amiblu.com\/de\/interview-christine-walter\/","name":"#wirsindamiblu - Interview mit Christine Walter - Amiblu","isPartOf":{"@id":"https:\/\/www.amiblu.com\/de\/#website"},"primaryImageOfPage":{"@id":"https:\/\/www.amiblu.com\/de\/interview-christine-walter\/#primaryimage"},"image":{"@id":"https:\/\/www.amiblu.com\/de\/interview-christine-walter\/#primaryimage"},"thumbnailUrl":"https:\/\/www.amiblu.com\/wp-content\/uploads\/wirsindamiblu-GTC.jpg","datePublished":"2024-08-23T08:46:47+00:00","dateModified":"2024-08-23T08:46:51+00:00","description":"Christine Walter ist seit 1992 in unserem Unternehmen t\u00e4tig und begleitet den Standort in Trollenhagen seit der Grundsteinlegung.","inLanguage":"de","potentialAction":[{"@type":"ReadAction","target":["https:\/\/www.amiblu.com\/de\/interview-christine-walter\/"]}]},{"@type":"ImageObject","inLanguage":"de","@id":"https:\/\/www.amiblu.com\/de\/interview-christine-walter\/#primaryimage","url":"https:\/\/www.amiblu.com\/wp-content\/uploads\/wirsindamiblu-GTC.jpg","contentUrl":"https:\/\/www.amiblu.com\/wp-content\/uploads\/wirsindamiblu-GTC.jpg","width":800,"height":550,"caption":"#wirsindamiblu Christine Walter"},{"@type":"WebSite","@id":"https:\/\/www.amiblu.com\/de\/#website","url":"https:\/\/www.amiblu.com\/de\/","name":"Amiblu","description":"GFK-Rohrsysteme f\u00fcr Generationen","publisher":{"@id":"https:\/\/www.amiblu.com\/de\/#organization"},"potentialAction":[{"@type":"SearchAction","target":{"@type":"EntryPoint","urlTemplate":"https:\/\/www.amiblu.com\/de\/?s={search_term_string}"},"query-input":{"@type":"PropertyValueSpecification","valueRequired":true,"valueName":"search_term_string"}}],"inLanguage":"de"},{"@type":"Organization","@id":"https:\/\/www.amiblu.com\/de\/#organization","name":"Amiblu Group","url":"https:\/\/www.amiblu.com\/de\/","logo":{"@type":"ImageObject","inLanguage":"de","@id":"https:\/\/www.amiblu.com\/de\/#\/schema\/logo\/image\/","url":"https:\/\/www.amiblu.com\/wp-content\/uploads\/2021\/01\/Amiblu-logo-website-1.png","contentUrl":"https:\/\/www.amiblu.com\/wp-content\/uploads\/2021\/01\/Amiblu-logo-website-1.png","width":201,"height":38,"caption":"Amiblu Group"},"image":{"@id":"https:\/\/www.amiblu.com\/de\/#\/schema\/logo\/image\/"},"sameAs":["https:\/\/www.facebook.com\/amiblupipes","https:\/\/www.youtube.com\/c\/Amiblu","https:\/\/de.wikipedia.org\/wiki\/Amiblu","https:\/\/www.linkedin.com\/company\/amiblupipes\/"]},{"@type":"Person","@id":"https:\/\/www.amiblu.com\/de\/#\/schema\/person\/1f29275fc935f7fda92589ff9058503c","name":"Anja Strehlow","image":{"@type":"ImageObject","inLanguage":"de","@id":"https:\/\/secure.gravatar.com\/avatar\/5731db37d886ffee3940c320a110a71e4189ad575d85c2c0fad5f740ad725fdb?s=96&d=mm&r=g","url":"https:\/\/secure.gravatar.com\/avatar\/5731db37d886ffee3940c320a110a71e4189ad575d85c2c0fad5f740ad725fdb?s=96&d=mm&r=g","contentUrl":"https:\/\/secure.gravatar.com\/avatar\/5731db37d886ffee3940c320a110a71e4189ad575d85c2c0fad5f740ad725fdb?s=96&d=mm&r=g","caption":"Anja Strehlow"}}]}},"_links":{"self":[{"href":"https:\/\/www.amiblu.com\/de\/wp-json\/wp\/v2\/posts\/65141","targetHints":{"allow":["GET"]}}],"collection":[{"href":"https:\/\/www.amiblu.com\/de\/wp-json\/wp\/v2\/posts"}],"about":[{"href":"https:\/\/www.amiblu.com\/de\/wp-json\/wp\/v2\/types\/post"}],"author":[{"embeddable":true,"href":"https:\/\/www.amiblu.com\/de\/wp-json\/wp\/v2\/users\/13"}],"replies":[{"embeddable":true,"href":"https:\/\/www.amiblu.com\/de\/wp-json\/wp\/v2\/comments?post=65141"}],"version-history":[{"count":12,"href":"https:\/\/www.amiblu.com\/de\/wp-json\/wp\/v2\/posts\/65141\/revisions"}],"predecessor-version":[{"id":65154,"href":"https:\/\/www.amiblu.com\/de\/wp-json\/wp\/v2\/posts\/65141\/revisions\/65154"}],"wp:featuredmedia":[{"embeddable":true,"href":"https:\/\/www.amiblu.com\/de\/wp-json\/wp\/v2\/media\/65142"}],"wp:attachment":[{"href":"https:\/\/www.amiblu.com\/de\/wp-json\/wp\/v2\/media?parent=65141"}],"wp:term":[{"taxonomy":"category","embeddable":true,"href":"https:\/\/www.amiblu.com\/de\/wp-json\/wp\/v2\/categories?post=65141"},{"taxonomy":"post_tag","embeddable":true,"href":"https:\/\/www.amiblu.com\/de\/wp-json\/wp\/v2\/tags?post=65141"}],"curies":[{"name":"wp","href":"https:\/\/api.w.org\/{rel}","templated":true}]}}