{"id":66754,"date":"2024-10-14T11:30:47","date_gmt":"2024-10-14T09:30:47","guid":{"rendered":"https:\/\/www.amiblu.com\/?p=66754"},"modified":"2024-10-14T11:31:42","modified_gmt":"2024-10-14T09:31:42","slug":"interview-gerald-lange-rainer-kasten","status":"publish","type":"post","link":"https:\/\/www.amiblu.com\/de\/interview-gerald-lange-rainer-kasten\/","title":{"rendered":"#wirsindamiblu &#8211; Interview mit Gerald Lange und Rainer Kasten"},"content":{"rendered":"\n<style type=\"text\/css\" data-created_by=\"avia_inline_auto\" id=\"style-css-av-l28mofvc-ab5d5115fae13bebb54ab72f3359a7c1\">\n.avia-image-container.av-l28mofvc-ab5d5115fae13bebb54ab72f3359a7c1 img.avia_image{\nbox-shadow:none;\n}\n.avia-image-container.av-l28mofvc-ab5d5115fae13bebb54ab72f3359a7c1 .av-image-caption-overlay-center{\ncolor:#ffffff;\n}\n<\/style>\n<div  class='avia-image-container av-l28mofvc-ab5d5115fae13bebb54ab72f3359a7c1 av-styling- avia-align-left  avia-builder-el-0  el_before_av_hr  avia-builder-el-first '   itemprop=\"image\" itemscope=\"itemscope\" itemtype=\"https:\/\/schema.org\/ImageObject\" ><div class=\"avia-image-container-inner\"><div class=\"avia-image-overlay-wrap\"><img fetchpriority=\"high\" fetchpriority=\"high\" decoding=\"async\" fetchpriority=\"high\" class='wp-image-66756 avia-img-lazy-loading-not-66756 avia_image ' src=\"https:\/\/www.amiblu.com\/wp-content\/uploads\/wirsindamiblu-LAG-KRE.jpg\" alt='Gerald Lange und Rainer Kasten #wirsindamiblu' title='#wirsindamiblu-LAG-KRE'  height=\"500\" width=\"800\"  itemprop=\"thumbnailUrl\" srcset=\"https:\/\/www.amiblu.com\/wp-content\/uploads\/wirsindamiblu-LAG-KRE.jpg 800w, https:\/\/www.amiblu.com\/wp-content\/uploads\/wirsindamiblu-LAG-KRE-300x188.jpg 300w, https:\/\/www.amiblu.com\/wp-content\/uploads\/wirsindamiblu-LAG-KRE-768x480.jpg 768w, https:\/\/www.amiblu.com\/wp-content\/uploads\/wirsindamiblu-LAG-KRE-705x441.jpg 705w\" sizes=\"(max-width: 800px) 100vw, 800px\" \/><\/div><\/div><\/div>\n\n<style type=\"text\/css\" data-created_by=\"avia_inline_auto\" id=\"style-css-av-kw3b89sf-9f0e684917a05e382555d0c7bc8225bb\">\n#top .hr.hr-invisible.av-kw3b89sf-9f0e684917a05e382555d0c7bc8225bb{\nheight:50px;\n}\n<\/style>\n<div  class='hr av-kw3b89sf-9f0e684917a05e382555d0c7bc8225bb hr-invisible  avia-builder-el-1  el_after_av_image  el_before_av_heading '><span class='hr-inner '><span class=\"hr-inner-style\"><\/span><\/span><\/div>\n\n<style type=\"text\/css\" data-created_by=\"avia_inline_auto\" id=\"style-css-av-l9dyerzp-6278bd192808fe7140e82aee25335ce9\">\n#top .av-special-heading.av-l9dyerzp-6278bd192808fe7140e82aee25335ce9{\npadding-bottom:10px;\n}\nbody .av-special-heading.av-l9dyerzp-6278bd192808fe7140e82aee25335ce9 .av-special-heading-tag .heading-char{\nfont-size:25px;\n}\n.av-special-heading.av-l9dyerzp-6278bd192808fe7140e82aee25335ce9 .av-subheading{\nfont-size:15px;\n}\n<\/style>\n<div  class='av-special-heading av-l9dyerzp-6278bd192808fe7140e82aee25335ce9 av-special-heading-h1  avia-builder-el-2  el_after_av_hr  el_before_av_hr '><h1 class='av-special-heading-tag '  itemprop=\"headline\"  ><span class='special_amp'>\u201e<\/span>Amiblu ist ein Unternehmen, dass uns viel reisen l\u00e4sst.<span class='special_amp'>\u201c<\/span><\/h1><div class=\"special-heading-border\"><div class=\"special-heading-inner-border\"><\/div><\/div><\/div>\n\n<style type=\"text\/css\" data-created_by=\"avia_inline_auto\" id=\"style-css-av-llkxewca-56115a7d86d86287937fb27fc0be9cad\">\n#top .hr.hr-invisible.av-llkxewca-56115a7d86d86287937fb27fc0be9cad{\nheight:40px;\n}\n<\/style>\n<div  class='hr av-llkxewca-56115a7d86d86287937fb27fc0be9cad hr-invisible  avia-builder-el-3  el_after_av_heading  el_before_av_heading '><span class='hr-inner '><span class=\"hr-inner-style\"><\/span><\/span><\/div>\n\n<style type=\"text\/css\" data-created_by=\"avia_inline_auto\" id=\"style-css-av-lfgvq6nf-c1543e8cea329d6ececff0a1462bbe4e\">\n#top .av-special-heading.av-lfgvq6nf-c1543e8cea329d6ececff0a1462bbe4e{\npadding-bottom:10px;\n}\nbody .av-special-heading.av-lfgvq6nf-c1543e8cea329d6ececff0a1462bbe4e .av-special-heading-tag .heading-char{\nfont-size:25px;\n}\n.av-special-heading.av-lfgvq6nf-c1543e8cea329d6ececff0a1462bbe4e .av-subheading{\nfont-size:15px;\n}\n<\/style>\n<div  class='av-special-heading av-lfgvq6nf-c1543e8cea329d6ececff0a1462bbe4e av-special-heading-h2 blockquote modern-quote  avia-builder-el-4  el_after_av_hr  el_before_av_heading '><h2 class='av-special-heading-tag '  itemprop=\"headline\"  >Interview mit Gerald Lange und Rainer Kasten<\/h2><div class=\"special-heading-border\"><div class=\"special-heading-inner-border\"><\/div><\/div><\/div>\n\n<style type=\"text\/css\" data-created_by=\"avia_inline_auto\" id=\"style-css-av-lfgwefmr-4ccba9a764d22b8a272fff349d47350d\">\n#top .av-special-heading.av-lfgwefmr-4ccba9a764d22b8a272fff349d47350d{\npadding-bottom:10px;\n}\nbody .av-special-heading.av-lfgwefmr-4ccba9a764d22b8a272fff349d47350d .av-special-heading-tag .heading-char{\nfont-size:25px;\n}\n.av-special-heading.av-lfgwefmr-4ccba9a764d22b8a272fff349d47350d .av-subheading{\nfont-size:15px;\n}\n<\/style>\n<div  class='av-special-heading av-lfgwefmr-4ccba9a764d22b8a272fff349d47350d av-special-heading-h3 blockquote modern-quote  avia-builder-el-5  el_after_av_heading  el_before_av_textblock '><h3 class='av-special-heading-tag '  itemprop=\"headline\"  >Monteure bei Amiblu Germany #wirsindamiblu<\/h3><div class=\"special-heading-border\"><div class=\"special-heading-inner-border\"><\/div><\/div><\/div>\n\n<style type=\"text\/css\" data-created_by=\"avia_inline_auto\" id=\"style-css-av-llkx8fxi-15184d88f719f8ae4fc8c8df3ba409fe\">\n#top .av_textblock_section.av-llkx8fxi-15184d88f719f8ae4fc8c8df3ba409fe .avia_textblock{\nfont-size:18px;\n}\n<\/style>\n<section  class='av_textblock_section av-llkx8fxi-15184d88f719f8ae4fc8c8df3ba409fe '   itemscope=\"itemscope\" itemtype=\"https:\/\/schema.org\/BlogPosting\" itemprop=\"blogPost\" ><div class='avia_textblock'  itemprop=\"text\" ><p>Gerald Lange und Rainer Kasten sind seit \u00fcber 15 Jahren gemeinsam f\u00fcr unsere GFK-Rohre \u201eweltweit\u201c im Einsatz.<\/p>\n<p><strong>Interview mit Rainer Kasten und Gerald Lange, Monteure bei Amiblu Germany. #wirsindamiblu<\/strong><\/p>\n<p>Sie sind meist gemeinsam im Einsatz und vereinen mittlerweile mehr als 15 Jahre Erfahrung mit GFK-Rohren und unseren Baustellen &#8211; unsere erfahrenen Monteure Rainer Kasten und Gerald Lange aus unserem Werk in Trollenhagen. W\u00e4hrend Gerald vor allem Erfahrung im Tief- und Rohrleitungsbau mitbrachte, konnte Rainer auf seine Erfahrung im GFK-Formteilbau bauen. Gemeinsam haben sich beide schnell zu erfahrenen Monteuren und GFK-Experten auf unseren zahlreichen Baustellen entwickelt.<\/p>\n<p><strong>Was gef\u00e4llt euch an eurer Arbeit bei Amiblu am besten und wie sieht ein typischer Arbeitstag aus?<\/strong><\/p>\n<p>R: Da wir viel auf Baustellen unterwegs sind, haben wir schon einiges von Deutschland gesehen. Normalerweise bekommen wir direkt unseren Auftrag und dann geht die Einsatzplanung auch schon los. Meistens geht es darum, unsere Produkte zu verlegen oder bei besonderen technischen Herausforderungen zu unterst\u00fctzen. Das kl\u00e4ren wir dann im Vorfeld mit den Kollegen aus der Anwendungstechnik und machen die praktische Umsetzung auf der Baustelle.<\/p>\n<p>G: Das kann im Prinzip alles sein, von der Einweisung anderer Baufirmen \u00fcber die konkrete Verlegung von Rohren oder Sch\u00e4chten bis hin zur Reparatur vor Ort. Auch die Einsatzgebiete sind sehr vielf\u00e4ltig &#8211; mal im Abwasserkanal oder bei Kl\u00e4ranlagen, mal im Hochgebirge f\u00fcr Wasserkraftleitungen. Mit solchen Projekten war ich schon in Chile, Ruanda, Australien und in der Schweiz.<\/p>\n<p><strong>Was ist bis heute der sch\u00f6nste Moment, an den ihr euch mit euren Kollegen erinnert? Worauf seit Ihr besonders stolz?<\/strong><\/p>\n<p>G: Also die Auslandsaufenthalte waren schon etwas Besonderes. Anstrengend, ja, aber durch die neuen Orte und Menschen auch immer interessant und spannend.<\/p>\n<p>R: Ja, das ist auch das Besondere an unserem Job. Wir sind zwar st\u00e4ndig unterwegs, lernen aber auch immer wieder neue Leute kennen und erleben neue Herausforderungen. Diese Projekte dann erfolgreich abschlie\u00dfen zu k\u00f6nnen, ist nat\u00fcrlich auch etwas, auf das wir stolz sind.<\/p>\n<p>G: Und die sch\u00f6nsten Momente waren eigentlich immer mit den Kollegen, mal im Werk, mal unterwegs auf den Baustellen, mal mit den Menschen, die man durch diese Arbeit kennenlernt, oder?<\/p>\n<p>R: Ja, das stimmt.<\/p>\n<p><strong>Amiblu ist ein Unternehmen, das&#8230; <\/strong>uns viel reisen l\u00e4sst. \ud83d\ude09<\/p>\n<p><strong>Wie seht ihr eure Zukunft bei Amiblu?<\/strong><\/p>\n<p>R: Ich denke, wir werden auch in den n\u00e4chsten Jahren auf Baustellen unterwegs sein, Projekte unterst\u00fctzen und die kleinen und gro\u00dfen Probleme unserer Kunden l\u00f6sen.<\/p>\n<p>G: Ja, mir geht es genauso. Am Ende des Tages muss die Arbeit Spa\u00df machen, das Verh\u00e4ltnis zu den Kollegen muss stimmen und die anderen Faktoren m\u00fcssen nat\u00fcrlich auch passen. Solange das so ist, sehe ich mich auch in den n\u00e4chsten Jahren noch auf einigen Baustellen im Auftrag von Amiblu.<\/p>\n<\/div><\/section>\n","protected":false},"excerpt":{"rendered":"<p>Sie sind meist gemeinsam im Einsatz und vereinen mittlerweile mehr als 15 Jahre Erfahrung mit GFK-Rohren und unseren Baustellen &#8211; unsere erfahrenen Monteure Rainer Kasten und Gerald Lange. <\/p>\n","protected":false},"author":13,"featured_media":66756,"comment_status":"closed","ping_status":"closed","sticky":false,"template":"","format":"standard","meta":{"_acf_changed":false,"footnotes":""},"categories":[162],"tags":[261],"class_list":["post-66754","post","type-post","status-publish","format-standard","has-post-thumbnail","hentry","category-news-2","tag-wirsindamiblu"],"acf":[],"yoast_head":"<!-- This site is optimized with the Yoast SEO Premium plugin v27.5 (Yoast SEO v27.5) - https:\/\/yoast.com\/product\/yoast-seo-premium-wordpress\/ -->\n<title>#wirsindamiblu - Interview mit Gerald Lange und Rainer Kasten - Amiblu<\/title>\n<meta name=\"robots\" content=\"index, follow, max-snippet:-1, max-image-preview:large, max-video-preview:-1\" \/>\n<link rel=\"canonical\" href=\"https:\/\/www.amiblu.com\/de\/interview-gerald-lange-rainer-kasten\/\" \/>\n<meta property=\"og:locale\" content=\"de_DE\" \/>\n<meta property=\"og:type\" content=\"article\" \/>\n<meta property=\"og:title\" content=\"#wirsindamiblu - Interview mit Gerald Lange und Rainer Kasten\" \/>\n<meta property=\"og:description\" content=\"Sie sind meist gemeinsam im Einsatz und vereinen mittlerweile mehr als 15 Jahre Erfahrung mit GFK-Rohren und unseren Baustellen - unsere erfahrenen Monteure Rainer Kasten und Gerald Lange.\" \/>\n<meta property=\"og:url\" content=\"https:\/\/www.amiblu.com\/de\/interview-gerald-lange-rainer-kasten\/\" \/>\n<meta property=\"og:site_name\" content=\"Amiblu\" \/>\n<meta property=\"article:publisher\" content=\"https:\/\/www.facebook.com\/amiblupipes\" \/>\n<meta property=\"article:published_time\" content=\"2024-10-14T09:30:47+00:00\" \/>\n<meta property=\"article:modified_time\" content=\"2024-10-14T09:31:42+00:00\" \/>\n<meta property=\"og:image\" content=\"https:\/\/www.amiblu.com\/wp-content\/uploads\/wirsindamiblu-LAG-KRE.jpg\" \/>\n\t<meta property=\"og:image:width\" content=\"800\" \/>\n\t<meta property=\"og:image:height\" content=\"500\" \/>\n\t<meta property=\"og:image:type\" content=\"image\/jpeg\" \/>\n<meta name=\"author\" content=\"Anja Strehlow\" \/>\n<meta name=\"twitter:card\" content=\"summary_large_image\" \/>\n<meta name=\"twitter:label1\" content=\"Verfasst von\" \/>\n\t<meta name=\"twitter:data1\" content=\"Anja Strehlow\" \/>\n\t<meta name=\"twitter:label2\" content=\"Gesch\u00e4tzte Lesezeit\" \/>\n\t<meta name=\"twitter:data2\" content=\"3\u00a0Minuten\" \/>\n<script type=\"application\/ld+json\" class=\"yoast-schema-graph\">{\"@context\":\"https:\\\/\\\/schema.org\",\"@graph\":[{\"@type\":\"Article\",\"@id\":\"https:\\\/\\\/www.amiblu.com\\\/de\\\/interview-gerald-lange-rainer-kasten\\\/#article\",\"isPartOf\":{\"@id\":\"https:\\\/\\\/www.amiblu.com\\\/de\\\/interview-gerald-lange-rainer-kasten\\\/\"},\"author\":{\"name\":\"Anja Strehlow\",\"@id\":\"https:\\\/\\\/www.amiblu.com\\\/de\\\/#\\\/schema\\\/person\\\/1f29275fc935f7fda92589ff9058503c\"},\"headline\":\"#wirsindamiblu &#8211; Interview mit Gerald Lange und Rainer Kasten\",\"datePublished\":\"2024-10-14T09:30:47+00:00\",\"dateModified\":\"2024-10-14T09:31:42+00:00\",\"mainEntityOfPage\":{\"@id\":\"https:\\\/\\\/www.amiblu.com\\\/de\\\/interview-gerald-lange-rainer-kasten\\\/\"},\"wordCount\":1339,\"publisher\":{\"@id\":\"https:\\\/\\\/www.amiblu.com\\\/de\\\/#organization\"},\"image\":{\"@id\":\"https:\\\/\\\/www.amiblu.com\\\/de\\\/interview-gerald-lange-rainer-kasten\\\/#primaryimage\"},\"thumbnailUrl\":\"https:\\\/\\\/www.amiblu.com\\\/wp-content\\\/uploads\\\/wirsindamiblu-LAG-KRE.jpg\",\"keywords\":[\"#wirsindamiblu\"],\"articleSection\":[\"News\"],\"inLanguage\":\"de\"},{\"@type\":\"WebPage\",\"@id\":\"https:\\\/\\\/www.amiblu.com\\\/de\\\/interview-gerald-lange-rainer-kasten\\\/\",\"url\":\"https:\\\/\\\/www.amiblu.com\\\/de\\\/interview-gerald-lange-rainer-kasten\\\/\",\"name\":\"#wirsindamiblu - Interview mit Gerald Lange und Rainer Kasten - Amiblu\",\"isPartOf\":{\"@id\":\"https:\\\/\\\/www.amiblu.com\\\/de\\\/#website\"},\"primaryImageOfPage\":{\"@id\":\"https:\\\/\\\/www.amiblu.com\\\/de\\\/interview-gerald-lange-rainer-kasten\\\/#primaryimage\"},\"image\":{\"@id\":\"https:\\\/\\\/www.amiblu.com\\\/de\\\/interview-gerald-lange-rainer-kasten\\\/#primaryimage\"},\"thumbnailUrl\":\"https:\\\/\\\/www.amiblu.com\\\/wp-content\\\/uploads\\\/wirsindamiblu-LAG-KRE.jpg\",\"datePublished\":\"2024-10-14T09:30:47+00:00\",\"dateModified\":\"2024-10-14T09:31:42+00:00\",\"inLanguage\":\"de\",\"potentialAction\":[{\"@type\":\"ReadAction\",\"target\":[\"https:\\\/\\\/www.amiblu.com\\\/de\\\/interview-gerald-lange-rainer-kasten\\\/\"]}]},{\"@type\":\"ImageObject\",\"inLanguage\":\"de\",\"@id\":\"https:\\\/\\\/www.amiblu.com\\\/de\\\/interview-gerald-lange-rainer-kasten\\\/#primaryimage\",\"url\":\"https:\\\/\\\/www.amiblu.com\\\/wp-content\\\/uploads\\\/wirsindamiblu-LAG-KRE.jpg\",\"contentUrl\":\"https:\\\/\\\/www.amiblu.com\\\/wp-content\\\/uploads\\\/wirsindamiblu-LAG-KRE.jpg\",\"width\":800,\"height\":500,\"caption\":\"Gerald Lange und Rainer Kasten #wirsindamiblu\"},{\"@type\":\"WebSite\",\"@id\":\"https:\\\/\\\/www.amiblu.com\\\/de\\\/#website\",\"url\":\"https:\\\/\\\/www.amiblu.com\\\/de\\\/\",\"name\":\"Amiblu\",\"description\":\"GFK-Rohrsysteme f\u00fcr Generationen\",\"publisher\":{\"@id\":\"https:\\\/\\\/www.amiblu.com\\\/de\\\/#organization\"},\"potentialAction\":[{\"@type\":\"SearchAction\",\"target\":{\"@type\":\"EntryPoint\",\"urlTemplate\":\"https:\\\/\\\/www.amiblu.com\\\/de\\\/?s={search_term_string}\"},\"query-input\":{\"@type\":\"PropertyValueSpecification\",\"valueRequired\":true,\"valueName\":\"search_term_string\"}}],\"inLanguage\":\"de\"},{\"@type\":\"Organization\",\"@id\":\"https:\\\/\\\/www.amiblu.com\\\/de\\\/#organization\",\"name\":\"Amiblu Group\",\"url\":\"https:\\\/\\\/www.amiblu.com\\\/de\\\/\",\"logo\":{\"@type\":\"ImageObject\",\"inLanguage\":\"de\",\"@id\":\"https:\\\/\\\/www.amiblu.com\\\/de\\\/#\\\/schema\\\/logo\\\/image\\\/\",\"url\":\"https:\\\/\\\/www.amiblu.com\\\/wp-content\\\/uploads\\\/2021\\\/01\\\/Amiblu-logo-website-1.png\",\"contentUrl\":\"https:\\\/\\\/www.amiblu.com\\\/wp-content\\\/uploads\\\/2021\\\/01\\\/Amiblu-logo-website-1.png\",\"width\":201,\"height\":38,\"caption\":\"Amiblu Group\"},\"image\":{\"@id\":\"https:\\\/\\\/www.amiblu.com\\\/de\\\/#\\\/schema\\\/logo\\\/image\\\/\"},\"sameAs\":[\"https:\\\/\\\/www.facebook.com\\\/amiblupipes\",\"https:\\\/\\\/www.youtube.com\\\/c\\\/Amiblu\",\"https:\\\/\\\/de.wikipedia.org\\\/wiki\\\/Amiblu\",\"https:\\\/\\\/www.linkedin.com\\\/company\\\/amiblupipes\\\/\"]},{\"@type\":\"Person\",\"@id\":\"https:\\\/\\\/www.amiblu.com\\\/de\\\/#\\\/schema\\\/person\\\/1f29275fc935f7fda92589ff9058503c\",\"name\":\"Anja Strehlow\",\"image\":{\"@type\":\"ImageObject\",\"inLanguage\":\"de\",\"@id\":\"https:\\\/\\\/secure.gravatar.com\\\/avatar\\\/5731db37d886ffee3940c320a110a71e4189ad575d85c2c0fad5f740ad725fdb?s=96&d=mm&r=g\",\"url\":\"https:\\\/\\\/secure.gravatar.com\\\/avatar\\\/5731db37d886ffee3940c320a110a71e4189ad575d85c2c0fad5f740ad725fdb?s=96&d=mm&r=g\",\"contentUrl\":\"https:\\\/\\\/secure.gravatar.com\\\/avatar\\\/5731db37d886ffee3940c320a110a71e4189ad575d85c2c0fad5f740ad725fdb?s=96&d=mm&r=g\",\"caption\":\"Anja Strehlow\"}}]}<\/script>\n<!-- \/ Yoast SEO Premium plugin. -->","yoast_head_json":{"title":"#wirsindamiblu - Interview mit Gerald Lange und Rainer Kasten - Amiblu","robots":{"index":"index","follow":"follow","max-snippet":"max-snippet:-1","max-image-preview":"max-image-preview:large","max-video-preview":"max-video-preview:-1"},"canonical":"https:\/\/www.amiblu.com\/de\/interview-gerald-lange-rainer-kasten\/","og_locale":"de_DE","og_type":"article","og_title":"#wirsindamiblu - Interview mit Gerald Lange und Rainer Kasten","og_description":"Sie sind meist gemeinsam im Einsatz und vereinen mittlerweile mehr als 15 Jahre Erfahrung mit GFK-Rohren und unseren Baustellen - unsere erfahrenen Monteure Rainer Kasten und Gerald Lange.","og_url":"https:\/\/www.amiblu.com\/de\/interview-gerald-lange-rainer-kasten\/","og_site_name":"Amiblu","article_publisher":"https:\/\/www.facebook.com\/amiblupipes","article_published_time":"2024-10-14T09:30:47+00:00","article_modified_time":"2024-10-14T09:31:42+00:00","og_image":[{"width":800,"height":500,"url":"https:\/\/www.amiblu.com\/wp-content\/uploads\/wirsindamiblu-LAG-KRE.jpg","type":"image\/jpeg"}],"author":"Anja Strehlow","twitter_card":"summary_large_image","twitter_misc":{"Verfasst von":"Anja Strehlow","Gesch\u00e4tzte Lesezeit":"3\u00a0Minuten"},"schema":{"@context":"https:\/\/schema.org","@graph":[{"@type":"Article","@id":"https:\/\/www.amiblu.com\/de\/interview-gerald-lange-rainer-kasten\/#article","isPartOf":{"@id":"https:\/\/www.amiblu.com\/de\/interview-gerald-lange-rainer-kasten\/"},"author":{"name":"Anja Strehlow","@id":"https:\/\/www.amiblu.com\/de\/#\/schema\/person\/1f29275fc935f7fda92589ff9058503c"},"headline":"#wirsindamiblu &#8211; Interview mit Gerald Lange und Rainer Kasten","datePublished":"2024-10-14T09:30:47+00:00","dateModified":"2024-10-14T09:31:42+00:00","mainEntityOfPage":{"@id":"https:\/\/www.amiblu.com\/de\/interview-gerald-lange-rainer-kasten\/"},"wordCount":1339,"publisher":{"@id":"https:\/\/www.amiblu.com\/de\/#organization"},"image":{"@id":"https:\/\/www.amiblu.com\/de\/interview-gerald-lange-rainer-kasten\/#primaryimage"},"thumbnailUrl":"https:\/\/www.amiblu.com\/wp-content\/uploads\/wirsindamiblu-LAG-KRE.jpg","keywords":["#wirsindamiblu"],"articleSection":["News"],"inLanguage":"de"},{"@type":"WebPage","@id":"https:\/\/www.amiblu.com\/de\/interview-gerald-lange-rainer-kasten\/","url":"https:\/\/www.amiblu.com\/de\/interview-gerald-lange-rainer-kasten\/","name":"#wirsindamiblu - Interview mit Gerald Lange und Rainer Kasten - Amiblu","isPartOf":{"@id":"https:\/\/www.amiblu.com\/de\/#website"},"primaryImageOfPage":{"@id":"https:\/\/www.amiblu.com\/de\/interview-gerald-lange-rainer-kasten\/#primaryimage"},"image":{"@id":"https:\/\/www.amiblu.com\/de\/interview-gerald-lange-rainer-kasten\/#primaryimage"},"thumbnailUrl":"https:\/\/www.amiblu.com\/wp-content\/uploads\/wirsindamiblu-LAG-KRE.jpg","datePublished":"2024-10-14T09:30:47+00:00","dateModified":"2024-10-14T09:31:42+00:00","inLanguage":"de","potentialAction":[{"@type":"ReadAction","target":["https:\/\/www.amiblu.com\/de\/interview-gerald-lange-rainer-kasten\/"]}]},{"@type":"ImageObject","inLanguage":"de","@id":"https:\/\/www.amiblu.com\/de\/interview-gerald-lange-rainer-kasten\/#primaryimage","url":"https:\/\/www.amiblu.com\/wp-content\/uploads\/wirsindamiblu-LAG-KRE.jpg","contentUrl":"https:\/\/www.amiblu.com\/wp-content\/uploads\/wirsindamiblu-LAG-KRE.jpg","width":800,"height":500,"caption":"Gerald Lange und Rainer Kasten #wirsindamiblu"},{"@type":"WebSite","@id":"https:\/\/www.amiblu.com\/de\/#website","url":"https:\/\/www.amiblu.com\/de\/","name":"Amiblu","description":"GFK-Rohrsysteme f\u00fcr Generationen","publisher":{"@id":"https:\/\/www.amiblu.com\/de\/#organization"},"potentialAction":[{"@type":"SearchAction","target":{"@type":"EntryPoint","urlTemplate":"https:\/\/www.amiblu.com\/de\/?s={search_term_string}"},"query-input":{"@type":"PropertyValueSpecification","valueRequired":true,"valueName":"search_term_string"}}],"inLanguage":"de"},{"@type":"Organization","@id":"https:\/\/www.amiblu.com\/de\/#organization","name":"Amiblu Group","url":"https:\/\/www.amiblu.com\/de\/","logo":{"@type":"ImageObject","inLanguage":"de","@id":"https:\/\/www.amiblu.com\/de\/#\/schema\/logo\/image\/","url":"https:\/\/www.amiblu.com\/wp-content\/uploads\/2021\/01\/Amiblu-logo-website-1.png","contentUrl":"https:\/\/www.amiblu.com\/wp-content\/uploads\/2021\/01\/Amiblu-logo-website-1.png","width":201,"height":38,"caption":"Amiblu Group"},"image":{"@id":"https:\/\/www.amiblu.com\/de\/#\/schema\/logo\/image\/"},"sameAs":["https:\/\/www.facebook.com\/amiblupipes","https:\/\/www.youtube.com\/c\/Amiblu","https:\/\/de.wikipedia.org\/wiki\/Amiblu","https:\/\/www.linkedin.com\/company\/amiblupipes\/"]},{"@type":"Person","@id":"https:\/\/www.amiblu.com\/de\/#\/schema\/person\/1f29275fc935f7fda92589ff9058503c","name":"Anja Strehlow","image":{"@type":"ImageObject","inLanguage":"de","@id":"https:\/\/secure.gravatar.com\/avatar\/5731db37d886ffee3940c320a110a71e4189ad575d85c2c0fad5f740ad725fdb?s=96&d=mm&r=g","url":"https:\/\/secure.gravatar.com\/avatar\/5731db37d886ffee3940c320a110a71e4189ad575d85c2c0fad5f740ad725fdb?s=96&d=mm&r=g","contentUrl":"https:\/\/secure.gravatar.com\/avatar\/5731db37d886ffee3940c320a110a71e4189ad575d85c2c0fad5f740ad725fdb?s=96&d=mm&r=g","caption":"Anja Strehlow"}}]}},"_links":{"self":[{"href":"https:\/\/www.amiblu.com\/de\/wp-json\/wp\/v2\/posts\/66754","targetHints":{"allow":["GET"]}}],"collection":[{"href":"https:\/\/www.amiblu.com\/de\/wp-json\/wp\/v2\/posts"}],"about":[{"href":"https:\/\/www.amiblu.com\/de\/wp-json\/wp\/v2\/types\/post"}],"author":[{"embeddable":true,"href":"https:\/\/www.amiblu.com\/de\/wp-json\/wp\/v2\/users\/13"}],"replies":[{"embeddable":true,"href":"https:\/\/www.amiblu.com\/de\/wp-json\/wp\/v2\/comments?post=66754"}],"version-history":[{"count":11,"href":"https:\/\/www.amiblu.com\/de\/wp-json\/wp\/v2\/posts\/66754\/revisions"}],"predecessor-version":[{"id":66767,"href":"https:\/\/www.amiblu.com\/de\/wp-json\/wp\/v2\/posts\/66754\/revisions\/66767"}],"wp:featuredmedia":[{"embeddable":true,"href":"https:\/\/www.amiblu.com\/de\/wp-json\/wp\/v2\/media\/66756"}],"wp:attachment":[{"href":"https:\/\/www.amiblu.com\/de\/wp-json\/wp\/v2\/media?parent=66754"}],"wp:term":[{"taxonomy":"category","embeddable":true,"href":"https:\/\/www.amiblu.com\/de\/wp-json\/wp\/v2\/categories?post=66754"},{"taxonomy":"post_tag","embeddable":true,"href":"https:\/\/www.amiblu.com\/de\/wp-json\/wp\/v2\/tags?post=66754"}],"curies":[{"name":"wp","href":"https:\/\/api.w.org\/{rel}","templated":true}]}}