{"id":73698,"date":"2025-08-26T09:33:23","date_gmt":"2025-08-26T07:33:23","guid":{"rendered":"https:\/\/www.amiblu.com\/?p=73698"},"modified":"2025-08-26T09:43:41","modified_gmt":"2025-08-26T07:43:41","slug":"amiblu-gfk-recycling-fachbeitrag","status":"publish","type":"post","link":"https:\/\/www.amiblu.com\/de\/amiblu-gfk-recycling-fachbeitrag\/","title":{"rendered":"GFK-Recycling: Unser Weg zur Kreislaufwirtschaft"},"content":{"rendered":"\n<style type=\"text\/css\" data-created_by=\"avia_inline_auto\" id=\"style-css-av-m1otfg4w-cd9157c62e5a43f88954540ec02b7f48\">\n.avia-image-container.av-m1otfg4w-cd9157c62e5a43f88954540ec02b7f48 img.avia_image{\nbox-shadow:none;\n}\n.avia-image-container.av-m1otfg4w-cd9157c62e5a43f88954540ec02b7f48 .av-image-caption-overlay-center{\ncolor:#ffffff;\n}\n<\/style>\n<div  class='avia-image-container av-m1otfg4w-cd9157c62e5a43f88954540ec02b7f48 av-styling- avia-align-left  avia-builder-el-0  el_before_av_hr  avia-builder-el-first '   itemprop=\"image\" itemscope=\"itemscope\" itemtype=\"https:\/\/schema.org\/ImageObject\" ><div class=\"avia-image-container-inner\"><div class=\"avia-image-overlay-wrap\"><img fetchpriority=\"high\" fetchpriority=\"high\" decoding=\"async\" fetchpriority=\"high\" class='wp-image-73701 avia-img-lazy-loading-not-73701 avia_image ' src=\"https:\/\/www.amiblu.com\/wp-content\/uploads\/Amiblu-Website-News-800-x-500-px.jpg\" alt='GFK-Recycling neu gedacht' title='GFK-Recycling News (800 x 500 px)'  height=\"500\" width=\"800\"  itemprop=\"thumbnailUrl\" srcset=\"https:\/\/www.amiblu.com\/wp-content\/uploads\/Amiblu-Website-News-800-x-500-px.jpg 800w, https:\/\/www.amiblu.com\/wp-content\/uploads\/Amiblu-Website-News-800-x-500-px-300x188.jpg 300w, https:\/\/www.amiblu.com\/wp-content\/uploads\/Amiblu-Website-News-800-x-500-px-768x480.jpg 768w, https:\/\/www.amiblu.com\/wp-content\/uploads\/Amiblu-Website-News-800-x-500-px-705x441.jpg 705w\" sizes=\"(max-width: 800px) 100vw, 800px\" \/><\/div><\/div><\/div>\n\n<style type=\"text\/css\" data-created_by=\"avia_inline_auto\" id=\"style-css-av-lty2iwyc-8d3eed41dba5c701f5993d6de49ee93f\">\n#top .hr.hr-invisible.av-lty2iwyc-8d3eed41dba5c701f5993d6de49ee93f{\nheight:25px;\n}\n<\/style>\n<div  class='hr av-lty2iwyc-8d3eed41dba5c701f5993d6de49ee93f hr-invisible  avia-builder-el-1  el_after_av_image  el_before_av_heading '><span class='hr-inner '><span class=\"hr-inner-style\"><\/span><\/span><\/div>\n\n<style type=\"text\/css\" data-created_by=\"avia_inline_auto\" id=\"style-css-av-lsoj3hez-f8cd5f1ade7f864cc07a689e20b66e10\">\n#top .av-special-heading.av-lsoj3hez-f8cd5f1ade7f864cc07a689e20b66e10{\npadding-bottom:0;\n}\nbody .av-special-heading.av-lsoj3hez-f8cd5f1ade7f864cc07a689e20b66e10 .av-special-heading-tag .heading-char{\nfont-size:25px;\n}\n.av-special-heading.av-lsoj3hez-f8cd5f1ade7f864cc07a689e20b66e10 .av-subheading{\nfont-size:15px;\n}\n<\/style>\n<div  class='av-special-heading av-lsoj3hez-f8cd5f1ade7f864cc07a689e20b66e10 av-special-heading-h1  avia-builder-el-2  el_after_av_hr  el_before_av_textblock '><h1 class='av-special-heading-tag '  itemprop=\"headline\"  >GFK-Recycling: Unser Weg zur Kreislaufwirtschaft<\/h1><div class=\"special-heading-border\"><div class=\"special-heading-inner-border\"><\/div><\/div><\/div>\n<section  class='av_textblock_section av-lswu7v9a-7db15a5002b17dbfe37a21c513707499 '   itemscope=\"itemscope\" itemtype=\"https:\/\/schema.org\/BlogPosting\" itemprop=\"blogPost\" ><div class='avia_textblock'  itemprop=\"text\" ><p>GFK ist f\u00fcr seine au\u00dfergew\u00f6hnliche Langlebigkeit bekannt. Doch genau diese Widerstandsf\u00e4higkeit stellt beim Recycling am Ende der Lebensdauer eine gro\u00dfe Herausforderung dar. Wie k\u00f6nnen wir diesen extrem widerstandsf\u00e4higen Verbundwerkstoff also in einer echten Kreislaufwirtschaft einbinden?<\/p>\n<p>In unserem neuen Expert Paper geben wir einen Einblick zum aktuellen Stand und dazu wie weit wir bereits gekommen sind:<\/p>\n<ul>\n<li>Warum herk\u00f6mmliche Methoden wie die thermische Verwertung nur eine Zwischenl\u00f6sung sind.<\/li>\n<li>Wie innovative Closed-Loop L\u00f6sungen bereits in der Amiblu-Produktion umgesetzt werden.<\/li>\n<li>Welche Forschungs- und Entwicklungsbem\u00fchungen wir gemeinsam mit f\u00fchrenden europ\u00e4ischen Institutionen und Technologiepartnern verfolgen.<\/li>\n<\/ul>\n<p>Mit kontinuierlichen Investitionen und einem starken Engagement f\u00fcr Nachhaltigkeit tr\u00e4gt Amiblu dazu bei, eine neue Zukunft f\u00fcr GFK zu gestalten \u2013 eine Zukunft, in der GFK-Abfall eine wertvolle Ressource ist und Langlebigkeit gleichbedeutend mit Nachhaltigkeit ist.<\/p>\n<p>Laden Sie jetzt unseren Fachbeitrag \u201eNeue innovative Ans\u00e4tze im GFK-Recycling\u201d herunter und informieren Sie sich \u00fcber die Zukunft nachhaltiger GFK-L\u00f6sungen.<\/p>\n<\/div><\/section>\n<div  class='avia-button-wrap av-mes7ilho-f90c188accc7d7e562852f0fdf165764-wrap avia-button-left  avia-builder-el-4  el_after_av_textblock  avia-builder-el-last '>\n<style type=\"text\/css\" data-created_by=\"avia_inline_auto\" id=\"style-css-av-mes7ilho-f90c188accc7d7e562852f0fdf165764\">\n#top #wrap_all .avia-button.av-mes7ilho-f90c188accc7d7e562852f0fdf165764{\nfont-size:20px;\ntransition:all 0.4s ease-in-out;\n}\n<\/style>\n<a href='https:\/\/www.amiblu.com\/wp-content\/uploads\/2508_Amiblu-Expert-Insights_Recycling-und-Kreislaufwirtschaft_DE.pdf'  class='avia-button av-mes7ilho-f90c188accc7d7e562852f0fdf165764 av-link-btn avia-icon_select-yes-right-icon avia-size-x-large avia-position-left avia-color-theme-color'  target=\"_blank\"  rel=\"noopener noreferrer\"  aria-label=\"Download Fachbeitrag\"><span class='avia_iconbox_title' >Download Fachbeitrag<\/span><span class='avia_button_icon avia_button_icon_right avia-iconfont avia-font-amiblu-icons' data-av_icon='\ue802' data-av_iconfont='amiblu-icons' ><\/span><\/a><\/div>\n","protected":false},"excerpt":{"rendered":"<p>Laden Sie jetzt unseren Fachbeitrag \u201eNeue innovative Ans\u00e4tze im GFK-Recycling\u201d herunter und erhalten Sie Einblicke in die Zukunft nachhaltiger GFK-L\u00f6sungen.<\/p>\n","protected":false},"author":13,"featured_media":73724,"comment_status":"closed","ping_status":"closed","sticky":false,"template":"","format":"standard","meta":{"_acf_changed":false,"footnotes":""},"categories":[162],"tags":[],"class_list":["post-73698","post","type-post","status-publish","format-standard","has-post-thumbnail","hentry","category-news-2"],"acf":[],"yoast_head":"<!-- This site is optimized with the Yoast SEO Premium plugin v27.4 (Yoast SEO v27.4) - https:\/\/yoast.com\/product\/yoast-seo-premium-wordpress\/ -->\n<title>GFK-Recycling: Unser Weg zur Kreislaufwirtschaft - Amiblu<\/title>\n<meta name=\"description\" content=\"Laden Sie jetzt unseren Fachbeitrag \u201eNeue innovative Ans\u00e4tze im GFK-Recycling\u201d herunter und erhalten Sie Einblicke in die Zukunft nachhaltiger GFK-L\u00f6sungen.\" \/>\n<meta name=\"robots\" content=\"index, follow, max-snippet:-1, max-image-preview:large, max-video-preview:-1\" \/>\n<link rel=\"canonical\" href=\"https:\/\/www.amiblu.com\/de\/amiblu-gfk-recycling-fachbeitrag\/\" \/>\n<meta property=\"og:locale\" content=\"de_DE\" \/>\n<meta property=\"og:type\" content=\"article\" \/>\n<meta property=\"og:title\" content=\"GFK-Recycling: Unser Weg zur Kreislaufwirtschaft\" \/>\n<meta property=\"og:description\" content=\"Laden Sie jetzt unseren Fachbeitrag \u201eNeue innovative Ans\u00e4tze im GFK-Recycling\u201d herunter und erhalten Sie Einblicke in die Zukunft nachhaltiger GFK-L\u00f6sungen.\" \/>\n<meta property=\"og:url\" content=\"https:\/\/www.amiblu.com\/de\/amiblu-gfk-recycling-fachbeitrag\/\" \/>\n<meta property=\"og:site_name\" content=\"Amiblu\" \/>\n<meta property=\"article:publisher\" content=\"https:\/\/www.facebook.com\/amiblupipes\" \/>\n<meta property=\"article:published_time\" content=\"2025-08-26T07:33:23+00:00\" \/>\n<meta property=\"article:modified_time\" content=\"2025-08-26T07:43:41+00:00\" \/>\n<meta property=\"og:image\" content=\"https:\/\/www.amiblu.com\/wp-content\/uploads\/Amiblu-Expert-Paper-GRP-Recycling-DE-1.jpg\" \/>\n\t<meta property=\"og:image:width\" content=\"1080\" \/>\n\t<meta property=\"og:image:height\" content=\"1080\" \/>\n\t<meta property=\"og:image:type\" content=\"image\/jpeg\" \/>\n<meta name=\"author\" content=\"Anja Strehlow\" \/>\n<meta name=\"twitter:card\" content=\"summary_large_image\" \/>\n<meta name=\"twitter:label1\" content=\"Verfasst von\" \/>\n\t<meta name=\"twitter:data1\" content=\"Anja Strehlow\" \/>\n\t<meta name=\"twitter:label2\" content=\"Gesch\u00e4tzte Lesezeit\" \/>\n\t<meta name=\"twitter:data2\" content=\"2\u00a0Minuten\" \/>\n<script type=\"application\/ld+json\" class=\"yoast-schema-graph\">{\"@context\":\"https:\\\/\\\/schema.org\",\"@graph\":[{\"@type\":\"Article\",\"@id\":\"https:\\\/\\\/www.amiblu.com\\\/de\\\/amiblu-gfk-recycling-fachbeitrag\\\/#article\",\"isPartOf\":{\"@id\":\"https:\\\/\\\/www.amiblu.com\\\/de\\\/amiblu-gfk-recycling-fachbeitrag\\\/\"},\"author\":{\"name\":\"Anja Strehlow\",\"@id\":\"https:\\\/\\\/www.amiblu.com\\\/de\\\/#\\\/schema\\\/person\\\/1f29275fc935f7fda92589ff9058503c\"},\"headline\":\"GFK-Recycling: Unser Weg zur Kreislaufwirtschaft\",\"datePublished\":\"2025-08-26T07:33:23+00:00\",\"dateModified\":\"2025-08-26T07:43:41+00:00\",\"mainEntityOfPage\":{\"@id\":\"https:\\\/\\\/www.amiblu.com\\\/de\\\/amiblu-gfk-recycling-fachbeitrag\\\/\"},\"wordCount\":967,\"publisher\":{\"@id\":\"https:\\\/\\\/www.amiblu.com\\\/de\\\/#organization\"},\"image\":{\"@id\":\"https:\\\/\\\/www.amiblu.com\\\/de\\\/amiblu-gfk-recycling-fachbeitrag\\\/#primaryimage\"},\"thumbnailUrl\":\"https:\\\/\\\/www.amiblu.com\\\/wp-content\\\/uploads\\\/Amiblu-Expert-Paper-GRP-Recycling-DE-1.jpg\",\"articleSection\":[\"News\"],\"inLanguage\":\"de\"},{\"@type\":\"WebPage\",\"@id\":\"https:\\\/\\\/www.amiblu.com\\\/de\\\/amiblu-gfk-recycling-fachbeitrag\\\/\",\"url\":\"https:\\\/\\\/www.amiblu.com\\\/de\\\/amiblu-gfk-recycling-fachbeitrag\\\/\",\"name\":\"GFK-Recycling: Unser Weg zur Kreislaufwirtschaft - Amiblu\",\"isPartOf\":{\"@id\":\"https:\\\/\\\/www.amiblu.com\\\/de\\\/#website\"},\"primaryImageOfPage\":{\"@id\":\"https:\\\/\\\/www.amiblu.com\\\/de\\\/amiblu-gfk-recycling-fachbeitrag\\\/#primaryimage\"},\"image\":{\"@id\":\"https:\\\/\\\/www.amiblu.com\\\/de\\\/amiblu-gfk-recycling-fachbeitrag\\\/#primaryimage\"},\"thumbnailUrl\":\"https:\\\/\\\/www.amiblu.com\\\/wp-content\\\/uploads\\\/Amiblu-Expert-Paper-GRP-Recycling-DE-1.jpg\",\"datePublished\":\"2025-08-26T07:33:23+00:00\",\"dateModified\":\"2025-08-26T07:43:41+00:00\",\"description\":\"Laden Sie jetzt unseren Fachbeitrag \u201eNeue innovative Ans\u00e4tze im GFK-Recycling\u201d herunter und erhalten Sie Einblicke in die Zukunft nachhaltiger GFK-L\u00f6sungen.\",\"inLanguage\":\"de\",\"potentialAction\":[{\"@type\":\"ReadAction\",\"target\":[\"https:\\\/\\\/www.amiblu.com\\\/de\\\/amiblu-gfk-recycling-fachbeitrag\\\/\"]}]},{\"@type\":\"ImageObject\",\"inLanguage\":\"de\",\"@id\":\"https:\\\/\\\/www.amiblu.com\\\/de\\\/amiblu-gfk-recycling-fachbeitrag\\\/#primaryimage\",\"url\":\"https:\\\/\\\/www.amiblu.com\\\/wp-content\\\/uploads\\\/Amiblu-Expert-Paper-GRP-Recycling-DE-1.jpg\",\"contentUrl\":\"https:\\\/\\\/www.amiblu.com\\\/wp-content\\\/uploads\\\/Amiblu-Expert-Paper-GRP-Recycling-DE-1.jpg\",\"width\":1080,\"height\":1080,\"caption\":\"GFK-Recycling\"},{\"@type\":\"WebSite\",\"@id\":\"https:\\\/\\\/www.amiblu.com\\\/de\\\/#website\",\"url\":\"https:\\\/\\\/www.amiblu.com\\\/de\\\/\",\"name\":\"Amiblu\",\"description\":\"GFK-Rohrsysteme f\u00fcr Generationen\",\"publisher\":{\"@id\":\"https:\\\/\\\/www.amiblu.com\\\/de\\\/#organization\"},\"potentialAction\":[{\"@type\":\"SearchAction\",\"target\":{\"@type\":\"EntryPoint\",\"urlTemplate\":\"https:\\\/\\\/www.amiblu.com\\\/de\\\/?s={search_term_string}\"},\"query-input\":{\"@type\":\"PropertyValueSpecification\",\"valueRequired\":true,\"valueName\":\"search_term_string\"}}],\"inLanguage\":\"de\"},{\"@type\":\"Organization\",\"@id\":\"https:\\\/\\\/www.amiblu.com\\\/de\\\/#organization\",\"name\":\"Amiblu Group\",\"url\":\"https:\\\/\\\/www.amiblu.com\\\/de\\\/\",\"logo\":{\"@type\":\"ImageObject\",\"inLanguage\":\"de\",\"@id\":\"https:\\\/\\\/www.amiblu.com\\\/de\\\/#\\\/schema\\\/logo\\\/image\\\/\",\"url\":\"https:\\\/\\\/www.amiblu.com\\\/wp-content\\\/uploads\\\/2021\\\/01\\\/Amiblu-logo-website-1.png\",\"contentUrl\":\"https:\\\/\\\/www.amiblu.com\\\/wp-content\\\/uploads\\\/2021\\\/01\\\/Amiblu-logo-website-1.png\",\"width\":201,\"height\":38,\"caption\":\"Amiblu Group\"},\"image\":{\"@id\":\"https:\\\/\\\/www.amiblu.com\\\/de\\\/#\\\/schema\\\/logo\\\/image\\\/\"},\"sameAs\":[\"https:\\\/\\\/www.facebook.com\\\/amiblupipes\",\"https:\\\/\\\/www.youtube.com\\\/c\\\/Amiblu\",\"https:\\\/\\\/de.wikipedia.org\\\/wiki\\\/Amiblu\",\"https:\\\/\\\/www.linkedin.com\\\/company\\\/amiblupipes\\\/\"]},{\"@type\":\"Person\",\"@id\":\"https:\\\/\\\/www.amiblu.com\\\/de\\\/#\\\/schema\\\/person\\\/1f29275fc935f7fda92589ff9058503c\",\"name\":\"Anja Strehlow\",\"image\":{\"@type\":\"ImageObject\",\"inLanguage\":\"de\",\"@id\":\"https:\\\/\\\/secure.gravatar.com\\\/avatar\\\/5731db37d886ffee3940c320a110a71e4189ad575d85c2c0fad5f740ad725fdb?s=96&d=mm&r=g\",\"url\":\"https:\\\/\\\/secure.gravatar.com\\\/avatar\\\/5731db37d886ffee3940c320a110a71e4189ad575d85c2c0fad5f740ad725fdb?s=96&d=mm&r=g\",\"contentUrl\":\"https:\\\/\\\/secure.gravatar.com\\\/avatar\\\/5731db37d886ffee3940c320a110a71e4189ad575d85c2c0fad5f740ad725fdb?s=96&d=mm&r=g\",\"caption\":\"Anja Strehlow\"}}]}<\/script>\n<!-- \/ Yoast SEO Premium plugin. -->","yoast_head_json":{"title":"GFK-Recycling: Unser Weg zur Kreislaufwirtschaft - Amiblu","description":"Laden Sie jetzt unseren Fachbeitrag \u201eNeue innovative Ans\u00e4tze im GFK-Recycling\u201d herunter und erhalten Sie Einblicke in die Zukunft nachhaltiger GFK-L\u00f6sungen.","robots":{"index":"index","follow":"follow","max-snippet":"max-snippet:-1","max-image-preview":"max-image-preview:large","max-video-preview":"max-video-preview:-1"},"canonical":"https:\/\/www.amiblu.com\/de\/amiblu-gfk-recycling-fachbeitrag\/","og_locale":"de_DE","og_type":"article","og_title":"GFK-Recycling: Unser Weg zur Kreislaufwirtschaft","og_description":"Laden Sie jetzt unseren Fachbeitrag \u201eNeue innovative Ans\u00e4tze im GFK-Recycling\u201d herunter und erhalten Sie Einblicke in die Zukunft nachhaltiger GFK-L\u00f6sungen.","og_url":"https:\/\/www.amiblu.com\/de\/amiblu-gfk-recycling-fachbeitrag\/","og_site_name":"Amiblu","article_publisher":"https:\/\/www.facebook.com\/amiblupipes","article_published_time":"2025-08-26T07:33:23+00:00","article_modified_time":"2025-08-26T07:43:41+00:00","og_image":[{"width":1080,"height":1080,"url":"https:\/\/www.amiblu.com\/wp-content\/uploads\/Amiblu-Expert-Paper-GRP-Recycling-DE-1.jpg","type":"image\/jpeg"}],"author":"Anja Strehlow","twitter_card":"summary_large_image","twitter_misc":{"Verfasst von":"Anja Strehlow","Gesch\u00e4tzte Lesezeit":"2\u00a0Minuten"},"schema":{"@context":"https:\/\/schema.org","@graph":[{"@type":"Article","@id":"https:\/\/www.amiblu.com\/de\/amiblu-gfk-recycling-fachbeitrag\/#article","isPartOf":{"@id":"https:\/\/www.amiblu.com\/de\/amiblu-gfk-recycling-fachbeitrag\/"},"author":{"name":"Anja Strehlow","@id":"https:\/\/www.amiblu.com\/de\/#\/schema\/person\/1f29275fc935f7fda92589ff9058503c"},"headline":"GFK-Recycling: Unser Weg zur Kreislaufwirtschaft","datePublished":"2025-08-26T07:33:23+00:00","dateModified":"2025-08-26T07:43:41+00:00","mainEntityOfPage":{"@id":"https:\/\/www.amiblu.com\/de\/amiblu-gfk-recycling-fachbeitrag\/"},"wordCount":967,"publisher":{"@id":"https:\/\/www.amiblu.com\/de\/#organization"},"image":{"@id":"https:\/\/www.amiblu.com\/de\/amiblu-gfk-recycling-fachbeitrag\/#primaryimage"},"thumbnailUrl":"https:\/\/www.amiblu.com\/wp-content\/uploads\/Amiblu-Expert-Paper-GRP-Recycling-DE-1.jpg","articleSection":["News"],"inLanguage":"de"},{"@type":"WebPage","@id":"https:\/\/www.amiblu.com\/de\/amiblu-gfk-recycling-fachbeitrag\/","url":"https:\/\/www.amiblu.com\/de\/amiblu-gfk-recycling-fachbeitrag\/","name":"GFK-Recycling: Unser Weg zur Kreislaufwirtschaft - Amiblu","isPartOf":{"@id":"https:\/\/www.amiblu.com\/de\/#website"},"primaryImageOfPage":{"@id":"https:\/\/www.amiblu.com\/de\/amiblu-gfk-recycling-fachbeitrag\/#primaryimage"},"image":{"@id":"https:\/\/www.amiblu.com\/de\/amiblu-gfk-recycling-fachbeitrag\/#primaryimage"},"thumbnailUrl":"https:\/\/www.amiblu.com\/wp-content\/uploads\/Amiblu-Expert-Paper-GRP-Recycling-DE-1.jpg","datePublished":"2025-08-26T07:33:23+00:00","dateModified":"2025-08-26T07:43:41+00:00","description":"Laden Sie jetzt unseren Fachbeitrag \u201eNeue innovative Ans\u00e4tze im GFK-Recycling\u201d herunter und erhalten Sie Einblicke in die Zukunft nachhaltiger GFK-L\u00f6sungen.","inLanguage":"de","potentialAction":[{"@type":"ReadAction","target":["https:\/\/www.amiblu.com\/de\/amiblu-gfk-recycling-fachbeitrag\/"]}]},{"@type":"ImageObject","inLanguage":"de","@id":"https:\/\/www.amiblu.com\/de\/amiblu-gfk-recycling-fachbeitrag\/#primaryimage","url":"https:\/\/www.amiblu.com\/wp-content\/uploads\/Amiblu-Expert-Paper-GRP-Recycling-DE-1.jpg","contentUrl":"https:\/\/www.amiblu.com\/wp-content\/uploads\/Amiblu-Expert-Paper-GRP-Recycling-DE-1.jpg","width":1080,"height":1080,"caption":"GFK-Recycling"},{"@type":"WebSite","@id":"https:\/\/www.amiblu.com\/de\/#website","url":"https:\/\/www.amiblu.com\/de\/","name":"Amiblu","description":"GFK-Rohrsysteme f\u00fcr Generationen","publisher":{"@id":"https:\/\/www.amiblu.com\/de\/#organization"},"potentialAction":[{"@type":"SearchAction","target":{"@type":"EntryPoint","urlTemplate":"https:\/\/www.amiblu.com\/de\/?s={search_term_string}"},"query-input":{"@type":"PropertyValueSpecification","valueRequired":true,"valueName":"search_term_string"}}],"inLanguage":"de"},{"@type":"Organization","@id":"https:\/\/www.amiblu.com\/de\/#organization","name":"Amiblu Group","url":"https:\/\/www.amiblu.com\/de\/","logo":{"@type":"ImageObject","inLanguage":"de","@id":"https:\/\/www.amiblu.com\/de\/#\/schema\/logo\/image\/","url":"https:\/\/www.amiblu.com\/wp-content\/uploads\/2021\/01\/Amiblu-logo-website-1.png","contentUrl":"https:\/\/www.amiblu.com\/wp-content\/uploads\/2021\/01\/Amiblu-logo-website-1.png","width":201,"height":38,"caption":"Amiblu Group"},"image":{"@id":"https:\/\/www.amiblu.com\/de\/#\/schema\/logo\/image\/"},"sameAs":["https:\/\/www.facebook.com\/amiblupipes","https:\/\/www.youtube.com\/c\/Amiblu","https:\/\/de.wikipedia.org\/wiki\/Amiblu","https:\/\/www.linkedin.com\/company\/amiblupipes\/"]},{"@type":"Person","@id":"https:\/\/www.amiblu.com\/de\/#\/schema\/person\/1f29275fc935f7fda92589ff9058503c","name":"Anja Strehlow","image":{"@type":"ImageObject","inLanguage":"de","@id":"https:\/\/secure.gravatar.com\/avatar\/5731db37d886ffee3940c320a110a71e4189ad575d85c2c0fad5f740ad725fdb?s=96&d=mm&r=g","url":"https:\/\/secure.gravatar.com\/avatar\/5731db37d886ffee3940c320a110a71e4189ad575d85c2c0fad5f740ad725fdb?s=96&d=mm&r=g","contentUrl":"https:\/\/secure.gravatar.com\/avatar\/5731db37d886ffee3940c320a110a71e4189ad575d85c2c0fad5f740ad725fdb?s=96&d=mm&r=g","caption":"Anja Strehlow"}}]}},"_links":{"self":[{"href":"https:\/\/www.amiblu.com\/de\/wp-json\/wp\/v2\/posts\/73698","targetHints":{"allow":["GET"]}}],"collection":[{"href":"https:\/\/www.amiblu.com\/de\/wp-json\/wp\/v2\/posts"}],"about":[{"href":"https:\/\/www.amiblu.com\/de\/wp-json\/wp\/v2\/types\/post"}],"author":[{"embeddable":true,"href":"https:\/\/www.amiblu.com\/de\/wp-json\/wp\/v2\/users\/13"}],"replies":[{"embeddable":true,"href":"https:\/\/www.amiblu.com\/de\/wp-json\/wp\/v2\/comments?post=73698"}],"version-history":[{"count":33,"href":"https:\/\/www.amiblu.com\/de\/wp-json\/wp\/v2\/posts\/73698\/revisions"}],"predecessor-version":[{"id":73736,"href":"https:\/\/www.amiblu.com\/de\/wp-json\/wp\/v2\/posts\/73698\/revisions\/73736"}],"wp:featuredmedia":[{"embeddable":true,"href":"https:\/\/www.amiblu.com\/de\/wp-json\/wp\/v2\/media\/73724"}],"wp:attachment":[{"href":"https:\/\/www.amiblu.com\/de\/wp-json\/wp\/v2\/media?parent=73698"}],"wp:term":[{"taxonomy":"category","embeddable":true,"href":"https:\/\/www.amiblu.com\/de\/wp-json\/wp\/v2\/categories?post=73698"},{"taxonomy":"post_tag","embeddable":true,"href":"https:\/\/www.amiblu.com\/de\/wp-json\/wp\/v2\/tags?post=73698"}],"curies":[{"name":"wp","href":"https:\/\/api.w.org\/{rel}","templated":true}]}}