{"id":78261,"date":"2026-02-27T13:08:04","date_gmt":"2026-02-27T12:08:04","guid":{"rendered":"https:\/\/www.amiblu.com\/?p=78261"},"modified":"2026-03-05T13:11:47","modified_gmt":"2026-03-05T12:11:47","slug":"amiblu-niederlassung-in-trollenhagen-beendet-produktion-2","status":"publish","type":"post","link":"https:\/\/www.amiblu.com\/de\/amiblu-niederlassung-in-trollenhagen-beendet-produktion-2\/","title":{"rendered":"Produktionsende bei Amiblu Niederlassung Trollenhagen verl\u00e4uft nach Plan"},"content":{"rendered":"<\/p>\n\n<style type=\"text\/css\" data-created_by=\"avia_inline_auto\" id=\"style-css-av-mhx83yb1-c1146632053c1391f59ee81751df69a2\">\n.avia-image-container.av-mhx83yb1-c1146632053c1391f59ee81751df69a2 img.avia_image{\nbox-shadow:none;\n}\n.avia-image-container.av-mhx83yb1-c1146632053c1391f59ee81751df69a2 .av-image-caption-overlay-center{\ncolor:#ffffff;\n}\n<\/style>\n<div  class='avia-image-container av-mhx83yb1-c1146632053c1391f59ee81751df69a2 av-styling- avia-align-left  avia-builder-el-0  el_before_av_hr  avia-builder-el-first '   itemprop=\"image\" itemscope=\"itemscope\" itemtype=\"https:\/\/schema.org\/ImageObject\" ><div class=\"avia-image-container-inner\"><div class=\"avia-image-overlay-wrap\"><img fetchpriority=\"high\" fetchpriority=\"high\" decoding=\"async\" fetchpriority=\"high\" class='wp-image-74720 avia-img-lazy-loading-not-74720 avia_image ' src=\"https:\/\/www.amiblu.com\/wp-content\/uploads\/Amiblu-Trollenhagen.webp\" alt='' title='Amiblu-Trollenhagen'  height=\"500\" width=\"800\"  itemprop=\"thumbnailUrl\" srcset=\"https:\/\/www.amiblu.com\/wp-content\/uploads\/Amiblu-Trollenhagen.webp 800w, https:\/\/www.amiblu.com\/wp-content\/uploads\/Amiblu-Trollenhagen-300x188.webp 300w, https:\/\/www.amiblu.com\/wp-content\/uploads\/Amiblu-Trollenhagen-768x480.webp 768w, https:\/\/www.amiblu.com\/wp-content\/uploads\/Amiblu-Trollenhagen-705x441.webp 705w\" sizes=\"(max-width: 800px) 100vw, 800px\" \/><\/div><\/div><\/div>\n\n<style type=\"text\/css\" data-created_by=\"avia_inline_auto\" id=\"style-css-av-mhx71c30-0cba8e2fd9c5764e8b7fe997c167fe02\">\n#top .hr.hr-invisible.av-mhx71c30-0cba8e2fd9c5764e8b7fe997c167fe02{\nheight:20px;\n}\n<\/style>\n<div  class='hr av-mhx71c30-0cba8e2fd9c5764e8b7fe997c167fe02 hr-invisible  avia-builder-el-1  el_after_av_image  el_before_av_heading '><span class='hr-inner '><span class=\"hr-inner-style\"><\/span><\/span><\/div>\n\n<style type=\"text\/css\" data-created_by=\"avia_inline_auto\" id=\"style-css-av-mhx71224-e1bbcd8be2ffa4c0bd1b95b3c8b17f3a\">\n#top .av-special-heading.av-mhx71224-e1bbcd8be2ffa4c0bd1b95b3c8b17f3a{\npadding-bottom:10px;\n}\nbody .av-special-heading.av-mhx71224-e1bbcd8be2ffa4c0bd1b95b3c8b17f3a .av-special-heading-tag .heading-char{\nfont-size:25px;\n}\n.av-special-heading.av-mhx71224-e1bbcd8be2ffa4c0bd1b95b3c8b17f3a .av-subheading{\nfont-size:15px;\n}\n<\/style>\n<div  class='av-special-heading av-mhx71224-e1bbcd8be2ffa4c0bd1b95b3c8b17f3a av-special-heading-h1 blockquote modern-quote  avia-builder-el-2  el_after_av_hr  el_before_av_hr '><h1 class='av-special-heading-tag '  itemprop=\"headline\"  >Produktionsende bei Amiblu Niederlassung Trollenhagen verl\u00e4uft nach Plan<\/h1><div class=\"special-heading-border\"><div class=\"special-heading-inner-border\"><\/div><\/div><\/div>\n\n<style type=\"text\/css\" data-created_by=\"avia_inline_auto\" id=\"style-css-av-mhx71l85-2b16163e1724d8b84a4b345498e7fbab\">\n#top .hr.hr-invisible.av-mhx71l85-2b16163e1724d8b84a4b345498e7fbab{\nheight:20px;\n}\n<\/style>\n<div  class='hr av-mhx71l85-2b16163e1724d8b84a4b345498e7fbab hr-invisible  avia-builder-el-3  el_after_av_heading  el_before_av_textblock '><span class='hr-inner '><span class=\"hr-inner-style\"><\/span><\/span><\/div>\n<section  class='av_textblock_section av-mhx7g5zl-a3cd570a23a25826b6d9915df3d38fad '   itemscope=\"itemscope\" itemtype=\"https:\/\/schema.org\/BlogPosting\" itemprop=\"blogPost\" ><div class='avia_textblock'  itemprop=\"text\" ><p><em>Trollenhagen, 27.02.2026<\/em> \u2013 Amiblu, der f\u00fchrende Anbieter von GFK-Rohrsysteml\u00f6sungen f\u00fcr Infrastrukturprojekte in Europa, informiert zum schrittweise geplanten Auslaufen der Produktion am Standort Trollenhagen. Belegschaft und \u00d6ffentlichkeit wurden im November 2025 \u00fcber die geplanten Umstrukturierungen informiert, die Teil einer strategischen Konsolidierung und Optimierung der europ\u00e4ischen Fertigungsstruktur von Amiblu sind. Dies wurde notwendig, um die langfristige Wettbewerbsf\u00e4higkeit des Unternehmens zu sichern und die Unternehmensstrategie an aktuelle Marktentwicklungen anzupassen.<\/p>\n<p>Zum gegenw\u00e4rtigen Stand berichtet Mario Frieben, Gesch\u00e4ftsf\u00fchrer von Amiblu Deutschland: \u201eWir werden die Produktion am Standort Trollenhagen wie vorgesehen zum 31. M\u00e4rz 2026 auslaufen lassen. Nach dieser teilweisen Stilllegung des Standorts werden auf Fertigungsseite nur noch R\u00fcckbauarbeiten durchgef\u00fchrt. Wie vorgesehen bleiben Teile der Verwaltung \u2013 Controlling, Marketing und Buchhaltung \u2013 am Standort erhalten. Dies wurde im abgeschlossenen Interessensausgleich mit dem Betriebsrat schriftlich fixiert. Auch der zweite deutsche Produktionsstandort in D\u00f6beln bleibt unber\u00fchrt von unseren derzeitigen Ma\u00dfnahmen.\u201c<\/p>\n<p>Im Rahmen der geplanten Umstrukturierung wurden ab Anfang November 2025 intensive und konstruktive Gespr\u00e4che mit dem Betriebsrat gef\u00fchrt, die im Ergebnis noch vor Weihnachten 2025 zu einem vollumf\u00e4nglichen Interessensausgleich, Sozialplan und einer gesonderten Betriebsvereinbarung gef\u00fchrt haben.<\/p>\n<p>\u201eUnsere Vereinbarung mit dem Betriebsrat geht weit \u00fcber das rechtlich notwendige Ma\u00df hinaus. So wurden gro\u00dfz\u00fcgige Abfindungen vereinbart und f\u00fcr Menschen mit Behinderungen weitere Sonderzahlungen genehmigt. Au\u00dferdem haben wir den betroffenen Mitarbeitenden angeboten, zum Standort D\u00f6beln zu wechseln, sofern m\u00f6glich. Schlie\u00dflich fanden auch mehrere Termine mit der Agentur f\u00fcr Arbeit am Standort statt, um die ausscheidenden Kolleginnen und Kollegen bestm\u00f6glich bei der Neuorientierung zu unterst\u00fctzen. Die Gr\u00fcndung einer eigenen Transfergesellschaft hat sich dabei als nicht notwendig herausgestellt.\u201c<\/p>\n<p>\u201eAmiblu hat damit als Arbeitgeber in der Region Verantwortung \u00fcbernommen und steht nat\u00fcrlich auch weiter zu seiner Verantwortung als starker Wirtschaftspartner in Europa. Wir sind unseren Mitarbeitenden in Trollenhagen dankbar f\u00fcr ihr langj\u00e4hriges Engagement\u201c, so Frieben abschlie\u00dfend.<\/p>\n<\/div><\/section>\n<div  class='avia-button-wrap av-mhx7urrb-8c2051dc475fd8b6d3cffabd0fbb9510-wrap avia-button-left  avia-builder-el-5  el_after_av_textblock  avia-builder-el-last  amiblu-outline-button'>\n<style type=\"text\/css\" data-created_by=\"avia_inline_auto\" id=\"style-css-av-mhx7urrb-8c2051dc475fd8b6d3cffabd0fbb9510\">\n#top #wrap_all .avia-button.av-mhx7urrb-8c2051dc475fd8b6d3cffabd0fbb9510{\nfont-size:16px;\ntransition:all 0.4s ease-in-out;\n}\n#top #wrap_all .avia-button.av-mhx7urrb-8c2051dc475fd8b6d3cffabd0fbb9510:hover{\nbackground-color:#009fe3;\ncolor:white;\ntransition:all 0.4s ease-in-out;\n}\n#top #wrap_all .avia-button.av-mhx7urrb-8c2051dc475fd8b6d3cffabd0fbb9510:hover .avia-svg-icon svg:first-child{\nfill:white;\nstroke:white;\n}\n<\/style>\n<a href='https:\/\/www.amiblu.com\/wp-content\/uploads\/Presseinformation_Amiblu_UPDATE_Niederlassung-in-Trollenhagen-beendet-Produktion_270226.pdf'  class='avia-button av-mhx7urrb-8c2051dc475fd8b6d3cffabd0fbb9510 av-download-btn noLightbox avia-icon_select-yes-right-icon avia-size-medium avia-position-left avia-color-theme-color avia-font-color-theme-color' download  aria-label=\"Download Presseinformation\"><span class='avia_iconbox_title' >Download Presseinformation<\/span><span class='avia_button_icon avia_button_icon_right avia-iconfont avia-font-amiblu-icons' data-av_icon='\ue802' data-av_iconfont='amiblu-icons' ><\/span><\/a><\/div>\n","protected":false},"excerpt":{"rendered":"<p>Presseinformation: Die Produktion am Standort Trollenhagen wird wie vorgesehen zum 31. M\u00e4rz 2026 auslaufen.<\/p>\n","protected":false},"author":8,"featured_media":74720,"comment_status":"closed","ping_status":"closed","sticky":false,"template":"","format":"standard","meta":{"_acf_changed":false,"footnotes":""},"categories":[162],"tags":[],"class_list":["post-78261","post","type-post","status-publish","format-standard","has-post-thumbnail","hentry","category-news-2"],"acf":[],"yoast_head":"<!-- This site is optimized with the Yoast SEO Premium plugin v27.4 (Yoast SEO v27.5) - https:\/\/yoast.com\/product\/yoast-seo-premium-wordpress\/ -->\n<title>Produktionsende bei Amiblu Niederlassung Trollenhagen verl\u00e4uft nach Plan - Amiblu<\/title>\n<meta name=\"description\" content=\"Im Rahmen der geplanten Umstrukturierung wurden ab Anfang November 2025 intensive und konstruktive Gespr\u00e4che mit dem Betriebsrat gef\u00fchrt, die im Ergebnis noch vor Weihnachten 2025 zu einem vollumf\u00e4nglichen Interessensausgleich, Sozialplan und einer gesonderten Betriebsvereinbarung gef\u00fchrt haben.\" \/>\n<meta name=\"robots\" content=\"index, follow, max-snippet:-1, max-image-preview:large, max-video-preview:-1\" \/>\n<link rel=\"canonical\" href=\"https:\/\/www.amiblu.com\/de\/amiblu-niederlassung-in-trollenhagen-beendet-produktion-2\/\" \/>\n<meta property=\"og:locale\" content=\"de_DE\" \/>\n<meta property=\"og:type\" content=\"article\" \/>\n<meta property=\"og:title\" content=\"Produktionsende bei Amiblu Niederlassung Trollenhagen verl\u00e4uft nach Plan\" \/>\n<meta property=\"og:description\" content=\"Im Rahmen der geplanten Umstrukturierung wurden ab Anfang November 2025 intensive und konstruktive Gespr\u00e4che mit dem Betriebsrat gef\u00fchrt, die im Ergebnis noch vor Weihnachten 2025 zu einem vollumf\u00e4nglichen Interessensausgleich, Sozialplan und einer gesonderten Betriebsvereinbarung gef\u00fchrt haben.\" \/>\n<meta property=\"og:url\" content=\"https:\/\/www.amiblu.com\/de\/amiblu-niederlassung-in-trollenhagen-beendet-produktion-2\/\" \/>\n<meta property=\"og:site_name\" content=\"Amiblu\" \/>\n<meta property=\"article:publisher\" content=\"https:\/\/www.facebook.com\/amiblupipes\" \/>\n<meta property=\"article:published_time\" content=\"2026-02-27T12:08:04+00:00\" \/>\n<meta property=\"article:modified_time\" content=\"2026-03-05T12:11:47+00:00\" \/>\n<meta property=\"og:image\" content=\"https:\/\/www.amiblu.com\/wp-content\/uploads\/Amiblu-Trollenhagen.webp\" \/>\n\t<meta property=\"og:image:width\" content=\"800\" \/>\n\t<meta property=\"og:image:height\" content=\"500\" \/>\n\t<meta property=\"og:image:type\" content=\"image\/webp\" \/>\n<meta name=\"author\" content=\"Sabrina Waldner\" \/>\n<meta name=\"twitter:card\" content=\"summary_large_image\" \/>\n<meta name=\"twitter:label1\" content=\"Verfasst von\" \/>\n\t<meta name=\"twitter:data1\" content=\"Sabrina Waldner\" \/>\n\t<meta name=\"twitter:label2\" content=\"Gesch\u00e4tzte Lesezeit\" \/>\n\t<meta name=\"twitter:data2\" content=\"2\u00a0Minuten\" \/>\n<script type=\"application\/ld+json\" class=\"yoast-schema-graph\">{\"@context\":\"https:\\\/\\\/schema.org\",\"@graph\":[{\"@type\":\"Article\",\"@id\":\"https:\\\/\\\/www.amiblu.com\\\/de\\\/amiblu-niederlassung-in-trollenhagen-beendet-produktion-2\\\/#article\",\"isPartOf\":{\"@id\":\"https:\\\/\\\/www.amiblu.com\\\/de\\\/amiblu-niederlassung-in-trollenhagen-beendet-produktion-2\\\/\"},\"author\":{\"name\":\"Sabrina Waldner\",\"@id\":\"https:\\\/\\\/www.amiblu.com\\\/de\\\/#\\\/schema\\\/person\\\/66d4fe66582f5e08feb0c6d94831bea0\"},\"headline\":\"Produktionsende bei Amiblu Niederlassung Trollenhagen verl\u00e4uft nach Plan\",\"datePublished\":\"2026-02-27T12:08:04+00:00\",\"dateModified\":\"2026-03-05T12:11:47+00:00\",\"mainEntityOfPage\":{\"@id\":\"https:\\\/\\\/www.amiblu.com\\\/de\\\/amiblu-niederlassung-in-trollenhagen-beendet-produktion-2\\\/\"},\"wordCount\":1188,\"publisher\":{\"@id\":\"https:\\\/\\\/www.amiblu.com\\\/de\\\/#organization\"},\"image\":{\"@id\":\"https:\\\/\\\/www.amiblu.com\\\/de\\\/amiblu-niederlassung-in-trollenhagen-beendet-produktion-2\\\/#primaryimage\"},\"thumbnailUrl\":\"https:\\\/\\\/www.amiblu.com\\\/wp-content\\\/uploads\\\/Amiblu-Trollenhagen.webp\",\"articleSection\":[\"News\"],\"inLanguage\":\"de\"},{\"@type\":\"WebPage\",\"@id\":\"https:\\\/\\\/www.amiblu.com\\\/de\\\/amiblu-niederlassung-in-trollenhagen-beendet-produktion-2\\\/\",\"url\":\"https:\\\/\\\/www.amiblu.com\\\/de\\\/amiblu-niederlassung-in-trollenhagen-beendet-produktion-2\\\/\",\"name\":\"Produktionsende bei Amiblu Niederlassung Trollenhagen verl\u00e4uft nach Plan - Amiblu\",\"isPartOf\":{\"@id\":\"https:\\\/\\\/www.amiblu.com\\\/de\\\/#website\"},\"primaryImageOfPage\":{\"@id\":\"https:\\\/\\\/www.amiblu.com\\\/de\\\/amiblu-niederlassung-in-trollenhagen-beendet-produktion-2\\\/#primaryimage\"},\"image\":{\"@id\":\"https:\\\/\\\/www.amiblu.com\\\/de\\\/amiblu-niederlassung-in-trollenhagen-beendet-produktion-2\\\/#primaryimage\"},\"thumbnailUrl\":\"https:\\\/\\\/www.amiblu.com\\\/wp-content\\\/uploads\\\/Amiblu-Trollenhagen.webp\",\"datePublished\":\"2026-02-27T12:08:04+00:00\",\"dateModified\":\"2026-03-05T12:11:47+00:00\",\"description\":\"Im Rahmen der geplanten Umstrukturierung wurden ab Anfang November 2025 intensive und konstruktive Gespr\u00e4che mit dem Betriebsrat gef\u00fchrt, die im Ergebnis noch vor Weihnachten 2025 zu einem vollumf\u00e4nglichen Interessensausgleich, Sozialplan und einer gesonderten Betriebsvereinbarung gef\u00fchrt haben.\",\"inLanguage\":\"de\",\"potentialAction\":[{\"@type\":\"ReadAction\",\"target\":[\"https:\\\/\\\/www.amiblu.com\\\/de\\\/amiblu-niederlassung-in-trollenhagen-beendet-produktion-2\\\/\"]}]},{\"@type\":\"ImageObject\",\"inLanguage\":\"de\",\"@id\":\"https:\\\/\\\/www.amiblu.com\\\/de\\\/amiblu-niederlassung-in-trollenhagen-beendet-produktion-2\\\/#primaryimage\",\"url\":\"https:\\\/\\\/www.amiblu.com\\\/wp-content\\\/uploads\\\/Amiblu-Trollenhagen.webp\",\"contentUrl\":\"https:\\\/\\\/www.amiblu.com\\\/wp-content\\\/uploads\\\/Amiblu-Trollenhagen.webp\",\"width\":800,\"height\":500},{\"@type\":\"WebSite\",\"@id\":\"https:\\\/\\\/www.amiblu.com\\\/de\\\/#website\",\"url\":\"https:\\\/\\\/www.amiblu.com\\\/de\\\/\",\"name\":\"Amiblu\",\"description\":\"GFK-Rohrsysteme f\u00fcr Generationen\",\"publisher\":{\"@id\":\"https:\\\/\\\/www.amiblu.com\\\/de\\\/#organization\"},\"potentialAction\":[{\"@type\":\"SearchAction\",\"target\":{\"@type\":\"EntryPoint\",\"urlTemplate\":\"https:\\\/\\\/www.amiblu.com\\\/de\\\/?s={search_term_string}\"},\"query-input\":{\"@type\":\"PropertyValueSpecification\",\"valueRequired\":true,\"valueName\":\"search_term_string\"}}],\"inLanguage\":\"de\"},{\"@type\":\"Organization\",\"@id\":\"https:\\\/\\\/www.amiblu.com\\\/de\\\/#organization\",\"name\":\"Amiblu Group\",\"url\":\"https:\\\/\\\/www.amiblu.com\\\/de\\\/\",\"logo\":{\"@type\":\"ImageObject\",\"inLanguage\":\"de\",\"@id\":\"https:\\\/\\\/www.amiblu.com\\\/de\\\/#\\\/schema\\\/logo\\\/image\\\/\",\"url\":\"https:\\\/\\\/www.amiblu.com\\\/wp-content\\\/uploads\\\/2021\\\/01\\\/Amiblu-logo-website-1.png\",\"contentUrl\":\"https:\\\/\\\/www.amiblu.com\\\/wp-content\\\/uploads\\\/2021\\\/01\\\/Amiblu-logo-website-1.png\",\"width\":201,\"height\":38,\"caption\":\"Amiblu Group\"},\"image\":{\"@id\":\"https:\\\/\\\/www.amiblu.com\\\/de\\\/#\\\/schema\\\/logo\\\/image\\\/\"},\"sameAs\":[\"https:\\\/\\\/www.facebook.com\\\/amiblupipes\",\"https:\\\/\\\/www.youtube.com\\\/c\\\/Amiblu\",\"https:\\\/\\\/de.wikipedia.org\\\/wiki\\\/Amiblu\",\"https:\\\/\\\/www.linkedin.com\\\/company\\\/amiblupipes\\\/\"]},{\"@type\":\"Person\",\"@id\":\"https:\\\/\\\/www.amiblu.com\\\/de\\\/#\\\/schema\\\/person\\\/66d4fe66582f5e08feb0c6d94831bea0\",\"name\":\"Sabrina Waldner\",\"image\":{\"@type\":\"ImageObject\",\"inLanguage\":\"de\",\"@id\":\"https:\\\/\\\/secure.gravatar.com\\\/avatar\\\/13cdbddc478ca35f68d646e8ab726e9621b98a13bfedaa60f87ca493f92dca34?s=96&d=mm&r=g\",\"url\":\"https:\\\/\\\/secure.gravatar.com\\\/avatar\\\/13cdbddc478ca35f68d646e8ab726e9621b98a13bfedaa60f87ca493f92dca34?s=96&d=mm&r=g\",\"contentUrl\":\"https:\\\/\\\/secure.gravatar.com\\\/avatar\\\/13cdbddc478ca35f68d646e8ab726e9621b98a13bfedaa60f87ca493f92dca34?s=96&d=mm&r=g\",\"caption\":\"Sabrina Waldner\"}}]}<\/script>\n<!-- \/ Yoast SEO Premium plugin. -->","yoast_head_json":{"title":"Produktionsende bei Amiblu Niederlassung Trollenhagen verl\u00e4uft nach Plan - Amiblu","description":"Im Rahmen der geplanten Umstrukturierung wurden ab Anfang November 2025 intensive und konstruktive Gespr\u00e4che mit dem Betriebsrat gef\u00fchrt, die im Ergebnis noch vor Weihnachten 2025 zu einem vollumf\u00e4nglichen Interessensausgleich, Sozialplan und einer gesonderten Betriebsvereinbarung gef\u00fchrt haben.","robots":{"index":"index","follow":"follow","max-snippet":"max-snippet:-1","max-image-preview":"max-image-preview:large","max-video-preview":"max-video-preview:-1"},"canonical":"https:\/\/www.amiblu.com\/de\/amiblu-niederlassung-in-trollenhagen-beendet-produktion-2\/","og_locale":"de_DE","og_type":"article","og_title":"Produktionsende bei Amiblu Niederlassung Trollenhagen verl\u00e4uft nach Plan","og_description":"Im Rahmen der geplanten Umstrukturierung wurden ab Anfang November 2025 intensive und konstruktive Gespr\u00e4che mit dem Betriebsrat gef\u00fchrt, die im Ergebnis noch vor Weihnachten 2025 zu einem vollumf\u00e4nglichen Interessensausgleich, Sozialplan und einer gesonderten Betriebsvereinbarung gef\u00fchrt haben.","og_url":"https:\/\/www.amiblu.com\/de\/amiblu-niederlassung-in-trollenhagen-beendet-produktion-2\/","og_site_name":"Amiblu","article_publisher":"https:\/\/www.facebook.com\/amiblupipes","article_published_time":"2026-02-27T12:08:04+00:00","article_modified_time":"2026-03-05T12:11:47+00:00","og_image":[{"width":800,"height":500,"url":"https:\/\/www.amiblu.com\/wp-content\/uploads\/Amiblu-Trollenhagen.webp","type":"image\/webp"}],"author":"Sabrina Waldner","twitter_card":"summary_large_image","twitter_misc":{"Verfasst von":"Sabrina Waldner","Gesch\u00e4tzte Lesezeit":"2\u00a0Minuten"},"schema":{"@context":"https:\/\/schema.org","@graph":[{"@type":"Article","@id":"https:\/\/www.amiblu.com\/de\/amiblu-niederlassung-in-trollenhagen-beendet-produktion-2\/#article","isPartOf":{"@id":"https:\/\/www.amiblu.com\/de\/amiblu-niederlassung-in-trollenhagen-beendet-produktion-2\/"},"author":{"name":"Sabrina Waldner","@id":"https:\/\/www.amiblu.com\/de\/#\/schema\/person\/66d4fe66582f5e08feb0c6d94831bea0"},"headline":"Produktionsende bei Amiblu Niederlassung Trollenhagen verl\u00e4uft nach Plan","datePublished":"2026-02-27T12:08:04+00:00","dateModified":"2026-03-05T12:11:47+00:00","mainEntityOfPage":{"@id":"https:\/\/www.amiblu.com\/de\/amiblu-niederlassung-in-trollenhagen-beendet-produktion-2\/"},"wordCount":1188,"publisher":{"@id":"https:\/\/www.amiblu.com\/de\/#organization"},"image":{"@id":"https:\/\/www.amiblu.com\/de\/amiblu-niederlassung-in-trollenhagen-beendet-produktion-2\/#primaryimage"},"thumbnailUrl":"https:\/\/www.amiblu.com\/wp-content\/uploads\/Amiblu-Trollenhagen.webp","articleSection":["News"],"inLanguage":"de"},{"@type":"WebPage","@id":"https:\/\/www.amiblu.com\/de\/amiblu-niederlassung-in-trollenhagen-beendet-produktion-2\/","url":"https:\/\/www.amiblu.com\/de\/amiblu-niederlassung-in-trollenhagen-beendet-produktion-2\/","name":"Produktionsende bei Amiblu Niederlassung Trollenhagen verl\u00e4uft nach Plan - Amiblu","isPartOf":{"@id":"https:\/\/www.amiblu.com\/de\/#website"},"primaryImageOfPage":{"@id":"https:\/\/www.amiblu.com\/de\/amiblu-niederlassung-in-trollenhagen-beendet-produktion-2\/#primaryimage"},"image":{"@id":"https:\/\/www.amiblu.com\/de\/amiblu-niederlassung-in-trollenhagen-beendet-produktion-2\/#primaryimage"},"thumbnailUrl":"https:\/\/www.amiblu.com\/wp-content\/uploads\/Amiblu-Trollenhagen.webp","datePublished":"2026-02-27T12:08:04+00:00","dateModified":"2026-03-05T12:11:47+00:00","description":"Im Rahmen der geplanten Umstrukturierung wurden ab Anfang November 2025 intensive und konstruktive Gespr\u00e4che mit dem Betriebsrat gef\u00fchrt, die im Ergebnis noch vor Weihnachten 2025 zu einem vollumf\u00e4nglichen Interessensausgleich, Sozialplan und einer gesonderten Betriebsvereinbarung gef\u00fchrt haben.","inLanguage":"de","potentialAction":[{"@type":"ReadAction","target":["https:\/\/www.amiblu.com\/de\/amiblu-niederlassung-in-trollenhagen-beendet-produktion-2\/"]}]},{"@type":"ImageObject","inLanguage":"de","@id":"https:\/\/www.amiblu.com\/de\/amiblu-niederlassung-in-trollenhagen-beendet-produktion-2\/#primaryimage","url":"https:\/\/www.amiblu.com\/wp-content\/uploads\/Amiblu-Trollenhagen.webp","contentUrl":"https:\/\/www.amiblu.com\/wp-content\/uploads\/Amiblu-Trollenhagen.webp","width":800,"height":500},{"@type":"WebSite","@id":"https:\/\/www.amiblu.com\/de\/#website","url":"https:\/\/www.amiblu.com\/de\/","name":"Amiblu","description":"GFK-Rohrsysteme f\u00fcr Generationen","publisher":{"@id":"https:\/\/www.amiblu.com\/de\/#organization"},"potentialAction":[{"@type":"SearchAction","target":{"@type":"EntryPoint","urlTemplate":"https:\/\/www.amiblu.com\/de\/?s={search_term_string}"},"query-input":{"@type":"PropertyValueSpecification","valueRequired":true,"valueName":"search_term_string"}}],"inLanguage":"de"},{"@type":"Organization","@id":"https:\/\/www.amiblu.com\/de\/#organization","name":"Amiblu Group","url":"https:\/\/www.amiblu.com\/de\/","logo":{"@type":"ImageObject","inLanguage":"de","@id":"https:\/\/www.amiblu.com\/de\/#\/schema\/logo\/image\/","url":"https:\/\/www.amiblu.com\/wp-content\/uploads\/2021\/01\/Amiblu-logo-website-1.png","contentUrl":"https:\/\/www.amiblu.com\/wp-content\/uploads\/2021\/01\/Amiblu-logo-website-1.png","width":201,"height":38,"caption":"Amiblu Group"},"image":{"@id":"https:\/\/www.amiblu.com\/de\/#\/schema\/logo\/image\/"},"sameAs":["https:\/\/www.facebook.com\/amiblupipes","https:\/\/www.youtube.com\/c\/Amiblu","https:\/\/de.wikipedia.org\/wiki\/Amiblu","https:\/\/www.linkedin.com\/company\/amiblupipes\/"]},{"@type":"Person","@id":"https:\/\/www.amiblu.com\/de\/#\/schema\/person\/66d4fe66582f5e08feb0c6d94831bea0","name":"Sabrina Waldner","image":{"@type":"ImageObject","inLanguage":"de","@id":"https:\/\/secure.gravatar.com\/avatar\/13cdbddc478ca35f68d646e8ab726e9621b98a13bfedaa60f87ca493f92dca34?s=96&d=mm&r=g","url":"https:\/\/secure.gravatar.com\/avatar\/13cdbddc478ca35f68d646e8ab726e9621b98a13bfedaa60f87ca493f92dca34?s=96&d=mm&r=g","contentUrl":"https:\/\/secure.gravatar.com\/avatar\/13cdbddc478ca35f68d646e8ab726e9621b98a13bfedaa60f87ca493f92dca34?s=96&d=mm&r=g","caption":"Sabrina Waldner"}}]}},"_links":{"self":[{"href":"https:\/\/www.amiblu.com\/de\/wp-json\/wp\/v2\/posts\/78261","targetHints":{"allow":["GET"]}}],"collection":[{"href":"https:\/\/www.amiblu.com\/de\/wp-json\/wp\/v2\/posts"}],"about":[{"href":"https:\/\/www.amiblu.com\/de\/wp-json\/wp\/v2\/types\/post"}],"author":[{"embeddable":true,"href":"https:\/\/www.amiblu.com\/de\/wp-json\/wp\/v2\/users\/8"}],"replies":[{"embeddable":true,"href":"https:\/\/www.amiblu.com\/de\/wp-json\/wp\/v2\/comments?post=78261"}],"version-history":[{"count":8,"href":"https:\/\/www.amiblu.com\/de\/wp-json\/wp\/v2\/posts\/78261\/revisions"}],"predecessor-version":[{"id":78271,"href":"https:\/\/www.amiblu.com\/de\/wp-json\/wp\/v2\/posts\/78261\/revisions\/78271"}],"wp:featuredmedia":[{"embeddable":true,"href":"https:\/\/www.amiblu.com\/de\/wp-json\/wp\/v2\/media\/74720"}],"wp:attachment":[{"href":"https:\/\/www.amiblu.com\/de\/wp-json\/wp\/v2\/media?parent=78261"}],"wp:term":[{"taxonomy":"category","embeddable":true,"href":"https:\/\/www.amiblu.com\/de\/wp-json\/wp\/v2\/categories?post=78261"},{"taxonomy":"post_tag","embeddable":true,"href":"https:\/\/www.amiblu.com\/de\/wp-json\/wp\/v2\/tags?post=78261"}],"curies":[{"name":"wp","href":"https:\/\/api.w.org\/{rel}","templated":true}]}}