{"id":78619,"date":"2026-03-18T09:54:31","date_gmt":"2026-03-18T08:54:31","guid":{"rendered":"https:\/\/www.amiblu.com\/?p=78619"},"modified":"2026-04-29T13:18:46","modified_gmt":"2026-04-29T11:18:46","slug":"ifat-2026","status":"publish","type":"post","link":"https:\/\/www.amiblu.com\/de\/ifat-2026\/","title":{"rendered":"IFAT 2026"},"content":{"rendered":"\n<style type=\"text\/css\" data-created_by=\"avia_inline_auto\" id=\"style-css-av-m1otfg4w-a0c3182865836efd0bf8e7f75b7d1ec0\">\n.avia-image-container.av-m1otfg4w-a0c3182865836efd0bf8e7f75b7d1ec0 img.avia_image{\nbox-shadow:none;\n}\n.avia-image-container.av-m1otfg4w-a0c3182865836efd0bf8e7f75b7d1ec0 .av-image-caption-overlay-center{\ncolor:#ffffff;\n}\n<\/style>\n<div  class='avia-image-container av-m1otfg4w-a0c3182865836efd0bf8e7f75b7d1ec0 av-styling- avia-align-center  avia-builder-el-0  el_before_av_hr  avia-builder-el-first '   itemprop=\"image\" itemscope=\"itemscope\" itemtype=\"https:\/\/schema.org\/ImageObject\" ><div class=\"avia-image-container-inner\"><div class=\"avia-image-overlay-wrap\"><img fetchpriority=\"high\" fetchpriority=\"high\" decoding=\"async\" fetchpriority=\"high\" class='wp-image-78620 avia-img-lazy-loading-not-78620 avia_image ' src=\"https:\/\/www.amiblu.com\/wp-content\/uploads\/Gruppenbild_IFAT-2024_web.jpg\" alt='IFAT2024-Gruppenbild' title='Gruppenbild_IFAT 2024_web'  height=\"500\" width=\"800\"  itemprop=\"thumbnailUrl\" srcset=\"https:\/\/www.amiblu.com\/wp-content\/uploads\/Gruppenbild_IFAT-2024_web.jpg 800w, https:\/\/www.amiblu.com\/wp-content\/uploads\/Gruppenbild_IFAT-2024_web-300x188.jpg 300w, https:\/\/www.amiblu.com\/wp-content\/uploads\/Gruppenbild_IFAT-2024_web-768x480.jpg 768w, https:\/\/www.amiblu.com\/wp-content\/uploads\/Gruppenbild_IFAT-2024_web-705x441.jpg 705w\" sizes=\"(max-width: 800px) 100vw, 800px\" \/><\/div><\/div><\/div>\n\n<style type=\"text\/css\" data-created_by=\"avia_inline_auto\" id=\"style-css-av-lty2iwyc-8d3eed41dba5c701f5993d6de49ee93f\">\n#top .hr.hr-invisible.av-lty2iwyc-8d3eed41dba5c701f5993d6de49ee93f{\nheight:25px;\n}\n<\/style>\n<div  class='hr av-lty2iwyc-8d3eed41dba5c701f5993d6de49ee93f hr-invisible  avia-builder-el-1  el_after_av_image  el_before_av_heading '><span class='hr-inner '><span class=\"hr-inner-style\"><\/span><\/span><\/div>\n\n<style type=\"text\/css\" data-created_by=\"avia_inline_auto\" id=\"style-css-av-lsoj3hez-ef115b1b66180f27098345c5298ff43c\">\n#top .av-special-heading.av-lsoj3hez-ef115b1b66180f27098345c5298ff43c{\npadding-bottom:0;\n}\nbody .av-special-heading.av-lsoj3hez-ef115b1b66180f27098345c5298ff43c .av-special-heading-tag .heading-char{\nfont-size:25px;\n}\n.av-special-heading.av-lsoj3hez-ef115b1b66180f27098345c5298ff43c .av-subheading{\nfont-size:15px;\n}\n<\/style>\n<div  class='av-special-heading av-lsoj3hez-ef115b1b66180f27098345c5298ff43c av-special-heading-h1  avia-builder-el-2  el_after_av_hr  el_before_av_hr '><h1 class='av-special-heading-tag '  itemprop=\"headline\"  >Wir pr\u00e4sentieren: Langlebige Rohr-L\u00f6sungen f\u00fcr eine nachhaltige Infrastruktur<\/h1><div class=\"special-heading-border\"><div class=\"special-heading-inner-border\"><\/div><\/div><\/div>\n\n<style type=\"text\/css\" data-created_by=\"avia_inline_auto\" id=\"style-css-av-1icg2hn-960f3f4629eb96441f61e57fa981f5db\">\n#top .hr.hr-invisible.av-1icg2hn-960f3f4629eb96441f61e57fa981f5db{\nheight:25px;\n}\n<\/style>\n<div  class='hr av-1icg2hn-960f3f4629eb96441f61e57fa981f5db hr-invisible  avia-builder-el-3  el_after_av_heading  el_before_av_textblock '><span class='hr-inner '><span class=\"hr-inner-style\"><\/span><\/span><\/div>\n<section  class='av_textblock_section av-m1otkh9x-801ad7d1457fc81866e720f73f749e1b '   itemscope=\"itemscope\" itemtype=\"https:\/\/schema.org\/BlogPosting\" itemprop=\"blogPost\" ><div class='avia_textblock'  itemprop=\"text\" ><p>In weniger als 2 Monaten ist es wieder soweit: IFAT in M\u00fcnchen, die Weltleitmesse f\u00fcr Wasser-, Abwasser-, Abfall- und Rohstoffwirtschaft.<\/p>\n<p>Und nat\u00fcrlich sind wir wieder dabei &#8211; vom 4. bis 7. Mai 2026 in Halle B3 \/ Stand 415.<\/p>\n<p>\u201eWir sind seit vielen Jahren Aussteller auf der IFAT und freuen uns auch in diesem Jahr sehr darauf, Teil dieser wichtigen Branchenplattform zu sein, mit vielen fachlichen Gespr\u00e4chen, dem Wiedersehen unserer Kunden und Partner sowie neuen Kontakten und wertvollen Impulsen aus der internationalen Wasserwirtschaft\u201c, so Mario Frieben (Managing Director Amiblu Germany GmbH).<\/p>\n<\/div><\/section>\n\n<style type=\"text\/css\" data-created_by=\"avia_inline_auto\" id=\"style-css-av-8j6yb4-1504677a7fff56eea78a2ded39e27537\">\n#top .hr.hr-invisible.av-8j6yb4-1504677a7fff56eea78a2ded39e27537{\nheight:25px;\n}\n<\/style>\n<div  class='hr av-8j6yb4-1504677a7fff56eea78a2ded39e27537 hr-invisible  avia-builder-el-5  el_after_av_textblock  el_before_av_textblock '><span class='hr-inner '><span class=\"hr-inner-style\"><\/span><\/span><\/div>\n<section  class='av_textblock_section av-mfqkna4g-41a4d6c7c96621223d72ff32adebfd27 '   itemscope=\"itemscope\" itemtype=\"https:\/\/schema.org\/BlogPosting\" itemprop=\"blogPost\" ><div class='avia_textblock'  itemprop=\"text\" ><h3><strong>Zuverl\u00e4ssige GFK-Rohrsysteme f\u00fcr jede Anforderung<\/strong><\/h3>\n<p>Amiblu unterst\u00fctzt seine Kunden weltweit mit langlebigen GFK-Rohrsystemen f\u00fcr Anwendungen in der kommunalen und industriellen Wasserinfrastruktur.<\/p>\n<p>Bei komplexen technischen Herausforderungen \u00fcbernimmt Amiblu auf Wunsch auch die vollst\u00e4ndige Abwicklung industrieller Rohrleitungssysteme, einschlie\u00dflich Planung, Anpassung, Fertigung und technischer Begleitung w\u00e4hrend der Installation.<\/p>\n<p><strong>Herzst\u00fcck des Messeauftritts<\/strong> ist der umfassende Amiblu Ansatz \u201e<strong>L\u00f6sungen f\u00fcr Generationen<\/strong>\u201c: Jedes Projekt profitiert vom langj\u00e4hrigen technischen <strong>Know-how des Unternehmens<\/strong>, dem Produktdesign f\u00fcr <strong>sehr langlebige Rohrsysteme<\/strong> und den <strong>ma\u00dfgeschneiderten L\u00f6sungen<\/strong> f\u00fcr anspruchsvolle Projekte bis hin zu <strong>praktischer Unterst\u00fctzung w\u00e4hrend der Bauausf\u00fchrung<\/strong>.<\/p>\n<\/div><\/section>\n\n<style type=\"text\/css\" data-created_by=\"avia_inline_auto\" id=\"style-css-av-268ebbk-a42460bd12b0f53e57cdf28d0990d442\">\n#top .hr.hr-invisible.av-268ebbk-a42460bd12b0f53e57cdf28d0990d442{\nheight:25px;\n}\n<\/style>\n<div  class='hr av-268ebbk-a42460bd12b0f53e57cdf28d0990d442 hr-invisible  avia-builder-el-7  el_after_av_textblock  el_before_av_textblock '><span class='hr-inner '><span class=\"hr-inner-style\"><\/span><\/span><\/div>\n<section  class='av_textblock_section av-m1ouacvy-300b6cb244f319fd1bfe0fb33f3a7412 '   itemscope=\"itemscope\" itemtype=\"https:\/\/schema.org\/BlogPosting\" itemprop=\"blogPost\" ><div class='avia_textblock'  itemprop=\"text\" ><h3><strong>Neuheiten auf der IFAT 2026<\/strong><\/h3>\n<p><em><u>PROX \u2013 Der n\u00e4chste Schritt in eine nachhaltige Zukunft<\/u><\/em><\/p>\n<p>Amiblu stellt PROX als emissions\u00e4rmere Alternative f\u00fcr Projektl\u00f6sungen vor.<\/p>\n<p><strong>PROX<\/strong> ist ein neuer Ansatz f\u00fcr Design und Produktion von GFK-Rohrsystemen, der den <strong>CO\u2082-Fu\u00dfabdruck von Projekten um bis zu 60 % reduziert<\/strong> durch:<\/p>\n<ul>\n<li>innovative, emissions\u00e4rmere Rohstoffe<\/li>\n<li>verantwortungsbewusste Herstellungsprozesse<\/li>\n<li>CO\u2082 optimierte Logistik und Transportwege<\/li>\n<\/ul>\n<p>PROX richtet sich an Bauherren, Kommunen und Betreiber, die ihre Infrastrukturprojekte schon beim Bau nachhaltiger gestalten m\u00f6chten, ohne Kompromisse bei Qualit\u00e4t, Leistung oder Lebensdauer einzugehen.<\/p>\n<p><em><u>Premiere: GRE-L\u00f6sungen<\/u><\/em><\/p>\n<p>Erstmals pr\u00e4sentiert Amiblu in Deutschland auch seine neuen <strong>GRE-Rohre (Glass Reinforced Epoxy)<\/strong> und erweitert damit sein Portfolio f\u00fcr anspruchsvolle Anwendungen <strong>mit besonders hohen Temperaturen und Druckanforderungen<\/strong>.<\/p>\n<\/div><\/section>\n\n<style type=\"text\/css\" data-created_by=\"avia_inline_auto\" id=\"style-css-av-m1ouu1qj-09c8db2378ec7e837b1d2653e8d75f3f\">\n#top .hr.hr-invisible.av-m1ouu1qj-09c8db2378ec7e837b1d2653e8d75f3f{\nheight:30px;\n}\n<\/style>\n<div  class='hr av-m1ouu1qj-09c8db2378ec7e837b1d2653e8d75f3f hr-invisible  avia-builder-el-9  el_after_av_textblock  el_before_av_textblock '><span class='hr-inner '><span class=\"hr-inner-style\"><\/span><\/span><\/div>\n<section  class='av_textblock_section av-m1oty7qm-2495061e4ce416b7a9e85e21c10f5572 '   itemscope=\"itemscope\" itemtype=\"https:\/\/schema.org\/BlogPosting\" itemprop=\"blogPost\" ><div class='avia_textblock'  itemprop=\"text\" ><p><strong>Fachvortr\u00e4ge<\/strong><\/p>\n<p>Am Messestand finden t\u00e4glich kurze Expertenvortr\u00e4ge statt, die zentrale Herausforderungen und moderne L\u00f6sungen der Wasser und Abwasserinfrastruktur beleuchten, z.B.:<\/p>\n<ul>\n<li>Mo 04.05.2026, 13 Uhr<br \/>\nKRV und BGT Vortragsreihe \u201eKunststoffrohre in der Ver- und Entsorgung. Verantwortung f\u00fcr unsere Infrastruktur\u201c:<br \/>\n\u201e<strong>GFK-Gro\u00dfprofile im Stauraumkanalbau: Weniger Aushub, weniger Ablagerungen, lange Lebensdauer<\/strong>&#8220;<br \/>\n(Burkhard Malcus (Hbv) Abteilungsleiter Planung unterirdische Infrastrukturma\u00dfnahmen, medl GmbH Gesch\u00e4ftsf\u00fchrer, sem GmbH (Stadtentw\u00e4sserung M\u00fclheim an der Ruhr), Tochtergesellschaft der medl GmbH)<\/li>\n<li>Di 05.05.2026, 11 Uhr<br \/>\n\u201e<strong>Druckl\u00f6sungen, die funktionieren<\/strong>: GFK-Druckrohre f\u00fcr Kraftwerksleitungen und Trinkwasser, Abwasser \u2013 auch als Vortriebsl\u00f6sung\u201c<br \/>\n(Stefan Wutte, Head of Application Engineering Amiblu \u00d6sterreich)<\/li>\n<li>Mi 06.05.2026; 14:30 Uhr<br \/>\n\u201e<strong>Gro\u00dfdimensionierte L\u00f6sungen, die funktionieren<\/strong>: Regenwasserbewirtschaftung mit modernen Speichersystemen f\u00fcr die Schwammstadt\u201c<br \/>\n(Marc Hirschmann, Amiblu Projektingenieur Wasserbehandlung)<\/li>\n<li>Do 07.05.2026, 11 Uhr<br \/>\n\u201e<strong>Trenchless-L\u00f6sungen, die funktionieren<\/strong>: Grabenlose Verfahren mit GFK-Rohren (Einzelrohr-Lining &amp; Vortrieb) \u2013 auch unter Eisenbahnschienen\u201c<br \/>\n(Alexander D\u00f6rfer, Amiblu Projektingenieur\u00a0Vortrieb)<\/li>\n<\/ul>\n<p>Die Vortr\u00e4ge richten sich an Planer, Ingenieure, Betreiber, Versorger und Entscheider aus Kommunen und Industrie sowie an alle, die sich f\u00fcr langlebige GFK-Rohrsysteme und deren Anwendungsm\u00f6glichkeiten interessieren.<\/p>\n<\/div><\/section>\n\n<style type=\"text\/css\" data-created_by=\"avia_inline_auto\" id=\"style-css-av-j9noez-d4591c5d5425dc75544f31667129fa19\">\n#top .hr.hr-invisible.av-j9noez-d4591c5d5425dc75544f31667129fa19{\nheight:30px;\n}\n<\/style>\n<div  class='hr av-j9noez-d4591c5d5425dc75544f31667129fa19 hr-invisible  avia-builder-el-11  el_after_av_textblock  el_before_av_textblock '><span class='hr-inner '><span class=\"hr-inner-style\"><\/span><\/span><\/div>\n<section  class='av_textblock_section av-mmvs7kar-7815702717594bdccbf1392db0c20228 '   itemscope=\"itemscope\" itemtype=\"https:\/\/schema.org\/BlogPosting\" itemprop=\"blogPost\" ><div class='avia_textblock'  itemprop=\"text\" ><p><strong>Besuchen Sie Amiblu auf der IFAT 2026<\/strong><\/p>\n<\/div><\/section>\n<div  class='flex_column av-12k3oez-4a4fd531603aeaf278b882f73cca16ab av_one_half  avia-builder-el-13  el_after_av_textblock  el_before_av_one_half  first flex_column_div  column-top-margin'     ><section  class='av_textblock_section av-mmvslw8n-ea299f5f936c55e7831f7479d94d234d '   itemscope=\"itemscope\" itemtype=\"https:\/\/schema.org\/BlogPosting\" itemprop=\"blogPost\" ><div class='avia_textblock'  itemprop=\"text\" ><p>Amiblu l\u00e4dt alle Fachbesucher herzlich dazu ein, die neuesten Produkte, Projektl\u00f6sungen und Innovationen vor Ort kennenzulernen.<\/p>\n<p>Halle B3 \/ Stand 415<br \/>\n4.\u20137. Mai 2026<br \/>\nMesse M\u00fcnchen<\/p>\n<p>Wir freuen uns auf Ihren Besuch!<\/p>\n<\/div><\/section><\/div>\n<div  class='flex_column av-rpnlwb-3df9d36483fc78173fcbea2ef69d3f4a av_one_half  avia-builder-el-15  el_after_av_one_half  avia-builder-el-last  flex_column_div  column-top-margin'     ><p><section  class='av_textblock_section av-mmvsh53n-da1c2da0e37c9d347b36d4d121f36d04 '   itemscope=\"itemscope\" itemtype=\"https:\/\/schema.org\/BlogPosting\" itemprop=\"blogPost\" ><div class='avia_textblock'  itemprop=\"text\" ><p>Alles in unserer Besucher-App: wer, wann, wo , was.<br \/>\n<a href=\"https:\/\/amiblu.via-em.com\/ext\/webpage\/show.php?p=845521a16161cebf4ca91bbb61d027b0d915bf7\" target=\"_blank\" rel=\"noopener\">Klicken<\/a>\/scannen, installieren.<\/p>\n<\/div><\/section><br \/>\n\n<style type=\"text\/css\" data-created_by=\"avia_inline_auto\" id=\"style-css-av-mmvs92hj-021293abd5c169193782367953dec35b\">\n.avia-image-container.av-mmvs92hj-021293abd5c169193782367953dec35b img.avia_image{\nbox-shadow:none;\n}\n.avia-image-container.av-mmvs92hj-021293abd5c169193782367953dec35b .av-image-caption-overlay-center{\ncolor:#ffffff;\n}\n<\/style>\n<div  class='avia-image-container av-mmvs92hj-021293abd5c169193782367953dec35b av-styling- avia-align-center  avia-builder-el-17  el_after_av_textblock  avia-builder-el-last '   itemprop=\"image\" itemscope=\"itemscope\" itemtype=\"https:\/\/schema.org\/ImageObject\" ><div class=\"avia-image-container-inner\"><div class=\"avia-image-overlay-wrap\"><img fetchpriority=\"high\" decoding=\"async\" fetchpriority=\"high\" fetchpriority=\"high\" class='wp-image-78621 avia-img-lazy-loading-not-78621 avia_image ' src=\"https:\/\/www.amiblu.com\/wp-content\/uploads\/Besucher-App_DE_5cm-1-180x180.jpg\" alt='IFAT-Amiblu-APP' title='Besucher-App_DE_5cm'  height=\"180\" width=\"180\"  itemprop=\"thumbnailUrl\" srcset=\"https:\/\/www.amiblu.com\/wp-content\/uploads\/Besucher-App_DE_5cm-1-180x180.jpg 180w, https:\/\/www.amiblu.com\/wp-content\/uploads\/Besucher-App_DE_5cm-1-300x300.jpg 300w, https:\/\/www.amiblu.com\/wp-content\/uploads\/Besucher-App_DE_5cm-1-80x80.jpg 80w, https:\/\/www.amiblu.com\/wp-content\/uploads\/Besucher-App_DE_5cm-1-36x36.jpg 36w, https:\/\/www.amiblu.com\/wp-content\/uploads\/Besucher-App_DE_5cm-1.jpg 591w\" sizes=\"(max-width: 180px) 100vw, 180px\" \/><\/div><\/div><\/div><\/p><\/div>\n","protected":false},"excerpt":{"rendered":"<p>Amiblu ist dabei: IFAT 2026 vom 4. bis 7. Mai 2026 in Halle B3 \/ Stand 415. Wir pr\u00e4sentieren unsere neuesten L\u00f6sungen f\u00fcr langlebige Infrastruktur.<\/p>\n","protected":false},"author":13,"featured_media":78620,"comment_status":"closed","ping_status":"closed","sticky":false,"template":"","format":"standard","meta":{"_acf_changed":false,"footnotes":""},"categories":[162],"tags":[],"class_list":["post-78619","post","type-post","status-publish","format-standard","has-post-thumbnail","hentry","category-news-2"],"acf":[],"yoast_head":"<!-- This site is optimized with the Yoast SEO Premium plugin v27.5 (Yoast SEO v27.5) - https:\/\/yoast.com\/product\/yoast-seo-premium-wordpress\/ -->\n<title>IFAT 2026 - Amiblu<\/title>\n<meta name=\"description\" content=\"Amiblu ist dabei: IFAT 2026 vom 4. bis 7. Mai 2026 in Halle B3 \/ Stand 415. Wir pr\u00e4sentieren unsere neuesten L\u00f6sungen f\u00fcr langlebige Infrastruktur.\" \/>\n<meta name=\"robots\" content=\"index, follow, max-snippet:-1, max-image-preview:large, max-video-preview:-1\" \/>\n<link rel=\"canonical\" href=\"https:\/\/www.amiblu.com\/de\/ifat-2026\/\" \/>\n<meta property=\"og:locale\" content=\"de_DE\" \/>\n<meta property=\"og:type\" content=\"article\" \/>\n<meta property=\"og:title\" content=\"IFAT 2026\" \/>\n<meta property=\"og:description\" content=\"Amiblu ist dabei: IFAT 2026 vom 4. bis 7. Mai 2026 in Halle B3 \/ Stand 415. Wir pr\u00e4sentieren unsere neuesten L\u00f6sungen f\u00fcr langlebige Infrastruktur.\" \/>\n<meta property=\"og:url\" content=\"https:\/\/www.amiblu.com\/de\/ifat-2026\/\" \/>\n<meta property=\"og:site_name\" content=\"Amiblu\" \/>\n<meta property=\"article:publisher\" content=\"https:\/\/www.facebook.com\/amiblupipes\" \/>\n<meta property=\"article:published_time\" content=\"2026-03-18T08:54:31+00:00\" \/>\n<meta property=\"article:modified_time\" content=\"2026-04-29T11:18:46+00:00\" \/>\n<meta property=\"og:image\" content=\"https:\/\/www.amiblu.com\/wp-content\/uploads\/Gruppenbild_IFAT-2024_web.jpg\" \/>\n\t<meta property=\"og:image:width\" content=\"800\" \/>\n\t<meta property=\"og:image:height\" content=\"500\" \/>\n\t<meta property=\"og:image:type\" content=\"image\/jpeg\" \/>\n<meta name=\"author\" content=\"Anja Strehlow\" \/>\n<meta name=\"twitter:card\" content=\"summary_large_image\" \/>\n<meta name=\"twitter:label1\" content=\"Verfasst von\" \/>\n\t<meta name=\"twitter:data1\" content=\"Anja Strehlow\" \/>\n\t<meta name=\"twitter:label2\" content=\"Gesch\u00e4tzte Lesezeit\" \/>\n\t<meta name=\"twitter:data2\" content=\"4\u00a0Minuten\" \/>\n<script type=\"application\/ld+json\" class=\"yoast-schema-graph\">{\"@context\":\"https:\\\/\\\/schema.org\",\"@graph\":[{\"@type\":\"Article\",\"@id\":\"https:\\\/\\\/www.amiblu.com\\\/de\\\/ifat-2026\\\/#article\",\"isPartOf\":{\"@id\":\"https:\\\/\\\/www.amiblu.com\\\/de\\\/ifat-2026\\\/\"},\"author\":{\"name\":\"Anja Strehlow\",\"@id\":\"https:\\\/\\\/www.amiblu.com\\\/de\\\/#\\\/schema\\\/person\\\/1f29275fc935f7fda92589ff9058503c\"},\"headline\":\"IFAT 2026\",\"datePublished\":\"2026-03-18T08:54:31+00:00\",\"dateModified\":\"2026-04-29T11:18:46+00:00\",\"mainEntityOfPage\":{\"@id\":\"https:\\\/\\\/www.amiblu.com\\\/de\\\/ifat-2026\\\/\"},\"wordCount\":2734,\"publisher\":{\"@id\":\"https:\\\/\\\/www.amiblu.com\\\/de\\\/#organization\"},\"image\":{\"@id\":\"https:\\\/\\\/www.amiblu.com\\\/de\\\/ifat-2026\\\/#primaryimage\"},\"thumbnailUrl\":\"https:\\\/\\\/www.amiblu.com\\\/wp-content\\\/uploads\\\/Gruppenbild_IFAT-2024_web.jpg\",\"articleSection\":[\"News\"],\"inLanguage\":\"de\"},{\"@type\":\"WebPage\",\"@id\":\"https:\\\/\\\/www.amiblu.com\\\/de\\\/ifat-2026\\\/\",\"url\":\"https:\\\/\\\/www.amiblu.com\\\/de\\\/ifat-2026\\\/\",\"name\":\"IFAT 2026 - Amiblu\",\"isPartOf\":{\"@id\":\"https:\\\/\\\/www.amiblu.com\\\/de\\\/#website\"},\"primaryImageOfPage\":{\"@id\":\"https:\\\/\\\/www.amiblu.com\\\/de\\\/ifat-2026\\\/#primaryimage\"},\"image\":{\"@id\":\"https:\\\/\\\/www.amiblu.com\\\/de\\\/ifat-2026\\\/#primaryimage\"},\"thumbnailUrl\":\"https:\\\/\\\/www.amiblu.com\\\/wp-content\\\/uploads\\\/Gruppenbild_IFAT-2024_web.jpg\",\"datePublished\":\"2026-03-18T08:54:31+00:00\",\"dateModified\":\"2026-04-29T11:18:46+00:00\",\"description\":\"Amiblu ist dabei: IFAT 2026 vom 4. bis 7. Mai 2026 in Halle B3 \\\/ Stand 415. Wir pr\u00e4sentieren unsere neuesten L\u00f6sungen f\u00fcr langlebige Infrastruktur.\",\"inLanguage\":\"de\",\"potentialAction\":[{\"@type\":\"ReadAction\",\"target\":[\"https:\\\/\\\/www.amiblu.com\\\/de\\\/ifat-2026\\\/\"]}]},{\"@type\":\"ImageObject\",\"inLanguage\":\"de\",\"@id\":\"https:\\\/\\\/www.amiblu.com\\\/de\\\/ifat-2026\\\/#primaryimage\",\"url\":\"https:\\\/\\\/www.amiblu.com\\\/wp-content\\\/uploads\\\/Gruppenbild_IFAT-2024_web.jpg\",\"contentUrl\":\"https:\\\/\\\/www.amiblu.com\\\/wp-content\\\/uploads\\\/Gruppenbild_IFAT-2024_web.jpg\",\"width\":800,\"height\":500,\"caption\":\"IFAT2024-Gruppenbild\"},{\"@type\":\"WebSite\",\"@id\":\"https:\\\/\\\/www.amiblu.com\\\/de\\\/#website\",\"url\":\"https:\\\/\\\/www.amiblu.com\\\/de\\\/\",\"name\":\"Amiblu\",\"description\":\"GFK-Rohrsysteme f\u00fcr Generationen\",\"publisher\":{\"@id\":\"https:\\\/\\\/www.amiblu.com\\\/de\\\/#organization\"},\"potentialAction\":[{\"@type\":\"SearchAction\",\"target\":{\"@type\":\"EntryPoint\",\"urlTemplate\":\"https:\\\/\\\/www.amiblu.com\\\/de\\\/?s={search_term_string}\"},\"query-input\":{\"@type\":\"PropertyValueSpecification\",\"valueRequired\":true,\"valueName\":\"search_term_string\"}}],\"inLanguage\":\"de\"},{\"@type\":\"Organization\",\"@id\":\"https:\\\/\\\/www.amiblu.com\\\/de\\\/#organization\",\"name\":\"Amiblu Group\",\"url\":\"https:\\\/\\\/www.amiblu.com\\\/de\\\/\",\"logo\":{\"@type\":\"ImageObject\",\"inLanguage\":\"de\",\"@id\":\"https:\\\/\\\/www.amiblu.com\\\/de\\\/#\\\/schema\\\/logo\\\/image\\\/\",\"url\":\"https:\\\/\\\/www.amiblu.com\\\/wp-content\\\/uploads\\\/2021\\\/01\\\/Amiblu-logo-website-1.png\",\"contentUrl\":\"https:\\\/\\\/www.amiblu.com\\\/wp-content\\\/uploads\\\/2021\\\/01\\\/Amiblu-logo-website-1.png\",\"width\":201,\"height\":38,\"caption\":\"Amiblu Group\"},\"image\":{\"@id\":\"https:\\\/\\\/www.amiblu.com\\\/de\\\/#\\\/schema\\\/logo\\\/image\\\/\"},\"sameAs\":[\"https:\\\/\\\/www.facebook.com\\\/amiblupipes\",\"https:\\\/\\\/www.youtube.com\\\/c\\\/Amiblu\",\"https:\\\/\\\/de.wikipedia.org\\\/wiki\\\/Amiblu\",\"https:\\\/\\\/www.linkedin.com\\\/company\\\/amiblupipes\\\/\"]},{\"@type\":\"Person\",\"@id\":\"https:\\\/\\\/www.amiblu.com\\\/de\\\/#\\\/schema\\\/person\\\/1f29275fc935f7fda92589ff9058503c\",\"name\":\"Anja Strehlow\",\"image\":{\"@type\":\"ImageObject\",\"inLanguage\":\"de\",\"@id\":\"https:\\\/\\\/secure.gravatar.com\\\/avatar\\\/5731db37d886ffee3940c320a110a71e4189ad575d85c2c0fad5f740ad725fdb?s=96&d=mm&r=g\",\"url\":\"https:\\\/\\\/secure.gravatar.com\\\/avatar\\\/5731db37d886ffee3940c320a110a71e4189ad575d85c2c0fad5f740ad725fdb?s=96&d=mm&r=g\",\"contentUrl\":\"https:\\\/\\\/secure.gravatar.com\\\/avatar\\\/5731db37d886ffee3940c320a110a71e4189ad575d85c2c0fad5f740ad725fdb?s=96&d=mm&r=g\",\"caption\":\"Anja Strehlow\"}}]}<\/script>\n<!-- \/ Yoast SEO Premium plugin. -->","yoast_head_json":{"title":"IFAT 2026 - Amiblu","description":"Amiblu ist dabei: IFAT 2026 vom 4. bis 7. Mai 2026 in Halle B3 \/ Stand 415. Wir pr\u00e4sentieren unsere neuesten L\u00f6sungen f\u00fcr langlebige Infrastruktur.","robots":{"index":"index","follow":"follow","max-snippet":"max-snippet:-1","max-image-preview":"max-image-preview:large","max-video-preview":"max-video-preview:-1"},"canonical":"https:\/\/www.amiblu.com\/de\/ifat-2026\/","og_locale":"de_DE","og_type":"article","og_title":"IFAT 2026","og_description":"Amiblu ist dabei: IFAT 2026 vom 4. bis 7. Mai 2026 in Halle B3 \/ Stand 415. Wir pr\u00e4sentieren unsere neuesten L\u00f6sungen f\u00fcr langlebige Infrastruktur.","og_url":"https:\/\/www.amiblu.com\/de\/ifat-2026\/","og_site_name":"Amiblu","article_publisher":"https:\/\/www.facebook.com\/amiblupipes","article_published_time":"2026-03-18T08:54:31+00:00","article_modified_time":"2026-04-29T11:18:46+00:00","og_image":[{"width":800,"height":500,"url":"https:\/\/www.amiblu.com\/wp-content\/uploads\/Gruppenbild_IFAT-2024_web.jpg","type":"image\/jpeg"}],"author":"Anja Strehlow","twitter_card":"summary_large_image","twitter_misc":{"Verfasst von":"Anja Strehlow","Gesch\u00e4tzte Lesezeit":"4\u00a0Minuten"},"schema":{"@context":"https:\/\/schema.org","@graph":[{"@type":"Article","@id":"https:\/\/www.amiblu.com\/de\/ifat-2026\/#article","isPartOf":{"@id":"https:\/\/www.amiblu.com\/de\/ifat-2026\/"},"author":{"name":"Anja Strehlow","@id":"https:\/\/www.amiblu.com\/de\/#\/schema\/person\/1f29275fc935f7fda92589ff9058503c"},"headline":"IFAT 2026","datePublished":"2026-03-18T08:54:31+00:00","dateModified":"2026-04-29T11:18:46+00:00","mainEntityOfPage":{"@id":"https:\/\/www.amiblu.com\/de\/ifat-2026\/"},"wordCount":2734,"publisher":{"@id":"https:\/\/www.amiblu.com\/de\/#organization"},"image":{"@id":"https:\/\/www.amiblu.com\/de\/ifat-2026\/#primaryimage"},"thumbnailUrl":"https:\/\/www.amiblu.com\/wp-content\/uploads\/Gruppenbild_IFAT-2024_web.jpg","articleSection":["News"],"inLanguage":"de"},{"@type":"WebPage","@id":"https:\/\/www.amiblu.com\/de\/ifat-2026\/","url":"https:\/\/www.amiblu.com\/de\/ifat-2026\/","name":"IFAT 2026 - Amiblu","isPartOf":{"@id":"https:\/\/www.amiblu.com\/de\/#website"},"primaryImageOfPage":{"@id":"https:\/\/www.amiblu.com\/de\/ifat-2026\/#primaryimage"},"image":{"@id":"https:\/\/www.amiblu.com\/de\/ifat-2026\/#primaryimage"},"thumbnailUrl":"https:\/\/www.amiblu.com\/wp-content\/uploads\/Gruppenbild_IFAT-2024_web.jpg","datePublished":"2026-03-18T08:54:31+00:00","dateModified":"2026-04-29T11:18:46+00:00","description":"Amiblu ist dabei: IFAT 2026 vom 4. bis 7. Mai 2026 in Halle B3 \/ Stand 415. Wir pr\u00e4sentieren unsere neuesten L\u00f6sungen f\u00fcr langlebige Infrastruktur.","inLanguage":"de","potentialAction":[{"@type":"ReadAction","target":["https:\/\/www.amiblu.com\/de\/ifat-2026\/"]}]},{"@type":"ImageObject","inLanguage":"de","@id":"https:\/\/www.amiblu.com\/de\/ifat-2026\/#primaryimage","url":"https:\/\/www.amiblu.com\/wp-content\/uploads\/Gruppenbild_IFAT-2024_web.jpg","contentUrl":"https:\/\/www.amiblu.com\/wp-content\/uploads\/Gruppenbild_IFAT-2024_web.jpg","width":800,"height":500,"caption":"IFAT2024-Gruppenbild"},{"@type":"WebSite","@id":"https:\/\/www.amiblu.com\/de\/#website","url":"https:\/\/www.amiblu.com\/de\/","name":"Amiblu","description":"GFK-Rohrsysteme f\u00fcr Generationen","publisher":{"@id":"https:\/\/www.amiblu.com\/de\/#organization"},"potentialAction":[{"@type":"SearchAction","target":{"@type":"EntryPoint","urlTemplate":"https:\/\/www.amiblu.com\/de\/?s={search_term_string}"},"query-input":{"@type":"PropertyValueSpecification","valueRequired":true,"valueName":"search_term_string"}}],"inLanguage":"de"},{"@type":"Organization","@id":"https:\/\/www.amiblu.com\/de\/#organization","name":"Amiblu Group","url":"https:\/\/www.amiblu.com\/de\/","logo":{"@type":"ImageObject","inLanguage":"de","@id":"https:\/\/www.amiblu.com\/de\/#\/schema\/logo\/image\/","url":"https:\/\/www.amiblu.com\/wp-content\/uploads\/2021\/01\/Amiblu-logo-website-1.png","contentUrl":"https:\/\/www.amiblu.com\/wp-content\/uploads\/2021\/01\/Amiblu-logo-website-1.png","width":201,"height":38,"caption":"Amiblu Group"},"image":{"@id":"https:\/\/www.amiblu.com\/de\/#\/schema\/logo\/image\/"},"sameAs":["https:\/\/www.facebook.com\/amiblupipes","https:\/\/www.youtube.com\/c\/Amiblu","https:\/\/de.wikipedia.org\/wiki\/Amiblu","https:\/\/www.linkedin.com\/company\/amiblupipes\/"]},{"@type":"Person","@id":"https:\/\/www.amiblu.com\/de\/#\/schema\/person\/1f29275fc935f7fda92589ff9058503c","name":"Anja Strehlow","image":{"@type":"ImageObject","inLanguage":"de","@id":"https:\/\/secure.gravatar.com\/avatar\/5731db37d886ffee3940c320a110a71e4189ad575d85c2c0fad5f740ad725fdb?s=96&d=mm&r=g","url":"https:\/\/secure.gravatar.com\/avatar\/5731db37d886ffee3940c320a110a71e4189ad575d85c2c0fad5f740ad725fdb?s=96&d=mm&r=g","contentUrl":"https:\/\/secure.gravatar.com\/avatar\/5731db37d886ffee3940c320a110a71e4189ad575d85c2c0fad5f740ad725fdb?s=96&d=mm&r=g","caption":"Anja Strehlow"}}]}},"_links":{"self":[{"href":"https:\/\/www.amiblu.com\/de\/wp-json\/wp\/v2\/posts\/78619","targetHints":{"allow":["GET"]}}],"collection":[{"href":"https:\/\/www.amiblu.com\/de\/wp-json\/wp\/v2\/posts"}],"about":[{"href":"https:\/\/www.amiblu.com\/de\/wp-json\/wp\/v2\/types\/post"}],"author":[{"embeddable":true,"href":"https:\/\/www.amiblu.com\/de\/wp-json\/wp\/v2\/users\/13"}],"replies":[{"embeddable":true,"href":"https:\/\/www.amiblu.com\/de\/wp-json\/wp\/v2\/comments?post=78619"}],"version-history":[{"count":45,"href":"https:\/\/www.amiblu.com\/de\/wp-json\/wp\/v2\/posts\/78619\/revisions"}],"predecessor-version":[{"id":80877,"href":"https:\/\/www.amiblu.com\/de\/wp-json\/wp\/v2\/posts\/78619\/revisions\/80877"}],"wp:featuredmedia":[{"embeddable":true,"href":"https:\/\/www.amiblu.com\/de\/wp-json\/wp\/v2\/media\/78620"}],"wp:attachment":[{"href":"https:\/\/www.amiblu.com\/de\/wp-json\/wp\/v2\/media?parent=78619"}],"wp:term":[{"taxonomy":"category","embeddable":true,"href":"https:\/\/www.amiblu.com\/de\/wp-json\/wp\/v2\/categories?post=78619"},{"taxonomy":"post_tag","embeddable":true,"href":"https:\/\/www.amiblu.com\/de\/wp-json\/wp\/v2\/tags?post=78619"}],"curies":[{"name":"wp","href":"https:\/\/api.w.org\/{rel}","templated":true}]}}