{"id":56192,"date":"2023-03-16T10:31:07","date_gmt":"2023-03-16T09:31:07","guid":{"rendered":"https:\/\/www.amiblu.com\/?p=56192"},"modified":"2023-11-17T12:02:59","modified_gmt":"2023-11-17T11:02:59","slug":"entrevista-anna-faus","status":"publish","type":"post","link":"https:\/\/www.amiblu.com\/es\/entrevista-anna-faus\/","title":{"rendered":"\u00abFormamos un equipo capaz de tomar decisiones r\u00e1pidas para sacar adelante todos los proyectos\u00bb"},"content":{"rendered":"\n<style type=\"text\/css\" data-created_by=\"avia_inline_auto\" id=\"style-css-av-lf83jfuy-2240c6e9b1d6c88cbeb7ffb09d5ed10d\">\n.avia-image-container.av-lf83jfuy-2240c6e9b1d6c88cbeb7ffb09d5ed10d img.avia_image{\nbox-shadow:none;\n}\n.avia-image-container.av-lf83jfuy-2240c6e9b1d6c88cbeb7ffb09d5ed10d .av-image-caption-overlay-center{\ncolor:#ffffff;\n}\n<\/style>\n<div  class='avia-image-container av-lf83jfuy-2240c6e9b1d6c88cbeb7ffb09d5ed10d av-styling- avia-align-left  avia-builder-el-0  el_before_av_hr  avia-builder-el-first '   itemprop=\"image\" itemscope=\"itemscope\" itemtype=\"https:\/\/schema.org\/ImageObject\" ><div class=\"avia-image-container-inner\"><div class=\"avia-image-overlay-wrap\"><img fetchpriority=\"high\" fetchpriority=\"high\" decoding=\"async\" fetchpriority=\"high\" class='wp-image-56197 avia-img-lazy-loading-not-56197 avia_image ' src=\"https:\/\/www.amiblu.com\/wp-content\/uploads\/Anna-Faus_-Amiblu-1.jpg\" alt='Anna Faus Customer Service at Amiblu Spain' title='Anna Faus_ Amiblu'  height=\"500\" width=\"800\"  itemprop=\"thumbnailUrl\" srcset=\"https:\/\/www.amiblu.com\/wp-content\/uploads\/Anna-Faus_-Amiblu-1.jpg 800w, https:\/\/www.amiblu.com\/wp-content\/uploads\/Anna-Faus_-Amiblu-1-300x188.jpg 300w, https:\/\/www.amiblu.com\/wp-content\/uploads\/Anna-Faus_-Amiblu-1-768x480.jpg 768w, https:\/\/www.amiblu.com\/wp-content\/uploads\/Anna-Faus_-Amiblu-1-705x441.jpg 705w\" sizes=\"(max-width: 800px) 100vw, 800px\" \/><\/div><\/div><\/div>\n\n<style type=\"text\/css\" data-created_by=\"avia_inline_auto\" id=\"style-css-av-lf83kdku-eadd51337802d10ebb0017a57e1ecd71\">\n#top .hr.hr-invisible.av-lf83kdku-eadd51337802d10ebb0017a57e1ecd71{\nheight:50px;\n}\n<\/style>\n<div  class='hr av-lf83kdku-eadd51337802d10ebb0017a57e1ecd71 hr-invisible  avia-builder-el-1  el_after_av_image  el_before_av_textblock '><span class='hr-inner '><span class=\"hr-inner-style\"><\/span><\/span><\/div>\n<section  class='av_textblock_section av-lf83l82b-b49f6e1a6195ab7fd591f752eef3a434 '   itemscope=\"itemscope\" itemtype=\"https:\/\/schema.org\/BlogPosting\" itemprop=\"blogPost\" ><div class='avia_textblock'  itemprop=\"text\" ><h1>\u00ab<b>Formamos un equipo capaz de tomar decisiones r\u00e1pidas para sacar adelante todos los proyectos\u00bb<\/b><\/h1>\n<\/div><\/section>\n<section  class='av_textblock_section av-lf83szt8-6976d83371125557aae7113ac81f70a7 '   itemscope=\"itemscope\" itemtype=\"https:\/\/schema.org\/BlogPosting\" itemprop=\"blogPost\" ><div class='avia_textblock'  itemprop=\"text\" ><h3><b>Entrevista a Anna Faus, Customer Service en Amiblu Pipes Spain. #SomosAmiblu<\/b><\/h3>\n<p>Anna Faus trabaja en el departamento de Customer Service de Amiblu Pipes Spain. Afirma que lo que m\u00e1s le motiva de su puesto de trabajo es el cont\u00ednuo aprendizaje que conlleva, as\u00ed como el ambiente laboral que se respira en Amiblu. Nos da m\u00e1s detalles en esta entrevista.<\/p>\n<p><b>\u00bfC\u00f3mo es el ritmo de trabajo en una planta de producci\u00f3n como la de Amiblu?<br \/>\n<\/b>Teniendo en cuenta que trabajamos seg\u00fan plazos y que, en algunas ocasiones, estos son ajustados podemos decir que el ritmo es intenso, muy intenso, e implica una muy buena coordinaci\u00f3n entre todos los departamentos y la f\u00e1brica para que el material salga en la fecha indicada. Esto conlleva momentos de nervios, y tambi\u00e9n de dudas, pero formamos un gran equipo capaz de tomar decisiones r\u00e1pidas para sacar adelante todos los proyectos.<\/p>\n<p><b>Un d\u00eda laborable en Amiblu empieza\u2026<br \/>\n<\/b>Empieza en silencio- suelo empezar antes que la mayor\u00eda- con una calma que te permite organizar el trabajo del d\u00eda y que va desapareciendo seg\u00fan van entrando las llamadas y los correos electr\u00f3nicos. A partir de ah\u00ed, el d\u00eda consiste en ir gestionando el trabajo seg\u00fan prioridad, intentar dar soluciones a los problemas que vayan surgiendo, atender llamadas, responder correos y compaginarlo con alguna reuni\u00f3n, tom\u00e1ndonos al mediod\u00eda unos 20 minutos para comer. Es el momento que aprovechamos para desconectar y hablar de temas que nada tienen que ver con el trabajo. Posteriormente, retomamos el trabajo otra vez hasta aproximadamente las 17.30h cuando esta intensidad empieza a disminuir hasta convertirse en silencio, otra vez.<b><br \/>\n<\/b><\/p>\n<p><b>\u00bfQu\u00e9 es lo que m\u00e1s disfrutas de tu trabajo?<br \/>\n<\/b>Podr\u00eda decir dos cosas que considero importantes para el d\u00eda a d\u00eda. Una es el aprendizaje continuo que requiere mi puesto de trabajo, donde siempre hay nuevos conocimientos por adquirir. La segunda, sin duda, es la gente con la que trabajo. A lo largo del d\u00eda vivimos momentos de cierta tensi\u00f3n y tener gente alrededor con la que poder hablar y comentar cualquier problema, tranquiliza. Tener un buen entorno laboral es muy importante para hacer el trabajo m\u00e1s ameno y, muchas veces,\u00a0 un simple \u201cbuenos d\u00edas\u201d te saca una sonrisa sin darte cuenta.<\/p>\n<p><b>Hasta la fecha, \u00bfcu\u00e1l\u00a0es el momento m\u00e1s divertido que recuerdas con tus compa\u00f1eros de departamento?<br \/>\n<\/b>No podr\u00eda elegir solamente uno, porque hay muchos. Compartimos muchas horas al d\u00eda por lo que hay an\u00e9cdotas y momentos de risas, a veces desencadenadas por un simple comentario. Y, estos momentos son los que m\u00e1s se agradecen sobre todo cuando est\u00e1s concentrada intentando encontrar un error o descuadre. Pues, el hecho de desconectar unos segundos te permite ver las cosas mucho m\u00e1s claras para detectar y solucionar el problema.<\/p>\n<p><b>Expl\u00edcanos alg\u00fan proyecto de tuber\u00edas de PRFV que recuerdes por su singularidad.<br \/>\n<\/b>Fue un tanque de tormentas y, m\u00e1s que por su singularidad, lo recuerdo por haber sido el responsable de haberme llevado hasta donde estoy hoy. Recuerdo la visita que hice a la obra, entrando en el tanque una vez instalado.. En ese momento me di cuenta de que quer\u00eda implicarme en los proyectos industriales de la empresa.<\/p>\n<p><b>Si no trabajases en el departamento de Customer Service de Amiblu, hubieses elegido ser\u2026<br \/>\n<\/b>Hubiese elegido algo que no tiene nada que ver con lo que hago: bellas artes o dise\u00f1o gr\u00e1fico. Siempre me ha gustado el arte, dibujar.. Pero en el momento de decidir la carrera que quer\u00eda hacer, lo ve\u00eda m\u00e1s como un hobby que como una profesi\u00f3n, algo con lo que discrepo actualmente.<\/p>\n<p><b>Amiblu ha iniciado un proceso interno de transformaci\u00f3n para reducir el impacto ambiental de sus productos y contribuir al ahorro energ\u00e9tico. \u00bfQu\u00e9 opini\u00f3n tienes sobre el mismo?<br \/>\n<\/b>Cambiar el enfoque hacia una mayor sostenibilidad para ser m\u00e1s eficientes reduciendo el impacto ambiental es una necesidad, y valoro de forma muy positiva que Amiblu se haya implicado en este proceso de cambio. Hoy en d\u00eda, el impacto sobre el medio ambiente se ha transformado en un tema de gran importancia para las empresas, por lo que debemos participar en el cambio y garantizar tener el menor impacto posible sobre el medio ambiente.<\/p>\n<p><b>En pocas palabras, \u00bfc\u00f3mo definir\u00edas Amiblu?<br \/>\n<\/b>Amiblu es una empresa que va m\u00e1s all\u00e1 de lo estrictamente profesional, Amiblu es la gente que la forma.<\/p>\n<p><b>Al salir de Amiblu te encontraremos\u2026<br \/>\n<\/b>En el gimnasio siempre que puedo. Puede parecer un t\u00f3pico pero es la mejor medicina para desconectar del d\u00eda.<\/p>\n<p><b>\u00bfC\u00f3mo te imaginas el futuro? \u00bfVinculada a Amiblu?<\/b><br \/>\nNo tengo por costumbre pensar en el futuro pero si me lo planteo, s\u00ed espero seguir vinculada a Amiblu y continuar aprendiendo mucho tiempo m\u00e1s.<\/p>\n<p><b>\u00a0<\/b><\/p>\n<\/div><\/section>\n","protected":false},"excerpt":{"rendered":"<p>Entrevistamos a Anna Faus del departamento Customer Service de Amiblu Spain para que nos explique c\u00f3mo es un d\u00eda laborable en Amiblu.<\/p>\n","protected":false},"author":15,"featured_media":56197,"comment_status":"closed","ping_status":"closed","sticky":false,"template":"","format":"standard","meta":{"_acf_changed":false,"footnotes":""},"categories":[164],"tags":[],"class_list":["post-56192","post","type-post","status-publish","format-standard","has-post-thumbnail","hentry","category-news-4"],"acf":[],"yoast_head":"<!-- This site is optimized with the Yoast SEO Premium plugin v27.5 (Yoast SEO v27.5) - https:\/\/yoast.com\/product\/yoast-seo-premium-wordpress\/ -->\n<title>Entrevista a Anna Faus del dpto. de Customer Service de Amiblu<\/title>\n<meta name=\"description\" content=\"Entrevistamos a Anna Faus del departamento Customer Service de Amiblu Spain para que nos explique c\u00f3mo es un d\u00eda laborable en Amiblu.\" \/>\n<meta name=\"robots\" content=\"index, follow, max-snippet:-1, max-image-preview:large, max-video-preview:-1\" \/>\n<link rel=\"canonical\" href=\"https:\/\/www.amiblu.com\/es\/entrevista-anna-faus\/\" \/>\n<meta property=\"og:locale\" content=\"es_ES\" \/>\n<meta property=\"og:type\" content=\"article\" \/>\n<meta property=\"og:title\" content=\"&quot;Formamos un equipo capaz de tomar decisiones r\u00e1pidas para sacar adelante todos los proyectos&quot;\" \/>\n<meta property=\"og:description\" content=\"Entrevistamos a Anna Faus del departamento Customer Service de Amiblu Spain para que nos explique c\u00f3mo es un d\u00eda laborable en Amiblu.\" \/>\n<meta property=\"og:url\" content=\"https:\/\/www.amiblu.com\/es\/entrevista-anna-faus\/\" \/>\n<meta property=\"og:site_name\" content=\"Amiblu\" \/>\n<meta property=\"article:publisher\" content=\"https:\/\/www.facebook.com\/amiblupipes\" \/>\n<meta property=\"article:published_time\" content=\"2023-03-16T09:31:07+00:00\" \/>\n<meta property=\"article:modified_time\" content=\"2023-11-17T11:02:59+00:00\" \/>\n<meta property=\"og:image\" content=\"https:\/\/www.amiblu.com\/wp-content\/uploads\/Anna-Faus_-Amiblu-1.jpg\" \/>\n\t<meta property=\"og:image:width\" content=\"800\" \/>\n\t<meta property=\"og:image:height\" content=\"500\" \/>\n\t<meta property=\"og:image:type\" content=\"image\/jpeg\" \/>\n<meta name=\"author\" content=\"Noelia\" \/>\n<meta name=\"twitter:card\" content=\"summary_large_image\" \/>\n<meta name=\"twitter:label1\" content=\"Escrito por\" \/>\n\t<meta name=\"twitter:data1\" content=\"Noelia\" \/>\n\t<meta name=\"twitter:label2\" content=\"Tiempo de lectura\" \/>\n\t<meta name=\"twitter:data2\" content=\"4 minutos\" \/>\n<script type=\"application\/ld+json\" class=\"yoast-schema-graph\">{\"@context\":\"https:\\\/\\\/schema.org\",\"@graph\":[{\"@type\":\"Article\",\"@id\":\"https:\\\/\\\/www.amiblu.com\\\/es\\\/entrevista-anna-faus\\\/#article\",\"isPartOf\":{\"@id\":\"https:\\\/\\\/www.amiblu.com\\\/es\\\/entrevista-anna-faus\\\/\"},\"author\":{\"name\":\"Noelia\",\"@id\":\"https:\\\/\\\/www.amiblu.com\\\/es\\\/#\\\/schema\\\/person\\\/4abd1603334fad5d8a0f94cfc539ff89\"},\"headline\":\"\u00abFormamos un equipo capaz de tomar decisiones r\u00e1pidas para sacar adelante todos los proyectos\u00bb\",\"datePublished\":\"2023-03-16T09:31:07+00:00\",\"dateModified\":\"2023-11-17T11:02:59+00:00\",\"mainEntityOfPage\":{\"@id\":\"https:\\\/\\\/www.amiblu.com\\\/es\\\/entrevista-anna-faus\\\/\"},\"wordCount\":1053,\"publisher\":{\"@id\":\"https:\\\/\\\/www.amiblu.com\\\/es\\\/#organization\"},\"image\":{\"@id\":\"https:\\\/\\\/www.amiblu.com\\\/es\\\/entrevista-anna-faus\\\/#primaryimage\"},\"thumbnailUrl\":\"https:\\\/\\\/www.amiblu.com\\\/wp-content\\\/uploads\\\/Anna-Faus_-Amiblu-1.jpg\",\"articleSection\":[\"Noticias\"],\"inLanguage\":\"es\"},{\"@type\":\"WebPage\",\"@id\":\"https:\\\/\\\/www.amiblu.com\\\/es\\\/entrevista-anna-faus\\\/\",\"url\":\"https:\\\/\\\/www.amiblu.com\\\/es\\\/entrevista-anna-faus\\\/\",\"name\":\"Entrevista a Anna Faus del dpto. de Customer Service de Amiblu\",\"isPartOf\":{\"@id\":\"https:\\\/\\\/www.amiblu.com\\\/es\\\/#website\"},\"primaryImageOfPage\":{\"@id\":\"https:\\\/\\\/www.amiblu.com\\\/es\\\/entrevista-anna-faus\\\/#primaryimage\"},\"image\":{\"@id\":\"https:\\\/\\\/www.amiblu.com\\\/es\\\/entrevista-anna-faus\\\/#primaryimage\"},\"thumbnailUrl\":\"https:\\\/\\\/www.amiblu.com\\\/wp-content\\\/uploads\\\/Anna-Faus_-Amiblu-1.jpg\",\"datePublished\":\"2023-03-16T09:31:07+00:00\",\"dateModified\":\"2023-11-17T11:02:59+00:00\",\"description\":\"Entrevistamos a Anna Faus del departamento Customer Service de Amiblu Spain para que nos explique c\u00f3mo es un d\u00eda laborable en Amiblu.\",\"inLanguage\":\"es\",\"potentialAction\":[{\"@type\":\"ReadAction\",\"target\":[\"https:\\\/\\\/www.amiblu.com\\\/es\\\/entrevista-anna-faus\\\/\"]}]},{\"@type\":\"ImageObject\",\"inLanguage\":\"es\",\"@id\":\"https:\\\/\\\/www.amiblu.com\\\/es\\\/entrevista-anna-faus\\\/#primaryimage\",\"url\":\"https:\\\/\\\/www.amiblu.com\\\/wp-content\\\/uploads\\\/Anna-Faus_-Amiblu-1.jpg\",\"contentUrl\":\"https:\\\/\\\/www.amiblu.com\\\/wp-content\\\/uploads\\\/Anna-Faus_-Amiblu-1.jpg\",\"width\":800,\"height\":500,\"caption\":\"Anna Faus Customer Service at Amiblu Spain\"},{\"@type\":\"WebSite\",\"@id\":\"https:\\\/\\\/www.amiblu.com\\\/es\\\/#website\",\"url\":\"https:\\\/\\\/www.amiblu.com\\\/es\\\/\",\"name\":\"Amiblu\",\"description\":\"GFK-Rohrsysteme f\u00fcr Generationen\",\"publisher\":{\"@id\":\"https:\\\/\\\/www.amiblu.com\\\/es\\\/#organization\"},\"potentialAction\":[{\"@type\":\"SearchAction\",\"target\":{\"@type\":\"EntryPoint\",\"urlTemplate\":\"https:\\\/\\\/www.amiblu.com\\\/es\\\/?s={search_term_string}\"},\"query-input\":{\"@type\":\"PropertyValueSpecification\",\"valueRequired\":true,\"valueName\":\"search_term_string\"}}],\"inLanguage\":\"es\"},{\"@type\":\"Organization\",\"@id\":\"https:\\\/\\\/www.amiblu.com\\\/es\\\/#organization\",\"name\":\"Amiblu Group\",\"url\":\"https:\\\/\\\/www.amiblu.com\\\/es\\\/\",\"logo\":{\"@type\":\"ImageObject\",\"inLanguage\":\"es\",\"@id\":\"https:\\\/\\\/www.amiblu.com\\\/es\\\/#\\\/schema\\\/logo\\\/image\\\/\",\"url\":\"https:\\\/\\\/www.amiblu.com\\\/wp-content\\\/uploads\\\/2021\\\/01\\\/Amiblu-logo-website-1.png\",\"contentUrl\":\"https:\\\/\\\/www.amiblu.com\\\/wp-content\\\/uploads\\\/2021\\\/01\\\/Amiblu-logo-website-1.png\",\"width\":201,\"height\":38,\"caption\":\"Amiblu Group\"},\"image\":{\"@id\":\"https:\\\/\\\/www.amiblu.com\\\/es\\\/#\\\/schema\\\/logo\\\/image\\\/\"},\"sameAs\":[\"https:\\\/\\\/www.facebook.com\\\/amiblupipes\",\"https:\\\/\\\/www.youtube.com\\\/c\\\/Amiblu\",\"https:\\\/\\\/de.wikipedia.org\\\/wiki\\\/Amiblu\",\"https:\\\/\\\/www.linkedin.com\\\/company\\\/amiblupipes\\\/\"]},{\"@type\":\"Person\",\"@id\":\"https:\\\/\\\/www.amiblu.com\\\/es\\\/#\\\/schema\\\/person\\\/4abd1603334fad5d8a0f94cfc539ff89\",\"name\":\"Noelia\",\"image\":{\"@type\":\"ImageObject\",\"inLanguage\":\"es\",\"@id\":\"https:\\\/\\\/secure.gravatar.com\\\/avatar\\\/9f9ebd2edffef3d993712c729db8694b50f6ee566a3ba3d6fc66fbe195f17ca7?s=96&d=mm&r=g\",\"url\":\"https:\\\/\\\/secure.gravatar.com\\\/avatar\\\/9f9ebd2edffef3d993712c729db8694b50f6ee566a3ba3d6fc66fbe195f17ca7?s=96&d=mm&r=g\",\"contentUrl\":\"https:\\\/\\\/secure.gravatar.com\\\/avatar\\\/9f9ebd2edffef3d993712c729db8694b50f6ee566a3ba3d6fc66fbe195f17ca7?s=96&d=mm&r=g\",\"caption\":\"Noelia\"}}]}<\/script>\n<!-- \/ Yoast SEO Premium plugin. -->","yoast_head_json":{"title":"Entrevista a Anna Faus del dpto. de Customer Service de Amiblu","description":"Entrevistamos a Anna Faus del departamento Customer Service de Amiblu Spain para que nos explique c\u00f3mo es un d\u00eda laborable en Amiblu.","robots":{"index":"index","follow":"follow","max-snippet":"max-snippet:-1","max-image-preview":"max-image-preview:large","max-video-preview":"max-video-preview:-1"},"canonical":"https:\/\/www.amiblu.com\/es\/entrevista-anna-faus\/","og_locale":"es_ES","og_type":"article","og_title":"\"Formamos un equipo capaz de tomar decisiones r\u00e1pidas para sacar adelante todos los proyectos\"","og_description":"Entrevistamos a Anna Faus del departamento Customer Service de Amiblu Spain para que nos explique c\u00f3mo es un d\u00eda laborable en Amiblu.","og_url":"https:\/\/www.amiblu.com\/es\/entrevista-anna-faus\/","og_site_name":"Amiblu","article_publisher":"https:\/\/www.facebook.com\/amiblupipes","article_published_time":"2023-03-16T09:31:07+00:00","article_modified_time":"2023-11-17T11:02:59+00:00","og_image":[{"width":800,"height":500,"url":"https:\/\/www.amiblu.com\/wp-content\/uploads\/Anna-Faus_-Amiblu-1.jpg","type":"image\/jpeg"}],"author":"Noelia","twitter_card":"summary_large_image","twitter_misc":{"Escrito por":"Noelia","Tiempo de lectura":"4 minutos"},"schema":{"@context":"https:\/\/schema.org","@graph":[{"@type":"Article","@id":"https:\/\/www.amiblu.com\/es\/entrevista-anna-faus\/#article","isPartOf":{"@id":"https:\/\/www.amiblu.com\/es\/entrevista-anna-faus\/"},"author":{"name":"Noelia","@id":"https:\/\/www.amiblu.com\/es\/#\/schema\/person\/4abd1603334fad5d8a0f94cfc539ff89"},"headline":"\u00abFormamos un equipo capaz de tomar decisiones r\u00e1pidas para sacar adelante todos los proyectos\u00bb","datePublished":"2023-03-16T09:31:07+00:00","dateModified":"2023-11-17T11:02:59+00:00","mainEntityOfPage":{"@id":"https:\/\/www.amiblu.com\/es\/entrevista-anna-faus\/"},"wordCount":1053,"publisher":{"@id":"https:\/\/www.amiblu.com\/es\/#organization"},"image":{"@id":"https:\/\/www.amiblu.com\/es\/entrevista-anna-faus\/#primaryimage"},"thumbnailUrl":"https:\/\/www.amiblu.com\/wp-content\/uploads\/Anna-Faus_-Amiblu-1.jpg","articleSection":["Noticias"],"inLanguage":"es"},{"@type":"WebPage","@id":"https:\/\/www.amiblu.com\/es\/entrevista-anna-faus\/","url":"https:\/\/www.amiblu.com\/es\/entrevista-anna-faus\/","name":"Entrevista a Anna Faus del dpto. de Customer Service de Amiblu","isPartOf":{"@id":"https:\/\/www.amiblu.com\/es\/#website"},"primaryImageOfPage":{"@id":"https:\/\/www.amiblu.com\/es\/entrevista-anna-faus\/#primaryimage"},"image":{"@id":"https:\/\/www.amiblu.com\/es\/entrevista-anna-faus\/#primaryimage"},"thumbnailUrl":"https:\/\/www.amiblu.com\/wp-content\/uploads\/Anna-Faus_-Amiblu-1.jpg","datePublished":"2023-03-16T09:31:07+00:00","dateModified":"2023-11-17T11:02:59+00:00","description":"Entrevistamos a Anna Faus del departamento Customer Service de Amiblu Spain para que nos explique c\u00f3mo es un d\u00eda laborable en Amiblu.","inLanguage":"es","potentialAction":[{"@type":"ReadAction","target":["https:\/\/www.amiblu.com\/es\/entrevista-anna-faus\/"]}]},{"@type":"ImageObject","inLanguage":"es","@id":"https:\/\/www.amiblu.com\/es\/entrevista-anna-faus\/#primaryimage","url":"https:\/\/www.amiblu.com\/wp-content\/uploads\/Anna-Faus_-Amiblu-1.jpg","contentUrl":"https:\/\/www.amiblu.com\/wp-content\/uploads\/Anna-Faus_-Amiblu-1.jpg","width":800,"height":500,"caption":"Anna Faus Customer Service at Amiblu Spain"},{"@type":"WebSite","@id":"https:\/\/www.amiblu.com\/es\/#website","url":"https:\/\/www.amiblu.com\/es\/","name":"Amiblu","description":"GFK-Rohrsysteme f\u00fcr Generationen","publisher":{"@id":"https:\/\/www.amiblu.com\/es\/#organization"},"potentialAction":[{"@type":"SearchAction","target":{"@type":"EntryPoint","urlTemplate":"https:\/\/www.amiblu.com\/es\/?s={search_term_string}"},"query-input":{"@type":"PropertyValueSpecification","valueRequired":true,"valueName":"search_term_string"}}],"inLanguage":"es"},{"@type":"Organization","@id":"https:\/\/www.amiblu.com\/es\/#organization","name":"Amiblu Group","url":"https:\/\/www.amiblu.com\/es\/","logo":{"@type":"ImageObject","inLanguage":"es","@id":"https:\/\/www.amiblu.com\/es\/#\/schema\/logo\/image\/","url":"https:\/\/www.amiblu.com\/wp-content\/uploads\/2021\/01\/Amiblu-logo-website-1.png","contentUrl":"https:\/\/www.amiblu.com\/wp-content\/uploads\/2021\/01\/Amiblu-logo-website-1.png","width":201,"height":38,"caption":"Amiblu Group"},"image":{"@id":"https:\/\/www.amiblu.com\/es\/#\/schema\/logo\/image\/"},"sameAs":["https:\/\/www.facebook.com\/amiblupipes","https:\/\/www.youtube.com\/c\/Amiblu","https:\/\/de.wikipedia.org\/wiki\/Amiblu","https:\/\/www.linkedin.com\/company\/amiblupipes\/"]},{"@type":"Person","@id":"https:\/\/www.amiblu.com\/es\/#\/schema\/person\/4abd1603334fad5d8a0f94cfc539ff89","name":"Noelia","image":{"@type":"ImageObject","inLanguage":"es","@id":"https:\/\/secure.gravatar.com\/avatar\/9f9ebd2edffef3d993712c729db8694b50f6ee566a3ba3d6fc66fbe195f17ca7?s=96&d=mm&r=g","url":"https:\/\/secure.gravatar.com\/avatar\/9f9ebd2edffef3d993712c729db8694b50f6ee566a3ba3d6fc66fbe195f17ca7?s=96&d=mm&r=g","contentUrl":"https:\/\/secure.gravatar.com\/avatar\/9f9ebd2edffef3d993712c729db8694b50f6ee566a3ba3d6fc66fbe195f17ca7?s=96&d=mm&r=g","caption":"Noelia"}}]}},"_links":{"self":[{"href":"https:\/\/www.amiblu.com\/es\/wp-json\/wp\/v2\/posts\/56192","targetHints":{"allow":["GET"]}}],"collection":[{"href":"https:\/\/www.amiblu.com\/es\/wp-json\/wp\/v2\/posts"}],"about":[{"href":"https:\/\/www.amiblu.com\/es\/wp-json\/wp\/v2\/types\/post"}],"author":[{"embeddable":true,"href":"https:\/\/www.amiblu.com\/es\/wp-json\/wp\/v2\/users\/15"}],"replies":[{"embeddable":true,"href":"https:\/\/www.amiblu.com\/es\/wp-json\/wp\/v2\/comments?post=56192"}],"version-history":[{"count":24,"href":"https:\/\/www.amiblu.com\/es\/wp-json\/wp\/v2\/posts\/56192\/revisions"}],"predecessor-version":[{"id":60497,"href":"https:\/\/www.amiblu.com\/es\/wp-json\/wp\/v2\/posts\/56192\/revisions\/60497"}],"wp:featuredmedia":[{"embeddable":true,"href":"https:\/\/www.amiblu.com\/es\/wp-json\/wp\/v2\/media\/56197"}],"wp:attachment":[{"href":"https:\/\/www.amiblu.com\/es\/wp-json\/wp\/v2\/media?parent=56192"}],"wp:term":[{"taxonomy":"category","embeddable":true,"href":"https:\/\/www.amiblu.com\/es\/wp-json\/wp\/v2\/categories?post=56192"},{"taxonomy":"post_tag","embeddable":true,"href":"https:\/\/www.amiblu.com\/es\/wp-json\/wp\/v2\/tags?post=56192"}],"curies":[{"name":"wp","href":"https:\/\/api.w.org\/{rel}","templated":true}]}}