{"id":60602,"date":"2023-12-05T08:30:24","date_gmt":"2023-12-05T07:30:24","guid":{"rendered":"https:\/\/www.amiblu.com\/?p=60602"},"modified":"2023-12-05T08:30:34","modified_gmt":"2023-12-05T07:30:34","slug":"amiblu-calendario-solidario-talita","status":"publish","type":"post","link":"https:\/\/www.amiblu.com\/es\/amiblu-calendario-solidario-talita\/","title":{"rendered":"Amiblu Pipes Spain colabora en la edici\u00f3n del Calendario Solidario Talita 2024"},"content":{"rendered":"<\/p>\n\n<style type=\"text\/css\" data-created_by=\"avia_inline_auto\" id=\"style-css-av-lpqqj5rs-1555f7fd52ff1aae81329931dd0957ca\">\n.avia-image-container.av-lpqqj5rs-1555f7fd52ff1aae81329931dd0957ca img.avia_image{\nbox-shadow:none;\n}\n.avia-image-container.av-lpqqj5rs-1555f7fd52ff1aae81329931dd0957ca .av-image-caption-overlay-center{\ncolor:#ffffff;\n}\n<\/style>\n<div  class='avia-image-container av-lpqqj5rs-1555f7fd52ff1aae81329931dd0957ca av-styling- avia-align-center  avia-builder-el-0  el_before_av_hr  avia-builder-el-first '   itemprop=\"image\" itemscope=\"itemscope\" itemtype=\"https:\/\/schema.org\/ImageObject\" ><div class=\"avia-image-container-inner\"><div class=\"avia-image-overlay-wrap\"><img fetchpriority=\"high\" fetchpriority=\"high\" decoding=\"async\" fetchpriority=\"high\" class='wp-image-60603 avia-img-lazy-loading-not-60603 avia_image ' src=\"https:\/\/www.amiblu.com\/wp-content\/uploads\/Fotos-blog-Amiblu-800-x-500-7.jpg\" alt='Amiblu colabora con el Calendario Solidario Talita 2024' title='Amiblu Calendario Solidario Talita'  height=\"500\" width=\"800\"  itemprop=\"thumbnailUrl\" srcset=\"https:\/\/www.amiblu.com\/wp-content\/uploads\/Fotos-blog-Amiblu-800-x-500-7.jpg 800w, https:\/\/www.amiblu.com\/wp-content\/uploads\/Fotos-blog-Amiblu-800-x-500-7-300x188.jpg 300w, https:\/\/www.amiblu.com\/wp-content\/uploads\/Fotos-blog-Amiblu-800-x-500-7-768x480.jpg 768w, https:\/\/www.amiblu.com\/wp-content\/uploads\/Fotos-blog-Amiblu-800-x-500-7-705x441.jpg 705w\" sizes=\"(max-width: 800px) 100vw, 800px\" \/><\/div><\/div><\/div>\n\n<style type=\"text\/css\" data-created_by=\"avia_inline_auto\" id=\"style-css-av-lpqqk9ly-f6d89491908f2d3d927e73d0300feb60\">\n#top .hr.hr-invisible.av-lpqqk9ly-f6d89491908f2d3d927e73d0300feb60{\nheight:50px;\n}\n<\/style>\n<div  class='hr av-lpqqk9ly-f6d89491908f2d3d927e73d0300feb60 hr-invisible  avia-builder-el-1  el_after_av_image  el_before_av_textblock '><span class='hr-inner '><span class=\"hr-inner-style\"><\/span><\/span><\/div>\n<section  class='av_textblock_section av-lpqqkpr5-532c88909ebde295627f37232dc302e3 '   itemscope=\"itemscope\" itemtype=\"https:\/\/schema.org\/BlogPosting\" itemprop=\"blogPost\" ><div class='avia_textblock'  itemprop=\"text\" ><h2><b>Amiblu Pipes Spain colabora en la edici\u00f3n del Calendario Solidario Talita 2024 <\/b><\/h2>\n<\/div><\/section>\n<section  class='av_textblock_section av-lpqqoujf-3bd74bd609236ec60a3f4898dee8a6ef '   itemscope=\"itemscope\" itemtype=\"https:\/\/schema.org\/BlogPosting\" itemprop=\"blogPost\" ><div class='avia_textblock'  itemprop=\"text\" ><p><span style=\"font-weight: 400;\">Por s\u00e9ptimo a\u00f1o consecutivo, desde <strong>Amiblu Pipes Spain<\/strong> colaboramos en la edici\u00f3n del <strong>\u00abCalendario Solidario Talita\u201d<\/strong> de la <a href=\"https:\/\/www.fundaciotalita.org\/\">Fundaci\u00f3n Talita<\/a>, que pretende sensibilizar a la sociedad y favorecer la inclusi\u00f3n de los ni\u00f1os y j\u00f3venes con discapacidad intelectual as\u00ed como recaudar fondos.\u00a0<\/span><\/p>\n<p><span style=\"font-weight: 400;\">Desde su c<\/span><span style=\"font-weight: 400;\">reaci\u00f3n en el a\u00f1o 1998, la Fundaci\u00f3n Talita da apoyo, ayuda y orientaci\u00f3n a ni\u00f1os y j\u00f3venes con discapacidad intelectual, y acompa\u00f1a a sus familias, profesores y a su entorno, para lograr el m\u00e1ximo desarrollo de sus capacidades y progresar en su integraci\u00f3n e inclusi\u00f3n en la escuela ordinaria, en su lugar de trabajo, en sus ratos de ocio.<\/span><\/p>\n<p><span style=\"font-weight: 400;\">En el Calendario Solidario Talita 2024 participan ni\u00f1os y famosos de la talla de <strong>Maia y Miki N\u00fa\u00f1ez<\/strong> (enero); <strong>Marieta y Alba Flores<\/strong> (febrero); <strong>Carla y Jaume Plensa<\/strong> (marzo); <strong>Marc y Alice Kellen<\/strong> (abril); <strong>Pau y Maverick Vi\u00f1ales<\/strong> (mayo); <strong>Mariona y Nuria Casas<\/strong> (junio); <strong>Joaqu\u00edn y Juan Carlos Unzu\u00e9<\/strong> (julio); <strong>Fran y Dra. Elisenda Eixarch<\/strong> (agosto); <strong>Jaime y Juanma Iturriaga<\/strong> (septiembre); <strong>\u00c1lvaro y Anthony Blake<\/strong> (octubre); <strong>V\u00edctor y Octavi Pujades<\/strong> (noviembre), y <strong>N\u00faria y Albert Adri\u00e0<\/strong> (diciembre).\u00a0<\/span><\/p>\n<p><span style=\"font-weight: 400;\">Desde Amiblu os animamos a que compr\u00e9is un ejemplar del calendario en la p\u00e1gina web <\/span><a href=\"http:\/\/www.fundaciotalita.org\/\"><span style=\"font-weight: 400;\">\u00a0<\/span><\/a><a href=\"http:\/\/www.fundaciotalita.org\"><span style=\"font-weight: 400;\">www.fundaciotalita.org<\/span><\/a><span style=\"font-weight: 400;\">,\u00a0 o llamando al 93 434 43 55.<\/span><\/p>\n<p><span style=\"font-weight: 400;\">\u00a1En Amiblu Pipes Spain no se nos ocurre otra forma mejor de felicitar el pr\u00f3ximo a\u00f1o 2024 a todos nuestros clientes!<\/span><\/p>\n<\/div><\/section>\n","protected":false},"excerpt":{"rendered":"<p>Amiblu Pipes Spain colabora en la edici\u00f3n del \u00abCalendario Solidario Talita\u201d de la Fundaci\u00f3n Talita. <\/p>\n","protected":false},"author":15,"featured_media":60603,"comment_status":"closed","ping_status":"closed","sticky":false,"template":"","format":"standard","meta":{"_acf_changed":false,"footnotes":""},"categories":[164],"tags":[],"class_list":["post-60602","post","type-post","status-publish","format-standard","has-post-thumbnail","hentry","category-news-4"],"acf":[],"yoast_head":"<!-- This site is optimized with the Yoast SEO Premium plugin v27.5 (Yoast SEO v27.5) - https:\/\/yoast.com\/product\/yoast-seo-premium-wordpress\/ -->\n<title>Amiblu colabora en la edici\u00f3n del Calendario Solidario Talita<\/title>\n<meta name=\"description\" content=\"Amiblu Pipes Spain colabora en la edici\u00f3n del &quot;Calendario Solidario Talita\u201d de la Fundaci\u00f3n Talita por s\u00e9ptimo a\u00f1o consecutivo.\" \/>\n<meta name=\"robots\" content=\"index, follow, max-snippet:-1, max-image-preview:large, max-video-preview:-1\" \/>\n<link rel=\"canonical\" href=\"https:\/\/www.amiblu.com\/es\/amiblu-calendario-solidario-talita\/\" \/>\n<meta property=\"og:locale\" content=\"es_ES\" \/>\n<meta property=\"og:type\" content=\"article\" \/>\n<meta property=\"og:title\" content=\"Amiblu Pipes Spain colabora en la edici\u00f3n del Calendario Solidario Talita 2024\" \/>\n<meta property=\"og:description\" content=\"Amiblu Pipes Spain colabora en la edici\u00f3n del &quot;Calendario Solidario Talita\u201d de la Fundaci\u00f3n Talita por s\u00e9ptimo a\u00f1o consecutivo.\" \/>\n<meta property=\"og:url\" content=\"https:\/\/www.amiblu.com\/es\/amiblu-calendario-solidario-talita\/\" \/>\n<meta property=\"og:site_name\" content=\"Amiblu\" \/>\n<meta property=\"article:publisher\" content=\"https:\/\/www.facebook.com\/amiblupipes\" \/>\n<meta property=\"article:published_time\" content=\"2023-12-05T07:30:24+00:00\" \/>\n<meta property=\"article:modified_time\" content=\"2023-12-05T07:30:34+00:00\" \/>\n<meta property=\"og:image\" content=\"https:\/\/www.amiblu.com\/wp-content\/uploads\/Fotos-blog-Amiblu-800-x-500-7.jpg\" \/>\n\t<meta property=\"og:image:width\" content=\"800\" \/>\n\t<meta property=\"og:image:height\" content=\"500\" \/>\n\t<meta property=\"og:image:type\" content=\"image\/jpeg\" \/>\n<meta name=\"author\" content=\"Noelia\" \/>\n<meta name=\"twitter:card\" content=\"summary_large_image\" \/>\n<meta name=\"twitter:label1\" content=\"Escrito por\" \/>\n\t<meta name=\"twitter:data1\" content=\"Noelia\" \/>\n\t<meta name=\"twitter:label2\" content=\"Tiempo de lectura\" \/>\n\t<meta name=\"twitter:data2\" content=\"2 minutos\" \/>\n<script type=\"application\/ld+json\" class=\"yoast-schema-graph\">{\"@context\":\"https:\\\/\\\/schema.org\",\"@graph\":[{\"@type\":\"Article\",\"@id\":\"https:\\\/\\\/www.amiblu.com\\\/es\\\/amiblu-calendario-solidario-talita\\\/#article\",\"isPartOf\":{\"@id\":\"https:\\\/\\\/www.amiblu.com\\\/es\\\/amiblu-calendario-solidario-talita\\\/\"},\"author\":{\"name\":\"Noelia\",\"@id\":\"https:\\\/\\\/www.amiblu.com\\\/es\\\/#\\\/schema\\\/person\\\/4abd1603334fad5d8a0f94cfc539ff89\"},\"headline\":\"Amiblu Pipes Spain colabora en la edici\u00f3n del Calendario Solidario Talita 2024\",\"datePublished\":\"2023-12-05T07:30:24+00:00\",\"dateModified\":\"2023-12-05T07:30:34+00:00\",\"mainEntityOfPage\":{\"@id\":\"https:\\\/\\\/www.amiblu.com\\\/es\\\/amiblu-calendario-solidario-talita\\\/\"},\"wordCount\":461,\"publisher\":{\"@id\":\"https:\\\/\\\/www.amiblu.com\\\/es\\\/#organization\"},\"image\":{\"@id\":\"https:\\\/\\\/www.amiblu.com\\\/es\\\/amiblu-calendario-solidario-talita\\\/#primaryimage\"},\"thumbnailUrl\":\"https:\\\/\\\/www.amiblu.com\\\/wp-content\\\/uploads\\\/Fotos-blog-Amiblu-800-x-500-7.jpg\",\"articleSection\":[\"Noticias\"],\"inLanguage\":\"es\"},{\"@type\":\"WebPage\",\"@id\":\"https:\\\/\\\/www.amiblu.com\\\/es\\\/amiblu-calendario-solidario-talita\\\/\",\"url\":\"https:\\\/\\\/www.amiblu.com\\\/es\\\/amiblu-calendario-solidario-talita\\\/\",\"name\":\"Amiblu colabora en la edici\u00f3n del Calendario Solidario Talita\",\"isPartOf\":{\"@id\":\"https:\\\/\\\/www.amiblu.com\\\/es\\\/#website\"},\"primaryImageOfPage\":{\"@id\":\"https:\\\/\\\/www.amiblu.com\\\/es\\\/amiblu-calendario-solidario-talita\\\/#primaryimage\"},\"image\":{\"@id\":\"https:\\\/\\\/www.amiblu.com\\\/es\\\/amiblu-calendario-solidario-talita\\\/#primaryimage\"},\"thumbnailUrl\":\"https:\\\/\\\/www.amiblu.com\\\/wp-content\\\/uploads\\\/Fotos-blog-Amiblu-800-x-500-7.jpg\",\"datePublished\":\"2023-12-05T07:30:24+00:00\",\"dateModified\":\"2023-12-05T07:30:34+00:00\",\"description\":\"Amiblu Pipes Spain colabora en la edici\u00f3n del \\\"Calendario Solidario Talita\u201d de la Fundaci\u00f3n Talita por s\u00e9ptimo a\u00f1o consecutivo.\",\"inLanguage\":\"es\",\"potentialAction\":[{\"@type\":\"ReadAction\",\"target\":[\"https:\\\/\\\/www.amiblu.com\\\/es\\\/amiblu-calendario-solidario-talita\\\/\"]}]},{\"@type\":\"ImageObject\",\"inLanguage\":\"es\",\"@id\":\"https:\\\/\\\/www.amiblu.com\\\/es\\\/amiblu-calendario-solidario-talita\\\/#primaryimage\",\"url\":\"https:\\\/\\\/www.amiblu.com\\\/wp-content\\\/uploads\\\/Fotos-blog-Amiblu-800-x-500-7.jpg\",\"contentUrl\":\"https:\\\/\\\/www.amiblu.com\\\/wp-content\\\/uploads\\\/Fotos-blog-Amiblu-800-x-500-7.jpg\",\"width\":800,\"height\":500,\"caption\":\"Amiblu colabora con el Calendario Solidario Talita 2024\"},{\"@type\":\"WebSite\",\"@id\":\"https:\\\/\\\/www.amiblu.com\\\/es\\\/#website\",\"url\":\"https:\\\/\\\/www.amiblu.com\\\/es\\\/\",\"name\":\"Amiblu\",\"description\":\"GFK-Rohrsysteme f\u00fcr Generationen\",\"publisher\":{\"@id\":\"https:\\\/\\\/www.amiblu.com\\\/es\\\/#organization\"},\"potentialAction\":[{\"@type\":\"SearchAction\",\"target\":{\"@type\":\"EntryPoint\",\"urlTemplate\":\"https:\\\/\\\/www.amiblu.com\\\/es\\\/?s={search_term_string}\"},\"query-input\":{\"@type\":\"PropertyValueSpecification\",\"valueRequired\":true,\"valueName\":\"search_term_string\"}}],\"inLanguage\":\"es\"},{\"@type\":\"Organization\",\"@id\":\"https:\\\/\\\/www.amiblu.com\\\/es\\\/#organization\",\"name\":\"Amiblu Group\",\"url\":\"https:\\\/\\\/www.amiblu.com\\\/es\\\/\",\"logo\":{\"@type\":\"ImageObject\",\"inLanguage\":\"es\",\"@id\":\"https:\\\/\\\/www.amiblu.com\\\/es\\\/#\\\/schema\\\/logo\\\/image\\\/\",\"url\":\"https:\\\/\\\/www.amiblu.com\\\/wp-content\\\/uploads\\\/2021\\\/01\\\/Amiblu-logo-website-1.png\",\"contentUrl\":\"https:\\\/\\\/www.amiblu.com\\\/wp-content\\\/uploads\\\/2021\\\/01\\\/Amiblu-logo-website-1.png\",\"width\":201,\"height\":38,\"caption\":\"Amiblu Group\"},\"image\":{\"@id\":\"https:\\\/\\\/www.amiblu.com\\\/es\\\/#\\\/schema\\\/logo\\\/image\\\/\"},\"sameAs\":[\"https:\\\/\\\/www.facebook.com\\\/amiblupipes\",\"https:\\\/\\\/www.youtube.com\\\/c\\\/Amiblu\",\"https:\\\/\\\/de.wikipedia.org\\\/wiki\\\/Amiblu\",\"https:\\\/\\\/www.linkedin.com\\\/company\\\/amiblupipes\\\/\"]},{\"@type\":\"Person\",\"@id\":\"https:\\\/\\\/www.amiblu.com\\\/es\\\/#\\\/schema\\\/person\\\/4abd1603334fad5d8a0f94cfc539ff89\",\"name\":\"Noelia\",\"image\":{\"@type\":\"ImageObject\",\"inLanguage\":\"es\",\"@id\":\"https:\\\/\\\/secure.gravatar.com\\\/avatar\\\/9f9ebd2edffef3d993712c729db8694b50f6ee566a3ba3d6fc66fbe195f17ca7?s=96&d=mm&r=g\",\"url\":\"https:\\\/\\\/secure.gravatar.com\\\/avatar\\\/9f9ebd2edffef3d993712c729db8694b50f6ee566a3ba3d6fc66fbe195f17ca7?s=96&d=mm&r=g\",\"contentUrl\":\"https:\\\/\\\/secure.gravatar.com\\\/avatar\\\/9f9ebd2edffef3d993712c729db8694b50f6ee566a3ba3d6fc66fbe195f17ca7?s=96&d=mm&r=g\",\"caption\":\"Noelia\"}}]}<\/script>\n<!-- \/ Yoast SEO Premium plugin. -->","yoast_head_json":{"title":"Amiblu colabora en la edici\u00f3n del Calendario Solidario Talita","description":"Amiblu Pipes Spain colabora en la edici\u00f3n del \"Calendario Solidario Talita\u201d de la Fundaci\u00f3n Talita por s\u00e9ptimo a\u00f1o consecutivo.","robots":{"index":"index","follow":"follow","max-snippet":"max-snippet:-1","max-image-preview":"max-image-preview:large","max-video-preview":"max-video-preview:-1"},"canonical":"https:\/\/www.amiblu.com\/es\/amiblu-calendario-solidario-talita\/","og_locale":"es_ES","og_type":"article","og_title":"Amiblu Pipes Spain colabora en la edici\u00f3n del Calendario Solidario Talita 2024","og_description":"Amiblu Pipes Spain colabora en la edici\u00f3n del \"Calendario Solidario Talita\u201d de la Fundaci\u00f3n Talita por s\u00e9ptimo a\u00f1o consecutivo.","og_url":"https:\/\/www.amiblu.com\/es\/amiblu-calendario-solidario-talita\/","og_site_name":"Amiblu","article_publisher":"https:\/\/www.facebook.com\/amiblupipes","article_published_time":"2023-12-05T07:30:24+00:00","article_modified_time":"2023-12-05T07:30:34+00:00","og_image":[{"width":800,"height":500,"url":"https:\/\/www.amiblu.com\/wp-content\/uploads\/Fotos-blog-Amiblu-800-x-500-7.jpg","type":"image\/jpeg"}],"author":"Noelia","twitter_card":"summary_large_image","twitter_misc":{"Escrito por":"Noelia","Tiempo de lectura":"2 minutos"},"schema":{"@context":"https:\/\/schema.org","@graph":[{"@type":"Article","@id":"https:\/\/www.amiblu.com\/es\/amiblu-calendario-solidario-talita\/#article","isPartOf":{"@id":"https:\/\/www.amiblu.com\/es\/amiblu-calendario-solidario-talita\/"},"author":{"name":"Noelia","@id":"https:\/\/www.amiblu.com\/es\/#\/schema\/person\/4abd1603334fad5d8a0f94cfc539ff89"},"headline":"Amiblu Pipes Spain colabora en la edici\u00f3n del Calendario Solidario Talita 2024","datePublished":"2023-12-05T07:30:24+00:00","dateModified":"2023-12-05T07:30:34+00:00","mainEntityOfPage":{"@id":"https:\/\/www.amiblu.com\/es\/amiblu-calendario-solidario-talita\/"},"wordCount":461,"publisher":{"@id":"https:\/\/www.amiblu.com\/es\/#organization"},"image":{"@id":"https:\/\/www.amiblu.com\/es\/amiblu-calendario-solidario-talita\/#primaryimage"},"thumbnailUrl":"https:\/\/www.amiblu.com\/wp-content\/uploads\/Fotos-blog-Amiblu-800-x-500-7.jpg","articleSection":["Noticias"],"inLanguage":"es"},{"@type":"WebPage","@id":"https:\/\/www.amiblu.com\/es\/amiblu-calendario-solidario-talita\/","url":"https:\/\/www.amiblu.com\/es\/amiblu-calendario-solidario-talita\/","name":"Amiblu colabora en la edici\u00f3n del Calendario Solidario Talita","isPartOf":{"@id":"https:\/\/www.amiblu.com\/es\/#website"},"primaryImageOfPage":{"@id":"https:\/\/www.amiblu.com\/es\/amiblu-calendario-solidario-talita\/#primaryimage"},"image":{"@id":"https:\/\/www.amiblu.com\/es\/amiblu-calendario-solidario-talita\/#primaryimage"},"thumbnailUrl":"https:\/\/www.amiblu.com\/wp-content\/uploads\/Fotos-blog-Amiblu-800-x-500-7.jpg","datePublished":"2023-12-05T07:30:24+00:00","dateModified":"2023-12-05T07:30:34+00:00","description":"Amiblu Pipes Spain colabora en la edici\u00f3n del \"Calendario Solidario Talita\u201d de la Fundaci\u00f3n Talita por s\u00e9ptimo a\u00f1o consecutivo.","inLanguage":"es","potentialAction":[{"@type":"ReadAction","target":["https:\/\/www.amiblu.com\/es\/amiblu-calendario-solidario-talita\/"]}]},{"@type":"ImageObject","inLanguage":"es","@id":"https:\/\/www.amiblu.com\/es\/amiblu-calendario-solidario-talita\/#primaryimage","url":"https:\/\/www.amiblu.com\/wp-content\/uploads\/Fotos-blog-Amiblu-800-x-500-7.jpg","contentUrl":"https:\/\/www.amiblu.com\/wp-content\/uploads\/Fotos-blog-Amiblu-800-x-500-7.jpg","width":800,"height":500,"caption":"Amiblu colabora con el Calendario Solidario Talita 2024"},{"@type":"WebSite","@id":"https:\/\/www.amiblu.com\/es\/#website","url":"https:\/\/www.amiblu.com\/es\/","name":"Amiblu","description":"GFK-Rohrsysteme f\u00fcr Generationen","publisher":{"@id":"https:\/\/www.amiblu.com\/es\/#organization"},"potentialAction":[{"@type":"SearchAction","target":{"@type":"EntryPoint","urlTemplate":"https:\/\/www.amiblu.com\/es\/?s={search_term_string}"},"query-input":{"@type":"PropertyValueSpecification","valueRequired":true,"valueName":"search_term_string"}}],"inLanguage":"es"},{"@type":"Organization","@id":"https:\/\/www.amiblu.com\/es\/#organization","name":"Amiblu Group","url":"https:\/\/www.amiblu.com\/es\/","logo":{"@type":"ImageObject","inLanguage":"es","@id":"https:\/\/www.amiblu.com\/es\/#\/schema\/logo\/image\/","url":"https:\/\/www.amiblu.com\/wp-content\/uploads\/2021\/01\/Amiblu-logo-website-1.png","contentUrl":"https:\/\/www.amiblu.com\/wp-content\/uploads\/2021\/01\/Amiblu-logo-website-1.png","width":201,"height":38,"caption":"Amiblu Group"},"image":{"@id":"https:\/\/www.amiblu.com\/es\/#\/schema\/logo\/image\/"},"sameAs":["https:\/\/www.facebook.com\/amiblupipes","https:\/\/www.youtube.com\/c\/Amiblu","https:\/\/de.wikipedia.org\/wiki\/Amiblu","https:\/\/www.linkedin.com\/company\/amiblupipes\/"]},{"@type":"Person","@id":"https:\/\/www.amiblu.com\/es\/#\/schema\/person\/4abd1603334fad5d8a0f94cfc539ff89","name":"Noelia","image":{"@type":"ImageObject","inLanguage":"es","@id":"https:\/\/secure.gravatar.com\/avatar\/9f9ebd2edffef3d993712c729db8694b50f6ee566a3ba3d6fc66fbe195f17ca7?s=96&d=mm&r=g","url":"https:\/\/secure.gravatar.com\/avatar\/9f9ebd2edffef3d993712c729db8694b50f6ee566a3ba3d6fc66fbe195f17ca7?s=96&d=mm&r=g","contentUrl":"https:\/\/secure.gravatar.com\/avatar\/9f9ebd2edffef3d993712c729db8694b50f6ee566a3ba3d6fc66fbe195f17ca7?s=96&d=mm&r=g","caption":"Noelia"}}]}},"_links":{"self":[{"href":"https:\/\/www.amiblu.com\/es\/wp-json\/wp\/v2\/posts\/60602","targetHints":{"allow":["GET"]}}],"collection":[{"href":"https:\/\/www.amiblu.com\/es\/wp-json\/wp\/v2\/posts"}],"about":[{"href":"https:\/\/www.amiblu.com\/es\/wp-json\/wp\/v2\/types\/post"}],"author":[{"embeddable":true,"href":"https:\/\/www.amiblu.com\/es\/wp-json\/wp\/v2\/users\/15"}],"replies":[{"embeddable":true,"href":"https:\/\/www.amiblu.com\/es\/wp-json\/wp\/v2\/comments?post=60602"}],"version-history":[{"count":6,"href":"https:\/\/www.amiblu.com\/es\/wp-json\/wp\/v2\/posts\/60602\/revisions"}],"predecessor-version":[{"id":60612,"href":"https:\/\/www.amiblu.com\/es\/wp-json\/wp\/v2\/posts\/60602\/revisions\/60612"}],"wp:featuredmedia":[{"embeddable":true,"href":"https:\/\/www.amiblu.com\/es\/wp-json\/wp\/v2\/media\/60603"}],"wp:attachment":[{"href":"https:\/\/www.amiblu.com\/es\/wp-json\/wp\/v2\/media?parent=60602"}],"wp:term":[{"taxonomy":"category","embeddable":true,"href":"https:\/\/www.amiblu.com\/es\/wp-json\/wp\/v2\/categories?post=60602"},{"taxonomy":"post_tag","embeddable":true,"href":"https:\/\/www.amiblu.com\/es\/wp-json\/wp\/v2\/tags?post=60602"}],"curies":[{"name":"wp","href":"https:\/\/api.w.org\/{rel}","templated":true}]}}