{"id":65107,"date":"2024-08-21T12:20:52","date_gmt":"2024-08-21T10:20:52","guid":{"rendered":"https:\/\/www.amiblu.com\/?p=65107"},"modified":"2024-12-17T12:30:51","modified_gmt":"2024-12-17T11:30:51","slug":"rafael-lahera","status":"publish","type":"post","link":"https:\/\/www.amiblu.com\/es\/rafael-lahera\/","title":{"rendered":"\u00abEn Amiblu es imposible aburrirse; siempre estamos afrontando nuevos desaf\u00edos y aprendiendo\u00bb"},"content":{"rendered":"\n<style type=\"text\/css\" data-created_by=\"avia_inline_auto\" id=\"style-css-av-m03ldjdk-7ecc33b78aee367da54bd77774b5d3cc\">\n.avia-image-container.av-m03ldjdk-7ecc33b78aee367da54bd77774b5d3cc img.avia_image{\nbox-shadow:none;\n}\n.avia-image-container.av-m03ldjdk-7ecc33b78aee367da54bd77774b5d3cc .av-image-caption-overlay-center{\ncolor:#ffffff;\n}\n<\/style>\n<div  class='avia-image-container av-m03ldjdk-7ecc33b78aee367da54bd77774b5d3cc av-styling- avia-align-left  avia-builder-el-0  el_before_av_hr  avia-builder-el-first '   itemprop=\"image\" itemscope=\"itemscope\" itemtype=\"https:\/\/schema.org\/ImageObject\" ><div class=\"avia-image-container-inner\"><div class=\"avia-image-overlay-wrap\"><img fetchpriority=\"high\" fetchpriority=\"high\" decoding=\"async\" fetchpriority=\"high\" class='wp-image-65108 avia-img-lazy-loading-not-65108 avia_image ' src=\"https:\/\/www.amiblu.com\/wp-content\/uploads\/Fotos-blog-Amiblu-800-x-500-26.jpg\" alt='Entrevista a Rafael Lahera, Director Comercial de Amiblu Pipes Spain' title='Rafael Lahera'  height=\"500\" width=\"800\"  itemprop=\"thumbnailUrl\" srcset=\"https:\/\/www.amiblu.com\/wp-content\/uploads\/Fotos-blog-Amiblu-800-x-500-26.jpg 800w, https:\/\/www.amiblu.com\/wp-content\/uploads\/Fotos-blog-Amiblu-800-x-500-26-300x188.jpg 300w, https:\/\/www.amiblu.com\/wp-content\/uploads\/Fotos-blog-Amiblu-800-x-500-26-768x480.jpg 768w, https:\/\/www.amiblu.com\/wp-content\/uploads\/Fotos-blog-Amiblu-800-x-500-26-705x441.jpg 705w\" sizes=\"(max-width: 800px) 100vw, 800px\" \/><\/div><\/div><\/div>\n\n<style type=\"text\/css\" data-created_by=\"avia_inline_auto\" id=\"style-css-av-m03le1c1-8ded0bf81b17ca2be5208fbc35877bf0\">\n#top .hr.hr-invisible.av-m03le1c1-8ded0bf81b17ca2be5208fbc35877bf0{\nheight:50px;\n}\n<\/style>\n<div  class='hr av-m03le1c1-8ded0bf81b17ca2be5208fbc35877bf0 hr-invisible  avia-builder-el-1  el_after_av_image  el_before_av_textblock '><span class='hr-inner '><span class=\"hr-inner-style\"><\/span><\/span><\/div>\n<section  class='av_textblock_section av-m03lgn7h-8871018beee13bcf97b529cd4c0e70c5 '   itemscope=\"itemscope\" itemtype=\"https:\/\/schema.org\/BlogPosting\" itemprop=\"blogPost\" ><div class='avia_textblock'  itemprop=\"text\" ><h2>\u00abEn Amiblu es imposible aburrirse; siempre estamos afrontando nuevos desaf\u00edos y aprendiendo\u00bb<\/h2>\n<\/div><\/section>\n<section  class='av_textblock_section av-m03n55oh-02d05c67e32a81c491f9ad7444173017 '   itemscope=\"itemscope\" itemtype=\"https:\/\/schema.org\/BlogPosting\" itemprop=\"blogPost\" ><div class='avia_textblock'  itemprop=\"text\" ><p><b>Entrevista a Rafael Lahera, Director Comercial para Am\u00e9rica Latina en Amiblu Pipes Spain #Somos Amiblu <\/b><\/p>\n<p><span style=\"font-weight: 400;\">Rafael Lahera es Director Comercial para Am\u00e9rica Latina en Amiblu Pipes Spain, donde ha liderado grandes proyectos como el GNA II en Brasil, la mayor<\/span><span style=\"font-weight: 400;\"> central termoel\u00e9ctrica de ciclo combinado de \u00faltima generaci\u00f3n de Am\u00e9rica Latina.<\/span> <span style=\"font-weight: 400;\">Afirma que lo que m\u00e1s valora de su trabajo son las oportunidades de aprendizaje que concede y la imposibilidad de aburrirse. \u201cSiempre estamos afrontando nuevos desaf\u00edos y aprendiendo\u201d. A\u00fan as\u00ed cuenta que, <\/span><span style=\"font-weight: 400;\">realmente, le hubiese gustado vivir en otra \u00e9poca de la historia, siendo explorador de nuevos mares y continentes. Nos lo explica, a continuaci\u00f3n.<\/span><\/p>\n<p><strong>\u00bfC\u00f3mo es el ritmo de trabajo en una\u00a0 empresa como Amiblu?<br \/>\n<\/strong><span style=\"font-weight: 400;\">El ritmo de trabajo en Amiblu es din\u00e1mico y exigente, impulsado por la necesidad de cumplir con la excelencia y con nuestros est\u00e1ndares de calidad. La coordinaci\u00f3n entre equipos y la eficiencia en los procesos son cruciales para asegurar que nuestros productos y servicios cumplan con las expectativas de nuestros clientes y del mercado.\u00a0<\/span><\/p>\n<p><strong>Un d\u00eda laborable en Amiblu es\u2026<br \/>\n<\/strong><span style=\"font-weight: 400;\">En un d\u00eda t\u00edpico en Amiblu abordamos reuniones para revisar el progreso de los proyectos y la gesti\u00f3n de las relaciones con los clientes. El d\u00eda tambi\u00e9n incluye la planificaci\u00f3n estrat\u00e9gica, desarrollo de mercado y la resoluci\u00f3n de cualquier desaf\u00edo que pueda surgir.<\/span><\/p>\n<p><strong>\u00bfQu\u00e9 es lo que m\u00e1s valoras de tu trabajo?<br \/>\n<\/strong>El dinamismo junto con las oportunidades de aprendizaje y de desarrollo que existen en el d\u00eda a d\u00eda. Es imposible aburrirse, ya que siempre estamos afrontando nuevos desaf\u00edos y aprendiendo.<\/p>\n<p><strong>Hasta la fecha, \u00bfcu\u00e1l es el momento m\u00e1s divertido que recuerdas con tus compa\u00f1eros de departamento?<br \/>\n<\/strong><span style=\"font-weight: 400;\">En un entorno profesional creo que es muy importante tener momentos de diversi\u00f3n y humor que ayuden a fortalecer relaciones y a desarrollar de una forma m\u00e1s saludable el d\u00eda a d\u00eda de nuestras responsabilidades. Tener compa\u00f1eros con la misma visi\u00f3n y con los que se puede compartir estos momentos es una verdadera suerte.<\/span><\/p>\n<p><span style=\"font-weight: 400;\"><strong>Expl\u00edcanos alg\u00fan proyecto de tuber\u00edas de PRFV que recuerdes por su singularidad.<\/strong><br \/>\n<\/span><span style=\"font-weight: 400;\">A lo largo de estos a\u00f1os han existido en nuestra empresa diferentes proyectos singulares.\u00a0 En nuestro ADN llevamos marcado el desarrollo de proyectos desafiantes.\u00a0 Uno de nuestros \u00faltimos proyectos, la central t\u00e9rmica de GNA II en Brasil -la mayor de Am\u00e9rica latina- ha sido un proyecto muy singular por la cantidad de desaf\u00edos que hemos tenido que abordar todo el equipo de Amiblu. Desde la negociaci\u00f3n con el cliente, los plazos exigentes de fabricaci\u00f3n y el env\u00edo a obra, hasta la instalaci\u00f3n realizada por nuestro equipo de producci\u00f3n en obra, el cumplimiento de los altos est\u00e1ndares de calidad y desarrollo t\u00e9cnico de nuestro equipo de ingenier\u00eda.\u00a0 Sin duda, un proyecto por el que todo el equipo de Amiblu Pipes Spain estamos profundamente orgullosos.\u00a0<\/span><\/p>\n<p><strong>Si no te hubieses dedicado a ser director comercial, hubieses elegido ser\u2026<br \/>\n<\/strong><span style=\"font-weight: 400;\">Realmente me hubiera gustado vivir en otra \u00e9poca de la historia, siendo explorador de nuevos mares y continentes.\u00a0<\/span><\/p>\n<p><span style=\"font-weight: 400;\"><strong>Amiblu ha iniciado un proceso interno de transformaci\u00f3n para reducir el impacto ambiental de sus productos y contribuir al ahorro energ\u00e9tico. \u00bfQu\u00e9 opini\u00f3n tienes sobre el mismo?<\/strong><br \/>\n<\/span><span style=\"font-weight: 400;\">Estoy completamente a favor de este proceso de transformaci\u00f3n. Reducir nuestro impacto ambiental y contribuir al ahorro energ\u00e9tico no solo es una responsabilidad empresarial, sino tambi\u00e9n una parte de nuestro comportamiento dentro de la sociedad.\u00a0 A su vez, es una oportunidad para liderar nuestra industria en innovaci\u00f3n y sostenibilidad.\u00a0<\/span><\/p>\n<p><strong>Amiblu es una empresa que\u2026<br \/>\n<\/strong><span style=\"font-weight: 400;\">Es l\u00edder en su sector, proporcionado soluciones innovadoras y sostenibles, comprometida con la calidad y el medio ambiente.<\/span><\/p>\n<p><span style=\"font-weight: 400;\"><strong>Si Amiblu fuese un valor, ser\u00eda\u2026<\/strong><br \/>\n<\/span><span style=\"font-weight: 400;\">Sin duda, la excelencia.<\/span><\/p>\n<p><span style=\"font-weight: 400;\"><strong>Al salir de Amiblu te encontraremos\u2026\u00a0<\/strong><br \/>\n<\/span><span style=\"font-weight: 400;\">Con la familia y amigos, disfrutando.\u00a0<\/span><\/p>\n<p><span style=\"font-weight: 400;\"><strong>\u00bfC\u00f3mo te imaginas el futuro? \u00bfVinculado a Amiblu?<\/strong><br \/>\n<\/span><span style=\"font-weight: 400;\">Desarrollando proyectos en Amiblu, siempre manteni\u00e9ndome curioso y nunca dejando de aprender.\u00a0<\/span><\/p>\n<p><strong>\u00a0<\/strong><\/p>\n<\/div><\/section>\n","protected":false},"excerpt":{"rendered":"<p>Entrevista a Rafael Lahera, Director Comercial para Am\u00e9rica Latina en Amiblu Pipes Spain.<\/p>\n","protected":false},"author":15,"featured_media":65108,"comment_status":"closed","ping_status":"closed","sticky":false,"template":"","format":"standard","meta":{"_acf_changed":false,"footnotes":""},"categories":[164],"tags":[],"class_list":["post-65107","post","type-post","status-publish","format-standard","has-post-thumbnail","hentry","category-news-4"],"acf":[],"yoast_head":"<!-- This site is optimized with the Yoast SEO Premium plugin v27.4 (Yoast SEO v27.5) - https:\/\/yoast.com\/product\/yoast-seo-premium-wordpress\/ -->\n<title>Entrevista a Rafael Lahera, Director Comercial para Am\u00e9rica Latina<\/title>\n<meta name=\"description\" content=\"En el blog de Amiblu entrevistamos a Rafael Lahera, Director Comercial para America Latina en Amiblu Pipes Spain.\" \/>\n<meta name=\"robots\" content=\"index, follow, max-snippet:-1, max-image-preview:large, max-video-preview:-1\" \/>\n<link rel=\"canonical\" href=\"https:\/\/www.amiblu.com\/es\/rafael-lahera\/\" \/>\n<meta property=\"og:locale\" content=\"es_ES\" \/>\n<meta property=\"og:type\" content=\"article\" \/>\n<meta property=\"og:title\" content=\"&quot;En Amiblu es imposible aburrirse; siempre estamos afrontando nuevos desaf\u00edos y aprendiendo&quot;\" \/>\n<meta property=\"og:description\" content=\"En el blog de Amiblu entrevistamos a Rafael Lahera, Director Comercial para America Latina en Amiblu Pipes Spain.\" \/>\n<meta property=\"og:url\" content=\"https:\/\/www.amiblu.com\/es\/rafael-lahera\/\" \/>\n<meta property=\"og:site_name\" content=\"Amiblu\" \/>\n<meta property=\"article:publisher\" content=\"https:\/\/www.facebook.com\/amiblupipes\" \/>\n<meta property=\"article:published_time\" content=\"2024-08-21T10:20:52+00:00\" \/>\n<meta property=\"article:modified_time\" content=\"2024-12-17T11:30:51+00:00\" \/>\n<meta property=\"og:image\" content=\"https:\/\/www.amiblu.com\/wp-content\/uploads\/Fotos-blog-Amiblu-800-x-500-26.jpg\" \/>\n\t<meta property=\"og:image:width\" content=\"800\" \/>\n\t<meta property=\"og:image:height\" content=\"500\" \/>\n\t<meta property=\"og:image:type\" content=\"image\/jpeg\" \/>\n<meta name=\"author\" content=\"Noelia\" \/>\n<meta name=\"twitter:card\" content=\"summary_large_image\" \/>\n<meta name=\"twitter:label1\" content=\"Escrito por\" \/>\n\t<meta name=\"twitter:data1\" content=\"Noelia\" \/>\n\t<meta name=\"twitter:label2\" content=\"Tiempo de lectura\" \/>\n\t<meta name=\"twitter:data2\" content=\"4 minutos\" \/>\n<script type=\"application\/ld+json\" class=\"yoast-schema-graph\">{\"@context\":\"https:\\\/\\\/schema.org\",\"@graph\":[{\"@type\":\"Article\",\"@id\":\"https:\\\/\\\/www.amiblu.com\\\/es\\\/rafael-lahera\\\/#article\",\"isPartOf\":{\"@id\":\"https:\\\/\\\/www.amiblu.com\\\/es\\\/rafael-lahera\\\/\"},\"author\":{\"name\":\"Noelia\",\"@id\":\"https:\\\/\\\/www.amiblu.com\\\/es\\\/#\\\/schema\\\/person\\\/4abd1603334fad5d8a0f94cfc539ff89\"},\"headline\":\"\u00abEn Amiblu es imposible aburrirse; siempre estamos afrontando nuevos desaf\u00edos y aprendiendo\u00bb\",\"datePublished\":\"2024-08-21T10:20:52+00:00\",\"dateModified\":\"2024-12-17T11:30:51+00:00\",\"mainEntityOfPage\":{\"@id\":\"https:\\\/\\\/www.amiblu.com\\\/es\\\/rafael-lahera\\\/\"},\"wordCount\":1206,\"publisher\":{\"@id\":\"https:\\\/\\\/www.amiblu.com\\\/es\\\/#organization\"},\"image\":{\"@id\":\"https:\\\/\\\/www.amiblu.com\\\/es\\\/rafael-lahera\\\/#primaryimage\"},\"thumbnailUrl\":\"https:\\\/\\\/www.amiblu.com\\\/wp-content\\\/uploads\\\/Fotos-blog-Amiblu-800-x-500-26.jpg\",\"articleSection\":[\"Noticias\"],\"inLanguage\":\"es\"},{\"@type\":\"WebPage\",\"@id\":\"https:\\\/\\\/www.amiblu.com\\\/es\\\/rafael-lahera\\\/\",\"url\":\"https:\\\/\\\/www.amiblu.com\\\/es\\\/rafael-lahera\\\/\",\"name\":\"Entrevista a Rafael Lahera, Director Comercial para Am\u00e9rica Latina\",\"isPartOf\":{\"@id\":\"https:\\\/\\\/www.amiblu.com\\\/es\\\/#website\"},\"primaryImageOfPage\":{\"@id\":\"https:\\\/\\\/www.amiblu.com\\\/es\\\/rafael-lahera\\\/#primaryimage\"},\"image\":{\"@id\":\"https:\\\/\\\/www.amiblu.com\\\/es\\\/rafael-lahera\\\/#primaryimage\"},\"thumbnailUrl\":\"https:\\\/\\\/www.amiblu.com\\\/wp-content\\\/uploads\\\/Fotos-blog-Amiblu-800-x-500-26.jpg\",\"datePublished\":\"2024-08-21T10:20:52+00:00\",\"dateModified\":\"2024-12-17T11:30:51+00:00\",\"description\":\"En el blog de Amiblu entrevistamos a Rafael Lahera, Director Comercial para America Latina en Amiblu Pipes Spain.\",\"inLanguage\":\"es\",\"potentialAction\":[{\"@type\":\"ReadAction\",\"target\":[\"https:\\\/\\\/www.amiblu.com\\\/es\\\/rafael-lahera\\\/\"]}]},{\"@type\":\"ImageObject\",\"inLanguage\":\"es\",\"@id\":\"https:\\\/\\\/www.amiblu.com\\\/es\\\/rafael-lahera\\\/#primaryimage\",\"url\":\"https:\\\/\\\/www.amiblu.com\\\/wp-content\\\/uploads\\\/Fotos-blog-Amiblu-800-x-500-26.jpg\",\"contentUrl\":\"https:\\\/\\\/www.amiblu.com\\\/wp-content\\\/uploads\\\/Fotos-blog-Amiblu-800-x-500-26.jpg\",\"width\":800,\"height\":500,\"caption\":\"Entrevista a Rafael Lahera, Director Comercial de Amiblu Pipes Spain\"},{\"@type\":\"WebSite\",\"@id\":\"https:\\\/\\\/www.amiblu.com\\\/es\\\/#website\",\"url\":\"https:\\\/\\\/www.amiblu.com\\\/es\\\/\",\"name\":\"Amiblu\",\"description\":\"GFK-Rohrsysteme f\u00fcr Generationen\",\"publisher\":{\"@id\":\"https:\\\/\\\/www.amiblu.com\\\/es\\\/#organization\"},\"potentialAction\":[{\"@type\":\"SearchAction\",\"target\":{\"@type\":\"EntryPoint\",\"urlTemplate\":\"https:\\\/\\\/www.amiblu.com\\\/es\\\/?s={search_term_string}\"},\"query-input\":{\"@type\":\"PropertyValueSpecification\",\"valueRequired\":true,\"valueName\":\"search_term_string\"}}],\"inLanguage\":\"es\"},{\"@type\":\"Organization\",\"@id\":\"https:\\\/\\\/www.amiblu.com\\\/es\\\/#organization\",\"name\":\"Amiblu Group\",\"url\":\"https:\\\/\\\/www.amiblu.com\\\/es\\\/\",\"logo\":{\"@type\":\"ImageObject\",\"inLanguage\":\"es\",\"@id\":\"https:\\\/\\\/www.amiblu.com\\\/es\\\/#\\\/schema\\\/logo\\\/image\\\/\",\"url\":\"https:\\\/\\\/www.amiblu.com\\\/wp-content\\\/uploads\\\/2021\\\/01\\\/Amiblu-logo-website-1.png\",\"contentUrl\":\"https:\\\/\\\/www.amiblu.com\\\/wp-content\\\/uploads\\\/2021\\\/01\\\/Amiblu-logo-website-1.png\",\"width\":201,\"height\":38,\"caption\":\"Amiblu Group\"},\"image\":{\"@id\":\"https:\\\/\\\/www.amiblu.com\\\/es\\\/#\\\/schema\\\/logo\\\/image\\\/\"},\"sameAs\":[\"https:\\\/\\\/www.facebook.com\\\/amiblupipes\",\"https:\\\/\\\/www.youtube.com\\\/c\\\/Amiblu\",\"https:\\\/\\\/de.wikipedia.org\\\/wiki\\\/Amiblu\",\"https:\\\/\\\/www.linkedin.com\\\/company\\\/amiblupipes\\\/\"]},{\"@type\":\"Person\",\"@id\":\"https:\\\/\\\/www.amiblu.com\\\/es\\\/#\\\/schema\\\/person\\\/4abd1603334fad5d8a0f94cfc539ff89\",\"name\":\"Noelia\",\"image\":{\"@type\":\"ImageObject\",\"inLanguage\":\"es\",\"@id\":\"https:\\\/\\\/secure.gravatar.com\\\/avatar\\\/9f9ebd2edffef3d993712c729db8694b50f6ee566a3ba3d6fc66fbe195f17ca7?s=96&d=mm&r=g\",\"url\":\"https:\\\/\\\/secure.gravatar.com\\\/avatar\\\/9f9ebd2edffef3d993712c729db8694b50f6ee566a3ba3d6fc66fbe195f17ca7?s=96&d=mm&r=g\",\"contentUrl\":\"https:\\\/\\\/secure.gravatar.com\\\/avatar\\\/9f9ebd2edffef3d993712c729db8694b50f6ee566a3ba3d6fc66fbe195f17ca7?s=96&d=mm&r=g\",\"caption\":\"Noelia\"}}]}<\/script>\n<!-- \/ Yoast SEO Premium plugin. -->","yoast_head_json":{"title":"Entrevista a Rafael Lahera, Director Comercial para Am\u00e9rica Latina","description":"En el blog de Amiblu entrevistamos a Rafael Lahera, Director Comercial para America Latina en Amiblu Pipes Spain.","robots":{"index":"index","follow":"follow","max-snippet":"max-snippet:-1","max-image-preview":"max-image-preview:large","max-video-preview":"max-video-preview:-1"},"canonical":"https:\/\/www.amiblu.com\/es\/rafael-lahera\/","og_locale":"es_ES","og_type":"article","og_title":"\"En Amiblu es imposible aburrirse; siempre estamos afrontando nuevos desaf\u00edos y aprendiendo\"","og_description":"En el blog de Amiblu entrevistamos a Rafael Lahera, Director Comercial para America Latina en Amiblu Pipes Spain.","og_url":"https:\/\/www.amiblu.com\/es\/rafael-lahera\/","og_site_name":"Amiblu","article_publisher":"https:\/\/www.facebook.com\/amiblupipes","article_published_time":"2024-08-21T10:20:52+00:00","article_modified_time":"2024-12-17T11:30:51+00:00","og_image":[{"width":800,"height":500,"url":"https:\/\/www.amiblu.com\/wp-content\/uploads\/Fotos-blog-Amiblu-800-x-500-26.jpg","type":"image\/jpeg"}],"author":"Noelia","twitter_card":"summary_large_image","twitter_misc":{"Escrito por":"Noelia","Tiempo de lectura":"4 minutos"},"schema":{"@context":"https:\/\/schema.org","@graph":[{"@type":"Article","@id":"https:\/\/www.amiblu.com\/es\/rafael-lahera\/#article","isPartOf":{"@id":"https:\/\/www.amiblu.com\/es\/rafael-lahera\/"},"author":{"name":"Noelia","@id":"https:\/\/www.amiblu.com\/es\/#\/schema\/person\/4abd1603334fad5d8a0f94cfc539ff89"},"headline":"\u00abEn Amiblu es imposible aburrirse; siempre estamos afrontando nuevos desaf\u00edos y aprendiendo\u00bb","datePublished":"2024-08-21T10:20:52+00:00","dateModified":"2024-12-17T11:30:51+00:00","mainEntityOfPage":{"@id":"https:\/\/www.amiblu.com\/es\/rafael-lahera\/"},"wordCount":1206,"publisher":{"@id":"https:\/\/www.amiblu.com\/es\/#organization"},"image":{"@id":"https:\/\/www.amiblu.com\/es\/rafael-lahera\/#primaryimage"},"thumbnailUrl":"https:\/\/www.amiblu.com\/wp-content\/uploads\/Fotos-blog-Amiblu-800-x-500-26.jpg","articleSection":["Noticias"],"inLanguage":"es"},{"@type":"WebPage","@id":"https:\/\/www.amiblu.com\/es\/rafael-lahera\/","url":"https:\/\/www.amiblu.com\/es\/rafael-lahera\/","name":"Entrevista a Rafael Lahera, Director Comercial para Am\u00e9rica Latina","isPartOf":{"@id":"https:\/\/www.amiblu.com\/es\/#website"},"primaryImageOfPage":{"@id":"https:\/\/www.amiblu.com\/es\/rafael-lahera\/#primaryimage"},"image":{"@id":"https:\/\/www.amiblu.com\/es\/rafael-lahera\/#primaryimage"},"thumbnailUrl":"https:\/\/www.amiblu.com\/wp-content\/uploads\/Fotos-blog-Amiblu-800-x-500-26.jpg","datePublished":"2024-08-21T10:20:52+00:00","dateModified":"2024-12-17T11:30:51+00:00","description":"En el blog de Amiblu entrevistamos a Rafael Lahera, Director Comercial para America Latina en Amiblu Pipes Spain.","inLanguage":"es","potentialAction":[{"@type":"ReadAction","target":["https:\/\/www.amiblu.com\/es\/rafael-lahera\/"]}]},{"@type":"ImageObject","inLanguage":"es","@id":"https:\/\/www.amiblu.com\/es\/rafael-lahera\/#primaryimage","url":"https:\/\/www.amiblu.com\/wp-content\/uploads\/Fotos-blog-Amiblu-800-x-500-26.jpg","contentUrl":"https:\/\/www.amiblu.com\/wp-content\/uploads\/Fotos-blog-Amiblu-800-x-500-26.jpg","width":800,"height":500,"caption":"Entrevista a Rafael Lahera, Director Comercial de Amiblu Pipes Spain"},{"@type":"WebSite","@id":"https:\/\/www.amiblu.com\/es\/#website","url":"https:\/\/www.amiblu.com\/es\/","name":"Amiblu","description":"GFK-Rohrsysteme f\u00fcr Generationen","publisher":{"@id":"https:\/\/www.amiblu.com\/es\/#organization"},"potentialAction":[{"@type":"SearchAction","target":{"@type":"EntryPoint","urlTemplate":"https:\/\/www.amiblu.com\/es\/?s={search_term_string}"},"query-input":{"@type":"PropertyValueSpecification","valueRequired":true,"valueName":"search_term_string"}}],"inLanguage":"es"},{"@type":"Organization","@id":"https:\/\/www.amiblu.com\/es\/#organization","name":"Amiblu Group","url":"https:\/\/www.amiblu.com\/es\/","logo":{"@type":"ImageObject","inLanguage":"es","@id":"https:\/\/www.amiblu.com\/es\/#\/schema\/logo\/image\/","url":"https:\/\/www.amiblu.com\/wp-content\/uploads\/2021\/01\/Amiblu-logo-website-1.png","contentUrl":"https:\/\/www.amiblu.com\/wp-content\/uploads\/2021\/01\/Amiblu-logo-website-1.png","width":201,"height":38,"caption":"Amiblu Group"},"image":{"@id":"https:\/\/www.amiblu.com\/es\/#\/schema\/logo\/image\/"},"sameAs":["https:\/\/www.facebook.com\/amiblupipes","https:\/\/www.youtube.com\/c\/Amiblu","https:\/\/de.wikipedia.org\/wiki\/Amiblu","https:\/\/www.linkedin.com\/company\/amiblupipes\/"]},{"@type":"Person","@id":"https:\/\/www.amiblu.com\/es\/#\/schema\/person\/4abd1603334fad5d8a0f94cfc539ff89","name":"Noelia","image":{"@type":"ImageObject","inLanguage":"es","@id":"https:\/\/secure.gravatar.com\/avatar\/9f9ebd2edffef3d993712c729db8694b50f6ee566a3ba3d6fc66fbe195f17ca7?s=96&d=mm&r=g","url":"https:\/\/secure.gravatar.com\/avatar\/9f9ebd2edffef3d993712c729db8694b50f6ee566a3ba3d6fc66fbe195f17ca7?s=96&d=mm&r=g","contentUrl":"https:\/\/secure.gravatar.com\/avatar\/9f9ebd2edffef3d993712c729db8694b50f6ee566a3ba3d6fc66fbe195f17ca7?s=96&d=mm&r=g","caption":"Noelia"}}]}},"_links":{"self":[{"href":"https:\/\/www.amiblu.com\/es\/wp-json\/wp\/v2\/posts\/65107","targetHints":{"allow":["GET"]}}],"collection":[{"href":"https:\/\/www.amiblu.com\/es\/wp-json\/wp\/v2\/posts"}],"about":[{"href":"https:\/\/www.amiblu.com\/es\/wp-json\/wp\/v2\/types\/post"}],"author":[{"embeddable":true,"href":"https:\/\/www.amiblu.com\/es\/wp-json\/wp\/v2\/users\/15"}],"replies":[{"embeddable":true,"href":"https:\/\/www.amiblu.com\/es\/wp-json\/wp\/v2\/comments?post=65107"}],"version-history":[{"count":20,"href":"https:\/\/www.amiblu.com\/es\/wp-json\/wp\/v2\/posts\/65107\/revisions"}],"predecessor-version":[{"id":67643,"href":"https:\/\/www.amiblu.com\/es\/wp-json\/wp\/v2\/posts\/65107\/revisions\/67643"}],"wp:featuredmedia":[{"embeddable":true,"href":"https:\/\/www.amiblu.com\/es\/wp-json\/wp\/v2\/media\/65108"}],"wp:attachment":[{"href":"https:\/\/www.amiblu.com\/es\/wp-json\/wp\/v2\/media?parent=65107"}],"wp:term":[{"taxonomy":"category","embeddable":true,"href":"https:\/\/www.amiblu.com\/es\/wp-json\/wp\/v2\/categories?post=65107"},{"taxonomy":"post_tag","embeddable":true,"href":"https:\/\/www.amiblu.com\/es\/wp-json\/wp\/v2\/tags?post=65107"}],"curies":[{"name":"wp","href":"https:\/\/api.w.org\/{rel}","templated":true}]}}