{"id":66450,"date":"2024-09-19T12:42:08","date_gmt":"2024-09-19T10:42:08","guid":{"rendered":"https:\/\/www.amiblu.com\/?p=66450"},"modified":"2024-09-19T12:42:16","modified_gmt":"2024-09-19T10:42:16","slug":"30-anos-planta-camarles","status":"publish","type":"post","link":"https:\/\/www.amiblu.com\/es\/30-anos-planta-camarles\/","title":{"rendered":"Amiblu celebra el 30 aniversario de su planta de producci\u00f3n de Camarles"},"content":{"rendered":"\n<style type=\"text\/css\" data-created_by=\"avia_inline_auto\" id=\"style-css-av-m18z3wb5-f8917de6c4fed9533abdd5732467c4ce\">\n.avia-image-container.av-m18z3wb5-f8917de6c4fed9533abdd5732467c4ce img.avia_image{\nbox-shadow:none;\n}\n.avia-image-container.av-m18z3wb5-f8917de6c4fed9533abdd5732467c4ce .av-image-caption-overlay-center{\ncolor:#ffffff;\n}\n<\/style>\n<div  class='avia-image-container av-m18z3wb5-f8917de6c4fed9533abdd5732467c4ce av-styling- avia-align-left  avia-builder-el-0  el_before_av_hr  avia-builder-el-first '   itemprop=\"image\" itemscope=\"itemscope\" itemtype=\"https:\/\/schema.org\/ImageObject\" ><div class=\"avia-image-container-inner\"><div class=\"avia-image-overlay-wrap\"><img fetchpriority=\"high\" fetchpriority=\"high\" decoding=\"async\" fetchpriority=\"high\" class='wp-image-66451 avia-img-lazy-loading-not-66451 avia_image ' src=\"https:\/\/www.amiblu.com\/wp-content\/uploads\/Fotos-blog-Amiblu-800-x-500-28.jpg\" alt='Amiblu celebra 30 aniversario de su planta Camarles' title='equipo amiblu pipes spain'  height=\"500\" width=\"800\"  itemprop=\"thumbnailUrl\" srcset=\"https:\/\/www.amiblu.com\/wp-content\/uploads\/Fotos-blog-Amiblu-800-x-500-28.jpg 800w, https:\/\/www.amiblu.com\/wp-content\/uploads\/Fotos-blog-Amiblu-800-x-500-28-300x188.jpg 300w, https:\/\/www.amiblu.com\/wp-content\/uploads\/Fotos-blog-Amiblu-800-x-500-28-768x480.jpg 768w, https:\/\/www.amiblu.com\/wp-content\/uploads\/Fotos-blog-Amiblu-800-x-500-28-705x441.jpg 705w\" sizes=\"(max-width: 800px) 100vw, 800px\" \/><\/div><\/div><\/div>\n\n<style type=\"text\/css\" data-created_by=\"avia_inline_auto\" id=\"style-css-av-m18z4b4z-1df04ca5509e1961f24f664c0d958ab7\">\n#top .hr.hr-invisible.av-m18z4b4z-1df04ca5509e1961f24f664c0d958ab7{\nheight:50px;\n}\n<\/style>\n<div  class='hr av-m18z4b4z-1df04ca5509e1961f24f664c0d958ab7 hr-invisible  avia-builder-el-1  el_after_av_image  el_before_av_textblock '><span class='hr-inner '><span class=\"hr-inner-style\"><\/span><\/span><\/div>\n<section  class='av_textblock_section av-m18z4q6k-92e4841ad43c4c197c2d4de1f906c466 '   itemscope=\"itemscope\" itemtype=\"https:\/\/schema.org\/BlogPosting\" itemprop=\"blogPost\" ><div class='avia_textblock'  itemprop=\"text\" ><h1><b>Amiblu celebra el 30 aniversario de su planta de producci\u00f3n de Camarles <\/b><\/h1>\n<\/div><\/section>\n<section  class='av_textblock_section av-m18z8ynx-9c0eeb6c501cca87a590122c4f49660b '   itemscope=\"itemscope\" itemtype=\"https:\/\/schema.org\/BlogPosting\" itemprop=\"blogPost\" ><div class='avia_textblock'  itemprop=\"text\" ><p>\u00a1En Amiblu Pipes Spain estamos de enhorabuena! Nuestra planta de producci\u00f3n de Camarles ha cumplido 30 a\u00f1os y los hemos celebrado con una jornada festiva.<\/p>\n<p>El acto de celebracio\u0301n del 30 aniversario de Amiblu tuvo lugar el pasado 14 de septiembre en una jornada que dur\u00f3 todo el di\u0301a. Al inicio, los asistentes pudieron participar en una ruta guiada por el interior de la fa\u0301brica, para conocer su funcionamiento y las cualidades del PRFV. A continuacio\u0301n, el director general de Amiblu Pipes Spain, Xavier Arasanz, dirigio\u0301 unas palabras de felicitacio\u0301n y agradecimiento con motivo de los 30 an\u0303os.<\/p>\n<p>La jornada, que reuni\u00f3 a m\u00e1s de 300 personas, entre trabajadores, familiares y amigos, tambie\u0301n incluyo\u0301 foodtrucks y paella para todos los participantes, la actuacio\u0301n de un mago, mu\u0301sica en directo y actividades infantiles, entre otros.<\/p>\n<p>Con una superficie de 35.000 metros cuadrados, la fa\u0301brica de Amiblu empezo\u0301 a operar en junio de 1994. A d\u00eda de hoy, en la planta de Amiblu trabajan 240 personas, entre personal de produccio\u0301n, ingenieri\u0301a, calidad y medio ambiente, comercial y administracio\u0301n, y se producen anualmente ma\u0301s de 300 km de tuberi\u0301as.<\/p>\n<p>Para Xavier Arasanz, director general de Amiblu Pipes Spain \u201cAmiblu se encuentra en un buen momento, fruto del trabajo que hemos llevado a cabo a lo largo de los an\u0303os y que nos hace mirar el futuro con optimismo. Hemos avanzado de forma en sostenibilidad y la planta de Camarles es hoy la primera fa\u0301brica de PRFV de Europa C02 neutra. Tambie\u0301n cabe destacar todos los proyectos que llevamos a cabo, como la modernizacio\u0301n de riegos ma\u0301s importante de Espan\u0303a o el crecimiento continuo en el sector industrial, suministrando nuestros tubos a los clientes ma\u0301s exigentes y para obras complicadas en todo el mundo\u201d.<\/p>\n<h4><b>Amiblu, mayor productor de tuber\u00edas de PRFV del mundo<\/b><\/h4>\n<p><span style=\"font-weight: 400;\">Y es que, e<\/span><span style=\"font-weight: 400;\">n los u\u0301ltimos 4 an\u0303os, gracias al plan estrate\u0301gico de transicio\u0301n ecolo\u0301gica \u201cAmiblu Green 2022-2024\u201d, Amiblu ha realizado importantes inversiones para reducir significativamente las emisiones de dio\u0301xido de carbono, hasta convertir a la planta de Camarles en la <a href=\"https:\/\/www.amiblu.com\/es\/amiblu-fabrica-co2-neutra\/\">primera fa\u0301brica europea de tuberi\u0301as de PRFV C02 neutra<\/a>. Adema\u0301s, la filial espan\u0303ola del Grupo Amiblu \u2013li\u0301der mundial de tuberi\u0301as de PRFV con sede en Austria\u2013 es la fa\u0301brica ma\u0301s eficiente del Grupo y lidera la estrategia medioambiental de la compan\u0303i\u0301a.<\/span><\/p>\n<p><span style=\"font-weight: 400;\">Con ma\u0301s de seis de\u0301cadas de experiencia, el Grupo Amiblu es el mayor productor y socio tecnolo\u0301gico de<a href=\"https:\/\/www.amiblu.com\/es\/por-que-prfv\/\"> tuberi\u0301as de PRFV<\/a> en el mundo. La compan\u0303i\u0301a ofrece soluciones personalizadas y soporte integral para el transporte de agua para el consumo dome\u0301stico, industrial, vertido de aguas residuales y regadi\u0301os.\u00a0<\/span><\/p>\n<\/div><\/section>\n","protected":false},"excerpt":{"rendered":"<p>La planta de producci\u00f3n de Camarles ha cumplido 30 a\u00f1os y en Amiblu Pipes Spain lo han celebrado con una jornada festiva.<\/p>\n","protected":false},"author":15,"featured_media":66451,"comment_status":"closed","ping_status":"closed","sticky":false,"template":"","format":"standard","meta":{"_acf_changed":false,"footnotes":""},"categories":[164],"tags":[],"class_list":["post-66450","post","type-post","status-publish","format-standard","has-post-thumbnail","hentry","category-news-4"],"acf":[],"yoast_head":"<!-- This site is optimized with the Yoast SEO Premium plugin v27.4 (Yoast SEO v27.5) - https:\/\/yoast.com\/product\/yoast-seo-premium-wordpress\/ -->\n<title>Amiblu celebra el 30 aniversario de su planta de Camarles - Amiblu<\/title>\n<meta name=\"description\" content=\"Amiblu celebra el 30 aniversario de su planta de producci\u00f3n de Camarles con una jornada festiva que ha reunido a m\u00e1s de 300 personas\" \/>\n<meta name=\"robots\" content=\"index, follow, max-snippet:-1, max-image-preview:large, max-video-preview:-1\" \/>\n<link rel=\"canonical\" href=\"https:\/\/www.amiblu.com\/es\/30-anos-planta-camarles\/\" \/>\n<meta property=\"og:locale\" content=\"es_ES\" \/>\n<meta property=\"og:type\" content=\"article\" \/>\n<meta property=\"og:title\" content=\"Amiblu celebra el 30 aniversario de su planta de producci\u00f3n de Camarles\" \/>\n<meta property=\"og:description\" content=\"Amiblu celebra el 30 aniversario de su planta de producci\u00f3n de Camarles con una jornada festiva que ha reunido a m\u00e1s de 300 personas\" \/>\n<meta property=\"og:url\" content=\"https:\/\/www.amiblu.com\/es\/30-anos-planta-camarles\/\" \/>\n<meta property=\"og:site_name\" content=\"Amiblu\" \/>\n<meta property=\"article:publisher\" content=\"https:\/\/www.facebook.com\/amiblupipes\" \/>\n<meta property=\"article:published_time\" content=\"2024-09-19T10:42:08+00:00\" \/>\n<meta property=\"article:modified_time\" content=\"2024-09-19T10:42:16+00:00\" \/>\n<meta property=\"og:image\" content=\"https:\/\/www.amiblu.com\/wp-content\/uploads\/Fotos-blog-Amiblu-800-x-500-28.jpg\" \/>\n\t<meta property=\"og:image:width\" content=\"800\" \/>\n\t<meta property=\"og:image:height\" content=\"500\" \/>\n\t<meta property=\"og:image:type\" content=\"image\/jpeg\" \/>\n<meta name=\"author\" content=\"Noelia\" \/>\n<meta name=\"twitter:card\" content=\"summary_large_image\" \/>\n<meta name=\"twitter:label1\" content=\"Escrito por\" \/>\n\t<meta name=\"twitter:data1\" content=\"Noelia\" \/>\n\t<meta name=\"twitter:label2\" content=\"Tiempo de lectura\" \/>\n\t<meta name=\"twitter:data2\" content=\"3 minutos\" \/>\n<script type=\"application\/ld+json\" class=\"yoast-schema-graph\">{\"@context\":\"https:\\\/\\\/schema.org\",\"@graph\":[{\"@type\":\"Article\",\"@id\":\"https:\\\/\\\/www.amiblu.com\\\/es\\\/30-anos-planta-camarles\\\/#article\",\"isPartOf\":{\"@id\":\"https:\\\/\\\/www.amiblu.com\\\/es\\\/30-anos-planta-camarles\\\/\"},\"author\":{\"name\":\"Noelia\",\"@id\":\"https:\\\/\\\/www.amiblu.com\\\/es\\\/#\\\/schema\\\/person\\\/4abd1603334fad5d8a0f94cfc539ff89\"},\"headline\":\"Amiblu celebra el 30 aniversario de su planta de producci\u00f3n de Camarles\",\"datePublished\":\"2024-09-19T10:42:08+00:00\",\"dateModified\":\"2024-09-19T10:42:16+00:00\",\"mainEntityOfPage\":{\"@id\":\"https:\\\/\\\/www.amiblu.com\\\/es\\\/30-anos-planta-camarles\\\/\"},\"wordCount\":981,\"publisher\":{\"@id\":\"https:\\\/\\\/www.amiblu.com\\\/es\\\/#organization\"},\"image\":{\"@id\":\"https:\\\/\\\/www.amiblu.com\\\/es\\\/30-anos-planta-camarles\\\/#primaryimage\"},\"thumbnailUrl\":\"https:\\\/\\\/www.amiblu.com\\\/wp-content\\\/uploads\\\/Fotos-blog-Amiblu-800-x-500-28.jpg\",\"articleSection\":[\"Noticias\"],\"inLanguage\":\"es\"},{\"@type\":\"WebPage\",\"@id\":\"https:\\\/\\\/www.amiblu.com\\\/es\\\/30-anos-planta-camarles\\\/\",\"url\":\"https:\\\/\\\/www.amiblu.com\\\/es\\\/30-anos-planta-camarles\\\/\",\"name\":\"Amiblu celebra el 30 aniversario de su planta de Camarles - Amiblu\",\"isPartOf\":{\"@id\":\"https:\\\/\\\/www.amiblu.com\\\/es\\\/#website\"},\"primaryImageOfPage\":{\"@id\":\"https:\\\/\\\/www.amiblu.com\\\/es\\\/30-anos-planta-camarles\\\/#primaryimage\"},\"image\":{\"@id\":\"https:\\\/\\\/www.amiblu.com\\\/es\\\/30-anos-planta-camarles\\\/#primaryimage\"},\"thumbnailUrl\":\"https:\\\/\\\/www.amiblu.com\\\/wp-content\\\/uploads\\\/Fotos-blog-Amiblu-800-x-500-28.jpg\",\"datePublished\":\"2024-09-19T10:42:08+00:00\",\"dateModified\":\"2024-09-19T10:42:16+00:00\",\"description\":\"Amiblu celebra el 30 aniversario de su planta de producci\u00f3n de Camarles con una jornada festiva que ha reunido a m\u00e1s de 300 personas\",\"inLanguage\":\"es\",\"potentialAction\":[{\"@type\":\"ReadAction\",\"target\":[\"https:\\\/\\\/www.amiblu.com\\\/es\\\/30-anos-planta-camarles\\\/\"]}]},{\"@type\":\"ImageObject\",\"inLanguage\":\"es\",\"@id\":\"https:\\\/\\\/www.amiblu.com\\\/es\\\/30-anos-planta-camarles\\\/#primaryimage\",\"url\":\"https:\\\/\\\/www.amiblu.com\\\/wp-content\\\/uploads\\\/Fotos-blog-Amiblu-800-x-500-28.jpg\",\"contentUrl\":\"https:\\\/\\\/www.amiblu.com\\\/wp-content\\\/uploads\\\/Fotos-blog-Amiblu-800-x-500-28.jpg\",\"width\":800,\"height\":500,\"caption\":\"Amiblu celebra 30 aniversario de su planta Camarles\"},{\"@type\":\"WebSite\",\"@id\":\"https:\\\/\\\/www.amiblu.com\\\/es\\\/#website\",\"url\":\"https:\\\/\\\/www.amiblu.com\\\/es\\\/\",\"name\":\"Amiblu\",\"description\":\"GFK-Rohrsysteme f\u00fcr Generationen\",\"publisher\":{\"@id\":\"https:\\\/\\\/www.amiblu.com\\\/es\\\/#organization\"},\"potentialAction\":[{\"@type\":\"SearchAction\",\"target\":{\"@type\":\"EntryPoint\",\"urlTemplate\":\"https:\\\/\\\/www.amiblu.com\\\/es\\\/?s={search_term_string}\"},\"query-input\":{\"@type\":\"PropertyValueSpecification\",\"valueRequired\":true,\"valueName\":\"search_term_string\"}}],\"inLanguage\":\"es\"},{\"@type\":\"Organization\",\"@id\":\"https:\\\/\\\/www.amiblu.com\\\/es\\\/#organization\",\"name\":\"Amiblu Group\",\"url\":\"https:\\\/\\\/www.amiblu.com\\\/es\\\/\",\"logo\":{\"@type\":\"ImageObject\",\"inLanguage\":\"es\",\"@id\":\"https:\\\/\\\/www.amiblu.com\\\/es\\\/#\\\/schema\\\/logo\\\/image\\\/\",\"url\":\"https:\\\/\\\/www.amiblu.com\\\/wp-content\\\/uploads\\\/2021\\\/01\\\/Amiblu-logo-website-1.png\",\"contentUrl\":\"https:\\\/\\\/www.amiblu.com\\\/wp-content\\\/uploads\\\/2021\\\/01\\\/Amiblu-logo-website-1.png\",\"width\":201,\"height\":38,\"caption\":\"Amiblu Group\"},\"image\":{\"@id\":\"https:\\\/\\\/www.amiblu.com\\\/es\\\/#\\\/schema\\\/logo\\\/image\\\/\"},\"sameAs\":[\"https:\\\/\\\/www.facebook.com\\\/amiblupipes\",\"https:\\\/\\\/www.youtube.com\\\/c\\\/Amiblu\",\"https:\\\/\\\/de.wikipedia.org\\\/wiki\\\/Amiblu\",\"https:\\\/\\\/www.linkedin.com\\\/company\\\/amiblupipes\\\/\"]},{\"@type\":\"Person\",\"@id\":\"https:\\\/\\\/www.amiblu.com\\\/es\\\/#\\\/schema\\\/person\\\/4abd1603334fad5d8a0f94cfc539ff89\",\"name\":\"Noelia\",\"image\":{\"@type\":\"ImageObject\",\"inLanguage\":\"es\",\"@id\":\"https:\\\/\\\/secure.gravatar.com\\\/avatar\\\/9f9ebd2edffef3d993712c729db8694b50f6ee566a3ba3d6fc66fbe195f17ca7?s=96&d=mm&r=g\",\"url\":\"https:\\\/\\\/secure.gravatar.com\\\/avatar\\\/9f9ebd2edffef3d993712c729db8694b50f6ee566a3ba3d6fc66fbe195f17ca7?s=96&d=mm&r=g\",\"contentUrl\":\"https:\\\/\\\/secure.gravatar.com\\\/avatar\\\/9f9ebd2edffef3d993712c729db8694b50f6ee566a3ba3d6fc66fbe195f17ca7?s=96&d=mm&r=g\",\"caption\":\"Noelia\"}}]}<\/script>\n<!-- \/ Yoast SEO Premium plugin. -->","yoast_head_json":{"title":"Amiblu celebra el 30 aniversario de su planta de Camarles - Amiblu","description":"Amiblu celebra el 30 aniversario de su planta de producci\u00f3n de Camarles con una jornada festiva que ha reunido a m\u00e1s de 300 personas","robots":{"index":"index","follow":"follow","max-snippet":"max-snippet:-1","max-image-preview":"max-image-preview:large","max-video-preview":"max-video-preview:-1"},"canonical":"https:\/\/www.amiblu.com\/es\/30-anos-planta-camarles\/","og_locale":"es_ES","og_type":"article","og_title":"Amiblu celebra el 30 aniversario de su planta de producci\u00f3n de Camarles","og_description":"Amiblu celebra el 30 aniversario de su planta de producci\u00f3n de Camarles con una jornada festiva que ha reunido a m\u00e1s de 300 personas","og_url":"https:\/\/www.amiblu.com\/es\/30-anos-planta-camarles\/","og_site_name":"Amiblu","article_publisher":"https:\/\/www.facebook.com\/amiblupipes","article_published_time":"2024-09-19T10:42:08+00:00","article_modified_time":"2024-09-19T10:42:16+00:00","og_image":[{"width":800,"height":500,"url":"https:\/\/www.amiblu.com\/wp-content\/uploads\/Fotos-blog-Amiblu-800-x-500-28.jpg","type":"image\/jpeg"}],"author":"Noelia","twitter_card":"summary_large_image","twitter_misc":{"Escrito por":"Noelia","Tiempo de lectura":"3 minutos"},"schema":{"@context":"https:\/\/schema.org","@graph":[{"@type":"Article","@id":"https:\/\/www.amiblu.com\/es\/30-anos-planta-camarles\/#article","isPartOf":{"@id":"https:\/\/www.amiblu.com\/es\/30-anos-planta-camarles\/"},"author":{"name":"Noelia","@id":"https:\/\/www.amiblu.com\/es\/#\/schema\/person\/4abd1603334fad5d8a0f94cfc539ff89"},"headline":"Amiblu celebra el 30 aniversario de su planta de producci\u00f3n de Camarles","datePublished":"2024-09-19T10:42:08+00:00","dateModified":"2024-09-19T10:42:16+00:00","mainEntityOfPage":{"@id":"https:\/\/www.amiblu.com\/es\/30-anos-planta-camarles\/"},"wordCount":981,"publisher":{"@id":"https:\/\/www.amiblu.com\/es\/#organization"},"image":{"@id":"https:\/\/www.amiblu.com\/es\/30-anos-planta-camarles\/#primaryimage"},"thumbnailUrl":"https:\/\/www.amiblu.com\/wp-content\/uploads\/Fotos-blog-Amiblu-800-x-500-28.jpg","articleSection":["Noticias"],"inLanguage":"es"},{"@type":"WebPage","@id":"https:\/\/www.amiblu.com\/es\/30-anos-planta-camarles\/","url":"https:\/\/www.amiblu.com\/es\/30-anos-planta-camarles\/","name":"Amiblu celebra el 30 aniversario de su planta de Camarles - Amiblu","isPartOf":{"@id":"https:\/\/www.amiblu.com\/es\/#website"},"primaryImageOfPage":{"@id":"https:\/\/www.amiblu.com\/es\/30-anos-planta-camarles\/#primaryimage"},"image":{"@id":"https:\/\/www.amiblu.com\/es\/30-anos-planta-camarles\/#primaryimage"},"thumbnailUrl":"https:\/\/www.amiblu.com\/wp-content\/uploads\/Fotos-blog-Amiblu-800-x-500-28.jpg","datePublished":"2024-09-19T10:42:08+00:00","dateModified":"2024-09-19T10:42:16+00:00","description":"Amiblu celebra el 30 aniversario de su planta de producci\u00f3n de Camarles con una jornada festiva que ha reunido a m\u00e1s de 300 personas","inLanguage":"es","potentialAction":[{"@type":"ReadAction","target":["https:\/\/www.amiblu.com\/es\/30-anos-planta-camarles\/"]}]},{"@type":"ImageObject","inLanguage":"es","@id":"https:\/\/www.amiblu.com\/es\/30-anos-planta-camarles\/#primaryimage","url":"https:\/\/www.amiblu.com\/wp-content\/uploads\/Fotos-blog-Amiblu-800-x-500-28.jpg","contentUrl":"https:\/\/www.amiblu.com\/wp-content\/uploads\/Fotos-blog-Amiblu-800-x-500-28.jpg","width":800,"height":500,"caption":"Amiblu celebra 30 aniversario de su planta Camarles"},{"@type":"WebSite","@id":"https:\/\/www.amiblu.com\/es\/#website","url":"https:\/\/www.amiblu.com\/es\/","name":"Amiblu","description":"GFK-Rohrsysteme f\u00fcr Generationen","publisher":{"@id":"https:\/\/www.amiblu.com\/es\/#organization"},"potentialAction":[{"@type":"SearchAction","target":{"@type":"EntryPoint","urlTemplate":"https:\/\/www.amiblu.com\/es\/?s={search_term_string}"},"query-input":{"@type":"PropertyValueSpecification","valueRequired":true,"valueName":"search_term_string"}}],"inLanguage":"es"},{"@type":"Organization","@id":"https:\/\/www.amiblu.com\/es\/#organization","name":"Amiblu Group","url":"https:\/\/www.amiblu.com\/es\/","logo":{"@type":"ImageObject","inLanguage":"es","@id":"https:\/\/www.amiblu.com\/es\/#\/schema\/logo\/image\/","url":"https:\/\/www.amiblu.com\/wp-content\/uploads\/2021\/01\/Amiblu-logo-website-1.png","contentUrl":"https:\/\/www.amiblu.com\/wp-content\/uploads\/2021\/01\/Amiblu-logo-website-1.png","width":201,"height":38,"caption":"Amiblu Group"},"image":{"@id":"https:\/\/www.amiblu.com\/es\/#\/schema\/logo\/image\/"},"sameAs":["https:\/\/www.facebook.com\/amiblupipes","https:\/\/www.youtube.com\/c\/Amiblu","https:\/\/de.wikipedia.org\/wiki\/Amiblu","https:\/\/www.linkedin.com\/company\/amiblupipes\/"]},{"@type":"Person","@id":"https:\/\/www.amiblu.com\/es\/#\/schema\/person\/4abd1603334fad5d8a0f94cfc539ff89","name":"Noelia","image":{"@type":"ImageObject","inLanguage":"es","@id":"https:\/\/secure.gravatar.com\/avatar\/9f9ebd2edffef3d993712c729db8694b50f6ee566a3ba3d6fc66fbe195f17ca7?s=96&d=mm&r=g","url":"https:\/\/secure.gravatar.com\/avatar\/9f9ebd2edffef3d993712c729db8694b50f6ee566a3ba3d6fc66fbe195f17ca7?s=96&d=mm&r=g","contentUrl":"https:\/\/secure.gravatar.com\/avatar\/9f9ebd2edffef3d993712c729db8694b50f6ee566a3ba3d6fc66fbe195f17ca7?s=96&d=mm&r=g","caption":"Noelia"}}]}},"_links":{"self":[{"href":"https:\/\/www.amiblu.com\/es\/wp-json\/wp\/v2\/posts\/66450","targetHints":{"allow":["GET"]}}],"collection":[{"href":"https:\/\/www.amiblu.com\/es\/wp-json\/wp\/v2\/posts"}],"about":[{"href":"https:\/\/www.amiblu.com\/es\/wp-json\/wp\/v2\/types\/post"}],"author":[{"embeddable":true,"href":"https:\/\/www.amiblu.com\/es\/wp-json\/wp\/v2\/users\/15"}],"replies":[{"embeddable":true,"href":"https:\/\/www.amiblu.com\/es\/wp-json\/wp\/v2\/comments?post=66450"}],"version-history":[{"count":8,"href":"https:\/\/www.amiblu.com\/es\/wp-json\/wp\/v2\/posts\/66450\/revisions"}],"predecessor-version":[{"id":66460,"href":"https:\/\/www.amiblu.com\/es\/wp-json\/wp\/v2\/posts\/66450\/revisions\/66460"}],"wp:featuredmedia":[{"embeddable":true,"href":"https:\/\/www.amiblu.com\/es\/wp-json\/wp\/v2\/media\/66451"}],"wp:attachment":[{"href":"https:\/\/www.amiblu.com\/es\/wp-json\/wp\/v2\/media?parent=66450"}],"wp:term":[{"taxonomy":"category","embeddable":true,"href":"https:\/\/www.amiblu.com\/es\/wp-json\/wp\/v2\/categories?post=66450"},{"taxonomy":"post_tag","embeddable":true,"href":"https:\/\/www.amiblu.com\/es\/wp-json\/wp\/v2\/tags?post=66450"}],"curies":[{"name":"wp","href":"https:\/\/api.w.org\/{rel}","templated":true}]}}