{"id":67517,"date":"2024-12-02T11:54:11","date_gmt":"2024-12-02T10:54:11","guid":{"rendered":"https:\/\/www.amiblu.com\/?p=67517"},"modified":"2025-06-11T10:54:44","modified_gmt":"2025-06-11T08:54:44","slug":"amiblu-regadio-prfv","status":"publish","type":"post","link":"https:\/\/www.amiblu.com\/es\/amiblu-regadio-prfv\/","title":{"rendered":"Amiblu impulsa la modernizaci\u00f3n del regad\u00edo en el Sif\u00f3n del Bronco"},"content":{"rendered":"\n<style type=\"text\/css\" data-created_by=\"avia_inline_auto\" id=\"style-css-av-vrmuv1-4522e4c361f52ec6fd7c8fc08d2bccaf\">\n.avia-image-container.av-vrmuv1-4522e4c361f52ec6fd7c8fc08d2bccaf img.avia_image{\nbox-shadow:none;\n}\n.avia-image-container.av-vrmuv1-4522e4c361f52ec6fd7c8fc08d2bccaf .av-image-caption-overlay-center{\ncolor:#ffffff;\n}\n<\/style>\n<div  class='avia-image-container av-vrmuv1-4522e4c361f52ec6fd7c8fc08d2bccaf av-styling- avia-align-left  avia-builder-el-0  el_before_av_hr  avia-builder-el-first '   itemprop=\"image\" itemscope=\"itemscope\" itemtype=\"https:\/\/schema.org\/ImageObject\" ><div class=\"avia-image-container-inner\"><div class=\"avia-image-overlay-wrap\"><img fetchpriority=\"high\" fetchpriority=\"high\" decoding=\"async\" fetchpriority=\"high\" class='wp-image-67543 avia-img-lazy-loading-not-67543 avia_image ' src=\"https:\/\/www.amiblu.com\/wp-content\/uploads\/Fotos-blog-Amiblu-800-x-500-30.jpg\" alt='Sif\u00f3n del Bronco' title='Fotos Sifon del Bronco'  height=\"500\" width=\"800\"  itemprop=\"thumbnailUrl\" srcset=\"https:\/\/www.amiblu.com\/wp-content\/uploads\/Fotos-blog-Amiblu-800-x-500-30.jpg 800w, https:\/\/www.amiblu.com\/wp-content\/uploads\/Fotos-blog-Amiblu-800-x-500-30-300x188.jpg 300w, https:\/\/www.amiblu.com\/wp-content\/uploads\/Fotos-blog-Amiblu-800-x-500-30-768x480.jpg 768w, https:\/\/www.amiblu.com\/wp-content\/uploads\/Fotos-blog-Amiblu-800-x-500-30-705x441.jpg 705w\" sizes=\"(max-width: 800px) 100vw, 800px\" \/><\/div><\/div><\/div>\n\n<style type=\"text\/css\" data-created_by=\"avia_inline_auto\" id=\"style-css-av-m403f49a-1552301e0482451bdb5251cdf7fc8bef\">\n#top .hr.hr-invisible.av-m403f49a-1552301e0482451bdb5251cdf7fc8bef{\nheight:50px;\n}\n<\/style>\n<div  class='hr av-m403f49a-1552301e0482451bdb5251cdf7fc8bef hr-invisible  avia-builder-el-1  el_after_av_image  el_before_av_textblock '><span class='hr-inner '><span class=\"hr-inner-style\"><\/span><\/span><\/div>\n<section  class='av_textblock_section av-m403fovb-80892f2761f77c7fed624aa0f249f125 '   itemscope=\"itemscope\" itemtype=\"https:\/\/schema.org\/BlogPosting\" itemprop=\"blogPost\" ><div class='avia_textblock'  itemprop=\"text\" ><h1><b>Amiblu impulsa la modernizaci\u00f3n del regad\u00edo en el Sif\u00f3n del Bronco<\/b><\/h1>\n<\/div><\/section>\n<section  class='av_textblock_section av-m403htmc-99cf820ed286d98f87c6ea485ef5be18 '   itemscope=\"itemscope\" itemtype=\"https:\/\/schema.org\/BlogPosting\" itemprop=\"blogPost\" ><div class='avia_textblock'  itemprop=\"text\" ><p>Amiblu Pipes Spain ha sido adjudicataria del suministro de tuber\u00edas y piezas especiales de PRFV (Poli\u00e9ster Reforzado con Fibra de Vidrio) para el proyecto de reparaci\u00f3n del Sif\u00f3n del Bronco en <span style=\"font-weight: 400;\">Montehermoso<\/span>, situado en la margen derecha del r\u00edo Alag\u00f3n, en C\u00e1ceres.<\/p>\n<p>El proyecto incluye la instalaci\u00f3n de 675 metros de tuber\u00edas, fabricadas y suministradas por Amiblu desde su planta en Camarles, Tarragona. Con un di\u00e1metro de 3.000 mil\u00edmetros, estas tuber\u00edas representan el mayor di\u00e1metro de PRFV producido hasta ahora para una obra de <a href=\"https:\/\/www.amiblu.com\/es\/riego\/\" target=\"_blank\" rel=\"noopener\">regad\u00edo<\/a>.<\/p>\n<p>La reparaci\u00f3n del Sif\u00f3n del Bronco consiste en la demolici\u00f3n y sustituci\u00f3n de dos tuber\u00edas de hormig\u00f3n en paralelo, de 344 metros de longitud cada una, que presentan un alto grado de deterioro tras a\u00f1os de servicio. Estas ser\u00e1n reemplazadas por dos nuevas conducciones de PRFV, siguiendo el trazado actual.<\/p>\n<p>Este cambio garantizar\u00e1 el \u00e9xito y la continuidad de las campa\u00f1as de riego del r\u00edo Alag\u00f3n, solucionando problemas de aver\u00edas que hab\u00edan afectado significativamente a la zona.<\/p>\n<p>El proyecto beneficiar\u00e1 a m\u00e1s de 15.600 hect\u00e1reas de regad\u00edo, favoreciendo los cultivos de los municipios de Casas de Don G\u00f3mez, Casillas de Coria, Coria, Alag\u00f3n del R\u00edo, Montehermoso, Morcillo, Guijo de Galisteo, Guijo de Coria y Calzadilla. Con esta modernizaci\u00f3n, las comunidades agrarias de la regi\u00f3n podr\u00e1n optimizar sus recursos h\u00eddricos y mejorar la eficiencia de riego en una zona crucial para la agricultura local.<\/p>\n<\/div><\/section>\n<section  class='av_textblock_section av-m403i7g3-780375659c03162ef1da35ad6374cb8c '   itemscope=\"itemscope\" itemtype=\"https:\/\/schema.org\/BlogPosting\" itemprop=\"blogPost\" ><div class='avia_textblock'  itemprop=\"text\" ><h4>PRFV: la soluci\u00f3n ideal para sistemas de riego modernos<\/h4>\n<\/div><\/section>\n<section  class='av_textblock_section av-m403irxa-5b78976351d61959ccbb06dc5be3cdc4 '   itemscope=\"itemscope\" itemtype=\"https:\/\/schema.org\/BlogPosting\" itemprop=\"blogPost\" ><div class='avia_textblock'  itemprop=\"text\" ><p>La modernizaci\u00f3n de los sistemas de riego es un factor clave para el desarrollo sostenible de las comunidades agr\u00edcolas. Este tipo de proyectos contribuyen a gestionar de manera m\u00e1s eficiente el agua y la energ\u00eda, lo que resulta fundamental en contextos de sequ\u00eda como el actual.<\/p>\n<p>Para Xavier Arasanz, Director General de Amiblu en Espa\u00f1a <a href=\"https:\/\/www.amiblu.com\/es\/tuberias-para-riego-de-prfv\/\" target=\"_blank\" rel=\"noopener\">las tuber\u00edas de PRFV<\/a> son la soluci\u00f3n ideal para los proyectos de modernizaci\u00f3n de regad\u00edos. \u201cEste material, ampliamente instalado para di\u00e1metros mayores a DN 500 en toda la gama de presiones, presenta m\u00faltiples ventajas frente al hormig\u00f3n o el acero. Entre ellas destacan su bajo coste de mantenimiento, excelente comportamiento hidr\u00e1ulico, alta durabilidad, ausencia de corrosi\u00f3n y gran eficiencia energ\u00e9tica\u201d.<\/p>\n<p>El compromiso de Amiblu con proyectos sostenibles y de alto impacto como el del Sif\u00f3n del Bronco reafirma su liderazgo en el desarrollo de soluciones innovadoras en PRFV para la gesti\u00f3n del agua. Este hito no solo optimiza la infraestructura agr\u00edcola, sino que tambi\u00e9n contribuye al progreso y bienestar de las comunidades locales.<\/p>\n<p>Actualmente, Amiblu trabaja en proyectos de riego y estaciones de bombeo en m\u00e1s de 50 pa\u00edses, con un suministro anual medio de 250 km de tuber\u00edas para el sector, fabricadas en las 8 plantas de producci\u00f3n que la compa\u00f1\u00eda tiene en Europa y Australia.<\/p>\n<\/div><\/section>\n","protected":false},"excerpt":{"rendered":"<p>Amiblu fabricar\u00e1 y suministrar\u00e1 tuber\u00edas de PRFV para la modernizaci\u00f3n del regad\u00edo del Sif\u00f3n del Bronco<\/p>\n","protected":false},"author":15,"featured_media":67543,"comment_status":"closed","ping_status":"closed","sticky":false,"template":"","format":"standard","meta":{"_acf_changed":false,"footnotes":""},"categories":[164],"tags":[],"class_list":["post-67517","post","type-post","status-publish","format-standard","has-post-thumbnail","hentry","category-news-4"],"acf":[],"yoast_head":"<!-- This site is optimized with the Yoast SEO Premium plugin v27.5 (Yoast SEO v27.5) - https:\/\/yoast.com\/product\/yoast-seo-premium-wordpress\/ -->\n<title>Amiblu impulsa la modernizaci\u00f3n del regad\u00edo en el Sif\u00f3n del Bronco - Amiblu<\/title>\n<meta name=\"description\" content=\"Amiblu impulsa la modernizaci\u00f3n del regad\u00edo en el Sif\u00f3n del Bronco con la fabricaci\u00f3n y el suministro de tuber\u00edas de PRFV para riego.\" \/>\n<meta name=\"robots\" content=\"index, follow, max-snippet:-1, max-image-preview:large, max-video-preview:-1\" \/>\n<link rel=\"canonical\" href=\"https:\/\/www.amiblu.com\/es\/amiblu-regadio-prfv\/\" \/>\n<meta property=\"og:locale\" content=\"es_ES\" \/>\n<meta property=\"og:type\" content=\"article\" \/>\n<meta property=\"og:title\" content=\"Amiblu impulsa la modernizaci\u00f3n del regad\u00edo en el Sif\u00f3n del Bronco\" \/>\n<meta property=\"og:description\" content=\"Amiblu impulsa la modernizaci\u00f3n del regad\u00edo en el Sif\u00f3n del Bronco con la fabricaci\u00f3n y el suministro de tuber\u00edas de PRFV para riego.\" \/>\n<meta property=\"og:url\" content=\"https:\/\/www.amiblu.com\/es\/amiblu-regadio-prfv\/\" \/>\n<meta property=\"og:site_name\" content=\"Amiblu\" \/>\n<meta property=\"article:publisher\" content=\"https:\/\/www.facebook.com\/amiblupipes\" \/>\n<meta property=\"article:published_time\" content=\"2024-12-02T10:54:11+00:00\" \/>\n<meta property=\"article:modified_time\" content=\"2025-06-11T08:54:44+00:00\" \/>\n<meta property=\"og:image\" content=\"https:\/\/www.amiblu.com\/wp-content\/uploads\/Fotos-blog-Amiblu-800-x-500-30.jpg\" \/>\n\t<meta property=\"og:image:width\" content=\"800\" \/>\n\t<meta property=\"og:image:height\" content=\"500\" \/>\n\t<meta property=\"og:image:type\" content=\"image\/jpeg\" \/>\n<meta name=\"author\" content=\"Noelia\" \/>\n<meta name=\"twitter:card\" content=\"summary_large_image\" \/>\n<meta name=\"twitter:label1\" content=\"Escrito por\" \/>\n\t<meta name=\"twitter:data1\" content=\"Noelia\" \/>\n\t<meta name=\"twitter:label2\" content=\"Tiempo de lectura\" \/>\n\t<meta name=\"twitter:data2\" content=\"3 minutos\" \/>\n<script type=\"application\/ld+json\" class=\"yoast-schema-graph\">{\"@context\":\"https:\\\/\\\/schema.org\",\"@graph\":[{\"@type\":\"Article\",\"@id\":\"https:\\\/\\\/www.amiblu.com\\\/es\\\/amiblu-regadio-prfv\\\/#article\",\"isPartOf\":{\"@id\":\"https:\\\/\\\/www.amiblu.com\\\/es\\\/amiblu-regadio-prfv\\\/\"},\"author\":{\"name\":\"Noelia\",\"@id\":\"https:\\\/\\\/www.amiblu.com\\\/es\\\/#\\\/schema\\\/person\\\/4abd1603334fad5d8a0f94cfc539ff89\"},\"headline\":\"Amiblu impulsa la modernizaci\u00f3n del regad\u00edo en el Sif\u00f3n del Bronco\",\"datePublished\":\"2024-12-02T10:54:11+00:00\",\"dateModified\":\"2025-06-11T08:54:44+00:00\",\"mainEntityOfPage\":{\"@id\":\"https:\\\/\\\/www.amiblu.com\\\/es\\\/amiblu-regadio-prfv\\\/\"},\"wordCount\":1179,\"publisher\":{\"@id\":\"https:\\\/\\\/www.amiblu.com\\\/es\\\/#organization\"},\"image\":{\"@id\":\"https:\\\/\\\/www.amiblu.com\\\/es\\\/amiblu-regadio-prfv\\\/#primaryimage\"},\"thumbnailUrl\":\"https:\\\/\\\/www.amiblu.com\\\/wp-content\\\/uploads\\\/Fotos-blog-Amiblu-800-x-500-30.jpg\",\"articleSection\":[\"Noticias\"],\"inLanguage\":\"es\"},{\"@type\":\"WebPage\",\"@id\":\"https:\\\/\\\/www.amiblu.com\\\/es\\\/amiblu-regadio-prfv\\\/\",\"url\":\"https:\\\/\\\/www.amiblu.com\\\/es\\\/amiblu-regadio-prfv\\\/\",\"name\":\"Amiblu impulsa la modernizaci\u00f3n del regad\u00edo en el Sif\u00f3n del Bronco - Amiblu\",\"isPartOf\":{\"@id\":\"https:\\\/\\\/www.amiblu.com\\\/es\\\/#website\"},\"primaryImageOfPage\":{\"@id\":\"https:\\\/\\\/www.amiblu.com\\\/es\\\/amiblu-regadio-prfv\\\/#primaryimage\"},\"image\":{\"@id\":\"https:\\\/\\\/www.amiblu.com\\\/es\\\/amiblu-regadio-prfv\\\/#primaryimage\"},\"thumbnailUrl\":\"https:\\\/\\\/www.amiblu.com\\\/wp-content\\\/uploads\\\/Fotos-blog-Amiblu-800-x-500-30.jpg\",\"datePublished\":\"2024-12-02T10:54:11+00:00\",\"dateModified\":\"2025-06-11T08:54:44+00:00\",\"description\":\"Amiblu impulsa la modernizaci\u00f3n del regad\u00edo en el Sif\u00f3n del Bronco con la fabricaci\u00f3n y el suministro de tuber\u00edas de PRFV para riego.\",\"inLanguage\":\"es\",\"potentialAction\":[{\"@type\":\"ReadAction\",\"target\":[\"https:\\\/\\\/www.amiblu.com\\\/es\\\/amiblu-regadio-prfv\\\/\"]}]},{\"@type\":\"ImageObject\",\"inLanguage\":\"es\",\"@id\":\"https:\\\/\\\/www.amiblu.com\\\/es\\\/amiblu-regadio-prfv\\\/#primaryimage\",\"url\":\"https:\\\/\\\/www.amiblu.com\\\/wp-content\\\/uploads\\\/Fotos-blog-Amiblu-800-x-500-30.jpg\",\"contentUrl\":\"https:\\\/\\\/www.amiblu.com\\\/wp-content\\\/uploads\\\/Fotos-blog-Amiblu-800-x-500-30.jpg\",\"width\":800,\"height\":500,\"caption\":\"Sif\u00f3n del Bronco\"},{\"@type\":\"WebSite\",\"@id\":\"https:\\\/\\\/www.amiblu.com\\\/es\\\/#website\",\"url\":\"https:\\\/\\\/www.amiblu.com\\\/es\\\/\",\"name\":\"Amiblu\",\"description\":\"GFK-Rohrsysteme f\u00fcr Generationen\",\"publisher\":{\"@id\":\"https:\\\/\\\/www.amiblu.com\\\/es\\\/#organization\"},\"potentialAction\":[{\"@type\":\"SearchAction\",\"target\":{\"@type\":\"EntryPoint\",\"urlTemplate\":\"https:\\\/\\\/www.amiblu.com\\\/es\\\/?s={search_term_string}\"},\"query-input\":{\"@type\":\"PropertyValueSpecification\",\"valueRequired\":true,\"valueName\":\"search_term_string\"}}],\"inLanguage\":\"es\"},{\"@type\":\"Organization\",\"@id\":\"https:\\\/\\\/www.amiblu.com\\\/es\\\/#organization\",\"name\":\"Amiblu Group\",\"url\":\"https:\\\/\\\/www.amiblu.com\\\/es\\\/\",\"logo\":{\"@type\":\"ImageObject\",\"inLanguage\":\"es\",\"@id\":\"https:\\\/\\\/www.amiblu.com\\\/es\\\/#\\\/schema\\\/logo\\\/image\\\/\",\"url\":\"https:\\\/\\\/www.amiblu.com\\\/wp-content\\\/uploads\\\/2021\\\/01\\\/Amiblu-logo-website-1.png\",\"contentUrl\":\"https:\\\/\\\/www.amiblu.com\\\/wp-content\\\/uploads\\\/2021\\\/01\\\/Amiblu-logo-website-1.png\",\"width\":201,\"height\":38,\"caption\":\"Amiblu Group\"},\"image\":{\"@id\":\"https:\\\/\\\/www.amiblu.com\\\/es\\\/#\\\/schema\\\/logo\\\/image\\\/\"},\"sameAs\":[\"https:\\\/\\\/www.facebook.com\\\/amiblupipes\",\"https:\\\/\\\/www.youtube.com\\\/c\\\/Amiblu\",\"https:\\\/\\\/de.wikipedia.org\\\/wiki\\\/Amiblu\",\"https:\\\/\\\/www.linkedin.com\\\/company\\\/amiblupipes\\\/\"]},{\"@type\":\"Person\",\"@id\":\"https:\\\/\\\/www.amiblu.com\\\/es\\\/#\\\/schema\\\/person\\\/4abd1603334fad5d8a0f94cfc539ff89\",\"name\":\"Noelia\",\"image\":{\"@type\":\"ImageObject\",\"inLanguage\":\"es\",\"@id\":\"https:\\\/\\\/secure.gravatar.com\\\/avatar\\\/9f9ebd2edffef3d993712c729db8694b50f6ee566a3ba3d6fc66fbe195f17ca7?s=96&d=mm&r=g\",\"url\":\"https:\\\/\\\/secure.gravatar.com\\\/avatar\\\/9f9ebd2edffef3d993712c729db8694b50f6ee566a3ba3d6fc66fbe195f17ca7?s=96&d=mm&r=g\",\"contentUrl\":\"https:\\\/\\\/secure.gravatar.com\\\/avatar\\\/9f9ebd2edffef3d993712c729db8694b50f6ee566a3ba3d6fc66fbe195f17ca7?s=96&d=mm&r=g\",\"caption\":\"Noelia\"}}]}<\/script>\n<!-- \/ Yoast SEO Premium plugin. -->","yoast_head_json":{"title":"Amiblu impulsa la modernizaci\u00f3n del regad\u00edo en el Sif\u00f3n del Bronco - Amiblu","description":"Amiblu impulsa la modernizaci\u00f3n del regad\u00edo en el Sif\u00f3n del Bronco con la fabricaci\u00f3n y el suministro de tuber\u00edas de PRFV para riego.","robots":{"index":"index","follow":"follow","max-snippet":"max-snippet:-1","max-image-preview":"max-image-preview:large","max-video-preview":"max-video-preview:-1"},"canonical":"https:\/\/www.amiblu.com\/es\/amiblu-regadio-prfv\/","og_locale":"es_ES","og_type":"article","og_title":"Amiblu impulsa la modernizaci\u00f3n del regad\u00edo en el Sif\u00f3n del Bronco","og_description":"Amiblu impulsa la modernizaci\u00f3n del regad\u00edo en el Sif\u00f3n del Bronco con la fabricaci\u00f3n y el suministro de tuber\u00edas de PRFV para riego.","og_url":"https:\/\/www.amiblu.com\/es\/amiblu-regadio-prfv\/","og_site_name":"Amiblu","article_publisher":"https:\/\/www.facebook.com\/amiblupipes","article_published_time":"2024-12-02T10:54:11+00:00","article_modified_time":"2025-06-11T08:54:44+00:00","og_image":[{"width":800,"height":500,"url":"https:\/\/www.amiblu.com\/wp-content\/uploads\/Fotos-blog-Amiblu-800-x-500-30.jpg","type":"image\/jpeg"}],"author":"Noelia","twitter_card":"summary_large_image","twitter_misc":{"Escrito por":"Noelia","Tiempo de lectura":"3 minutos"},"schema":{"@context":"https:\/\/schema.org","@graph":[{"@type":"Article","@id":"https:\/\/www.amiblu.com\/es\/amiblu-regadio-prfv\/#article","isPartOf":{"@id":"https:\/\/www.amiblu.com\/es\/amiblu-regadio-prfv\/"},"author":{"name":"Noelia","@id":"https:\/\/www.amiblu.com\/es\/#\/schema\/person\/4abd1603334fad5d8a0f94cfc539ff89"},"headline":"Amiblu impulsa la modernizaci\u00f3n del regad\u00edo en el Sif\u00f3n del Bronco","datePublished":"2024-12-02T10:54:11+00:00","dateModified":"2025-06-11T08:54:44+00:00","mainEntityOfPage":{"@id":"https:\/\/www.amiblu.com\/es\/amiblu-regadio-prfv\/"},"wordCount":1179,"publisher":{"@id":"https:\/\/www.amiblu.com\/es\/#organization"},"image":{"@id":"https:\/\/www.amiblu.com\/es\/amiblu-regadio-prfv\/#primaryimage"},"thumbnailUrl":"https:\/\/www.amiblu.com\/wp-content\/uploads\/Fotos-blog-Amiblu-800-x-500-30.jpg","articleSection":["Noticias"],"inLanguage":"es"},{"@type":"WebPage","@id":"https:\/\/www.amiblu.com\/es\/amiblu-regadio-prfv\/","url":"https:\/\/www.amiblu.com\/es\/amiblu-regadio-prfv\/","name":"Amiblu impulsa la modernizaci\u00f3n del regad\u00edo en el Sif\u00f3n del Bronco - Amiblu","isPartOf":{"@id":"https:\/\/www.amiblu.com\/es\/#website"},"primaryImageOfPage":{"@id":"https:\/\/www.amiblu.com\/es\/amiblu-regadio-prfv\/#primaryimage"},"image":{"@id":"https:\/\/www.amiblu.com\/es\/amiblu-regadio-prfv\/#primaryimage"},"thumbnailUrl":"https:\/\/www.amiblu.com\/wp-content\/uploads\/Fotos-blog-Amiblu-800-x-500-30.jpg","datePublished":"2024-12-02T10:54:11+00:00","dateModified":"2025-06-11T08:54:44+00:00","description":"Amiblu impulsa la modernizaci\u00f3n del regad\u00edo en el Sif\u00f3n del Bronco con la fabricaci\u00f3n y el suministro de tuber\u00edas de PRFV para riego.","inLanguage":"es","potentialAction":[{"@type":"ReadAction","target":["https:\/\/www.amiblu.com\/es\/amiblu-regadio-prfv\/"]}]},{"@type":"ImageObject","inLanguage":"es","@id":"https:\/\/www.amiblu.com\/es\/amiblu-regadio-prfv\/#primaryimage","url":"https:\/\/www.amiblu.com\/wp-content\/uploads\/Fotos-blog-Amiblu-800-x-500-30.jpg","contentUrl":"https:\/\/www.amiblu.com\/wp-content\/uploads\/Fotos-blog-Amiblu-800-x-500-30.jpg","width":800,"height":500,"caption":"Sif\u00f3n del Bronco"},{"@type":"WebSite","@id":"https:\/\/www.amiblu.com\/es\/#website","url":"https:\/\/www.amiblu.com\/es\/","name":"Amiblu","description":"GFK-Rohrsysteme f\u00fcr Generationen","publisher":{"@id":"https:\/\/www.amiblu.com\/es\/#organization"},"potentialAction":[{"@type":"SearchAction","target":{"@type":"EntryPoint","urlTemplate":"https:\/\/www.amiblu.com\/es\/?s={search_term_string}"},"query-input":{"@type":"PropertyValueSpecification","valueRequired":true,"valueName":"search_term_string"}}],"inLanguage":"es"},{"@type":"Organization","@id":"https:\/\/www.amiblu.com\/es\/#organization","name":"Amiblu Group","url":"https:\/\/www.amiblu.com\/es\/","logo":{"@type":"ImageObject","inLanguage":"es","@id":"https:\/\/www.amiblu.com\/es\/#\/schema\/logo\/image\/","url":"https:\/\/www.amiblu.com\/wp-content\/uploads\/2021\/01\/Amiblu-logo-website-1.png","contentUrl":"https:\/\/www.amiblu.com\/wp-content\/uploads\/2021\/01\/Amiblu-logo-website-1.png","width":201,"height":38,"caption":"Amiblu Group"},"image":{"@id":"https:\/\/www.amiblu.com\/es\/#\/schema\/logo\/image\/"},"sameAs":["https:\/\/www.facebook.com\/amiblupipes","https:\/\/www.youtube.com\/c\/Amiblu","https:\/\/de.wikipedia.org\/wiki\/Amiblu","https:\/\/www.linkedin.com\/company\/amiblupipes\/"]},{"@type":"Person","@id":"https:\/\/www.amiblu.com\/es\/#\/schema\/person\/4abd1603334fad5d8a0f94cfc539ff89","name":"Noelia","image":{"@type":"ImageObject","inLanguage":"es","@id":"https:\/\/secure.gravatar.com\/avatar\/9f9ebd2edffef3d993712c729db8694b50f6ee566a3ba3d6fc66fbe195f17ca7?s=96&d=mm&r=g","url":"https:\/\/secure.gravatar.com\/avatar\/9f9ebd2edffef3d993712c729db8694b50f6ee566a3ba3d6fc66fbe195f17ca7?s=96&d=mm&r=g","contentUrl":"https:\/\/secure.gravatar.com\/avatar\/9f9ebd2edffef3d993712c729db8694b50f6ee566a3ba3d6fc66fbe195f17ca7?s=96&d=mm&r=g","caption":"Noelia"}}]}},"_links":{"self":[{"href":"https:\/\/www.amiblu.com\/es\/wp-json\/wp\/v2\/posts\/67517","targetHints":{"allow":["GET"]}}],"collection":[{"href":"https:\/\/www.amiblu.com\/es\/wp-json\/wp\/v2\/posts"}],"about":[{"href":"https:\/\/www.amiblu.com\/es\/wp-json\/wp\/v2\/types\/post"}],"author":[{"embeddable":true,"href":"https:\/\/www.amiblu.com\/es\/wp-json\/wp\/v2\/users\/15"}],"replies":[{"embeddable":true,"href":"https:\/\/www.amiblu.com\/es\/wp-json\/wp\/v2\/comments?post=67517"}],"version-history":[{"count":18,"href":"https:\/\/www.amiblu.com\/es\/wp-json\/wp\/v2\/posts\/67517\/revisions"}],"predecessor-version":[{"id":72619,"href":"https:\/\/www.amiblu.com\/es\/wp-json\/wp\/v2\/posts\/67517\/revisions\/72619"}],"wp:featuredmedia":[{"embeddable":true,"href":"https:\/\/www.amiblu.com\/es\/wp-json\/wp\/v2\/media\/67543"}],"wp:attachment":[{"href":"https:\/\/www.amiblu.com\/es\/wp-json\/wp\/v2\/media?parent=67517"}],"wp:term":[{"taxonomy":"category","embeddable":true,"href":"https:\/\/www.amiblu.com\/es\/wp-json\/wp\/v2\/categories?post=67517"},{"taxonomy":"post_tag","embeddable":true,"href":"https:\/\/www.amiblu.com\/es\/wp-json\/wp\/v2\/tags?post=67517"}],"curies":[{"name":"wp","href":"https:\/\/api.w.org\/{rel}","templated":true}]}}