{"id":67556,"date":"2024-12-10T13:20:05","date_gmt":"2024-12-10T12:20:05","guid":{"rendered":"https:\/\/www.amiblu.com\/?p=67556"},"modified":"2024-12-10T13:20:12","modified_gmt":"2024-12-10T12:20:12","slug":"empresa-sostenible","status":"publish","type":"post","link":"https:\/\/www.amiblu.com\/es\/empresa-sostenible\/","title":{"rendered":"Amiblu recibe el reconocimiento \u201cEmpresa Sostenible\u201d otorgado por ANAIP"},"content":{"rendered":"\n<style type=\"text\/css\" data-created_by=\"avia_inline_auto\" id=\"style-css-av-m48c8gyb-dcd47735b48f107ebbc03be2bb572646\">\n.avia-image-container.av-m48c8gyb-dcd47735b48f107ebbc03be2bb572646 img.avia_image{\nbox-shadow:none;\n}\n.avia-image-container.av-m48c8gyb-dcd47735b48f107ebbc03be2bb572646 .av-image-caption-overlay-center{\ncolor:#ffffff;\n}\n<\/style>\n<div  class='avia-image-container av-m48c8gyb-dcd47735b48f107ebbc03be2bb572646 av-styling- avia-align-left  avia-builder-el-0  el_before_av_hr  avia-builder-el-first '   itemprop=\"image\" itemscope=\"itemscope\" itemtype=\"https:\/\/schema.org\/ImageObject\" ><div class=\"avia-image-container-inner\"><div class=\"avia-image-overlay-wrap\"><img fetchpriority=\"high\" fetchpriority=\"high\" decoding=\"async\" fetchpriority=\"high\" class='wp-image-67557 avia-img-lazy-loading-not-67557 avia_image ' src=\"https:\/\/www.amiblu.com\/wp-content\/uploads\/Fotos-blog-Amiblu-800-x-500-2.jpg\" alt='Amiblu recibe reconomiento Empresa Sostenible' title='Amiblu Anaip'  height=\"500\" width=\"800\"  itemprop=\"thumbnailUrl\" srcset=\"https:\/\/www.amiblu.com\/wp-content\/uploads\/Fotos-blog-Amiblu-800-x-500-2.jpg 800w, https:\/\/www.amiblu.com\/wp-content\/uploads\/Fotos-blog-Amiblu-800-x-500-2-300x188.jpg 300w, https:\/\/www.amiblu.com\/wp-content\/uploads\/Fotos-blog-Amiblu-800-x-500-2-768x480.jpg 768w, https:\/\/www.amiblu.com\/wp-content\/uploads\/Fotos-blog-Amiblu-800-x-500-2-705x441.jpg 705w\" sizes=\"(max-width: 800px) 100vw, 800px\" \/><\/div><\/div><\/div>\n\n<style type=\"text\/css\" data-created_by=\"avia_inline_auto\" id=\"style-css-av-m48c8wej-77c5323fcf13d613c5f7ca312ffa75bc\">\n#top .hr.hr-invisible.av-m48c8wej-77c5323fcf13d613c5f7ca312ffa75bc{\nheight:50px;\n}\n<\/style>\n<div  class='hr av-m48c8wej-77c5323fcf13d613c5f7ca312ffa75bc hr-invisible  avia-builder-el-1  el_after_av_image  el_before_av_textblock '><span class='hr-inner '><span class=\"hr-inner-style\"><\/span><\/span><\/div>\n<section  class='av_textblock_section av-m48c970e-40d394dc53f63e3e078e1148eb3ee73c '   itemscope=\"itemscope\" itemtype=\"https:\/\/schema.org\/BlogPosting\" itemprop=\"blogPost\" ><div class='avia_textblock'  itemprop=\"text\" ><h1><b>Amiblu recibe el reconocimiento \u201cEmpresa Sostenible\u201d otorgado por ANAIP<\/b><\/h1>\n<\/div><\/section>\n<section  class='av_textblock_section av-m48ccqdi-1772d332c0ce8ca44689fd126ee4ff9d '   itemscope=\"itemscope\" itemtype=\"https:\/\/schema.org\/BlogPosting\" itemprop=\"blogPost\" ><div class='avia_textblock'  itemprop=\"text\" ><p><span style=\"font-weight: 400;\">Amiblu Pipes Spain ha recibido el galard\u00f3n \u201cEmpresa Sostenible\u201d\u00a0 en reconocimiento a su esfuerzo en materia de sostenibilidad, en el marco del I Evento Transformadores 2024 organizado por la <\/span><a href=\"https:\/\/anaip.es\/\"><span style=\"font-weight: 400;\">Asociaci\u00f3n Espa\u00f1ola de Industriales de Pl\u00e1sticos<\/span><\/a><span style=\"font-weight: 400;\">,\u00a0 ANAIP.<\/span><\/p>\n<p><span style=\"font-weight: 400;\">El evento, celebrado el pasado 27 de noviembre en Madrid,\u00a0 cont\u00f3 con la participaci\u00f3n de nuestro Director Comercial, Arturo Barroso, quien fue el encargado de recibir el premio.\u00a0<\/span><\/p>\n<p><span style=\"font-weight: 400;\">Para el Director Comercial de Amiblu Pipes Spain, Arturo Barroso <\/span><span style=\"font-weight: 400;\">\u00a0\u201crecibir este premio de manos de Anaip es un nuevo reconocimiento al esfuerzo que realiza todo el equipo de Amiblu para reducir el impacto ambiental. En 4 a\u00f1os, hemos logrado grandes avances y nuestro sistema de fabricaci\u00f3n est\u00e1 m\u00e1s optimizado que nunca. Necesitamos que las administraciones valoren nuestro esfuerzo y apoyen nuestra producci\u00f3n en las obras p\u00fablicas espa\u00f1olas\u201d.<\/span><\/p>\n<h3><b>Amiblu obtiene el sello ANAIP<\/b><\/h3>\n<p><span style=\"font-weight: 400;\">El pasado mes de Junio Amiblu Pipes Spain recibi\u00f3\u00a0 el sello <a href=\"https:\/\/www.amiblu.com\/es\/amiblu-anaip\/\">\u201cIndustria de Pl\u00e1sticos Espa\u00f1ola y Sostenible\u201d<\/a>, que otorga\u00a0 ANAIP en materia de sostenibilidad.\u00a0<\/span><\/p>\n<p><span style=\"font-weight: 400;\">Un reconocimiento a los esfuerzos realizados por parte de Amiblu desde la planta de producci\u00f3n de Camarles, en Tarragona, para reducir su huella ambiental y mejorar su impacto econ\u00f3mico y social en todo su sistema productivo.\u00a0<\/span><\/p>\n<p><span style=\"font-weight: 400;\">En concreto, la certificaci\u00f3n de ANAIP acredita que Amiblu fabrica la totalidad de sus productos en Espa\u00f1a, ajust\u00e1ndose a la normativa y cumpliendo todos los criterios de calidad y que tiene en marcha un plan de sostenibilidad con el que busca la mejora continua de los productos y su impacto.<\/span><\/p>\n<p><span style=\"font-weight: 400;\">Asimismo, el sello reconoce que Amiblu participa en las iniciativas voluntarias de la industria de los pl\u00e1sticos para cuidar el entorno y reducir la huella, y que trabaja para el desarrollo profesional y para crear entornos seguros y agradables.\u00a0<\/span><\/p>\n<p><span style=\"font-weight: 400;\">Hasta la fecha, un total de 19 empresas han conseguido el sello, entre las que destacan Ercros, Plasgen, Extrusa o Nutripack, adem\u00e1s de Amiblu.\u00a0<\/span><\/p>\n<p><span style=\"font-weight: 400;\">Desde Amiblu <\/span><span style=\"font-weight: 400;\">queremos expresar nuestro m\u00e1s profundo agradecimiento a ANAIP por promover iniciativas tan valiosas como los Premios Transformadores 2024, que destacan el esfuerzo de empresas comprometidas con la sostenibilidad y el progreso. Este tipo de reconocimientos son un recordatorio de que las acciones responsables y sostenibles tienen un impacto real y positivo en nuestra industria y en el mundo.<\/span><\/p>\n<p><span style=\"font-weight: 400;\"> \u00a1Sigamos transformando juntos!\u00a0<\/span><\/p>\n<\/div><\/section>\n","protected":false},"excerpt":{"rendered":"<p>Amiblu ha recibido el sello \u00abEmpresa Sostenible\u00bb de otorga la Asociaci\u00f3n Espa\u00f1olas de Industriales de Pl\u00e1sticos <\/p>\n","protected":false},"author":15,"featured_media":67557,"comment_status":"closed","ping_status":"closed","sticky":false,"template":"","format":"standard","meta":{"_acf_changed":false,"footnotes":""},"categories":[164],"tags":[],"class_list":["post-67556","post","type-post","status-publish","format-standard","has-post-thumbnail","hentry","category-news-4"],"acf":[],"yoast_head":"<!-- This site is optimized with the Yoast SEO Premium plugin v27.5 (Yoast SEO v27.5) - https:\/\/yoast.com\/product\/yoast-seo-premium-wordpress\/ -->\n<title>Amiblu recibe el sello &quot;Empresa Sostenible&quot;<\/title>\n<meta name=\"description\" content=\"Amiblu ha recibido el sello &quot;Empresa Sostenible&quot; de otorga la Asociaci\u00f3n Espa\u00f1olas de Industriales de Pl\u00e1sticos (ANAIP)\" \/>\n<meta name=\"robots\" content=\"index, follow, max-snippet:-1, max-image-preview:large, max-video-preview:-1\" \/>\n<link rel=\"canonical\" href=\"https:\/\/www.amiblu.com\/es\/empresa-sostenible\/\" \/>\n<meta property=\"og:locale\" content=\"es_ES\" \/>\n<meta property=\"og:type\" content=\"article\" \/>\n<meta property=\"og:title\" content=\"Amiblu recibe el reconocimiento \u201cEmpresa Sostenible\u201d otorgado por ANAIP\" \/>\n<meta property=\"og:description\" content=\"Amiblu ha recibido el sello &quot;Empresa Sostenible&quot; de otorga la Asociaci\u00f3n Espa\u00f1olas de Industriales de Pl\u00e1sticos (ANAIP)\" \/>\n<meta property=\"og:url\" content=\"https:\/\/www.amiblu.com\/es\/empresa-sostenible\/\" \/>\n<meta property=\"og:site_name\" content=\"Amiblu\" \/>\n<meta property=\"article:publisher\" content=\"https:\/\/www.facebook.com\/amiblupipes\" \/>\n<meta property=\"article:published_time\" content=\"2024-12-10T12:20:05+00:00\" \/>\n<meta property=\"article:modified_time\" content=\"2024-12-10T12:20:12+00:00\" \/>\n<meta property=\"og:image\" content=\"https:\/\/www.amiblu.com\/wp-content\/uploads\/Fotos-blog-Amiblu-800-x-500-2.jpg\" \/>\n\t<meta property=\"og:image:width\" content=\"800\" \/>\n\t<meta property=\"og:image:height\" content=\"500\" \/>\n\t<meta property=\"og:image:type\" content=\"image\/jpeg\" \/>\n<meta name=\"author\" content=\"Noelia\" \/>\n<meta name=\"twitter:card\" content=\"summary_large_image\" \/>\n<meta name=\"twitter:label1\" content=\"Escrito por\" \/>\n\t<meta name=\"twitter:data1\" content=\"Noelia\" \/>\n\t<meta name=\"twitter:label2\" content=\"Tiempo de lectura\" \/>\n\t<meta name=\"twitter:data2\" content=\"2 minutos\" \/>\n<script type=\"application\/ld+json\" class=\"yoast-schema-graph\">{\"@context\":\"https:\\\/\\\/schema.org\",\"@graph\":[{\"@type\":\"Article\",\"@id\":\"https:\\\/\\\/www.amiblu.com\\\/es\\\/empresa-sostenible\\\/#article\",\"isPartOf\":{\"@id\":\"https:\\\/\\\/www.amiblu.com\\\/es\\\/empresa-sostenible\\\/\"},\"author\":{\"name\":\"Noelia\",\"@id\":\"https:\\\/\\\/www.amiblu.com\\\/es\\\/#\\\/schema\\\/person\\\/4abd1603334fad5d8a0f94cfc539ff89\"},\"headline\":\"Amiblu recibe el reconocimiento \u201cEmpresa Sostenible\u201d otorgado por ANAIP\",\"datePublished\":\"2024-12-10T12:20:05+00:00\",\"dateModified\":\"2024-12-10T12:20:12+00:00\",\"mainEntityOfPage\":{\"@id\":\"https:\\\/\\\/www.amiblu.com\\\/es\\\/empresa-sostenible\\\/\"},\"wordCount\":890,\"publisher\":{\"@id\":\"https:\\\/\\\/www.amiblu.com\\\/es\\\/#organization\"},\"image\":{\"@id\":\"https:\\\/\\\/www.amiblu.com\\\/es\\\/empresa-sostenible\\\/#primaryimage\"},\"thumbnailUrl\":\"https:\\\/\\\/www.amiblu.com\\\/wp-content\\\/uploads\\\/Fotos-blog-Amiblu-800-x-500-2.jpg\",\"articleSection\":[\"Noticias\"],\"inLanguage\":\"es\"},{\"@type\":\"WebPage\",\"@id\":\"https:\\\/\\\/www.amiblu.com\\\/es\\\/empresa-sostenible\\\/\",\"url\":\"https:\\\/\\\/www.amiblu.com\\\/es\\\/empresa-sostenible\\\/\",\"name\":\"Amiblu recibe el sello \\\"Empresa Sostenible\\\"\",\"isPartOf\":{\"@id\":\"https:\\\/\\\/www.amiblu.com\\\/es\\\/#website\"},\"primaryImageOfPage\":{\"@id\":\"https:\\\/\\\/www.amiblu.com\\\/es\\\/empresa-sostenible\\\/#primaryimage\"},\"image\":{\"@id\":\"https:\\\/\\\/www.amiblu.com\\\/es\\\/empresa-sostenible\\\/#primaryimage\"},\"thumbnailUrl\":\"https:\\\/\\\/www.amiblu.com\\\/wp-content\\\/uploads\\\/Fotos-blog-Amiblu-800-x-500-2.jpg\",\"datePublished\":\"2024-12-10T12:20:05+00:00\",\"dateModified\":\"2024-12-10T12:20:12+00:00\",\"description\":\"Amiblu ha recibido el sello \\\"Empresa Sostenible\\\" de otorga la Asociaci\u00f3n Espa\u00f1olas de Industriales de Pl\u00e1sticos (ANAIP)\",\"inLanguage\":\"es\",\"potentialAction\":[{\"@type\":\"ReadAction\",\"target\":[\"https:\\\/\\\/www.amiblu.com\\\/es\\\/empresa-sostenible\\\/\"]}]},{\"@type\":\"ImageObject\",\"inLanguage\":\"es\",\"@id\":\"https:\\\/\\\/www.amiblu.com\\\/es\\\/empresa-sostenible\\\/#primaryimage\",\"url\":\"https:\\\/\\\/www.amiblu.com\\\/wp-content\\\/uploads\\\/Fotos-blog-Amiblu-800-x-500-2.jpg\",\"contentUrl\":\"https:\\\/\\\/www.amiblu.com\\\/wp-content\\\/uploads\\\/Fotos-blog-Amiblu-800-x-500-2.jpg\",\"width\":800,\"height\":500,\"caption\":\"Amiblu recibe reconomiento Empresa Sostenible\"},{\"@type\":\"WebSite\",\"@id\":\"https:\\\/\\\/www.amiblu.com\\\/es\\\/#website\",\"url\":\"https:\\\/\\\/www.amiblu.com\\\/es\\\/\",\"name\":\"Amiblu\",\"description\":\"GFK-Rohrsysteme f\u00fcr Generationen\",\"publisher\":{\"@id\":\"https:\\\/\\\/www.amiblu.com\\\/es\\\/#organization\"},\"potentialAction\":[{\"@type\":\"SearchAction\",\"target\":{\"@type\":\"EntryPoint\",\"urlTemplate\":\"https:\\\/\\\/www.amiblu.com\\\/es\\\/?s={search_term_string}\"},\"query-input\":{\"@type\":\"PropertyValueSpecification\",\"valueRequired\":true,\"valueName\":\"search_term_string\"}}],\"inLanguage\":\"es\"},{\"@type\":\"Organization\",\"@id\":\"https:\\\/\\\/www.amiblu.com\\\/es\\\/#organization\",\"name\":\"Amiblu Group\",\"url\":\"https:\\\/\\\/www.amiblu.com\\\/es\\\/\",\"logo\":{\"@type\":\"ImageObject\",\"inLanguage\":\"es\",\"@id\":\"https:\\\/\\\/www.amiblu.com\\\/es\\\/#\\\/schema\\\/logo\\\/image\\\/\",\"url\":\"https:\\\/\\\/www.amiblu.com\\\/wp-content\\\/uploads\\\/2021\\\/01\\\/Amiblu-logo-website-1.png\",\"contentUrl\":\"https:\\\/\\\/www.amiblu.com\\\/wp-content\\\/uploads\\\/2021\\\/01\\\/Amiblu-logo-website-1.png\",\"width\":201,\"height\":38,\"caption\":\"Amiblu Group\"},\"image\":{\"@id\":\"https:\\\/\\\/www.amiblu.com\\\/es\\\/#\\\/schema\\\/logo\\\/image\\\/\"},\"sameAs\":[\"https:\\\/\\\/www.facebook.com\\\/amiblupipes\",\"https:\\\/\\\/www.youtube.com\\\/c\\\/Amiblu\",\"https:\\\/\\\/de.wikipedia.org\\\/wiki\\\/Amiblu\",\"https:\\\/\\\/www.linkedin.com\\\/company\\\/amiblupipes\\\/\"]},{\"@type\":\"Person\",\"@id\":\"https:\\\/\\\/www.amiblu.com\\\/es\\\/#\\\/schema\\\/person\\\/4abd1603334fad5d8a0f94cfc539ff89\",\"name\":\"Noelia\",\"image\":{\"@type\":\"ImageObject\",\"inLanguage\":\"es\",\"@id\":\"https:\\\/\\\/secure.gravatar.com\\\/avatar\\\/9f9ebd2edffef3d993712c729db8694b50f6ee566a3ba3d6fc66fbe195f17ca7?s=96&d=mm&r=g\",\"url\":\"https:\\\/\\\/secure.gravatar.com\\\/avatar\\\/9f9ebd2edffef3d993712c729db8694b50f6ee566a3ba3d6fc66fbe195f17ca7?s=96&d=mm&r=g\",\"contentUrl\":\"https:\\\/\\\/secure.gravatar.com\\\/avatar\\\/9f9ebd2edffef3d993712c729db8694b50f6ee566a3ba3d6fc66fbe195f17ca7?s=96&d=mm&r=g\",\"caption\":\"Noelia\"}}]}<\/script>\n<!-- \/ Yoast SEO Premium plugin. -->","yoast_head_json":{"title":"Amiblu recibe el sello \"Empresa Sostenible\"","description":"Amiblu ha recibido el sello \"Empresa Sostenible\" de otorga la Asociaci\u00f3n Espa\u00f1olas de Industriales de Pl\u00e1sticos (ANAIP)","robots":{"index":"index","follow":"follow","max-snippet":"max-snippet:-1","max-image-preview":"max-image-preview:large","max-video-preview":"max-video-preview:-1"},"canonical":"https:\/\/www.amiblu.com\/es\/empresa-sostenible\/","og_locale":"es_ES","og_type":"article","og_title":"Amiblu recibe el reconocimiento \u201cEmpresa Sostenible\u201d otorgado por ANAIP","og_description":"Amiblu ha recibido el sello \"Empresa Sostenible\" de otorga la Asociaci\u00f3n Espa\u00f1olas de Industriales de Pl\u00e1sticos (ANAIP)","og_url":"https:\/\/www.amiblu.com\/es\/empresa-sostenible\/","og_site_name":"Amiblu","article_publisher":"https:\/\/www.facebook.com\/amiblupipes","article_published_time":"2024-12-10T12:20:05+00:00","article_modified_time":"2024-12-10T12:20:12+00:00","og_image":[{"width":800,"height":500,"url":"https:\/\/www.amiblu.com\/wp-content\/uploads\/Fotos-blog-Amiblu-800-x-500-2.jpg","type":"image\/jpeg"}],"author":"Noelia","twitter_card":"summary_large_image","twitter_misc":{"Escrito por":"Noelia","Tiempo de lectura":"2 minutos"},"schema":{"@context":"https:\/\/schema.org","@graph":[{"@type":"Article","@id":"https:\/\/www.amiblu.com\/es\/empresa-sostenible\/#article","isPartOf":{"@id":"https:\/\/www.amiblu.com\/es\/empresa-sostenible\/"},"author":{"name":"Noelia","@id":"https:\/\/www.amiblu.com\/es\/#\/schema\/person\/4abd1603334fad5d8a0f94cfc539ff89"},"headline":"Amiblu recibe el reconocimiento \u201cEmpresa Sostenible\u201d otorgado por ANAIP","datePublished":"2024-12-10T12:20:05+00:00","dateModified":"2024-12-10T12:20:12+00:00","mainEntityOfPage":{"@id":"https:\/\/www.amiblu.com\/es\/empresa-sostenible\/"},"wordCount":890,"publisher":{"@id":"https:\/\/www.amiblu.com\/es\/#organization"},"image":{"@id":"https:\/\/www.amiblu.com\/es\/empresa-sostenible\/#primaryimage"},"thumbnailUrl":"https:\/\/www.amiblu.com\/wp-content\/uploads\/Fotos-blog-Amiblu-800-x-500-2.jpg","articleSection":["Noticias"],"inLanguage":"es"},{"@type":"WebPage","@id":"https:\/\/www.amiblu.com\/es\/empresa-sostenible\/","url":"https:\/\/www.amiblu.com\/es\/empresa-sostenible\/","name":"Amiblu recibe el sello \"Empresa Sostenible\"","isPartOf":{"@id":"https:\/\/www.amiblu.com\/es\/#website"},"primaryImageOfPage":{"@id":"https:\/\/www.amiblu.com\/es\/empresa-sostenible\/#primaryimage"},"image":{"@id":"https:\/\/www.amiblu.com\/es\/empresa-sostenible\/#primaryimage"},"thumbnailUrl":"https:\/\/www.amiblu.com\/wp-content\/uploads\/Fotos-blog-Amiblu-800-x-500-2.jpg","datePublished":"2024-12-10T12:20:05+00:00","dateModified":"2024-12-10T12:20:12+00:00","description":"Amiblu ha recibido el sello \"Empresa Sostenible\" de otorga la Asociaci\u00f3n Espa\u00f1olas de Industriales de Pl\u00e1sticos (ANAIP)","inLanguage":"es","potentialAction":[{"@type":"ReadAction","target":["https:\/\/www.amiblu.com\/es\/empresa-sostenible\/"]}]},{"@type":"ImageObject","inLanguage":"es","@id":"https:\/\/www.amiblu.com\/es\/empresa-sostenible\/#primaryimage","url":"https:\/\/www.amiblu.com\/wp-content\/uploads\/Fotos-blog-Amiblu-800-x-500-2.jpg","contentUrl":"https:\/\/www.amiblu.com\/wp-content\/uploads\/Fotos-blog-Amiblu-800-x-500-2.jpg","width":800,"height":500,"caption":"Amiblu recibe reconomiento Empresa Sostenible"},{"@type":"WebSite","@id":"https:\/\/www.amiblu.com\/es\/#website","url":"https:\/\/www.amiblu.com\/es\/","name":"Amiblu","description":"GFK-Rohrsysteme f\u00fcr Generationen","publisher":{"@id":"https:\/\/www.amiblu.com\/es\/#organization"},"potentialAction":[{"@type":"SearchAction","target":{"@type":"EntryPoint","urlTemplate":"https:\/\/www.amiblu.com\/es\/?s={search_term_string}"},"query-input":{"@type":"PropertyValueSpecification","valueRequired":true,"valueName":"search_term_string"}}],"inLanguage":"es"},{"@type":"Organization","@id":"https:\/\/www.amiblu.com\/es\/#organization","name":"Amiblu Group","url":"https:\/\/www.amiblu.com\/es\/","logo":{"@type":"ImageObject","inLanguage":"es","@id":"https:\/\/www.amiblu.com\/es\/#\/schema\/logo\/image\/","url":"https:\/\/www.amiblu.com\/wp-content\/uploads\/2021\/01\/Amiblu-logo-website-1.png","contentUrl":"https:\/\/www.amiblu.com\/wp-content\/uploads\/2021\/01\/Amiblu-logo-website-1.png","width":201,"height":38,"caption":"Amiblu Group"},"image":{"@id":"https:\/\/www.amiblu.com\/es\/#\/schema\/logo\/image\/"},"sameAs":["https:\/\/www.facebook.com\/amiblupipes","https:\/\/www.youtube.com\/c\/Amiblu","https:\/\/de.wikipedia.org\/wiki\/Amiblu","https:\/\/www.linkedin.com\/company\/amiblupipes\/"]},{"@type":"Person","@id":"https:\/\/www.amiblu.com\/es\/#\/schema\/person\/4abd1603334fad5d8a0f94cfc539ff89","name":"Noelia","image":{"@type":"ImageObject","inLanguage":"es","@id":"https:\/\/secure.gravatar.com\/avatar\/9f9ebd2edffef3d993712c729db8694b50f6ee566a3ba3d6fc66fbe195f17ca7?s=96&d=mm&r=g","url":"https:\/\/secure.gravatar.com\/avatar\/9f9ebd2edffef3d993712c729db8694b50f6ee566a3ba3d6fc66fbe195f17ca7?s=96&d=mm&r=g","contentUrl":"https:\/\/secure.gravatar.com\/avatar\/9f9ebd2edffef3d993712c729db8694b50f6ee566a3ba3d6fc66fbe195f17ca7?s=96&d=mm&r=g","caption":"Noelia"}}]}},"_links":{"self":[{"href":"https:\/\/www.amiblu.com\/es\/wp-json\/wp\/v2\/posts\/67556","targetHints":{"allow":["GET"]}}],"collection":[{"href":"https:\/\/www.amiblu.com\/es\/wp-json\/wp\/v2\/posts"}],"about":[{"href":"https:\/\/www.amiblu.com\/es\/wp-json\/wp\/v2\/types\/post"}],"author":[{"embeddable":true,"href":"https:\/\/www.amiblu.com\/es\/wp-json\/wp\/v2\/users\/15"}],"replies":[{"embeddable":true,"href":"https:\/\/www.amiblu.com\/es\/wp-json\/wp\/v2\/comments?post=67556"}],"version-history":[{"count":6,"href":"https:\/\/www.amiblu.com\/es\/wp-json\/wp\/v2\/posts\/67556\/revisions"}],"predecessor-version":[{"id":67607,"href":"https:\/\/www.amiblu.com\/es\/wp-json\/wp\/v2\/posts\/67556\/revisions\/67607"}],"wp:featuredmedia":[{"embeddable":true,"href":"https:\/\/www.amiblu.com\/es\/wp-json\/wp\/v2\/media\/67557"}],"wp:attachment":[{"href":"https:\/\/www.amiblu.com\/es\/wp-json\/wp\/v2\/media?parent=67556"}],"wp:term":[{"taxonomy":"category","embeddable":true,"href":"https:\/\/www.amiblu.com\/es\/wp-json\/wp\/v2\/categories?post=67556"},{"taxonomy":"post_tag","embeddable":true,"href":"https:\/\/www.amiblu.com\/es\/wp-json\/wp\/v2\/tags?post=67556"}],"curies":[{"name":"wp","href":"https:\/\/api.w.org\/{rel}","templated":true}]}}