{"id":69370,"date":"2025-02-26T12:07:44","date_gmt":"2025-02-26T11:07:44","guid":{"rendered":"https:\/\/www.amiblu.com\/?p=69370"},"modified":"2025-04-08T14:41:43","modified_gmt":"2025-04-08T12:41:43","slug":"amiblu-prox-tuberia-bajas-emisiones","status":"publish","type":"post","link":"https:\/\/www.amiblu.com\/es\/amiblu-prox-tuberia-bajas-emisiones\/","title":{"rendered":"Amiblu lanza Amiblu PROX: la nueva generaci\u00f3n de tuber\u00edas de PRFV de bajas emisiones"},"content":{"rendered":"<\/p>\n\n<style type=\"text\/css\" data-created_by=\"avia_inline_auto\" id=\"style-css-av-m7lsjsw6-19b8c1b9c562f80c42d6c575ffe2d66a\">\n.avia-image-container.av-m7lsjsw6-19b8c1b9c562f80c42d6c575ffe2d66a img.avia_image{\nbox-shadow:none;\n}\n.avia-image-container.av-m7lsjsw6-19b8c1b9c562f80c42d6c575ffe2d66a .av-image-caption-overlay-center{\ncolor:#ffffff;\n}\n<\/style>\n<div  class='avia-image-container av-m7lsjsw6-19b8c1b9c562f80c42d6c575ffe2d66a av-styling- avia-align-left  avia-builder-el-0  el_before_av_hr  avia-builder-el-first '   itemprop=\"image\" itemscope=\"itemscope\" itemtype=\"https:\/\/schema.org\/ImageObject\" ><div class=\"avia-image-container-inner\"><div class=\"avia-image-overlay-wrap\"><img fetchpriority=\"high\" fetchpriority=\"high\" decoding=\"async\" fetchpriority=\"high\" class='wp-image-69424 avia-img-lazy-loading-not-69424 avia_image ' src=\"https:\/\/www.amiblu.com\/wp-content\/uploads\/PROX-LinkedIn-Post-800-x-500-px-1.jpg\" alt='Amiblu lanza Amiblu Prox' title='Amiblu Prox'  height=\"500\" width=\"800\"  itemprop=\"thumbnailUrl\" srcset=\"https:\/\/www.amiblu.com\/wp-content\/uploads\/PROX-LinkedIn-Post-800-x-500-px-1.jpg 800w, https:\/\/www.amiblu.com\/wp-content\/uploads\/PROX-LinkedIn-Post-800-x-500-px-1-300x188.jpg 300w, https:\/\/www.amiblu.com\/wp-content\/uploads\/PROX-LinkedIn-Post-800-x-500-px-1-768x480.jpg 768w, https:\/\/www.amiblu.com\/wp-content\/uploads\/PROX-LinkedIn-Post-800-x-500-px-1-705x441.jpg 705w\" sizes=\"(max-width: 800px) 100vw, 800px\" \/><\/div><\/div><\/div>\n\n<style type=\"text\/css\" data-created_by=\"avia_inline_auto\" id=\"style-css-av-m7lrvi28-b279de54095a38e0edb709f158882aa9\">\n#top .hr.hr-invisible.av-m7lrvi28-b279de54095a38e0edb709f158882aa9{\nheight:50px;\n}\n<\/style>\n<div  class='hr av-m7lrvi28-b279de54095a38e0edb709f158882aa9 hr-invisible  avia-builder-el-1  el_after_av_image  el_before_av_textblock '><span class='hr-inner '><span class=\"hr-inner-style\"><\/span><\/span><\/div>\n<section  class='av_textblock_section av-m7lrw42h-71a84940482b886390758c1ce46a4227 '   itemscope=\"itemscope\" itemtype=\"https:\/\/schema.org\/BlogPosting\" itemprop=\"blogPost\" ><div class='avia_textblock'  itemprop=\"text\" ><h1>Amiblu lanza Amiblu PROX: la nueva generaci\u00f3n de tuber\u00edas de PRFV de bajas emisiones<\/h1>\n<\/div><\/section>\n<section  class='av_textblock_section av-m7lsijmk-80d8d660c60cdedf145ea21ed29551a0 '   itemscope=\"itemscope\" itemtype=\"https:\/\/schema.org\/BlogPosting\" itemprop=\"blogPost\" ><div class='avia_textblock'  itemprop=\"text\" ><p><span style=\"font-weight: 400;\">Amiblu presenta Amiblu PROX, una innovadora tuber\u00eda de PRFV (Pl\u00e1stico Reforzado con Fibra de Vidrio) dise\u00f1ada para reducir significativamente las emisiones de CO2.\u00a0<\/span><\/p>\n<p><span style=\"font-weight: 400;\">Amiblu PROX logra una disminuci\u00f3n adicional del 40% en la huella de carbono en comparaci\u00f3n con las tuber\u00edas est\u00e1ndar de la compa\u00f1\u00eda, consolid\u00e1ndose como una soluci\u00f3n l\u00edder en sostenibilidad para el sector del agua y la industria.<\/span><\/p>\n<h4><b>Un compromiso con la sostenibilidad y la eficiencia<\/b><\/h4>\n<p><span style=\"font-weight: 400;\">Desarrollada para ayudar a empresas gestoras del agua e industrias de todo el mundo a cumplir con los Objetivos de Desarrollo Sostenible de la Agenda 2030, Amiblu PROX mantiene la misma fiabilidad, durabilidad y prestaciones que el resto de tuber\u00edas de Amiblu.<\/span><\/p>\n<p><span style=\"font-weight: 400;\">Esta significativa reducci\u00f3n de emisiones es posible gracias a un innovador proceso de fabricaci\u00f3n en la planta CO2 neutra de Amiblu Pipes Spain en Camarles (Tarragona). Adem\u00e1s, su producci\u00f3n emplea resinas y materias primas recicladas y de origen local, junto con un transporte optimizado mediante medios sostenibles y de corta distancia.<\/span><\/p>\n<p><span style=\"font-weight: 400;\">\u00abDado que las materias primas representan la mayor parte de la huella de carbono de una tuber\u00eda, nos hemos centrado en integrar alternativas m\u00e1s sostenibles, optimizar el transporte y utilizar energ\u00eda renovable en la producci\u00f3n. Estas medidas reducen significativamente las emisiones de CO2, estableciendo un nuevo est\u00e1ndar para la industria de tuber\u00edas de PRFV\u00bb, explica Jane Haavaldsen, Directora de Desarrollo de Producto e Innovaci\u00f3n en Amiblu Technology.<\/span><\/p>\n<h4><b>Primer caso de \u00e9xito: Amiblu PROX en la planta potabilizadora de La Presa de Manises<\/b><\/h4>\n<p><span style=\"font-weight: 400;\">La primera instalaci\u00f3n de Amiblu PROX en Espa\u00f1a ya es una realidad. En el proyecto de mejora y ampliaci\u00f3n de la planta potabilizadora de La Presa de Manises (Valencia), gestionado por Global Omnium, se han instalado 300 metros de tuber\u00eda Amiblu PROX con un di\u00e1metro de hasta 2.000 mil\u00edmetros. Estas nuevas tuber\u00edas sustituyen a las antiguas conducciones, garantizando un transporte m\u00e1s eficiente y sostenible del agua potable hacia los dep\u00f3sitos de distribuci\u00f3n.<\/span><\/p>\n<p><span style=\"font-weight: 400;\">El\u00edas Colom, Director Corporativo de Global Omnium, destaca: \u00abEn Global Omnium, alineados con nuestra certificaci\u00f3n en la Norma ISO 20400 de Compras Sostenibles, priorizamos proveedores responsables y productos de fabricaci\u00f3n local para minimizar las emisiones de CO2. Amiblu PROX encaja perfectamente con nuestros objetivos de sostenibilidad y nos ha permitido ejecutar este proyecto con un menor impacto ambiental\u201d.<\/span><\/p>\n<p><span style=\"font-weight: 400;\">Por su parte, Marc Tena, Director de Sostenibilidad de Amiblu Pipes Spain, se\u00f1ala: \u00abNos enorgullece que un cliente de referencia como Global Omnium priorice la sostenibilidad incluso por encima de los factores econ\u00f3micos. Esperamos que muchas empresas europeas sigan su ejemplo y apoyen la producci\u00f3n sostenible en las obras p\u00fablicas\u201d.<\/span><\/p>\n<h4><b>Amiblu PROX: Un paso m\u00e1s hacia un futuro sostenible<\/b><\/h4>\n<p><span style=\"font-weight: 400;\">Para garantizar la total transparencia, la huella de CO2 de Amiblu PROX se calcula utilizando las declaraciones de huella de carbono de Amiblu, basadas en la base de datos ecoinvent 3.10 y evaluadas con el software Umberto 11. Estas mediciones siguen los rigurosos est\u00e1ndares de las normas ISO 14044 y 14067.<\/span><\/p>\n<p><span style=\"font-weight: 400;\">Con Amiblu PROX, la industria de las tuber\u00edas de PRFV da un paso adelante hacia una infraestructura m\u00e1s responsable y eficiente, alineada con los desaf\u00edos clim\u00e1ticos del presente y del futuro. \u00bfNos acompa\u00f1as?<\/span><\/p>\n<p><span style=\"font-weight: 400;\">Solicita m\u00e1s informaci\u00f3n de Amiblu Prox, <\/span><a href=\"https:\/\/www.amiblu.com\/es\/tuberias-prox\/\"><span style=\"font-weight: 400;\">aqu\u00ed<\/span><\/a><span style=\"font-weight: 400;\">.\u00a0<\/span><\/p>\n<\/div><\/section>\n","protected":false},"excerpt":{"rendered":"<p>Amiblu PROX es la nueva generaci\u00f3n de tuber\u00edas sostenibles dise\u00f1ada para reducir significativamente las emisiones de CO2 en proyectos de infraestructuras de agua y energ\u00eda.<\/p>\n","protected":false},"author":15,"featured_media":69424,"comment_status":"closed","ping_status":"closed","sticky":false,"template":"","format":"standard","meta":{"_acf_changed":false,"footnotes":""},"categories":[164],"tags":[],"class_list":["post-69370","post","type-post","status-publish","format-standard","has-post-thumbnail","hentry","category-news-4"],"acf":[],"yoast_head":"<!-- This site is optimized with the Yoast SEO Premium plugin v27.5 (Yoast SEO v27.5) - https:\/\/yoast.com\/product\/yoast-seo-premium-wordpress\/ -->\n<title>Amiblu lanza Amiblu Prox, una nueva tuber\u00eda de bajas emisiones<\/title>\n<meta name=\"description\" content=\"Amiblu lanza Amiblu PROX, una innovadora tuber\u00eda de PRFV (Pl\u00e1stico Reforzado con Fibra de Vidrio) dise\u00f1ada para reducir las emisiones de CO2\" \/>\n<meta name=\"robots\" content=\"index, follow, max-snippet:-1, max-image-preview:large, max-video-preview:-1\" \/>\n<link rel=\"canonical\" href=\"https:\/\/www.amiblu.com\/es\/amiblu-prox-tuberia-bajas-emisiones\/\" \/>\n<meta property=\"og:locale\" content=\"es_ES\" \/>\n<meta property=\"og:type\" content=\"article\" \/>\n<meta property=\"og:title\" content=\"Amiblu lanza Amiblu PROX: la nueva generaci\u00f3n de tuber\u00edas de PRFV de bajas emisiones\" \/>\n<meta property=\"og:description\" content=\"Amiblu lanza Amiblu PROX, una innovadora tuber\u00eda de PRFV (Pl\u00e1stico Reforzado con Fibra de Vidrio) dise\u00f1ada para reducir las emisiones de CO2\" \/>\n<meta property=\"og:url\" content=\"https:\/\/www.amiblu.com\/es\/amiblu-prox-tuberia-bajas-emisiones\/\" \/>\n<meta property=\"og:site_name\" content=\"Amiblu\" \/>\n<meta property=\"article:publisher\" content=\"https:\/\/www.facebook.com\/amiblupipes\" \/>\n<meta property=\"article:published_time\" content=\"2025-02-26T11:07:44+00:00\" \/>\n<meta property=\"article:modified_time\" content=\"2025-04-08T12:41:43+00:00\" \/>\n<meta property=\"og:image\" content=\"https:\/\/www.amiblu.com\/wp-content\/uploads\/PROX-LinkedIn-Post-800-x-500-px-1.jpg\" \/>\n\t<meta property=\"og:image:width\" content=\"800\" \/>\n\t<meta property=\"og:image:height\" content=\"500\" \/>\n\t<meta property=\"og:image:type\" content=\"image\/jpeg\" \/>\n<meta name=\"author\" content=\"Noelia\" \/>\n<meta name=\"twitter:card\" content=\"summary_large_image\" \/>\n<meta name=\"twitter:label1\" content=\"Escrito por\" \/>\n\t<meta name=\"twitter:data1\" content=\"Noelia\" \/>\n\t<meta name=\"twitter:label2\" content=\"Tiempo de lectura\" \/>\n\t<meta name=\"twitter:data2\" content=\"3 minutos\" \/>\n<script type=\"application\/ld+json\" class=\"yoast-schema-graph\">{\"@context\":\"https:\\\/\\\/schema.org\",\"@graph\":[{\"@type\":\"Article\",\"@id\":\"https:\\\/\\\/www.amiblu.com\\\/es\\\/amiblu-prox-tuberia-bajas-emisiones\\\/#article\",\"isPartOf\":{\"@id\":\"https:\\\/\\\/www.amiblu.com\\\/es\\\/amiblu-prox-tuberia-bajas-emisiones\\\/\"},\"author\":{\"name\":\"Noelia\",\"@id\":\"https:\\\/\\\/www.amiblu.com\\\/es\\\/#\\\/schema\\\/person\\\/4abd1603334fad5d8a0f94cfc539ff89\"},\"headline\":\"Amiblu lanza Amiblu PROX: la nueva generaci\u00f3n de tuber\u00edas de PRFV de bajas emisiones\",\"datePublished\":\"2025-02-26T11:07:44+00:00\",\"dateModified\":\"2025-04-08T12:41:43+00:00\",\"mainEntityOfPage\":{\"@id\":\"https:\\\/\\\/www.amiblu.com\\\/es\\\/amiblu-prox-tuberia-bajas-emisiones\\\/\"},\"wordCount\":1076,\"publisher\":{\"@id\":\"https:\\\/\\\/www.amiblu.com\\\/es\\\/#organization\"},\"image\":{\"@id\":\"https:\\\/\\\/www.amiblu.com\\\/es\\\/amiblu-prox-tuberia-bajas-emisiones\\\/#primaryimage\"},\"thumbnailUrl\":\"https:\\\/\\\/www.amiblu.com\\\/wp-content\\\/uploads\\\/PROX-LinkedIn-Post-800-x-500-px-1.jpg\",\"articleSection\":[\"Noticias\"],\"inLanguage\":\"es\"},{\"@type\":\"WebPage\",\"@id\":\"https:\\\/\\\/www.amiblu.com\\\/es\\\/amiblu-prox-tuberia-bajas-emisiones\\\/\",\"url\":\"https:\\\/\\\/www.amiblu.com\\\/es\\\/amiblu-prox-tuberia-bajas-emisiones\\\/\",\"name\":\"Amiblu lanza Amiblu Prox, una nueva tuber\u00eda de bajas emisiones\",\"isPartOf\":{\"@id\":\"https:\\\/\\\/www.amiblu.com\\\/es\\\/#website\"},\"primaryImageOfPage\":{\"@id\":\"https:\\\/\\\/www.amiblu.com\\\/es\\\/amiblu-prox-tuberia-bajas-emisiones\\\/#primaryimage\"},\"image\":{\"@id\":\"https:\\\/\\\/www.amiblu.com\\\/es\\\/amiblu-prox-tuberia-bajas-emisiones\\\/#primaryimage\"},\"thumbnailUrl\":\"https:\\\/\\\/www.amiblu.com\\\/wp-content\\\/uploads\\\/PROX-LinkedIn-Post-800-x-500-px-1.jpg\",\"datePublished\":\"2025-02-26T11:07:44+00:00\",\"dateModified\":\"2025-04-08T12:41:43+00:00\",\"description\":\"Amiblu lanza Amiblu PROX, una innovadora tuber\u00eda de PRFV (Pl\u00e1stico Reforzado con Fibra de Vidrio) dise\u00f1ada para reducir las emisiones de CO2\",\"inLanguage\":\"es\",\"potentialAction\":[{\"@type\":\"ReadAction\",\"target\":[\"https:\\\/\\\/www.amiblu.com\\\/es\\\/amiblu-prox-tuberia-bajas-emisiones\\\/\"]}]},{\"@type\":\"ImageObject\",\"inLanguage\":\"es\",\"@id\":\"https:\\\/\\\/www.amiblu.com\\\/es\\\/amiblu-prox-tuberia-bajas-emisiones\\\/#primaryimage\",\"url\":\"https:\\\/\\\/www.amiblu.com\\\/wp-content\\\/uploads\\\/PROX-LinkedIn-Post-800-x-500-px-1.jpg\",\"contentUrl\":\"https:\\\/\\\/www.amiblu.com\\\/wp-content\\\/uploads\\\/PROX-LinkedIn-Post-800-x-500-px-1.jpg\",\"width\":800,\"height\":500,\"caption\":\"Amiblu lanza Amiblu Prox\"},{\"@type\":\"WebSite\",\"@id\":\"https:\\\/\\\/www.amiblu.com\\\/es\\\/#website\",\"url\":\"https:\\\/\\\/www.amiblu.com\\\/es\\\/\",\"name\":\"Amiblu\",\"description\":\"GFK-Rohrsysteme f\u00fcr Generationen\",\"publisher\":{\"@id\":\"https:\\\/\\\/www.amiblu.com\\\/es\\\/#organization\"},\"potentialAction\":[{\"@type\":\"SearchAction\",\"target\":{\"@type\":\"EntryPoint\",\"urlTemplate\":\"https:\\\/\\\/www.amiblu.com\\\/es\\\/?s={search_term_string}\"},\"query-input\":{\"@type\":\"PropertyValueSpecification\",\"valueRequired\":true,\"valueName\":\"search_term_string\"}}],\"inLanguage\":\"es\"},{\"@type\":\"Organization\",\"@id\":\"https:\\\/\\\/www.amiblu.com\\\/es\\\/#organization\",\"name\":\"Amiblu Group\",\"url\":\"https:\\\/\\\/www.amiblu.com\\\/es\\\/\",\"logo\":{\"@type\":\"ImageObject\",\"inLanguage\":\"es\",\"@id\":\"https:\\\/\\\/www.amiblu.com\\\/es\\\/#\\\/schema\\\/logo\\\/image\\\/\",\"url\":\"https:\\\/\\\/www.amiblu.com\\\/wp-content\\\/uploads\\\/2021\\\/01\\\/Amiblu-logo-website-1.png\",\"contentUrl\":\"https:\\\/\\\/www.amiblu.com\\\/wp-content\\\/uploads\\\/2021\\\/01\\\/Amiblu-logo-website-1.png\",\"width\":201,\"height\":38,\"caption\":\"Amiblu Group\"},\"image\":{\"@id\":\"https:\\\/\\\/www.amiblu.com\\\/es\\\/#\\\/schema\\\/logo\\\/image\\\/\"},\"sameAs\":[\"https:\\\/\\\/www.facebook.com\\\/amiblupipes\",\"https:\\\/\\\/www.youtube.com\\\/c\\\/Amiblu\",\"https:\\\/\\\/de.wikipedia.org\\\/wiki\\\/Amiblu\",\"https:\\\/\\\/www.linkedin.com\\\/company\\\/amiblupipes\\\/\"]},{\"@type\":\"Person\",\"@id\":\"https:\\\/\\\/www.amiblu.com\\\/es\\\/#\\\/schema\\\/person\\\/4abd1603334fad5d8a0f94cfc539ff89\",\"name\":\"Noelia\",\"image\":{\"@type\":\"ImageObject\",\"inLanguage\":\"es\",\"@id\":\"https:\\\/\\\/secure.gravatar.com\\\/avatar\\\/9f9ebd2edffef3d993712c729db8694b50f6ee566a3ba3d6fc66fbe195f17ca7?s=96&d=mm&r=g\",\"url\":\"https:\\\/\\\/secure.gravatar.com\\\/avatar\\\/9f9ebd2edffef3d993712c729db8694b50f6ee566a3ba3d6fc66fbe195f17ca7?s=96&d=mm&r=g\",\"contentUrl\":\"https:\\\/\\\/secure.gravatar.com\\\/avatar\\\/9f9ebd2edffef3d993712c729db8694b50f6ee566a3ba3d6fc66fbe195f17ca7?s=96&d=mm&r=g\",\"caption\":\"Noelia\"}}]}<\/script>\n<!-- \/ Yoast SEO Premium plugin. -->","yoast_head_json":{"title":"Amiblu lanza Amiblu Prox, una nueva tuber\u00eda de bajas emisiones","description":"Amiblu lanza Amiblu PROX, una innovadora tuber\u00eda de PRFV (Pl\u00e1stico Reforzado con Fibra de Vidrio) dise\u00f1ada para reducir las emisiones de CO2","robots":{"index":"index","follow":"follow","max-snippet":"max-snippet:-1","max-image-preview":"max-image-preview:large","max-video-preview":"max-video-preview:-1"},"canonical":"https:\/\/www.amiblu.com\/es\/amiblu-prox-tuberia-bajas-emisiones\/","og_locale":"es_ES","og_type":"article","og_title":"Amiblu lanza Amiblu PROX: la nueva generaci\u00f3n de tuber\u00edas de PRFV de bajas emisiones","og_description":"Amiblu lanza Amiblu PROX, una innovadora tuber\u00eda de PRFV (Pl\u00e1stico Reforzado con Fibra de Vidrio) dise\u00f1ada para reducir las emisiones de CO2","og_url":"https:\/\/www.amiblu.com\/es\/amiblu-prox-tuberia-bajas-emisiones\/","og_site_name":"Amiblu","article_publisher":"https:\/\/www.facebook.com\/amiblupipes","article_published_time":"2025-02-26T11:07:44+00:00","article_modified_time":"2025-04-08T12:41:43+00:00","og_image":[{"width":800,"height":500,"url":"https:\/\/www.amiblu.com\/wp-content\/uploads\/PROX-LinkedIn-Post-800-x-500-px-1.jpg","type":"image\/jpeg"}],"author":"Noelia","twitter_card":"summary_large_image","twitter_misc":{"Escrito por":"Noelia","Tiempo de lectura":"3 minutos"},"schema":{"@context":"https:\/\/schema.org","@graph":[{"@type":"Article","@id":"https:\/\/www.amiblu.com\/es\/amiblu-prox-tuberia-bajas-emisiones\/#article","isPartOf":{"@id":"https:\/\/www.amiblu.com\/es\/amiblu-prox-tuberia-bajas-emisiones\/"},"author":{"name":"Noelia","@id":"https:\/\/www.amiblu.com\/es\/#\/schema\/person\/4abd1603334fad5d8a0f94cfc539ff89"},"headline":"Amiblu lanza Amiblu PROX: la nueva generaci\u00f3n de tuber\u00edas de PRFV de bajas emisiones","datePublished":"2025-02-26T11:07:44+00:00","dateModified":"2025-04-08T12:41:43+00:00","mainEntityOfPage":{"@id":"https:\/\/www.amiblu.com\/es\/amiblu-prox-tuberia-bajas-emisiones\/"},"wordCount":1076,"publisher":{"@id":"https:\/\/www.amiblu.com\/es\/#organization"},"image":{"@id":"https:\/\/www.amiblu.com\/es\/amiblu-prox-tuberia-bajas-emisiones\/#primaryimage"},"thumbnailUrl":"https:\/\/www.amiblu.com\/wp-content\/uploads\/PROX-LinkedIn-Post-800-x-500-px-1.jpg","articleSection":["Noticias"],"inLanguage":"es"},{"@type":"WebPage","@id":"https:\/\/www.amiblu.com\/es\/amiblu-prox-tuberia-bajas-emisiones\/","url":"https:\/\/www.amiblu.com\/es\/amiblu-prox-tuberia-bajas-emisiones\/","name":"Amiblu lanza Amiblu Prox, una nueva tuber\u00eda de bajas emisiones","isPartOf":{"@id":"https:\/\/www.amiblu.com\/es\/#website"},"primaryImageOfPage":{"@id":"https:\/\/www.amiblu.com\/es\/amiblu-prox-tuberia-bajas-emisiones\/#primaryimage"},"image":{"@id":"https:\/\/www.amiblu.com\/es\/amiblu-prox-tuberia-bajas-emisiones\/#primaryimage"},"thumbnailUrl":"https:\/\/www.amiblu.com\/wp-content\/uploads\/PROX-LinkedIn-Post-800-x-500-px-1.jpg","datePublished":"2025-02-26T11:07:44+00:00","dateModified":"2025-04-08T12:41:43+00:00","description":"Amiblu lanza Amiblu PROX, una innovadora tuber\u00eda de PRFV (Pl\u00e1stico Reforzado con Fibra de Vidrio) dise\u00f1ada para reducir las emisiones de CO2","inLanguage":"es","potentialAction":[{"@type":"ReadAction","target":["https:\/\/www.amiblu.com\/es\/amiblu-prox-tuberia-bajas-emisiones\/"]}]},{"@type":"ImageObject","inLanguage":"es","@id":"https:\/\/www.amiblu.com\/es\/amiblu-prox-tuberia-bajas-emisiones\/#primaryimage","url":"https:\/\/www.amiblu.com\/wp-content\/uploads\/PROX-LinkedIn-Post-800-x-500-px-1.jpg","contentUrl":"https:\/\/www.amiblu.com\/wp-content\/uploads\/PROX-LinkedIn-Post-800-x-500-px-1.jpg","width":800,"height":500,"caption":"Amiblu lanza Amiblu Prox"},{"@type":"WebSite","@id":"https:\/\/www.amiblu.com\/es\/#website","url":"https:\/\/www.amiblu.com\/es\/","name":"Amiblu","description":"GFK-Rohrsysteme f\u00fcr Generationen","publisher":{"@id":"https:\/\/www.amiblu.com\/es\/#organization"},"potentialAction":[{"@type":"SearchAction","target":{"@type":"EntryPoint","urlTemplate":"https:\/\/www.amiblu.com\/es\/?s={search_term_string}"},"query-input":{"@type":"PropertyValueSpecification","valueRequired":true,"valueName":"search_term_string"}}],"inLanguage":"es"},{"@type":"Organization","@id":"https:\/\/www.amiblu.com\/es\/#organization","name":"Amiblu Group","url":"https:\/\/www.amiblu.com\/es\/","logo":{"@type":"ImageObject","inLanguage":"es","@id":"https:\/\/www.amiblu.com\/es\/#\/schema\/logo\/image\/","url":"https:\/\/www.amiblu.com\/wp-content\/uploads\/2021\/01\/Amiblu-logo-website-1.png","contentUrl":"https:\/\/www.amiblu.com\/wp-content\/uploads\/2021\/01\/Amiblu-logo-website-1.png","width":201,"height":38,"caption":"Amiblu Group"},"image":{"@id":"https:\/\/www.amiblu.com\/es\/#\/schema\/logo\/image\/"},"sameAs":["https:\/\/www.facebook.com\/amiblupipes","https:\/\/www.youtube.com\/c\/Amiblu","https:\/\/de.wikipedia.org\/wiki\/Amiblu","https:\/\/www.linkedin.com\/company\/amiblupipes\/"]},{"@type":"Person","@id":"https:\/\/www.amiblu.com\/es\/#\/schema\/person\/4abd1603334fad5d8a0f94cfc539ff89","name":"Noelia","image":{"@type":"ImageObject","inLanguage":"es","@id":"https:\/\/secure.gravatar.com\/avatar\/9f9ebd2edffef3d993712c729db8694b50f6ee566a3ba3d6fc66fbe195f17ca7?s=96&d=mm&r=g","url":"https:\/\/secure.gravatar.com\/avatar\/9f9ebd2edffef3d993712c729db8694b50f6ee566a3ba3d6fc66fbe195f17ca7?s=96&d=mm&r=g","contentUrl":"https:\/\/secure.gravatar.com\/avatar\/9f9ebd2edffef3d993712c729db8694b50f6ee566a3ba3d6fc66fbe195f17ca7?s=96&d=mm&r=g","caption":"Noelia"}}]}},"_links":{"self":[{"href":"https:\/\/www.amiblu.com\/es\/wp-json\/wp\/v2\/posts\/69370","targetHints":{"allow":["GET"]}}],"collection":[{"href":"https:\/\/www.amiblu.com\/es\/wp-json\/wp\/v2\/posts"}],"about":[{"href":"https:\/\/www.amiblu.com\/es\/wp-json\/wp\/v2\/types\/post"}],"author":[{"embeddable":true,"href":"https:\/\/www.amiblu.com\/es\/wp-json\/wp\/v2\/users\/15"}],"replies":[{"embeddable":true,"href":"https:\/\/www.amiblu.com\/es\/wp-json\/wp\/v2\/comments?post=69370"}],"version-history":[{"count":16,"href":"https:\/\/www.amiblu.com\/es\/wp-json\/wp\/v2\/posts\/69370\/revisions"}],"predecessor-version":[{"id":71043,"href":"https:\/\/www.amiblu.com\/es\/wp-json\/wp\/v2\/posts\/69370\/revisions\/71043"}],"wp:featuredmedia":[{"embeddable":true,"href":"https:\/\/www.amiblu.com\/es\/wp-json\/wp\/v2\/media\/69424"}],"wp:attachment":[{"href":"https:\/\/www.amiblu.com\/es\/wp-json\/wp\/v2\/media?parent=69370"}],"wp:term":[{"taxonomy":"category","embeddable":true,"href":"https:\/\/www.amiblu.com\/es\/wp-json\/wp\/v2\/categories?post=69370"},{"taxonomy":"post_tag","embeddable":true,"href":"https:\/\/www.amiblu.com\/es\/wp-json\/wp\/v2\/tags?post=69370"}],"curies":[{"name":"wp","href":"https:\/\/api.w.org\/{rel}","templated":true}]}}