{"id":70015,"date":"2025-03-13T12:34:33","date_gmt":"2025-03-13T11:34:33","guid":{"rendered":"https:\/\/www.amiblu.com\/?p=70015"},"modified":"2025-03-13T16:25:42","modified_gmt":"2025-03-13T15:25:42","slug":"regadio-canal-del-flumen","status":"publish","type":"post","link":"https:\/\/www.amiblu.com\/es\/regadio-canal-del-flumen\/","title":{"rendered":"Amiblu se adjudica el proyecto de modernizaci\u00f3n de regad\u00edo del Canal del Flumen"},"content":{"rendered":"\n<style type=\"text\/css\" data-created_by=\"avia_inline_auto\" id=\"style-css-av-m85swoc4-f0d27db88e053ad012a8cc1a720f1c4a\">\n.avia-image-container.av-m85swoc4-f0d27db88e053ad012a8cc1a720f1c4a img.avia_image{\nbox-shadow:none;\n}\n.avia-image-container.av-m85swoc4-f0d27db88e053ad012a8cc1a720f1c4a .av-image-caption-overlay-center{\ncolor:#ffffff;\n}\n<\/style>\n<div  class='avia-image-container av-m85swoc4-f0d27db88e053ad012a8cc1a720f1c4a av-styling- avia-align-left  avia-builder-el-0  el_before_av_hr  avia-builder-el-first '   itemprop=\"image\" itemscope=\"itemscope\" itemtype=\"https:\/\/schema.org\/ImageObject\" ><div class=\"avia-image-container-inner\"><div class=\"avia-image-overlay-wrap\"><img fetchpriority=\"high\" fetchpriority=\"high\" decoding=\"async\" fetchpriority=\"high\" class='wp-image-70127 avia-img-lazy-loading-not-70127 avia_image ' src=\"https:\/\/www.amiblu.com\/wp-content\/uploads\/Fotos-blog-Amiblu-800-x-500-6-1.jpg\" alt='Amiblu se adjudica el Canal del Flumen' title='Canal Flumen'  height=\"500\" width=\"800\"  itemprop=\"thumbnailUrl\" srcset=\"https:\/\/www.amiblu.com\/wp-content\/uploads\/Fotos-blog-Amiblu-800-x-500-6-1.jpg 800w, https:\/\/www.amiblu.com\/wp-content\/uploads\/Fotos-blog-Amiblu-800-x-500-6-1-300x188.jpg 300w, https:\/\/www.amiblu.com\/wp-content\/uploads\/Fotos-blog-Amiblu-800-x-500-6-1-768x480.jpg 768w, https:\/\/www.amiblu.com\/wp-content\/uploads\/Fotos-blog-Amiblu-800-x-500-6-1-705x441.jpg 705w\" sizes=\"(max-width: 800px) 100vw, 800px\" \/><\/div><\/div><\/div>\n\n<style type=\"text\/css\" data-created_by=\"avia_inline_auto\" id=\"style-css-av-m85sx45g-b4bab76c5523e410ec11d0d069fa299f\">\n#top .hr.hr-invisible.av-m85sx45g-b4bab76c5523e410ec11d0d069fa299f{\nheight:50px;\n}\n<\/style>\n<div  class='hr av-m85sx45g-b4bab76c5523e410ec11d0d069fa299f hr-invisible  avia-builder-el-1  el_after_av_image  el_before_av_textblock '><span class='hr-inner '><span class=\"hr-inner-style\"><\/span><\/span><\/div>\n<section  class='av_textblock_section av-m85sxp57-f842cb26d23cde5dffb037eec62b498c '   itemscope=\"itemscope\" itemtype=\"https:\/\/schema.org\/BlogPosting\" itemprop=\"blogPost\" ><div class='avia_textblock'  itemprop=\"text\" ><h1><b>Amiblu se adjudica el proyecto de modernizaci\u00f3n de regad\u00edo del Canal del Flumen<\/b><\/h1>\n<\/div><\/section>\n<section  class='av_textblock_section av-m85t6262-8ae2fa3821554c4a6cb5ea82b881e76a '   itemscope=\"itemscope\" itemtype=\"https:\/\/schema.org\/BlogPosting\" itemprop=\"blogPost\" ><div class='avia_textblock'  itemprop=\"text\" ><p><span style=\"font-weight: 400;\">Amiblu ha sido adjudicataria del suministro de 45,6 km de tuber\u00edas de PRFV para riego para el Canal del Flumen (Huesca), siendo el mayor contrato de modernizaci\u00f3n de regad\u00edos conseguido por la compa\u00f1\u00eda hasta la fecha.<\/span><\/p>\n<p><span style=\"font-weight: 400;\">La adjudicaci\u00f3n forma parte del proyecto de mejora en el aprovechamiento del agua y el ahorro energ\u00e9tico para las Comunidades de Regantes del Sector X y XI del Canal del Flumen. Este proyecto se llevar\u00e1 a cabo a trav\u00e9s de la Sociedad Mercantil Estatal de Infraestructuras Agrarias, S.A. (SEIASA) y la UTE Construcciones y Obras Valbuena, S.A.U., Espina Obras Hidr\u00e1ulicas, S.A.U. y Rover Infraestructuras, S.A.<\/span><\/p>\n<h4><b>Un proyecto clave para la eficiencia h\u00eddrica y energ\u00e9tica<\/b><\/h4>\n<p><span style=\"font-weight: 400;\">El contrato incluye el suministro de una tuber\u00eda de hasta 23 km de longitud y 1.600 mm de di\u00e1metro, que ser\u00e1 fabricada y entregada por Amiblu desde su planta en Camarles (Tarragona) en un plazo m\u00e1ximo de 18 meses.<\/span><\/p>\n<p><span style=\"font-weight: 400;\">El principal objetivo de esta obra es optimizar el uso del agua y reducir el consumo energ\u00e9tico de los regantes del Canal del Flumen, ubicado en Sari\u00f1ena (Los Monegros, Huesca). Para ello, se dise\u00f1ar\u00e1 una nueva infraestructura de captaci\u00f3n de agua a gran altura, que sustituir\u00e1 el actual sistema de bombeo. La soluci\u00f3n incluye la construcci\u00f3n de dos balsas de gran capacidad, conectadas mediante tuber\u00edas, que se llenar\u00e1n de forma autom\u00e1tica y distribuir\u00e1n el agua de manera eficiente a los campos de regad\u00edo.<\/span><\/p>\n<h4><b>Ahorro energ\u00e9tico del 30% con tuber\u00edas de PRFV<\/b><\/h4>\n<p><span style=\"font-weight: 400;\">La modernizaci\u00f3n de los regad\u00edos es un factor clave para el desarrollo de las comunidades agrarias, especialmente en per\u00edodos de sequ\u00eda como el actual. La optimizaci\u00f3n del agua y la energ\u00eda permite una gesti\u00f3n m\u00e1s eficiente y sostenible de los recursos.<\/span><\/p>\n<p><span style=\"font-weight: 400;\">Las tuber\u00edas de PRFV (Poli\u00e9ster Reforzado con Fibra de Vidrio) ofrecen importantes <a href=\"https:\/\/www.amiblu.com\/es\/tuberias-para-riego-de-prfv\/\">ventajas <\/a>\u00a0para proyecto de riego frente a los materiales tradicionales, como el hormig\u00f3n o el acero. Sus principales beneficios incluyen:<\/span><\/p>\n<ul>\n<li style=\"font-weight: 400;\" aria-level=\"1\"><span style=\"font-weight: 400;\">Mayor eficiencia energ\u00e9tica: permiten un ahorro de hasta un 30% en consumo energ\u00e9tico.<\/span><\/li>\n<li style=\"font-weight: 400;\" aria-level=\"1\"><span style=\"font-weight: 400;\">Menor impacto ambiental: su huella de CO\u2082 es tres veces inferior a la de otros materiales.<\/span><\/li>\n<li style=\"font-weight: 400;\" aria-level=\"1\"><span style=\"font-weight: 400;\">Facilidad de transporte e instalaci\u00f3n: son m\u00e1s ligeras, resistentes y no sufren corrosi\u00f3n.<\/span><\/li>\n<li style=\"font-weight: 400;\" aria-level=\"1\"><span style=\"font-weight: 400;\">\u00a0Reducci\u00f3n de costes: requieren menos mantenimiento y tienen una vida \u00fatil m\u00e1s prolongada.<\/span><\/li>\n<\/ul>\n<h4><b>Amiblu, l\u00edder en infraestructuras de PRFV para riego<\/b><\/h4>\n<p><span style=\"font-weight: 400;\">Actualmente, Amiblu desarrolla proyectos de riego y estaciones de bombeo en m\u00e1s de 50 pa\u00edses, con un suministro anual medio de 250 km de tuber\u00edas fabricadas en sus ocho plantas de producci\u00f3n en Europa y Australia.<\/span><\/p>\n<p><span style=\"font-weight: 400;\">El proyecto del Canal del Flumen representa la mayor adjudicaci\u00f3n en modernizaci\u00f3n y transformaci\u00f3n de regad\u00edos lograda por Amiblu en Espa\u00f1a. Le sigue la adjudicaci\u00f3n del <a href=\"https:\/\/www.amiblu.com\/es\/amiblu-pipes-spain-65-km-tuberias-para-el-sifon-de-cardiel\/\">Sif\u00f3n del Cardiel,<\/a> en los sectores VI, VII y XVII de la zona regable de Monegros II, en Fraga y Ballobar (Arag\u00f3n), otorgada en noviembre de 2023.<\/span><\/p>\n<\/div><\/section>\n","protected":false},"excerpt":{"rendered":"<p>Se trata del mayor contrato de modernizaci\u00f3n de regad\u00edos conseguido hasta la fecha en Espa\u00f1a<\/p>\n","protected":false},"author":15,"featured_media":70127,"comment_status":"closed","ping_status":"closed","sticky":false,"template":"","format":"standard","meta":{"_acf_changed":false,"footnotes":""},"categories":[164],"tags":[],"class_list":["post-70015","post","type-post","status-publish","format-standard","has-post-thumbnail","hentry","category-news-4"],"acf":[],"yoast_head":"<!-- This site is optimized with the Yoast SEO Premium plugin v27.5 (Yoast SEO v27.5) - https:\/\/yoast.com\/product\/yoast-seo-premium-wordpress\/ -->\n<title>Amiblu se adjudica el proyecto de regad\u00edo del Canal del Flumen<\/title>\n<meta name=\"description\" content=\"Amiblu se ha adjudica el proyecto de modernizaci\u00f3n de regad\u00edo del Canal del Flumen. Suministrar\u00e1 45,6 km de tuber\u00edas de PRFV para riego.\" \/>\n<meta name=\"robots\" content=\"index, follow, max-snippet:-1, max-image-preview:large, max-video-preview:-1\" \/>\n<link rel=\"canonical\" href=\"https:\/\/www.amiblu.com\/es\/regadio-canal-del-flumen\/\" \/>\n<meta property=\"og:locale\" content=\"es_ES\" \/>\n<meta property=\"og:type\" content=\"article\" \/>\n<meta property=\"og:title\" content=\"Amiblu se adjudica el proyecto de modernizaci\u00f3n de regad\u00edo del Canal del Flumen\" \/>\n<meta property=\"og:description\" content=\"Amiblu se ha adjudica el proyecto de modernizaci\u00f3n de regad\u00edo del Canal del Flumen. Suministrar\u00e1 45,6 km de tuber\u00edas de PRFV para riego.\" \/>\n<meta property=\"og:url\" content=\"https:\/\/www.amiblu.com\/es\/regadio-canal-del-flumen\/\" \/>\n<meta property=\"og:site_name\" content=\"Amiblu\" \/>\n<meta property=\"article:publisher\" content=\"https:\/\/www.facebook.com\/amiblupipes\" \/>\n<meta property=\"article:published_time\" content=\"2025-03-13T11:34:33+00:00\" \/>\n<meta property=\"article:modified_time\" content=\"2025-03-13T15:25:42+00:00\" \/>\n<meta property=\"og:image\" content=\"https:\/\/www.amiblu.com\/wp-content\/uploads\/Fotos-blog-Amiblu-800-x-500-6-1.jpg\" \/>\n\t<meta property=\"og:image:width\" content=\"800\" \/>\n\t<meta property=\"og:image:height\" content=\"500\" \/>\n\t<meta property=\"og:image:type\" content=\"image\/jpeg\" \/>\n<meta name=\"author\" content=\"Noelia\" \/>\n<meta name=\"twitter:card\" content=\"summary_large_image\" \/>\n<meta name=\"twitter:label1\" content=\"Escrito por\" \/>\n\t<meta name=\"twitter:data1\" content=\"Noelia\" \/>\n\t<meta name=\"twitter:label2\" content=\"Tiempo de lectura\" \/>\n\t<meta name=\"twitter:data2\" content=\"3 minutos\" \/>\n<script type=\"application\/ld+json\" class=\"yoast-schema-graph\">{\"@context\":\"https:\\\/\\\/schema.org\",\"@graph\":[{\"@type\":\"Article\",\"@id\":\"https:\\\/\\\/www.amiblu.com\\\/es\\\/regadio-canal-del-flumen\\\/#article\",\"isPartOf\":{\"@id\":\"https:\\\/\\\/www.amiblu.com\\\/es\\\/regadio-canal-del-flumen\\\/\"},\"author\":{\"name\":\"Noelia\",\"@id\":\"https:\\\/\\\/www.amiblu.com\\\/es\\\/#\\\/schema\\\/person\\\/4abd1603334fad5d8a0f94cfc539ff89\"},\"headline\":\"Amiblu se adjudica el proyecto de modernizaci\u00f3n de regad\u00edo del Canal del Flumen\",\"datePublished\":\"2025-03-13T11:34:33+00:00\",\"dateModified\":\"2025-03-13T15:25:42+00:00\",\"mainEntityOfPage\":{\"@id\":\"https:\\\/\\\/www.amiblu.com\\\/es\\\/regadio-canal-del-flumen\\\/\"},\"wordCount\":1031,\"publisher\":{\"@id\":\"https:\\\/\\\/www.amiblu.com\\\/es\\\/#organization\"},\"image\":{\"@id\":\"https:\\\/\\\/www.amiblu.com\\\/es\\\/regadio-canal-del-flumen\\\/#primaryimage\"},\"thumbnailUrl\":\"https:\\\/\\\/www.amiblu.com\\\/wp-content\\\/uploads\\\/Fotos-blog-Amiblu-800-x-500-6-1.jpg\",\"articleSection\":[\"Noticias\"],\"inLanguage\":\"es\"},{\"@type\":\"WebPage\",\"@id\":\"https:\\\/\\\/www.amiblu.com\\\/es\\\/regadio-canal-del-flumen\\\/\",\"url\":\"https:\\\/\\\/www.amiblu.com\\\/es\\\/regadio-canal-del-flumen\\\/\",\"name\":\"Amiblu se adjudica el proyecto de regad\u00edo del Canal del Flumen\",\"isPartOf\":{\"@id\":\"https:\\\/\\\/www.amiblu.com\\\/es\\\/#website\"},\"primaryImageOfPage\":{\"@id\":\"https:\\\/\\\/www.amiblu.com\\\/es\\\/regadio-canal-del-flumen\\\/#primaryimage\"},\"image\":{\"@id\":\"https:\\\/\\\/www.amiblu.com\\\/es\\\/regadio-canal-del-flumen\\\/#primaryimage\"},\"thumbnailUrl\":\"https:\\\/\\\/www.amiblu.com\\\/wp-content\\\/uploads\\\/Fotos-blog-Amiblu-800-x-500-6-1.jpg\",\"datePublished\":\"2025-03-13T11:34:33+00:00\",\"dateModified\":\"2025-03-13T15:25:42+00:00\",\"description\":\"Amiblu se ha adjudica el proyecto de modernizaci\u00f3n de regad\u00edo del Canal del Flumen. Suministrar\u00e1 45,6 km de tuber\u00edas de PRFV para riego.\",\"inLanguage\":\"es\",\"potentialAction\":[{\"@type\":\"ReadAction\",\"target\":[\"https:\\\/\\\/www.amiblu.com\\\/es\\\/regadio-canal-del-flumen\\\/\"]}]},{\"@type\":\"ImageObject\",\"inLanguage\":\"es\",\"@id\":\"https:\\\/\\\/www.amiblu.com\\\/es\\\/regadio-canal-del-flumen\\\/#primaryimage\",\"url\":\"https:\\\/\\\/www.amiblu.com\\\/wp-content\\\/uploads\\\/Fotos-blog-Amiblu-800-x-500-6-1.jpg\",\"contentUrl\":\"https:\\\/\\\/www.amiblu.com\\\/wp-content\\\/uploads\\\/Fotos-blog-Amiblu-800-x-500-6-1.jpg\",\"width\":800,\"height\":500,\"caption\":\"Amiblu se adjudica el Canal del Flumen\"},{\"@type\":\"WebSite\",\"@id\":\"https:\\\/\\\/www.amiblu.com\\\/es\\\/#website\",\"url\":\"https:\\\/\\\/www.amiblu.com\\\/es\\\/\",\"name\":\"Amiblu\",\"description\":\"GFK-Rohrsysteme f\u00fcr Generationen\",\"publisher\":{\"@id\":\"https:\\\/\\\/www.amiblu.com\\\/es\\\/#organization\"},\"potentialAction\":[{\"@type\":\"SearchAction\",\"target\":{\"@type\":\"EntryPoint\",\"urlTemplate\":\"https:\\\/\\\/www.amiblu.com\\\/es\\\/?s={search_term_string}\"},\"query-input\":{\"@type\":\"PropertyValueSpecification\",\"valueRequired\":true,\"valueName\":\"search_term_string\"}}],\"inLanguage\":\"es\"},{\"@type\":\"Organization\",\"@id\":\"https:\\\/\\\/www.amiblu.com\\\/es\\\/#organization\",\"name\":\"Amiblu Group\",\"url\":\"https:\\\/\\\/www.amiblu.com\\\/es\\\/\",\"logo\":{\"@type\":\"ImageObject\",\"inLanguage\":\"es\",\"@id\":\"https:\\\/\\\/www.amiblu.com\\\/es\\\/#\\\/schema\\\/logo\\\/image\\\/\",\"url\":\"https:\\\/\\\/www.amiblu.com\\\/wp-content\\\/uploads\\\/2021\\\/01\\\/Amiblu-logo-website-1.png\",\"contentUrl\":\"https:\\\/\\\/www.amiblu.com\\\/wp-content\\\/uploads\\\/2021\\\/01\\\/Amiblu-logo-website-1.png\",\"width\":201,\"height\":38,\"caption\":\"Amiblu Group\"},\"image\":{\"@id\":\"https:\\\/\\\/www.amiblu.com\\\/es\\\/#\\\/schema\\\/logo\\\/image\\\/\"},\"sameAs\":[\"https:\\\/\\\/www.facebook.com\\\/amiblupipes\",\"https:\\\/\\\/www.youtube.com\\\/c\\\/Amiblu\",\"https:\\\/\\\/de.wikipedia.org\\\/wiki\\\/Amiblu\",\"https:\\\/\\\/www.linkedin.com\\\/company\\\/amiblupipes\\\/\"]},{\"@type\":\"Person\",\"@id\":\"https:\\\/\\\/www.amiblu.com\\\/es\\\/#\\\/schema\\\/person\\\/4abd1603334fad5d8a0f94cfc539ff89\",\"name\":\"Noelia\",\"image\":{\"@type\":\"ImageObject\",\"inLanguage\":\"es\",\"@id\":\"https:\\\/\\\/secure.gravatar.com\\\/avatar\\\/9f9ebd2edffef3d993712c729db8694b50f6ee566a3ba3d6fc66fbe195f17ca7?s=96&d=mm&r=g\",\"url\":\"https:\\\/\\\/secure.gravatar.com\\\/avatar\\\/9f9ebd2edffef3d993712c729db8694b50f6ee566a3ba3d6fc66fbe195f17ca7?s=96&d=mm&r=g\",\"contentUrl\":\"https:\\\/\\\/secure.gravatar.com\\\/avatar\\\/9f9ebd2edffef3d993712c729db8694b50f6ee566a3ba3d6fc66fbe195f17ca7?s=96&d=mm&r=g\",\"caption\":\"Noelia\"}}]}<\/script>\n<!-- \/ Yoast SEO Premium plugin. -->","yoast_head_json":{"title":"Amiblu se adjudica el proyecto de regad\u00edo del Canal del Flumen","description":"Amiblu se ha adjudica el proyecto de modernizaci\u00f3n de regad\u00edo del Canal del Flumen. Suministrar\u00e1 45,6 km de tuber\u00edas de PRFV para riego.","robots":{"index":"index","follow":"follow","max-snippet":"max-snippet:-1","max-image-preview":"max-image-preview:large","max-video-preview":"max-video-preview:-1"},"canonical":"https:\/\/www.amiblu.com\/es\/regadio-canal-del-flumen\/","og_locale":"es_ES","og_type":"article","og_title":"Amiblu se adjudica el proyecto de modernizaci\u00f3n de regad\u00edo del Canal del Flumen","og_description":"Amiblu se ha adjudica el proyecto de modernizaci\u00f3n de regad\u00edo del Canal del Flumen. Suministrar\u00e1 45,6 km de tuber\u00edas de PRFV para riego.","og_url":"https:\/\/www.amiblu.com\/es\/regadio-canal-del-flumen\/","og_site_name":"Amiblu","article_publisher":"https:\/\/www.facebook.com\/amiblupipes","article_published_time":"2025-03-13T11:34:33+00:00","article_modified_time":"2025-03-13T15:25:42+00:00","og_image":[{"width":800,"height":500,"url":"https:\/\/www.amiblu.com\/wp-content\/uploads\/Fotos-blog-Amiblu-800-x-500-6-1.jpg","type":"image\/jpeg"}],"author":"Noelia","twitter_card":"summary_large_image","twitter_misc":{"Escrito por":"Noelia","Tiempo de lectura":"3 minutos"},"schema":{"@context":"https:\/\/schema.org","@graph":[{"@type":"Article","@id":"https:\/\/www.amiblu.com\/es\/regadio-canal-del-flumen\/#article","isPartOf":{"@id":"https:\/\/www.amiblu.com\/es\/regadio-canal-del-flumen\/"},"author":{"name":"Noelia","@id":"https:\/\/www.amiblu.com\/es\/#\/schema\/person\/4abd1603334fad5d8a0f94cfc539ff89"},"headline":"Amiblu se adjudica el proyecto de modernizaci\u00f3n de regad\u00edo del Canal del Flumen","datePublished":"2025-03-13T11:34:33+00:00","dateModified":"2025-03-13T15:25:42+00:00","mainEntityOfPage":{"@id":"https:\/\/www.amiblu.com\/es\/regadio-canal-del-flumen\/"},"wordCount":1031,"publisher":{"@id":"https:\/\/www.amiblu.com\/es\/#organization"},"image":{"@id":"https:\/\/www.amiblu.com\/es\/regadio-canal-del-flumen\/#primaryimage"},"thumbnailUrl":"https:\/\/www.amiblu.com\/wp-content\/uploads\/Fotos-blog-Amiblu-800-x-500-6-1.jpg","articleSection":["Noticias"],"inLanguage":"es"},{"@type":"WebPage","@id":"https:\/\/www.amiblu.com\/es\/regadio-canal-del-flumen\/","url":"https:\/\/www.amiblu.com\/es\/regadio-canal-del-flumen\/","name":"Amiblu se adjudica el proyecto de regad\u00edo del Canal del Flumen","isPartOf":{"@id":"https:\/\/www.amiblu.com\/es\/#website"},"primaryImageOfPage":{"@id":"https:\/\/www.amiblu.com\/es\/regadio-canal-del-flumen\/#primaryimage"},"image":{"@id":"https:\/\/www.amiblu.com\/es\/regadio-canal-del-flumen\/#primaryimage"},"thumbnailUrl":"https:\/\/www.amiblu.com\/wp-content\/uploads\/Fotos-blog-Amiblu-800-x-500-6-1.jpg","datePublished":"2025-03-13T11:34:33+00:00","dateModified":"2025-03-13T15:25:42+00:00","description":"Amiblu se ha adjudica el proyecto de modernizaci\u00f3n de regad\u00edo del Canal del Flumen. Suministrar\u00e1 45,6 km de tuber\u00edas de PRFV para riego.","inLanguage":"es","potentialAction":[{"@type":"ReadAction","target":["https:\/\/www.amiblu.com\/es\/regadio-canal-del-flumen\/"]}]},{"@type":"ImageObject","inLanguage":"es","@id":"https:\/\/www.amiblu.com\/es\/regadio-canal-del-flumen\/#primaryimage","url":"https:\/\/www.amiblu.com\/wp-content\/uploads\/Fotos-blog-Amiblu-800-x-500-6-1.jpg","contentUrl":"https:\/\/www.amiblu.com\/wp-content\/uploads\/Fotos-blog-Amiblu-800-x-500-6-1.jpg","width":800,"height":500,"caption":"Amiblu se adjudica el Canal del Flumen"},{"@type":"WebSite","@id":"https:\/\/www.amiblu.com\/es\/#website","url":"https:\/\/www.amiblu.com\/es\/","name":"Amiblu","description":"GFK-Rohrsysteme f\u00fcr Generationen","publisher":{"@id":"https:\/\/www.amiblu.com\/es\/#organization"},"potentialAction":[{"@type":"SearchAction","target":{"@type":"EntryPoint","urlTemplate":"https:\/\/www.amiblu.com\/es\/?s={search_term_string}"},"query-input":{"@type":"PropertyValueSpecification","valueRequired":true,"valueName":"search_term_string"}}],"inLanguage":"es"},{"@type":"Organization","@id":"https:\/\/www.amiblu.com\/es\/#organization","name":"Amiblu Group","url":"https:\/\/www.amiblu.com\/es\/","logo":{"@type":"ImageObject","inLanguage":"es","@id":"https:\/\/www.amiblu.com\/es\/#\/schema\/logo\/image\/","url":"https:\/\/www.amiblu.com\/wp-content\/uploads\/2021\/01\/Amiblu-logo-website-1.png","contentUrl":"https:\/\/www.amiblu.com\/wp-content\/uploads\/2021\/01\/Amiblu-logo-website-1.png","width":201,"height":38,"caption":"Amiblu Group"},"image":{"@id":"https:\/\/www.amiblu.com\/es\/#\/schema\/logo\/image\/"},"sameAs":["https:\/\/www.facebook.com\/amiblupipes","https:\/\/www.youtube.com\/c\/Amiblu","https:\/\/de.wikipedia.org\/wiki\/Amiblu","https:\/\/www.linkedin.com\/company\/amiblupipes\/"]},{"@type":"Person","@id":"https:\/\/www.amiblu.com\/es\/#\/schema\/person\/4abd1603334fad5d8a0f94cfc539ff89","name":"Noelia","image":{"@type":"ImageObject","inLanguage":"es","@id":"https:\/\/secure.gravatar.com\/avatar\/9f9ebd2edffef3d993712c729db8694b50f6ee566a3ba3d6fc66fbe195f17ca7?s=96&d=mm&r=g","url":"https:\/\/secure.gravatar.com\/avatar\/9f9ebd2edffef3d993712c729db8694b50f6ee566a3ba3d6fc66fbe195f17ca7?s=96&d=mm&r=g","contentUrl":"https:\/\/secure.gravatar.com\/avatar\/9f9ebd2edffef3d993712c729db8694b50f6ee566a3ba3d6fc66fbe195f17ca7?s=96&d=mm&r=g","caption":"Noelia"}}]}},"_links":{"self":[{"href":"https:\/\/www.amiblu.com\/es\/wp-json\/wp\/v2\/posts\/70015","targetHints":{"allow":["GET"]}}],"collection":[{"href":"https:\/\/www.amiblu.com\/es\/wp-json\/wp\/v2\/posts"}],"about":[{"href":"https:\/\/www.amiblu.com\/es\/wp-json\/wp\/v2\/types\/post"}],"author":[{"embeddable":true,"href":"https:\/\/www.amiblu.com\/es\/wp-json\/wp\/v2\/users\/15"}],"replies":[{"embeddable":true,"href":"https:\/\/www.amiblu.com\/es\/wp-json\/wp\/v2\/comments?post=70015"}],"version-history":[{"count":12,"href":"https:\/\/www.amiblu.com\/es\/wp-json\/wp\/v2\/posts\/70015\/revisions"}],"predecessor-version":[{"id":70131,"href":"https:\/\/www.amiblu.com\/es\/wp-json\/wp\/v2\/posts\/70015\/revisions\/70131"}],"wp:featuredmedia":[{"embeddable":true,"href":"https:\/\/www.amiblu.com\/es\/wp-json\/wp\/v2\/media\/70127"}],"wp:attachment":[{"href":"https:\/\/www.amiblu.com\/es\/wp-json\/wp\/v2\/media?parent=70015"}],"wp:term":[{"taxonomy":"category","embeddable":true,"href":"https:\/\/www.amiblu.com\/es\/wp-json\/wp\/v2\/categories?post=70015"},{"taxonomy":"post_tag","embeddable":true,"href":"https:\/\/www.amiblu.com\/es\/wp-json\/wp\/v2\/tags?post=70015"}],"curies":[{"name":"wp","href":"https:\/\/api.w.org\/{rel}","templated":true}]}}