{"id":70307,"date":"2025-03-24T10:56:10","date_gmt":"2025-03-24T09:56:10","guid":{"rendered":"https:\/\/www.amiblu.com\/?p=70307"},"modified":"2025-03-24T10:56:15","modified_gmt":"2025-03-24T09:56:15","slug":"fenacore-amiblu-prox","status":"publish","type":"post","link":"https:\/\/www.amiblu.com\/es\/fenacore-amiblu-prox\/","title":{"rendered":"Amiblu presenta en Fenacore su innovadora tuber\u00eda de bajas emisiones Amiblu PROX"},"content":{"rendered":"\n<style type=\"text\/css\" data-created_by=\"avia_inline_auto\" id=\"style-css-av-m8mvh1kb-cc549f17d117b5e7a450f0106a848fd8\">\n.avia-image-container.av-m8mvh1kb-cc549f17d117b5e7a450f0106a848fd8 img.avia_image{\nbox-shadow:none;\n}\n.avia-image-container.av-m8mvh1kb-cc549f17d117b5e7a450f0106a848fd8 .av-image-caption-overlay-center{\ncolor:#ffffff;\n}\n<\/style>\n<div  class='avia-image-container av-m8mvh1kb-cc549f17d117b5e7a450f0106a848fd8 av-styling- avia-align-left  avia-builder-el-0  el_before_av_hr  avia-builder-el-first '   itemprop=\"image\" itemscope=\"itemscope\" itemtype=\"https:\/\/schema.org\/ImageObject\" ><div class=\"avia-image-container-inner\"><div class=\"avia-image-overlay-wrap\"><img fetchpriority=\"high\" fetchpriority=\"high\" decoding=\"async\" fetchpriority=\"high\" class='wp-image-70310 avia-img-lazy-loading-not-70310 avia_image ' src=\"https:\/\/www.amiblu.com\/wp-content\/uploads\/Fotos-blog-Amiblu-800-x-500-7-1.jpg\" alt='Amiblu presenta en Fenacore Amiblu Prox' title='amiblu-participa-fenacore'  height=\"500\" width=\"800\"  itemprop=\"thumbnailUrl\" srcset=\"https:\/\/www.amiblu.com\/wp-content\/uploads\/Fotos-blog-Amiblu-800-x-500-7-1.jpg 800w, https:\/\/www.amiblu.com\/wp-content\/uploads\/Fotos-blog-Amiblu-800-x-500-7-1-300x188.jpg 300w, https:\/\/www.amiblu.com\/wp-content\/uploads\/Fotos-blog-Amiblu-800-x-500-7-1-768x480.jpg 768w, https:\/\/www.amiblu.com\/wp-content\/uploads\/Fotos-blog-Amiblu-800-x-500-7-1-705x441.jpg 705w\" sizes=\"(max-width: 800px) 100vw, 800px\" \/><\/div><\/div><\/div>\n\n<style type=\"text\/css\" data-created_by=\"avia_inline_auto\" id=\"style-css-av-m8mvhgyh-bba0472de0b871e88f27b9e900f31607\">\n#top .hr.hr-invisible.av-m8mvhgyh-bba0472de0b871e88f27b9e900f31607{\nheight:50px;\n}\n<\/style>\n<div  class='hr av-m8mvhgyh-bba0472de0b871e88f27b9e900f31607 hr-invisible  avia-builder-el-1  el_after_av_image  el_before_av_textblock '><span class='hr-inner '><span class=\"hr-inner-style\"><\/span><\/span><\/div>\n<section  class='av_textblock_section av-m8mvhqir-963db18f719a69cc24e1f0afe255152f '   itemscope=\"itemscope\" itemtype=\"https:\/\/schema.org\/BlogPosting\" itemprop=\"blogPost\" ><div class='avia_textblock'  itemprop=\"text\" ><h1><b>Amiblu presenta en Fenacore su innovadora tuber\u00eda de bajas emisiones Amiblu PROX<\/b><\/h1>\n<\/div><\/section>\n<section  class='av_textblock_section av-m8mvlv03-4b466351b65badd3bf17e6200f0b9b8a '   itemscope=\"itemscope\" itemtype=\"https:\/\/schema.org\/BlogPosting\" itemprop=\"blogPost\" ><div class='avia_textblock'  itemprop=\"text\" ><p><span style=\"font-weight: 400;\">Amiblu Pipes Spain presentar\u00e1 su innovadora tuber\u00eda de bajas emisiones, Amiblu PROX, en la XXIII Jornada T\u00e9cnica de la Federaci\u00f3n Nacional de Comunidades de Regantes de Espa\u00f1a (FENACORE). Este evento, que contar\u00e1 con la participaci\u00f3n de Bego\u00f1a Garc\u00eda Bernal, Secretaria de Estado de Agricultura y Alimentaci\u00f3n, reunir\u00e1 a expertos del sector para abordar los principales desaf\u00edos en la gesti\u00f3n del agua.<\/span><\/p>\n<p><span style=\"font-weight: 400;\">Durante la jornada, Arturo Barroso, Director Comercial para Espa\u00f1a y Portugal de Amiblu Pipes Spain, dar\u00e1 a conocer las caracter\u00edsticas y ventajas de Amiblu PROX, una soluci\u00f3n innovadora dise\u00f1ada para ayudar a las comunidades de regantes y a las empresas gestoras del agua a cumplir con los Objetivos de Desarrollo Sostenible (ODS) de la Agenda 2030, minimizando su impacto ambiental.<\/span><\/p>\n<h4><strong>Amiblu Prox, nueva generaci\u00f3n de tuber\u00edas de bajas emisiones\u00a0<\/strong><\/h4>\n<p><span style=\"font-weight: 400;\">Amiblu PROX representa un avance significativo en la sostenibilidad de infraestructuras hidr\u00e1ulicas. Gracias a su proceso de fabricaci\u00f3n y transporte optimizado, esta gama de tuber\u00edas consigue una reducci\u00f3n adicional del 40% en las emisiones de CO2 en comparaci\u00f3n con soluciones convencionales.<\/span><\/p>\n<p><span style=\"font-weight: 400;\">Este impacto positivo en la huella de carbono es posible gracias a su fabricaci\u00f3n en la planta CO2 neutra de Amiblu Pipes Spain en Camarles (Tarragona), al uso de resinas y materias primas recicladas y de origen local y a un sistema de transporte de corta distancia con medios sostenibles.<\/span><\/p>\n<p><span style=\"font-weight: 400;\">Adem\u00e1s, Amiblu PROX mantiene la misma durabilidad, fiabilidad y versatilidad que el resto de las soluciones de Amiblu, lo que la convierte en una alternativa ecol\u00f3gica sin comprometer el rendimiento.<\/span><\/p>\n<p><span style=\"font-weight: 400;\">La nueva generaci\u00f3n de tuber\u00edas de bajas emisiones de Amiblu ya ha sido instalada en proyectos estrat\u00e9gicos, como la mejora y ampliaci\u00f3n de la planta potabilizadora de La Presa de Manises (Valencia), gestionada por Global Omnium, empresa l\u00edder en la gesti\u00f3n del agua en Espa\u00f1a.<\/span><\/p>\n<h4><strong>Eficiencia energ\u00e9tica y ventajas del PRFV para proyectos de regad\u00edo\u00a0<\/strong><\/h4>\n<p><span style=\"font-weight: 400;\">La modernizaci\u00f3n del regad\u00edo es fundamental para optimizar los recursos h\u00eddricos, especialmente en contextos de sequ\u00eda. <\/span><\/p>\n<p><span style=\"font-weight: 400;\">En este sentido, las tuber\u00edas de PRFV <a href=\"https:\/\/www.amiblu.com\/es\/tuberias-para-riego-de-prfv\/\" target=\"_blank\" rel=\"noopener\">(Poli\u00e9ster Reforzado con Fibra de Vidrio)<\/a> ofrecen m\u00faltiples ventajas frente a materiales tradicionales como el hormig\u00f3n o el acero:<\/span><\/p>\n<ul>\n<li style=\"font-weight: 400;\" aria-level=\"1\"><span style=\"font-weight: 400;\">Reducci\u00f3n de emisiones: impacto en CO2 tres veces inferior.<\/span><\/li>\n<li style=\"font-weight: 400;\" aria-level=\"1\"><span style=\"font-weight: 400;\">Ahorro energ\u00e9tico de casi un 30% en comparaci\u00f3n con tuber\u00edas convencionales.<\/span><\/li>\n<li style=\"font-weight: 400;\" aria-level=\"1\"><span style=\"font-weight: 400;\">Mayor ligereza y facilidad de transporte e instalaci\u00f3n.<\/span><\/li>\n<li style=\"font-weight: 400;\" aria-level=\"1\"><span style=\"font-weight: 400;\">Excelente comportamiento hidr\u00e1ulico, minimizando p\u00e9rdidas de carga.<\/span><\/li>\n<li style=\"font-weight: 400;\" aria-level=\"1\"><span style=\"font-weight: 400;\">Bajos costes de mantenimiento y ausencia de corrosi\u00f3n.<\/span><\/li>\n<\/ul>\n<p><span style=\"font-weight: 400;\">Amiblu trabaja actualmente en proyectos de riego y estaciones de bombeo en m\u00e1s de 50 pa\u00edses, con un suministro medio anual de 250 km de tuber\u00edas para este sector, producidas en sus ocho plantas de fabricaci\u00f3n en Europa y Australia.<\/span><\/p>\n<p><span style=\"font-weight: 400;\">Entre los proyectos m\u00e1s destacados en Espa\u00f1a, Amiblu Pipes Spain ha participado en:<\/span><\/p>\n<ul>\n<li style=\"font-weight: 400;\" aria-level=\"1\"><span style=\"font-weight: 400;\">Modernizaci\u00f3n de regad\u00edos de Nova Limia (Ourense).<\/span><\/li>\n<li style=\"font-weight: 400;\" aria-level=\"1\"><span style=\"font-weight: 400;\">Construcci\u00f3n de una nueva red de riego para Canal Segarra Garrigues (Lleida), el proyecto hidr\u00e1ulico m\u00e1s importante de Catalu\u00f1a.<\/span><\/li>\n<li style=\"font-weight: 400;\" aria-level=\"1\"><span style=\"font-weight: 400;\">Suministro de 90,1 km de tuber\u00edas de PRFV en el Canal de la Margen Izquierda del Porma (Le\u00f3n).<\/span><\/li>\n<li style=\"font-weight: 400;\" aria-level=\"1\"><span style=\"font-weight: 400;\">Mejoras en el aprovechamiento de agua y ahorro energ\u00e9tico en las Comunidades de Regantes del Sector X y XI del Canal del Flumen (Huesca), la mayor adjudicaci\u00f3n en modernizaci\u00f3n de regad\u00edos obtenida por Amiblu Pipes Spain hasta la fecha.<\/span><\/li>\n<\/ul>\n<p><span style=\"font-weight: 400;\">Con soluciones como Amiblu PROX, Amiblu reafirma su compromiso con la sostenibilidad y la innovaci\u00f3n en el sector del agua, contribuyendo a la eficiencia y modernizaci\u00f3n de infraestructuras clave para el futuro.<\/span><\/p>\n<p><span style=\"font-weight: 400;\">Si quieres saber m\u00e1s sobre Amiblu PROX, clica <a href=\"https:\/\/www.amiblu.com\/es\/tuberias-prox\/\" target=\"_blank\" rel=\"noopener\">aqu\u00ed.\u00a0<\/a><\/span><\/p>\n<\/div><\/section>\n","protected":false},"excerpt":{"rendered":"<p>Amiblu PROX representa un avance significativo en la sostenibilidad de infraestructuras hidr\u00e1ulicas.<\/p>\n","protected":false},"author":15,"featured_media":70310,"comment_status":"closed","ping_status":"closed","sticky":false,"template":"","format":"standard","meta":{"_acf_changed":false,"footnotes":""},"categories":[164],"tags":[],"class_list":["post-70307","post","type-post","status-publish","format-standard","has-post-thumbnail","hentry","category-news-4"],"acf":[],"yoast_head":"<!-- This site is optimized with the Yoast SEO Premium plugin v27.4 (Yoast SEO v27.4) - https:\/\/yoast.com\/product\/yoast-seo-premium-wordpress\/ -->\n<title>Amiblu presenta en Fenacore la tuber\u00edas sostenible Amiblu Prox<\/title>\n<meta name=\"description\" content=\"Amiblu presenta en Fenacore su \u00faltimo lanzamiento, la nueva generaci\u00f3n de tuber\u00edas de bajas emisiones Amiblu Prox.\" \/>\n<meta name=\"robots\" content=\"index, follow, max-snippet:-1, max-image-preview:large, max-video-preview:-1\" \/>\n<link rel=\"canonical\" href=\"https:\/\/www.amiblu.com\/es\/fenacore-amiblu-prox\/\" \/>\n<meta property=\"og:locale\" content=\"es_ES\" \/>\n<meta property=\"og:type\" content=\"article\" \/>\n<meta property=\"og:title\" content=\"Amiblu presenta en Fenacore su innovadora tuber\u00eda de bajas emisiones Amiblu PROX\" \/>\n<meta property=\"og:description\" content=\"Amiblu presenta en Fenacore su \u00faltimo lanzamiento, la nueva generaci\u00f3n de tuber\u00edas de bajas emisiones Amiblu Prox.\" \/>\n<meta property=\"og:url\" content=\"https:\/\/www.amiblu.com\/es\/fenacore-amiblu-prox\/\" \/>\n<meta property=\"og:site_name\" content=\"Amiblu\" \/>\n<meta property=\"article:publisher\" content=\"https:\/\/www.facebook.com\/amiblupipes\" \/>\n<meta property=\"article:published_time\" content=\"2025-03-24T09:56:10+00:00\" \/>\n<meta property=\"article:modified_time\" content=\"2025-03-24T09:56:15+00:00\" \/>\n<meta property=\"og:image\" content=\"https:\/\/www.amiblu.com\/wp-content\/uploads\/Fotos-blog-Amiblu-800-x-500-7-1.jpg\" \/>\n\t<meta property=\"og:image:width\" content=\"800\" \/>\n\t<meta property=\"og:image:height\" content=\"500\" \/>\n\t<meta property=\"og:image:type\" content=\"image\/jpeg\" \/>\n<meta name=\"author\" content=\"Noelia\" \/>\n<meta name=\"twitter:card\" content=\"summary_large_image\" \/>\n<meta name=\"twitter:label1\" content=\"Escrito por\" \/>\n\t<meta name=\"twitter:data1\" content=\"Noelia\" \/>\n\t<meta name=\"twitter:label2\" content=\"Tiempo de lectura\" \/>\n\t<meta name=\"twitter:data2\" content=\"3 minutos\" \/>\n<script type=\"application\/ld+json\" class=\"yoast-schema-graph\">{\"@context\":\"https:\\\/\\\/schema.org\",\"@graph\":[{\"@type\":\"Article\",\"@id\":\"https:\\\/\\\/www.amiblu.com\\\/es\\\/fenacore-amiblu-prox\\\/#article\",\"isPartOf\":{\"@id\":\"https:\\\/\\\/www.amiblu.com\\\/es\\\/fenacore-amiblu-prox\\\/\"},\"author\":{\"name\":\"Noelia\",\"@id\":\"https:\\\/\\\/www.amiblu.com\\\/es\\\/#\\\/schema\\\/person\\\/4abd1603334fad5d8a0f94cfc539ff89\"},\"headline\":\"Amiblu presenta en Fenacore su innovadora tuber\u00eda de bajas emisiones Amiblu PROX\",\"datePublished\":\"2025-03-24T09:56:10+00:00\",\"dateModified\":\"2025-03-24T09:56:15+00:00\",\"mainEntityOfPage\":{\"@id\":\"https:\\\/\\\/www.amiblu.com\\\/es\\\/fenacore-amiblu-prox\\\/\"},\"wordCount\":1140,\"publisher\":{\"@id\":\"https:\\\/\\\/www.amiblu.com\\\/es\\\/#organization\"},\"image\":{\"@id\":\"https:\\\/\\\/www.amiblu.com\\\/es\\\/fenacore-amiblu-prox\\\/#primaryimage\"},\"thumbnailUrl\":\"https:\\\/\\\/www.amiblu.com\\\/wp-content\\\/uploads\\\/Fotos-blog-Amiblu-800-x-500-7-1.jpg\",\"articleSection\":[\"Noticias\"],\"inLanguage\":\"es\"},{\"@type\":\"WebPage\",\"@id\":\"https:\\\/\\\/www.amiblu.com\\\/es\\\/fenacore-amiblu-prox\\\/\",\"url\":\"https:\\\/\\\/www.amiblu.com\\\/es\\\/fenacore-amiblu-prox\\\/\",\"name\":\"Amiblu presenta en Fenacore la tuber\u00edas sostenible Amiblu Prox\",\"isPartOf\":{\"@id\":\"https:\\\/\\\/www.amiblu.com\\\/es\\\/#website\"},\"primaryImageOfPage\":{\"@id\":\"https:\\\/\\\/www.amiblu.com\\\/es\\\/fenacore-amiblu-prox\\\/#primaryimage\"},\"image\":{\"@id\":\"https:\\\/\\\/www.amiblu.com\\\/es\\\/fenacore-amiblu-prox\\\/#primaryimage\"},\"thumbnailUrl\":\"https:\\\/\\\/www.amiblu.com\\\/wp-content\\\/uploads\\\/Fotos-blog-Amiblu-800-x-500-7-1.jpg\",\"datePublished\":\"2025-03-24T09:56:10+00:00\",\"dateModified\":\"2025-03-24T09:56:15+00:00\",\"description\":\"Amiblu presenta en Fenacore su \u00faltimo lanzamiento, la nueva generaci\u00f3n de tuber\u00edas de bajas emisiones Amiblu Prox.\",\"inLanguage\":\"es\",\"potentialAction\":[{\"@type\":\"ReadAction\",\"target\":[\"https:\\\/\\\/www.amiblu.com\\\/es\\\/fenacore-amiblu-prox\\\/\"]}]},{\"@type\":\"ImageObject\",\"inLanguage\":\"es\",\"@id\":\"https:\\\/\\\/www.amiblu.com\\\/es\\\/fenacore-amiblu-prox\\\/#primaryimage\",\"url\":\"https:\\\/\\\/www.amiblu.com\\\/wp-content\\\/uploads\\\/Fotos-blog-Amiblu-800-x-500-7-1.jpg\",\"contentUrl\":\"https:\\\/\\\/www.amiblu.com\\\/wp-content\\\/uploads\\\/Fotos-blog-Amiblu-800-x-500-7-1.jpg\",\"width\":800,\"height\":500,\"caption\":\"Amiblu presenta en Fenacore Amiblu Prox\"},{\"@type\":\"WebSite\",\"@id\":\"https:\\\/\\\/www.amiblu.com\\\/es\\\/#website\",\"url\":\"https:\\\/\\\/www.amiblu.com\\\/es\\\/\",\"name\":\"Amiblu\",\"description\":\"GFK-Rohrsysteme f\u00fcr Generationen\",\"publisher\":{\"@id\":\"https:\\\/\\\/www.amiblu.com\\\/es\\\/#organization\"},\"potentialAction\":[{\"@type\":\"SearchAction\",\"target\":{\"@type\":\"EntryPoint\",\"urlTemplate\":\"https:\\\/\\\/www.amiblu.com\\\/es\\\/?s={search_term_string}\"},\"query-input\":{\"@type\":\"PropertyValueSpecification\",\"valueRequired\":true,\"valueName\":\"search_term_string\"}}],\"inLanguage\":\"es\"},{\"@type\":\"Organization\",\"@id\":\"https:\\\/\\\/www.amiblu.com\\\/es\\\/#organization\",\"name\":\"Amiblu Group\",\"url\":\"https:\\\/\\\/www.amiblu.com\\\/es\\\/\",\"logo\":{\"@type\":\"ImageObject\",\"inLanguage\":\"es\",\"@id\":\"https:\\\/\\\/www.amiblu.com\\\/es\\\/#\\\/schema\\\/logo\\\/image\\\/\",\"url\":\"https:\\\/\\\/www.amiblu.com\\\/wp-content\\\/uploads\\\/2021\\\/01\\\/Amiblu-logo-website-1.png\",\"contentUrl\":\"https:\\\/\\\/www.amiblu.com\\\/wp-content\\\/uploads\\\/2021\\\/01\\\/Amiblu-logo-website-1.png\",\"width\":201,\"height\":38,\"caption\":\"Amiblu Group\"},\"image\":{\"@id\":\"https:\\\/\\\/www.amiblu.com\\\/es\\\/#\\\/schema\\\/logo\\\/image\\\/\"},\"sameAs\":[\"https:\\\/\\\/www.facebook.com\\\/amiblupipes\",\"https:\\\/\\\/www.youtube.com\\\/c\\\/Amiblu\",\"https:\\\/\\\/de.wikipedia.org\\\/wiki\\\/Amiblu\",\"https:\\\/\\\/www.linkedin.com\\\/company\\\/amiblupipes\\\/\"]},{\"@type\":\"Person\",\"@id\":\"https:\\\/\\\/www.amiblu.com\\\/es\\\/#\\\/schema\\\/person\\\/4abd1603334fad5d8a0f94cfc539ff89\",\"name\":\"Noelia\",\"image\":{\"@type\":\"ImageObject\",\"inLanguage\":\"es\",\"@id\":\"https:\\\/\\\/secure.gravatar.com\\\/avatar\\\/9f9ebd2edffef3d993712c729db8694b50f6ee566a3ba3d6fc66fbe195f17ca7?s=96&d=mm&r=g\",\"url\":\"https:\\\/\\\/secure.gravatar.com\\\/avatar\\\/9f9ebd2edffef3d993712c729db8694b50f6ee566a3ba3d6fc66fbe195f17ca7?s=96&d=mm&r=g\",\"contentUrl\":\"https:\\\/\\\/secure.gravatar.com\\\/avatar\\\/9f9ebd2edffef3d993712c729db8694b50f6ee566a3ba3d6fc66fbe195f17ca7?s=96&d=mm&r=g\",\"caption\":\"Noelia\"}}]}<\/script>\n<!-- \/ Yoast SEO Premium plugin. -->","yoast_head_json":{"title":"Amiblu presenta en Fenacore la tuber\u00edas sostenible Amiblu Prox","description":"Amiblu presenta en Fenacore su \u00faltimo lanzamiento, la nueva generaci\u00f3n de tuber\u00edas de bajas emisiones Amiblu Prox.","robots":{"index":"index","follow":"follow","max-snippet":"max-snippet:-1","max-image-preview":"max-image-preview:large","max-video-preview":"max-video-preview:-1"},"canonical":"https:\/\/www.amiblu.com\/es\/fenacore-amiblu-prox\/","og_locale":"es_ES","og_type":"article","og_title":"Amiblu presenta en Fenacore su innovadora tuber\u00eda de bajas emisiones Amiblu PROX","og_description":"Amiblu presenta en Fenacore su \u00faltimo lanzamiento, la nueva generaci\u00f3n de tuber\u00edas de bajas emisiones Amiblu Prox.","og_url":"https:\/\/www.amiblu.com\/es\/fenacore-amiblu-prox\/","og_site_name":"Amiblu","article_publisher":"https:\/\/www.facebook.com\/amiblupipes","article_published_time":"2025-03-24T09:56:10+00:00","article_modified_time":"2025-03-24T09:56:15+00:00","og_image":[{"width":800,"height":500,"url":"https:\/\/www.amiblu.com\/wp-content\/uploads\/Fotos-blog-Amiblu-800-x-500-7-1.jpg","type":"image\/jpeg"}],"author":"Noelia","twitter_card":"summary_large_image","twitter_misc":{"Escrito por":"Noelia","Tiempo de lectura":"3 minutos"},"schema":{"@context":"https:\/\/schema.org","@graph":[{"@type":"Article","@id":"https:\/\/www.amiblu.com\/es\/fenacore-amiblu-prox\/#article","isPartOf":{"@id":"https:\/\/www.amiblu.com\/es\/fenacore-amiblu-prox\/"},"author":{"name":"Noelia","@id":"https:\/\/www.amiblu.com\/es\/#\/schema\/person\/4abd1603334fad5d8a0f94cfc539ff89"},"headline":"Amiblu presenta en Fenacore su innovadora tuber\u00eda de bajas emisiones Amiblu PROX","datePublished":"2025-03-24T09:56:10+00:00","dateModified":"2025-03-24T09:56:15+00:00","mainEntityOfPage":{"@id":"https:\/\/www.amiblu.com\/es\/fenacore-amiblu-prox\/"},"wordCount":1140,"publisher":{"@id":"https:\/\/www.amiblu.com\/es\/#organization"},"image":{"@id":"https:\/\/www.amiblu.com\/es\/fenacore-amiblu-prox\/#primaryimage"},"thumbnailUrl":"https:\/\/www.amiblu.com\/wp-content\/uploads\/Fotos-blog-Amiblu-800-x-500-7-1.jpg","articleSection":["Noticias"],"inLanguage":"es"},{"@type":"WebPage","@id":"https:\/\/www.amiblu.com\/es\/fenacore-amiblu-prox\/","url":"https:\/\/www.amiblu.com\/es\/fenacore-amiblu-prox\/","name":"Amiblu presenta en Fenacore la tuber\u00edas sostenible Amiblu Prox","isPartOf":{"@id":"https:\/\/www.amiblu.com\/es\/#website"},"primaryImageOfPage":{"@id":"https:\/\/www.amiblu.com\/es\/fenacore-amiblu-prox\/#primaryimage"},"image":{"@id":"https:\/\/www.amiblu.com\/es\/fenacore-amiblu-prox\/#primaryimage"},"thumbnailUrl":"https:\/\/www.amiblu.com\/wp-content\/uploads\/Fotos-blog-Amiblu-800-x-500-7-1.jpg","datePublished":"2025-03-24T09:56:10+00:00","dateModified":"2025-03-24T09:56:15+00:00","description":"Amiblu presenta en Fenacore su \u00faltimo lanzamiento, la nueva generaci\u00f3n de tuber\u00edas de bajas emisiones Amiblu Prox.","inLanguage":"es","potentialAction":[{"@type":"ReadAction","target":["https:\/\/www.amiblu.com\/es\/fenacore-amiblu-prox\/"]}]},{"@type":"ImageObject","inLanguage":"es","@id":"https:\/\/www.amiblu.com\/es\/fenacore-amiblu-prox\/#primaryimage","url":"https:\/\/www.amiblu.com\/wp-content\/uploads\/Fotos-blog-Amiblu-800-x-500-7-1.jpg","contentUrl":"https:\/\/www.amiblu.com\/wp-content\/uploads\/Fotos-blog-Amiblu-800-x-500-7-1.jpg","width":800,"height":500,"caption":"Amiblu presenta en Fenacore Amiblu Prox"},{"@type":"WebSite","@id":"https:\/\/www.amiblu.com\/es\/#website","url":"https:\/\/www.amiblu.com\/es\/","name":"Amiblu","description":"GFK-Rohrsysteme f\u00fcr Generationen","publisher":{"@id":"https:\/\/www.amiblu.com\/es\/#organization"},"potentialAction":[{"@type":"SearchAction","target":{"@type":"EntryPoint","urlTemplate":"https:\/\/www.amiblu.com\/es\/?s={search_term_string}"},"query-input":{"@type":"PropertyValueSpecification","valueRequired":true,"valueName":"search_term_string"}}],"inLanguage":"es"},{"@type":"Organization","@id":"https:\/\/www.amiblu.com\/es\/#organization","name":"Amiblu Group","url":"https:\/\/www.amiblu.com\/es\/","logo":{"@type":"ImageObject","inLanguage":"es","@id":"https:\/\/www.amiblu.com\/es\/#\/schema\/logo\/image\/","url":"https:\/\/www.amiblu.com\/wp-content\/uploads\/2021\/01\/Amiblu-logo-website-1.png","contentUrl":"https:\/\/www.amiblu.com\/wp-content\/uploads\/2021\/01\/Amiblu-logo-website-1.png","width":201,"height":38,"caption":"Amiblu Group"},"image":{"@id":"https:\/\/www.amiblu.com\/es\/#\/schema\/logo\/image\/"},"sameAs":["https:\/\/www.facebook.com\/amiblupipes","https:\/\/www.youtube.com\/c\/Amiblu","https:\/\/de.wikipedia.org\/wiki\/Amiblu","https:\/\/www.linkedin.com\/company\/amiblupipes\/"]},{"@type":"Person","@id":"https:\/\/www.amiblu.com\/es\/#\/schema\/person\/4abd1603334fad5d8a0f94cfc539ff89","name":"Noelia","image":{"@type":"ImageObject","inLanguage":"es","@id":"https:\/\/secure.gravatar.com\/avatar\/9f9ebd2edffef3d993712c729db8694b50f6ee566a3ba3d6fc66fbe195f17ca7?s=96&d=mm&r=g","url":"https:\/\/secure.gravatar.com\/avatar\/9f9ebd2edffef3d993712c729db8694b50f6ee566a3ba3d6fc66fbe195f17ca7?s=96&d=mm&r=g","contentUrl":"https:\/\/secure.gravatar.com\/avatar\/9f9ebd2edffef3d993712c729db8694b50f6ee566a3ba3d6fc66fbe195f17ca7?s=96&d=mm&r=g","caption":"Noelia"}}]}},"_links":{"self":[{"href":"https:\/\/www.amiblu.com\/es\/wp-json\/wp\/v2\/posts\/70307","targetHints":{"allow":["GET"]}}],"collection":[{"href":"https:\/\/www.amiblu.com\/es\/wp-json\/wp\/v2\/posts"}],"about":[{"href":"https:\/\/www.amiblu.com\/es\/wp-json\/wp\/v2\/types\/post"}],"author":[{"embeddable":true,"href":"https:\/\/www.amiblu.com\/es\/wp-json\/wp\/v2\/users\/15"}],"replies":[{"embeddable":true,"href":"https:\/\/www.amiblu.com\/es\/wp-json\/wp\/v2\/comments?post=70307"}],"version-history":[{"count":8,"href":"https:\/\/www.amiblu.com\/es\/wp-json\/wp\/v2\/posts\/70307\/revisions"}],"predecessor-version":[{"id":70320,"href":"https:\/\/www.amiblu.com\/es\/wp-json\/wp\/v2\/posts\/70307\/revisions\/70320"}],"wp:featuredmedia":[{"embeddable":true,"href":"https:\/\/www.amiblu.com\/es\/wp-json\/wp\/v2\/media\/70310"}],"wp:attachment":[{"href":"https:\/\/www.amiblu.com\/es\/wp-json\/wp\/v2\/media?parent=70307"}],"wp:term":[{"taxonomy":"category","embeddable":true,"href":"https:\/\/www.amiblu.com\/es\/wp-json\/wp\/v2\/categories?post=70307"},{"taxonomy":"post_tag","embeddable":true,"href":"https:\/\/www.amiblu.com\/es\/wp-json\/wp\/v2\/tags?post=70307"}],"curies":[{"name":"wp","href":"https:\/\/api.w.org\/{rel}","templated":true}]}}