{"id":73445,"date":"2025-07-29T08:08:07","date_gmt":"2025-07-29T06:08:07","guid":{"rendered":"https:\/\/www.amiblu.com\/?p=73445"},"modified":"2025-07-29T08:09:19","modified_gmt":"2025-07-29T06:09:19","slug":"terminal-de-regasificacion-de-german-lng","status":"publish","type":"post","link":"https:\/\/www.amiblu.com\/es\/terminal-de-regasificacion-de-german-lng\/","title":{"rendered":"Amiblu participa en la terminal de regasificaci\u00f3n de German LNG en Brunsb\u00fcttel"},"content":{"rendered":"\n<style type=\"text\/css\" data-created_by=\"avia_inline_auto\" id=\"style-css-av-mdn8aozt-17b7538877cd75394516678839f55ddb\">\n.avia-image-container.av-mdn8aozt-17b7538877cd75394516678839f55ddb img.avia_image{\nbox-shadow:none;\n}\n.avia-image-container.av-mdn8aozt-17b7538877cd75394516678839f55ddb .av-image-caption-overlay-center{\ncolor:#ffffff;\n}\n<\/style>\n<div  class='avia-image-container av-mdn8aozt-17b7538877cd75394516678839f55ddb av-styling- avia-align-left  avia-builder-el-0  el_before_av_hr  avia-builder-el-first '   itemprop=\"image\" itemscope=\"itemscope\" itemtype=\"https:\/\/schema.org\/ImageObject\" ><div class=\"avia-image-container-inner\"><div class=\"avia-image-overlay-wrap\"><img fetchpriority=\"high\" fetchpriority=\"high\" decoding=\"async\" fetchpriority=\"high\" class='wp-image-73440 avia-img-lazy-loading-not-73440 avia_image ' src=\"https:\/\/www.amiblu.com\/wp-content\/uploads\/amiblu-proyecto-terminal-regasificacion-germanLNG-brunsbuttel-alemania-vdef.png\" alt='Amiblu participa en la construcci\u00f3n de la terminal de regasificaci\u00f3n de German LNG en Brunsb\u00fcttel (Alemania)' title='amiblu-proyecto-terminal-regasificacion-germanLNG-brunsbuttel-alemania-vdef'  height=\"500\" width=\"800\"  itemprop=\"thumbnailUrl\" srcset=\"https:\/\/www.amiblu.com\/wp-content\/uploads\/amiblu-proyecto-terminal-regasificacion-germanLNG-brunsbuttel-alemania-vdef.png 800w, https:\/\/www.amiblu.com\/wp-content\/uploads\/amiblu-proyecto-terminal-regasificacion-germanLNG-brunsbuttel-alemania-vdef-300x188.png 300w, https:\/\/www.amiblu.com\/wp-content\/uploads\/amiblu-proyecto-terminal-regasificacion-germanLNG-brunsbuttel-alemania-vdef-768x480.png 768w, https:\/\/www.amiblu.com\/wp-content\/uploads\/amiblu-proyecto-terminal-regasificacion-germanLNG-brunsbuttel-alemania-vdef-705x441.png 705w\" sizes=\"(max-width: 800px) 100vw, 800px\" \/><\/div><\/div><\/div>\n\n<style type=\"text\/css\" data-created_by=\"avia_inline_auto\" id=\"style-css-av-mdn79igo-1a0dea42050c643f47a932294881660e\">\n#top .hr.hr-invisible.av-mdn79igo-1a0dea42050c643f47a932294881660e{\nheight:50px;\n}\n<\/style>\n<div  class='hr av-mdn79igo-1a0dea42050c643f47a932294881660e hr-invisible  avia-builder-el-1  el_after_av_image  el_before_av_image '><span class='hr-inner '><span class=\"hr-inner-style\"><\/span><\/span><\/div>\n\n\n<style type=\"text\/css\" data-created_by=\"avia_inline_auto\" id=\"style-css-av-mdo4xejt-a36d256c631c4ea074ad968d05c4f7a4\">\n#top .av-special-heading.av-mdo4xejt-a36d256c631c4ea074ad968d05c4f7a4{\npadding-bottom:10px;\n}\nbody .av-special-heading.av-mdo4xejt-a36d256c631c4ea074ad968d05c4f7a4 .av-special-heading-tag .heading-char{\nfont-size:25px;\n}\n.av-special-heading.av-mdo4xejt-a36d256c631c4ea074ad968d05c4f7a4 .av-subheading{\nfont-size:15px;\n}\n<\/style>\n<div  class='av-special-heading av-mdo4xejt-a36d256c631c4ea074ad968d05c4f7a4 av-special-heading-h1 blockquote modern-quote  avia-builder-el-3  el_after_av_image  el_before_av_heading '><h1 class='av-special-heading-tag '  itemprop=\"headline\"  >Amiblu participa en la terminal de regasificaci\u00f3n de German LNG en Brunsb\u00fcttel<\/h1><div class=\"special-heading-border\"><div class=\"special-heading-inner-border\"><\/div><\/div><\/div>\n\n<style type=\"text\/css\" data-created_by=\"avia_inline_auto\" id=\"style-css-av-mdo4zfy8-87b652fe701c2378d0cb96859de5aa4f\">\n#top .av-special-heading.av-mdo4zfy8-87b652fe701c2378d0cb96859de5aa4f{\npadding-bottom:10px;\n}\nbody .av-special-heading.av-mdo4zfy8-87b652fe701c2378d0cb96859de5aa4f .av-special-heading-tag .heading-char{\nfont-size:25px;\n}\n.av-special-heading.av-mdo4zfy8-87b652fe701c2378d0cb96859de5aa4f .av-subheading{\nfont-size:15px;\n}\n<\/style>\n<div  class='av-special-heading av-mdo4zfy8-87b652fe701c2378d0cb96859de5aa4f av-special-heading-h2 blockquote modern-quote  avia-builder-el-4  el_after_av_heading  el_before_av_textblock '><h2 class='av-special-heading-tag '  itemprop=\"headline\"  >El proyecto incluye la ingenier\u00eda y el suministro de 4 km de tuber\u00edas de epoxi reforzado con fibra de vidrio GRE de gran di\u00e1metro y tuber\u00edas PRFV para la primera planta de regasificaci\u00f3n terrestre del pa\u00eds<\/h2><div class=\"special-heading-border\"><div class=\"special-heading-inner-border\"><\/div><\/div><\/div>\n<section  class='av_textblock_section av-mdn7bfq6-92fae7fbbba0985da52263a92f2b03f1 '   itemscope=\"itemscope\" itemtype=\"https:\/\/schema.org\/BlogPosting\" itemprop=\"blogPost\" ><div class='avia_textblock'  itemprop=\"text\" ><p>Amiblu Pipes Spain participar\u00e1 en la construcci\u00f3n de la terminal de regasificaci\u00f3n de German LNG en Brunsb\u00fcttel (Alemania). El proyecto incluye la ingenier\u00eda y suministro de 4,3 km de tuber\u00edas de epoxi reforzado con fibra de vidrio (GRE) de gran di\u00e1metro y tuber\u00edas PRFV y accesorios, para un proyecto clave en el proceso de transici\u00f3n energ\u00e9tica de Alemania.<\/p>\n<p><span style=\"font-weight: 400;\">Esta adjudicaci\u00f3n a Amiblu parte del proyecto de construcci\u00f3n de la terminal de <\/span><a href=\"https:\/\/germanlng.com\/\"><span style=\"font-weight: 400;\">German LNG Terminal GmbH<\/span><\/a><span style=\"font-weight: 400;\">, a trav\u00e9s de CS Gas North, la <\/span><i><span style=\"font-weight: 400;\">joint venture<\/span><\/i><span style=\"font-weight: 400;\"> formada por las empresas adjudicatarias Cobra y Sener, con un 62% y 38% de participaci\u00f3n, respectivamente.\u00a0<\/span><\/p>\n<p><span style=\"font-weight: 400;\">Ubicada en la ciudad de Brunsb\u00fcttel, al norte del pa\u00eds, en la desembocadura del r\u00edo Elba en el Mar del Norte, la nueva terminal permitir\u00e1 introducir en la red alemana de gasoductos el combustible que llega por v\u00eda mar\u00edtima, convirti\u00e9ndo<\/span><span style=\"font-weight: 400;\">se en una alternativa segura y eficiente al gas proveniente por v\u00eda terrestre. La planta de regasificaci\u00f3n contar\u00e1 con dos tanques de almacenamiento de 165.000 m3 y podr\u00e1 producir hasta 8 BCMA (mil millones de metros c\u00fabicos por a\u00f1o) de gas natural, que podr\u00e1n ampliarse hasta los 10 BCMA, para abastecer el suministro energ\u00e9tico de Alemania y de Europa.\u00a0<\/span><\/p>\n<h3>Tuber\u00edas GRE de gran di\u00e1metro<\/h3>\n<p><span style=\"font-weight: 400;\">Las tuber\u00edas de epoxi reforzado con fibra de vidrio (GRE) son una alternativa a las tuber\u00edas de acero al carbono, y est\u00e1n especialmente dise\u00f1adas para entornos corrosivos y agresivos. Su proceso de fabricaci\u00f3n se basa en el bobinado continuo de filamentos, utilizando fibra de vidrio de alta resistencia (vidrio E) y resina epoxi como materias primas. Por parte de Amiblu, el proyecto de Brunsb\u00fcttel incluye el suministro de 2,6 km de tuber\u00edas GRE de hasta DN1600 -gran di\u00e1metro\u2013 y PN 16, y de 1,7 km de tuber\u00edas de PRFV de hasta DN400.\u00a0<\/span><\/p>\n<p><span style=\"font-weight: 400;\">Amiblu se encargar\u00e1 del proyecto desde su f\u00e1brica de Camarles (Tarragona). En concreto, Amiblu se ocupar\u00e1 de la ingenier\u00eda de detalle y suministro de la tuber\u00eda de refrigeraci\u00f3n, incluyendo soportaje.<\/span><\/p>\n<p><span style=\"font-weight: 400;\">Los trabajos de fabricaci\u00f3n se iniciar\u00e1n el pr\u00f3ximo mes de septiembre y su finalizaci\u00f3n est\u00e1 prevista para junio de 2026. Se espera que la planta entre en funcionamiento en 2027. <\/span><\/p>\n<\/div><\/section>\n","protected":false},"excerpt":{"rendered":"<p>Amiblu participa en la construcci\u00f3n de la terminal de regasificaci\u00f3n de German LNG en Brunsb\u00fcttel (Alemania)<\/p>\n","protected":false},"author":15,"featured_media":73440,"comment_status":"closed","ping_status":"closed","sticky":false,"template":"","format":"standard","meta":{"_acf_changed":false,"footnotes":""},"categories":[164],"tags":[],"class_list":["post-73445","post","type-post","status-publish","format-standard","has-post-thumbnail","hentry","category-news-4"],"acf":[],"yoast_head":"<!-- This site is optimized with the Yoast SEO Premium plugin v27.5 (Yoast SEO v27.5) - https:\/\/yoast.com\/product\/yoast-seo-premium-wordpress\/ -->\n<title>Amiblu participa en la terminal de regasificaci\u00f3n de German LNG en Brunsb\u00fcttel - Amiblu<\/title>\n<meta name=\"description\" content=\"Amiblu participa en el proyecto de construcci\u00f3n de la terminal de regasificaci\u00f3n de German LNG en Brunsb\u00fcttel (Alemania).\" \/>\n<meta name=\"robots\" content=\"index, follow, max-snippet:-1, max-image-preview:large, max-video-preview:-1\" \/>\n<link rel=\"canonical\" href=\"https:\/\/www.amiblu.com\/es\/terminal-de-regasificacion-de-german-lng\/\" \/>\n<meta property=\"og:locale\" content=\"es_ES\" \/>\n<meta property=\"og:type\" content=\"article\" \/>\n<meta property=\"og:title\" content=\"Amiblu participa en la terminal de regasificaci\u00f3n de German LNG en Brunsb\u00fcttel\" \/>\n<meta property=\"og:description\" content=\"Amiblu participa en el proyecto de construcci\u00f3n de la terminal de regasificaci\u00f3n de German LNG en Brunsb\u00fcttel (Alemania).\" \/>\n<meta property=\"og:url\" content=\"https:\/\/www.amiblu.com\/es\/terminal-de-regasificacion-de-german-lng\/\" \/>\n<meta property=\"og:site_name\" content=\"Amiblu\" \/>\n<meta property=\"article:publisher\" content=\"https:\/\/www.facebook.com\/amiblupipes\" \/>\n<meta property=\"article:published_time\" content=\"2025-07-29T06:08:07+00:00\" \/>\n<meta property=\"article:modified_time\" content=\"2025-07-29T06:09:19+00:00\" \/>\n<meta property=\"og:image\" content=\"https:\/\/www.amiblu.com\/wp-content\/uploads\/amiblu-proyecto-terminal-regasificacion-germanLNG-brunsbuttel-alemania-vdef.png\" \/>\n\t<meta property=\"og:image:width\" content=\"800\" \/>\n\t<meta property=\"og:image:height\" content=\"500\" \/>\n\t<meta property=\"og:image:type\" content=\"image\/png\" \/>\n<meta name=\"author\" content=\"Noelia\" \/>\n<meta name=\"twitter:card\" content=\"summary_large_image\" \/>\n<meta name=\"twitter:label1\" content=\"Escrito por\" \/>\n\t<meta name=\"twitter:data1\" content=\"Noelia\" \/>\n\t<meta name=\"twitter:label2\" content=\"Tiempo de lectura\" \/>\n\t<meta name=\"twitter:data2\" content=\"2 minutos\" \/>\n<script type=\"application\/ld+json\" class=\"yoast-schema-graph\">{\"@context\":\"https:\\\/\\\/schema.org\",\"@graph\":[{\"@type\":\"Article\",\"@id\":\"https:\\\/\\\/www.amiblu.com\\\/es\\\/terminal-de-regasificacion-de-german-lng\\\/#article\",\"isPartOf\":{\"@id\":\"https:\\\/\\\/www.amiblu.com\\\/es\\\/terminal-de-regasificacion-de-german-lng\\\/\"},\"author\":{\"name\":\"Noelia\",\"@id\":\"https:\\\/\\\/www.amiblu.com\\\/es\\\/#\\\/schema\\\/person\\\/4abd1603334fad5d8a0f94cfc539ff89\"},\"headline\":\"Amiblu participa en la terminal de regasificaci\u00f3n de German LNG en Brunsb\u00fcttel\",\"datePublished\":\"2025-07-29T06:08:07+00:00\",\"dateModified\":\"2025-07-29T06:09:19+00:00\",\"mainEntityOfPage\":{\"@id\":\"https:\\\/\\\/www.amiblu.com\\\/es\\\/terminal-de-regasificacion-de-german-lng\\\/\"},\"wordCount\":1124,\"publisher\":{\"@id\":\"https:\\\/\\\/www.amiblu.com\\\/es\\\/#organization\"},\"image\":{\"@id\":\"https:\\\/\\\/www.amiblu.com\\\/es\\\/terminal-de-regasificacion-de-german-lng\\\/#primaryimage\"},\"thumbnailUrl\":\"https:\\\/\\\/www.amiblu.com\\\/wp-content\\\/uploads\\\/amiblu-proyecto-terminal-regasificacion-germanLNG-brunsbuttel-alemania-vdef.png\",\"articleSection\":[\"Noticias\"],\"inLanguage\":\"es\"},{\"@type\":\"WebPage\",\"@id\":\"https:\\\/\\\/www.amiblu.com\\\/es\\\/terminal-de-regasificacion-de-german-lng\\\/\",\"url\":\"https:\\\/\\\/www.amiblu.com\\\/es\\\/terminal-de-regasificacion-de-german-lng\\\/\",\"name\":\"Amiblu participa en la terminal de regasificaci\u00f3n de German LNG en Brunsb\u00fcttel - Amiblu\",\"isPartOf\":{\"@id\":\"https:\\\/\\\/www.amiblu.com\\\/es\\\/#website\"},\"primaryImageOfPage\":{\"@id\":\"https:\\\/\\\/www.amiblu.com\\\/es\\\/terminal-de-regasificacion-de-german-lng\\\/#primaryimage\"},\"image\":{\"@id\":\"https:\\\/\\\/www.amiblu.com\\\/es\\\/terminal-de-regasificacion-de-german-lng\\\/#primaryimage\"},\"thumbnailUrl\":\"https:\\\/\\\/www.amiblu.com\\\/wp-content\\\/uploads\\\/amiblu-proyecto-terminal-regasificacion-germanLNG-brunsbuttel-alemania-vdef.png\",\"datePublished\":\"2025-07-29T06:08:07+00:00\",\"dateModified\":\"2025-07-29T06:09:19+00:00\",\"description\":\"Amiblu participa en el proyecto de construcci\u00f3n de la terminal de regasificaci\u00f3n de German LNG en Brunsb\u00fcttel (Alemania).\",\"inLanguage\":\"es\",\"potentialAction\":[{\"@type\":\"ReadAction\",\"target\":[\"https:\\\/\\\/www.amiblu.com\\\/es\\\/terminal-de-regasificacion-de-german-lng\\\/\"]}]},{\"@type\":\"ImageObject\",\"inLanguage\":\"es\",\"@id\":\"https:\\\/\\\/www.amiblu.com\\\/es\\\/terminal-de-regasificacion-de-german-lng\\\/#primaryimage\",\"url\":\"https:\\\/\\\/www.amiblu.com\\\/wp-content\\\/uploads\\\/amiblu-proyecto-terminal-regasificacion-germanLNG-brunsbuttel-alemania-vdef.png\",\"contentUrl\":\"https:\\\/\\\/www.amiblu.com\\\/wp-content\\\/uploads\\\/amiblu-proyecto-terminal-regasificacion-germanLNG-brunsbuttel-alemania-vdef.png\",\"width\":800,\"height\":500,\"caption\":\"Amiblu participa en la construcci\u00f3n de la terminal de regasificaci\u00f3n de German LNG en Brunsb\u00fcttel (Alemania)\"},{\"@type\":\"WebSite\",\"@id\":\"https:\\\/\\\/www.amiblu.com\\\/es\\\/#website\",\"url\":\"https:\\\/\\\/www.amiblu.com\\\/es\\\/\",\"name\":\"Amiblu\",\"description\":\"GFK-Rohrsysteme f\u00fcr Generationen\",\"publisher\":{\"@id\":\"https:\\\/\\\/www.amiblu.com\\\/es\\\/#organization\"},\"potentialAction\":[{\"@type\":\"SearchAction\",\"target\":{\"@type\":\"EntryPoint\",\"urlTemplate\":\"https:\\\/\\\/www.amiblu.com\\\/es\\\/?s={search_term_string}\"},\"query-input\":{\"@type\":\"PropertyValueSpecification\",\"valueRequired\":true,\"valueName\":\"search_term_string\"}}],\"inLanguage\":\"es\"},{\"@type\":\"Organization\",\"@id\":\"https:\\\/\\\/www.amiblu.com\\\/es\\\/#organization\",\"name\":\"Amiblu Group\",\"url\":\"https:\\\/\\\/www.amiblu.com\\\/es\\\/\",\"logo\":{\"@type\":\"ImageObject\",\"inLanguage\":\"es\",\"@id\":\"https:\\\/\\\/www.amiblu.com\\\/es\\\/#\\\/schema\\\/logo\\\/image\\\/\",\"url\":\"https:\\\/\\\/www.amiblu.com\\\/wp-content\\\/uploads\\\/2021\\\/01\\\/Amiblu-logo-website-1.png\",\"contentUrl\":\"https:\\\/\\\/www.amiblu.com\\\/wp-content\\\/uploads\\\/2021\\\/01\\\/Amiblu-logo-website-1.png\",\"width\":201,\"height\":38,\"caption\":\"Amiblu Group\"},\"image\":{\"@id\":\"https:\\\/\\\/www.amiblu.com\\\/es\\\/#\\\/schema\\\/logo\\\/image\\\/\"},\"sameAs\":[\"https:\\\/\\\/www.facebook.com\\\/amiblupipes\",\"https:\\\/\\\/www.youtube.com\\\/c\\\/Amiblu\",\"https:\\\/\\\/de.wikipedia.org\\\/wiki\\\/Amiblu\",\"https:\\\/\\\/www.linkedin.com\\\/company\\\/amiblupipes\\\/\"]},{\"@type\":\"Person\",\"@id\":\"https:\\\/\\\/www.amiblu.com\\\/es\\\/#\\\/schema\\\/person\\\/4abd1603334fad5d8a0f94cfc539ff89\",\"name\":\"Noelia\",\"image\":{\"@type\":\"ImageObject\",\"inLanguage\":\"es\",\"@id\":\"https:\\\/\\\/secure.gravatar.com\\\/avatar\\\/9f9ebd2edffef3d993712c729db8694b50f6ee566a3ba3d6fc66fbe195f17ca7?s=96&d=mm&r=g\",\"url\":\"https:\\\/\\\/secure.gravatar.com\\\/avatar\\\/9f9ebd2edffef3d993712c729db8694b50f6ee566a3ba3d6fc66fbe195f17ca7?s=96&d=mm&r=g\",\"contentUrl\":\"https:\\\/\\\/secure.gravatar.com\\\/avatar\\\/9f9ebd2edffef3d993712c729db8694b50f6ee566a3ba3d6fc66fbe195f17ca7?s=96&d=mm&r=g\",\"caption\":\"Noelia\"}}]}<\/script>\n<!-- \/ Yoast SEO Premium plugin. -->","yoast_head_json":{"title":"Amiblu participa en la terminal de regasificaci\u00f3n de German LNG en Brunsb\u00fcttel - Amiblu","description":"Amiblu participa en el proyecto de construcci\u00f3n de la terminal de regasificaci\u00f3n de German LNG en Brunsb\u00fcttel (Alemania).","robots":{"index":"index","follow":"follow","max-snippet":"max-snippet:-1","max-image-preview":"max-image-preview:large","max-video-preview":"max-video-preview:-1"},"canonical":"https:\/\/www.amiblu.com\/es\/terminal-de-regasificacion-de-german-lng\/","og_locale":"es_ES","og_type":"article","og_title":"Amiblu participa en la terminal de regasificaci\u00f3n de German LNG en Brunsb\u00fcttel","og_description":"Amiblu participa en el proyecto de construcci\u00f3n de la terminal de regasificaci\u00f3n de German LNG en Brunsb\u00fcttel (Alemania).","og_url":"https:\/\/www.amiblu.com\/es\/terminal-de-regasificacion-de-german-lng\/","og_site_name":"Amiblu","article_publisher":"https:\/\/www.facebook.com\/amiblupipes","article_published_time":"2025-07-29T06:08:07+00:00","article_modified_time":"2025-07-29T06:09:19+00:00","og_image":[{"width":800,"height":500,"url":"https:\/\/www.amiblu.com\/wp-content\/uploads\/amiblu-proyecto-terminal-regasificacion-germanLNG-brunsbuttel-alemania-vdef.png","type":"image\/png"}],"author":"Noelia","twitter_card":"summary_large_image","twitter_misc":{"Escrito por":"Noelia","Tiempo de lectura":"2 minutos"},"schema":{"@context":"https:\/\/schema.org","@graph":[{"@type":"Article","@id":"https:\/\/www.amiblu.com\/es\/terminal-de-regasificacion-de-german-lng\/#article","isPartOf":{"@id":"https:\/\/www.amiblu.com\/es\/terminal-de-regasificacion-de-german-lng\/"},"author":{"name":"Noelia","@id":"https:\/\/www.amiblu.com\/es\/#\/schema\/person\/4abd1603334fad5d8a0f94cfc539ff89"},"headline":"Amiblu participa en la terminal de regasificaci\u00f3n de German LNG en Brunsb\u00fcttel","datePublished":"2025-07-29T06:08:07+00:00","dateModified":"2025-07-29T06:09:19+00:00","mainEntityOfPage":{"@id":"https:\/\/www.amiblu.com\/es\/terminal-de-regasificacion-de-german-lng\/"},"wordCount":1124,"publisher":{"@id":"https:\/\/www.amiblu.com\/es\/#organization"},"image":{"@id":"https:\/\/www.amiblu.com\/es\/terminal-de-regasificacion-de-german-lng\/#primaryimage"},"thumbnailUrl":"https:\/\/www.amiblu.com\/wp-content\/uploads\/amiblu-proyecto-terminal-regasificacion-germanLNG-brunsbuttel-alemania-vdef.png","articleSection":["Noticias"],"inLanguage":"es"},{"@type":"WebPage","@id":"https:\/\/www.amiblu.com\/es\/terminal-de-regasificacion-de-german-lng\/","url":"https:\/\/www.amiblu.com\/es\/terminal-de-regasificacion-de-german-lng\/","name":"Amiblu participa en la terminal de regasificaci\u00f3n de German LNG en Brunsb\u00fcttel - Amiblu","isPartOf":{"@id":"https:\/\/www.amiblu.com\/es\/#website"},"primaryImageOfPage":{"@id":"https:\/\/www.amiblu.com\/es\/terminal-de-regasificacion-de-german-lng\/#primaryimage"},"image":{"@id":"https:\/\/www.amiblu.com\/es\/terminal-de-regasificacion-de-german-lng\/#primaryimage"},"thumbnailUrl":"https:\/\/www.amiblu.com\/wp-content\/uploads\/amiblu-proyecto-terminal-regasificacion-germanLNG-brunsbuttel-alemania-vdef.png","datePublished":"2025-07-29T06:08:07+00:00","dateModified":"2025-07-29T06:09:19+00:00","description":"Amiblu participa en el proyecto de construcci\u00f3n de la terminal de regasificaci\u00f3n de German LNG en Brunsb\u00fcttel (Alemania).","inLanguage":"es","potentialAction":[{"@type":"ReadAction","target":["https:\/\/www.amiblu.com\/es\/terminal-de-regasificacion-de-german-lng\/"]}]},{"@type":"ImageObject","inLanguage":"es","@id":"https:\/\/www.amiblu.com\/es\/terminal-de-regasificacion-de-german-lng\/#primaryimage","url":"https:\/\/www.amiblu.com\/wp-content\/uploads\/amiblu-proyecto-terminal-regasificacion-germanLNG-brunsbuttel-alemania-vdef.png","contentUrl":"https:\/\/www.amiblu.com\/wp-content\/uploads\/amiblu-proyecto-terminal-regasificacion-germanLNG-brunsbuttel-alemania-vdef.png","width":800,"height":500,"caption":"Amiblu participa en la construcci\u00f3n de la terminal de regasificaci\u00f3n de German LNG en Brunsb\u00fcttel (Alemania)"},{"@type":"WebSite","@id":"https:\/\/www.amiblu.com\/es\/#website","url":"https:\/\/www.amiblu.com\/es\/","name":"Amiblu","description":"GFK-Rohrsysteme f\u00fcr Generationen","publisher":{"@id":"https:\/\/www.amiblu.com\/es\/#organization"},"potentialAction":[{"@type":"SearchAction","target":{"@type":"EntryPoint","urlTemplate":"https:\/\/www.amiblu.com\/es\/?s={search_term_string}"},"query-input":{"@type":"PropertyValueSpecification","valueRequired":true,"valueName":"search_term_string"}}],"inLanguage":"es"},{"@type":"Organization","@id":"https:\/\/www.amiblu.com\/es\/#organization","name":"Amiblu Group","url":"https:\/\/www.amiblu.com\/es\/","logo":{"@type":"ImageObject","inLanguage":"es","@id":"https:\/\/www.amiblu.com\/es\/#\/schema\/logo\/image\/","url":"https:\/\/www.amiblu.com\/wp-content\/uploads\/2021\/01\/Amiblu-logo-website-1.png","contentUrl":"https:\/\/www.amiblu.com\/wp-content\/uploads\/2021\/01\/Amiblu-logo-website-1.png","width":201,"height":38,"caption":"Amiblu Group"},"image":{"@id":"https:\/\/www.amiblu.com\/es\/#\/schema\/logo\/image\/"},"sameAs":["https:\/\/www.facebook.com\/amiblupipes","https:\/\/www.youtube.com\/c\/Amiblu","https:\/\/de.wikipedia.org\/wiki\/Amiblu","https:\/\/www.linkedin.com\/company\/amiblupipes\/"]},{"@type":"Person","@id":"https:\/\/www.amiblu.com\/es\/#\/schema\/person\/4abd1603334fad5d8a0f94cfc539ff89","name":"Noelia","image":{"@type":"ImageObject","inLanguage":"es","@id":"https:\/\/secure.gravatar.com\/avatar\/9f9ebd2edffef3d993712c729db8694b50f6ee566a3ba3d6fc66fbe195f17ca7?s=96&d=mm&r=g","url":"https:\/\/secure.gravatar.com\/avatar\/9f9ebd2edffef3d993712c729db8694b50f6ee566a3ba3d6fc66fbe195f17ca7?s=96&d=mm&r=g","contentUrl":"https:\/\/secure.gravatar.com\/avatar\/9f9ebd2edffef3d993712c729db8694b50f6ee566a3ba3d6fc66fbe195f17ca7?s=96&d=mm&r=g","caption":"Noelia"}}]}},"_links":{"self":[{"href":"https:\/\/www.amiblu.com\/es\/wp-json\/wp\/v2\/posts\/73445","targetHints":{"allow":["GET"]}}],"collection":[{"href":"https:\/\/www.amiblu.com\/es\/wp-json\/wp\/v2\/posts"}],"about":[{"href":"https:\/\/www.amiblu.com\/es\/wp-json\/wp\/v2\/types\/post"}],"author":[{"embeddable":true,"href":"https:\/\/www.amiblu.com\/es\/wp-json\/wp\/v2\/users\/15"}],"replies":[{"embeddable":true,"href":"https:\/\/www.amiblu.com\/es\/wp-json\/wp\/v2\/comments?post=73445"}],"version-history":[{"count":20,"href":"https:\/\/www.amiblu.com\/es\/wp-json\/wp\/v2\/posts\/73445\/revisions"}],"predecessor-version":[{"id":73474,"href":"https:\/\/www.amiblu.com\/es\/wp-json\/wp\/v2\/posts\/73445\/revisions\/73474"}],"wp:featuredmedia":[{"embeddable":true,"href":"https:\/\/www.amiblu.com\/es\/wp-json\/wp\/v2\/media\/73440"}],"wp:attachment":[{"href":"https:\/\/www.amiblu.com\/es\/wp-json\/wp\/v2\/media?parent=73445"}],"wp:term":[{"taxonomy":"category","embeddable":true,"href":"https:\/\/www.amiblu.com\/es\/wp-json\/wp\/v2\/categories?post=73445"},{"taxonomy":"post_tag","embeddable":true,"href":"https:\/\/www.amiblu.com\/es\/wp-json\/wp\/v2\/tags?post=73445"}],"curies":[{"name":"wp","href":"https:\/\/api.w.org\/{rel}","templated":true}]}}