{"id":73694,"date":"2025-08-27T07:13:23","date_gmt":"2025-08-27T05:13:23","guid":{"rendered":"https:\/\/www.amiblu.com\/?p=73694"},"modified":"2025-08-27T07:21:04","modified_gmt":"2025-08-27T05:21:04","slug":"amiblu-modernizacion-de-regadios-en-fraga-aitona-y-seros","status":"publish","type":"post","link":"https:\/\/www.amiblu.com\/es\/amiblu-modernizacion-de-regadios-en-fraga-aitona-y-seros\/","title":{"rendered":"Amiblu se adjudica el proyecto de modernizaci\u00f3n de regad\u00edos en Fraga, Aitona y Ser\u00f3s"},"content":{"rendered":"\n<style type=\"text\/css\" data-created_by=\"avia_inline_auto\" id=\"style-css-av-mern659j-97a94d919369bfe250d47609a0f19df1\">\n.avia-image-container.av-mern659j-97a94d919369bfe250d47609a0f19df1 img.avia_image{\nbox-shadow:none;\n}\n.avia-image-container.av-mern659j-97a94d919369bfe250d47609a0f19df1 .av-image-caption-overlay-center{\ncolor:#ffffff;\n}\n<\/style>\n<div  class='avia-image-container av-mern659j-97a94d919369bfe250d47609a0f19df1 av-styling- avia-align-left  avia-builder-el-0  el_before_av_hr  avia-builder-el-first '   itemprop=\"image\" itemscope=\"itemscope\" itemtype=\"https:\/\/schema.org\/ImageObject\" ><div class=\"avia-image-container-inner\"><div class=\"avia-image-overlay-wrap\"><img fetchpriority=\"high\" fetchpriority=\"high\" decoding=\"async\" fetchpriority=\"high\" class='wp-image-73824 avia-img-lazy-loading-not-73824 avia_image ' src=\"https:\/\/www.amiblu.com\/wp-content\/uploads\/Amiblu-modernizacion-regadios-Fraga-Aitona-Seros.webp\" alt='Amiblu participa en la modernizaci\u00f3n de regad\u00edos en Fraga, Aitona y Ser\u00f3s' title='Amiblu-modernizacion-regadios-Fraga-Aitona-Seros'  height=\"500\" width=\"800\"  itemprop=\"thumbnailUrl\" srcset=\"https:\/\/www.amiblu.com\/wp-content\/uploads\/Amiblu-modernizacion-regadios-Fraga-Aitona-Seros.webp 800w, https:\/\/www.amiblu.com\/wp-content\/uploads\/Amiblu-modernizacion-regadios-Fraga-Aitona-Seros-300x188.webp 300w, https:\/\/www.amiblu.com\/wp-content\/uploads\/Amiblu-modernizacion-regadios-Fraga-Aitona-Seros-768x480.webp 768w, https:\/\/www.amiblu.com\/wp-content\/uploads\/Amiblu-modernizacion-regadios-Fraga-Aitona-Seros-705x441.webp 705w\" sizes=\"(max-width: 800px) 100vw, 800px\" \/><\/div><\/div><\/div>\n\n<style type=\"text\/css\" data-created_by=\"avia_inline_auto\" id=\"style-css-av-mern6hl1-9c9ac82c1d8012b95f51b260d1539f06\">\n#top .hr.hr-invisible.av-mern6hl1-9c9ac82c1d8012b95f51b260d1539f06{\nheight:50px;\n}\n<\/style>\n<div  class='hr av-mern6hl1-9c9ac82c1d8012b95f51b260d1539f06 hr-invisible  avia-builder-el-1  el_after_av_image  el_before_av_textblock '><span class='hr-inner '><span class=\"hr-inner-style\"><\/span><\/span><\/div>\n<section  class='av_textblock_section av-mern7j3n-c9b5c55226f2a76c73dd87700b9484dc '   itemscope=\"itemscope\" itemtype=\"https:\/\/schema.org\/BlogPosting\" itemprop=\"blogPost\" ><div class='avia_textblock'  itemprop=\"text\" ><h1>Amiblu se adjudica el proyecto de modernizaci\u00f3n de regad\u00edos en Fraga, Aitona y Ser\u00f3s<\/h1>\n<\/div><\/section>\n<section  class='av_textblock_section av-mern8olt-63728549de772a7acb83ab58a1bdee59 '   itemscope=\"itemscope\" itemtype=\"https:\/\/schema.org\/BlogPosting\" itemprop=\"blogPost\" ><div class='avia_textblock'  itemprop=\"text\" ><p dir=\"ltr\">Amiblu Pipes Spain se ha adjudicado el suministro de 15 km de tuber\u00edas de PRFV para la modernizaci\u00f3n integral de regad\u00edos en los t\u00e9rminos municipales de Fraga (Huesca), Aitona y Ser\u00f3s (Lleida).<\/p>\n<p dir=\"ltr\">Esta adjudicaci\u00f3n a Amiblu forma parte del proyecto de mejora en el aprovechamiento de agua y ahorro de energ\u00eda para las Comunidades de Regantes de Vincamet-Vilar\u00f3, Litera-Persio, Ser\u00f3s, Litera-Vincamet y Serrabrisa-Montfred. La obra, promovida por la <a href=\"https:\/\/www.seiasa.es\/seiasa\/indexCookies.php?q=\/seiasa\/index.php\" target=\"_blank\" rel=\"noopener\">Sociedad Mercantil Estatal de Infraestructuras Agrarias, S.A. (SEIASA)<\/a> y ejecutada por <a href=\"https:\/\/www.sorigue.com\/es\" target=\"_blank\" rel=\"noopener\">Acsa Sorigu\u00e9<\/a>, incluye el suministro de 15 km de tuber\u00edas PRFV, de di\u00e1metro a partir de 500 mil\u00edmetros y hasta 1.200, accesorios y piezas especiales. El proyecto cuenta con un presupuesto global de 20,7 millones de euros y est\u00e1 financiado por el Plan de Recuperaci\u00f3n, Transformaci\u00f3n y Resiliencia (PRTR).<\/p>\n<p dir=\"ltr\">El objetivo principal de la obra es sustituir la red actual de acequias de tierra y hormig\u00f3n por un sistema de riego de tuber\u00edas PRFV a presi\u00f3n, que permitir\u00e1 a los regantes distribuir el agua sin necesidad de bombeo y sin p\u00e9rdidas.<\/p>\n<p dir=\"ltr\">Las tuber\u00edas de PRFV ofrecen importantes ventajas para el riego, respecto a las tuber\u00edas de materiales tradicionales, como el hormig\u00f3n o el acero. Con una vida \u00fatil muy duradera, las tuber\u00edas de PRFV de Amiblu son m\u00e1s respetuosas con el medio ambiente \u2013tienen un impacto en CO2 tres veces inferior\u2013, m\u00e1s ligeras, f\u00e1ciles de transportar y manipular, y m\u00e1s eficientes energ\u00e9ticamente, al suponer un ahorro en el consumo de energ\u00eda de casi un 30%. Adem\u00e1s, ofrecen un excelente comportamiento hidr\u00e1ulico, con unos bajos costes de instalaci\u00f3n y mantenimiento y ausencia de corrosi\u00f3n.<\/p>\n<p dir=\"ltr\">Amiblu ya ha empezado a suministrar el material y est\u00e1 previsto que la obra acabe a finales de a\u00f1o.<\/p>\n<h3 dir=\"ltr\">Participaci\u00f3n en destacados proyectos de regad\u00edo<\/h3>\n<p dir=\"ltr\">Actualmente, Amiblu Pipes Spain participa en el <a href=\"https:\/\/www.amiblu.com\/es\/regadio-canal-del-flumen\/\">proyecto del Canal del Flumen<\/a>, en Huesca, la mayor adjudicaci\u00f3n en modernizaci\u00f3n y transformaci\u00f3n de regad\u00edos de la historia de Amiblu. Le sigue la <a href=\"https:\/\/www.amiblu.com\/es\/amiblu-pipes-spain-65-km-tuberias-para-el-sifon-de-cardiel\/\">obra del Sif\u00f3n del Cardiel<\/a> \u2013Sectores VI, VII y XVII de la zona regable de Monegros II en Fraga y Ballobar (Arag\u00f3n)\u2013 adjudicada en noviembre de 2023 y el <a href=\"https:\/\/www.amiblu.com\/es\/finalizan-las-obras-de-modernizacion-del-sifon-del-bronco\/\">proyecto del Sif\u00f3n del Bronco<\/a>, en la Margen Derecha del R\u00edo Alag\u00f3n, Montehermoso (C\u00e1ceres), con el suministro de dos tuber\u00edas PRFV de 344 metros de longitud cada una y un DN de 3.000 mil\u00edmetros, el mayor di\u00e1metro de PRFV fabricado hasta la fecha para una obra de regad\u00edo.<\/p>\n<\/div><\/section>\n","protected":false},"excerpt":{"rendered":"<p>Amiblu se adjudica el proyecto de modernizaci\u00f3n de regad\u00edos en Fraga, Aitona y Ser\u00f3s<\/p>\n","protected":false},"author":15,"featured_media":73824,"comment_status":"closed","ping_status":"closed","sticky":false,"template":"","format":"standard","meta":{"_acf_changed":false,"footnotes":""},"categories":[164],"tags":[],"class_list":["post-73694","post","type-post","status-publish","format-standard","has-post-thumbnail","hentry","category-news-4"],"acf":[],"yoast_head":"<!-- This site is optimized with the Yoast SEO Premium plugin v27.5 (Yoast SEO v27.5) - https:\/\/yoast.com\/product\/yoast-seo-premium-wordpress\/ -->\n<title>Amiblu se adjudica el proyecto de modernizaci\u00f3n de regad\u00edos en Fraga, Aitona y Ser\u00f3s - Amiblu<\/title>\n<meta name=\"description\" content=\"Amiblu se adjudica el proyecto de modernizaci\u00f3n de regad\u00edos en Fraga, Aitona y Ser\u00f3s, con el suministro de 15 km de tuber\u00edas PRFV.\" \/>\n<meta name=\"robots\" content=\"index, follow, max-snippet:-1, max-image-preview:large, max-video-preview:-1\" \/>\n<link rel=\"canonical\" href=\"https:\/\/www.amiblu.com\/es\/amiblu-modernizacion-de-regadios-en-fraga-aitona-y-seros\/\" \/>\n<meta property=\"og:locale\" content=\"es_ES\" \/>\n<meta property=\"og:type\" content=\"article\" \/>\n<meta property=\"og:title\" content=\"Amiblu se adjudica el proyecto de modernizaci\u00f3n de regad\u00edos en Fraga, Aitona y Ser\u00f3s\" \/>\n<meta property=\"og:description\" content=\"Amiblu se adjudica el proyecto de modernizaci\u00f3n de regad\u00edos en Fraga, Aitona y Ser\u00f3s, con el suministro de 15 km de tuber\u00edas PRFV.\" \/>\n<meta property=\"og:url\" content=\"https:\/\/www.amiblu.com\/es\/amiblu-modernizacion-de-regadios-en-fraga-aitona-y-seros\/\" \/>\n<meta property=\"og:site_name\" content=\"Amiblu\" \/>\n<meta property=\"article:publisher\" content=\"https:\/\/www.facebook.com\/amiblupipes\" \/>\n<meta property=\"article:published_time\" content=\"2025-08-27T05:13:23+00:00\" \/>\n<meta property=\"article:modified_time\" content=\"2025-08-27T05:21:04+00:00\" \/>\n<meta property=\"og:image\" content=\"https:\/\/www.amiblu.com\/wp-content\/uploads\/Amiblu-modernizacion-regadios-Fraga-Aitona-Seros.webp\" \/>\n\t<meta property=\"og:image:width\" content=\"800\" \/>\n\t<meta property=\"og:image:height\" content=\"500\" \/>\n\t<meta property=\"og:image:type\" content=\"image\/webp\" \/>\n<meta name=\"author\" content=\"Noelia\" \/>\n<meta name=\"twitter:card\" content=\"summary_large_image\" \/>\n<meta name=\"twitter:label1\" content=\"Escrito por\" \/>\n\t<meta name=\"twitter:data1\" content=\"Noelia\" \/>\n\t<meta name=\"twitter:label2\" content=\"Tiempo de lectura\" \/>\n\t<meta name=\"twitter:data2\" content=\"2 minutos\" \/>\n<script type=\"application\/ld+json\" class=\"yoast-schema-graph\">{\"@context\":\"https:\\\/\\\/schema.org\",\"@graph\":[{\"@type\":\"Article\",\"@id\":\"https:\\\/\\\/www.amiblu.com\\\/es\\\/amiblu-modernizacion-de-regadios-en-fraga-aitona-y-seros\\\/#article\",\"isPartOf\":{\"@id\":\"https:\\\/\\\/www.amiblu.com\\\/es\\\/amiblu-modernizacion-de-regadios-en-fraga-aitona-y-seros\\\/\"},\"author\":{\"name\":\"Noelia\",\"@id\":\"https:\\\/\\\/www.amiblu.com\\\/es\\\/#\\\/schema\\\/person\\\/4abd1603334fad5d8a0f94cfc539ff89\"},\"headline\":\"Amiblu se adjudica el proyecto de modernizaci\u00f3n de regad\u00edos en Fraga, Aitona y Ser\u00f3s\",\"datePublished\":\"2025-08-27T05:13:23+00:00\",\"dateModified\":\"2025-08-27T05:21:04+00:00\",\"mainEntityOfPage\":{\"@id\":\"https:\\\/\\\/www.amiblu.com\\\/es\\\/amiblu-modernizacion-de-regadios-en-fraga-aitona-y-seros\\\/\"},\"wordCount\":949,\"publisher\":{\"@id\":\"https:\\\/\\\/www.amiblu.com\\\/es\\\/#organization\"},\"image\":{\"@id\":\"https:\\\/\\\/www.amiblu.com\\\/es\\\/amiblu-modernizacion-de-regadios-en-fraga-aitona-y-seros\\\/#primaryimage\"},\"thumbnailUrl\":\"https:\\\/\\\/www.amiblu.com\\\/wp-content\\\/uploads\\\/Amiblu-modernizacion-regadios-Fraga-Aitona-Seros.webp\",\"articleSection\":[\"Noticias\"],\"inLanguage\":\"es\"},{\"@type\":\"WebPage\",\"@id\":\"https:\\\/\\\/www.amiblu.com\\\/es\\\/amiblu-modernizacion-de-regadios-en-fraga-aitona-y-seros\\\/\",\"url\":\"https:\\\/\\\/www.amiblu.com\\\/es\\\/amiblu-modernizacion-de-regadios-en-fraga-aitona-y-seros\\\/\",\"name\":\"Amiblu se adjudica el proyecto de modernizaci\u00f3n de regad\u00edos en Fraga, Aitona y Ser\u00f3s - Amiblu\",\"isPartOf\":{\"@id\":\"https:\\\/\\\/www.amiblu.com\\\/es\\\/#website\"},\"primaryImageOfPage\":{\"@id\":\"https:\\\/\\\/www.amiblu.com\\\/es\\\/amiblu-modernizacion-de-regadios-en-fraga-aitona-y-seros\\\/#primaryimage\"},\"image\":{\"@id\":\"https:\\\/\\\/www.amiblu.com\\\/es\\\/amiblu-modernizacion-de-regadios-en-fraga-aitona-y-seros\\\/#primaryimage\"},\"thumbnailUrl\":\"https:\\\/\\\/www.amiblu.com\\\/wp-content\\\/uploads\\\/Amiblu-modernizacion-regadios-Fraga-Aitona-Seros.webp\",\"datePublished\":\"2025-08-27T05:13:23+00:00\",\"dateModified\":\"2025-08-27T05:21:04+00:00\",\"description\":\"Amiblu se adjudica el proyecto de modernizaci\u00f3n de regad\u00edos en Fraga, Aitona y Ser\u00f3s, con el suministro de 15 km de tuber\u00edas PRFV.\",\"inLanguage\":\"es\",\"potentialAction\":[{\"@type\":\"ReadAction\",\"target\":[\"https:\\\/\\\/www.amiblu.com\\\/es\\\/amiblu-modernizacion-de-regadios-en-fraga-aitona-y-seros\\\/\"]}]},{\"@type\":\"ImageObject\",\"inLanguage\":\"es\",\"@id\":\"https:\\\/\\\/www.amiblu.com\\\/es\\\/amiblu-modernizacion-de-regadios-en-fraga-aitona-y-seros\\\/#primaryimage\",\"url\":\"https:\\\/\\\/www.amiblu.com\\\/wp-content\\\/uploads\\\/Amiblu-modernizacion-regadios-Fraga-Aitona-Seros.webp\",\"contentUrl\":\"https:\\\/\\\/www.amiblu.com\\\/wp-content\\\/uploads\\\/Amiblu-modernizacion-regadios-Fraga-Aitona-Seros.webp\",\"width\":800,\"height\":500,\"caption\":\"Amiblu participa en la modernizaci\u00f3n de regad\u00edos en Fraga, Aitona y Ser\u00f3s\"},{\"@type\":\"WebSite\",\"@id\":\"https:\\\/\\\/www.amiblu.com\\\/es\\\/#website\",\"url\":\"https:\\\/\\\/www.amiblu.com\\\/es\\\/\",\"name\":\"Amiblu\",\"description\":\"GFK-Rohrsysteme f\u00fcr Generationen\",\"publisher\":{\"@id\":\"https:\\\/\\\/www.amiblu.com\\\/es\\\/#organization\"},\"potentialAction\":[{\"@type\":\"SearchAction\",\"target\":{\"@type\":\"EntryPoint\",\"urlTemplate\":\"https:\\\/\\\/www.amiblu.com\\\/es\\\/?s={search_term_string}\"},\"query-input\":{\"@type\":\"PropertyValueSpecification\",\"valueRequired\":true,\"valueName\":\"search_term_string\"}}],\"inLanguage\":\"es\"},{\"@type\":\"Organization\",\"@id\":\"https:\\\/\\\/www.amiblu.com\\\/es\\\/#organization\",\"name\":\"Amiblu Group\",\"url\":\"https:\\\/\\\/www.amiblu.com\\\/es\\\/\",\"logo\":{\"@type\":\"ImageObject\",\"inLanguage\":\"es\",\"@id\":\"https:\\\/\\\/www.amiblu.com\\\/es\\\/#\\\/schema\\\/logo\\\/image\\\/\",\"url\":\"https:\\\/\\\/www.amiblu.com\\\/wp-content\\\/uploads\\\/2021\\\/01\\\/Amiblu-logo-website-1.png\",\"contentUrl\":\"https:\\\/\\\/www.amiblu.com\\\/wp-content\\\/uploads\\\/2021\\\/01\\\/Amiblu-logo-website-1.png\",\"width\":201,\"height\":38,\"caption\":\"Amiblu Group\"},\"image\":{\"@id\":\"https:\\\/\\\/www.amiblu.com\\\/es\\\/#\\\/schema\\\/logo\\\/image\\\/\"},\"sameAs\":[\"https:\\\/\\\/www.facebook.com\\\/amiblupipes\",\"https:\\\/\\\/www.youtube.com\\\/c\\\/Amiblu\",\"https:\\\/\\\/de.wikipedia.org\\\/wiki\\\/Amiblu\",\"https:\\\/\\\/www.linkedin.com\\\/company\\\/amiblupipes\\\/\"]},{\"@type\":\"Person\",\"@id\":\"https:\\\/\\\/www.amiblu.com\\\/es\\\/#\\\/schema\\\/person\\\/4abd1603334fad5d8a0f94cfc539ff89\",\"name\":\"Noelia\",\"image\":{\"@type\":\"ImageObject\",\"inLanguage\":\"es\",\"@id\":\"https:\\\/\\\/secure.gravatar.com\\\/avatar\\\/9f9ebd2edffef3d993712c729db8694b50f6ee566a3ba3d6fc66fbe195f17ca7?s=96&d=mm&r=g\",\"url\":\"https:\\\/\\\/secure.gravatar.com\\\/avatar\\\/9f9ebd2edffef3d993712c729db8694b50f6ee566a3ba3d6fc66fbe195f17ca7?s=96&d=mm&r=g\",\"contentUrl\":\"https:\\\/\\\/secure.gravatar.com\\\/avatar\\\/9f9ebd2edffef3d993712c729db8694b50f6ee566a3ba3d6fc66fbe195f17ca7?s=96&d=mm&r=g\",\"caption\":\"Noelia\"}}]}<\/script>\n<!-- \/ Yoast SEO Premium plugin. -->","yoast_head_json":{"title":"Amiblu se adjudica el proyecto de modernizaci\u00f3n de regad\u00edos en Fraga, Aitona y Ser\u00f3s - Amiblu","description":"Amiblu se adjudica el proyecto de modernizaci\u00f3n de regad\u00edos en Fraga, Aitona y Ser\u00f3s, con el suministro de 15 km de tuber\u00edas PRFV.","robots":{"index":"index","follow":"follow","max-snippet":"max-snippet:-1","max-image-preview":"max-image-preview:large","max-video-preview":"max-video-preview:-1"},"canonical":"https:\/\/www.amiblu.com\/es\/amiblu-modernizacion-de-regadios-en-fraga-aitona-y-seros\/","og_locale":"es_ES","og_type":"article","og_title":"Amiblu se adjudica el proyecto de modernizaci\u00f3n de regad\u00edos en Fraga, Aitona y Ser\u00f3s","og_description":"Amiblu se adjudica el proyecto de modernizaci\u00f3n de regad\u00edos en Fraga, Aitona y Ser\u00f3s, con el suministro de 15 km de tuber\u00edas PRFV.","og_url":"https:\/\/www.amiblu.com\/es\/amiblu-modernizacion-de-regadios-en-fraga-aitona-y-seros\/","og_site_name":"Amiblu","article_publisher":"https:\/\/www.facebook.com\/amiblupipes","article_published_time":"2025-08-27T05:13:23+00:00","article_modified_time":"2025-08-27T05:21:04+00:00","og_image":[{"width":800,"height":500,"url":"https:\/\/www.amiblu.com\/wp-content\/uploads\/Amiblu-modernizacion-regadios-Fraga-Aitona-Seros.webp","type":"image\/webp"}],"author":"Noelia","twitter_card":"summary_large_image","twitter_misc":{"Escrito por":"Noelia","Tiempo de lectura":"2 minutos"},"schema":{"@context":"https:\/\/schema.org","@graph":[{"@type":"Article","@id":"https:\/\/www.amiblu.com\/es\/amiblu-modernizacion-de-regadios-en-fraga-aitona-y-seros\/#article","isPartOf":{"@id":"https:\/\/www.amiblu.com\/es\/amiblu-modernizacion-de-regadios-en-fraga-aitona-y-seros\/"},"author":{"name":"Noelia","@id":"https:\/\/www.amiblu.com\/es\/#\/schema\/person\/4abd1603334fad5d8a0f94cfc539ff89"},"headline":"Amiblu se adjudica el proyecto de modernizaci\u00f3n de regad\u00edos en Fraga, Aitona y Ser\u00f3s","datePublished":"2025-08-27T05:13:23+00:00","dateModified":"2025-08-27T05:21:04+00:00","mainEntityOfPage":{"@id":"https:\/\/www.amiblu.com\/es\/amiblu-modernizacion-de-regadios-en-fraga-aitona-y-seros\/"},"wordCount":949,"publisher":{"@id":"https:\/\/www.amiblu.com\/es\/#organization"},"image":{"@id":"https:\/\/www.amiblu.com\/es\/amiblu-modernizacion-de-regadios-en-fraga-aitona-y-seros\/#primaryimage"},"thumbnailUrl":"https:\/\/www.amiblu.com\/wp-content\/uploads\/Amiblu-modernizacion-regadios-Fraga-Aitona-Seros.webp","articleSection":["Noticias"],"inLanguage":"es"},{"@type":"WebPage","@id":"https:\/\/www.amiblu.com\/es\/amiblu-modernizacion-de-regadios-en-fraga-aitona-y-seros\/","url":"https:\/\/www.amiblu.com\/es\/amiblu-modernizacion-de-regadios-en-fraga-aitona-y-seros\/","name":"Amiblu se adjudica el proyecto de modernizaci\u00f3n de regad\u00edos en Fraga, Aitona y Ser\u00f3s - Amiblu","isPartOf":{"@id":"https:\/\/www.amiblu.com\/es\/#website"},"primaryImageOfPage":{"@id":"https:\/\/www.amiblu.com\/es\/amiblu-modernizacion-de-regadios-en-fraga-aitona-y-seros\/#primaryimage"},"image":{"@id":"https:\/\/www.amiblu.com\/es\/amiblu-modernizacion-de-regadios-en-fraga-aitona-y-seros\/#primaryimage"},"thumbnailUrl":"https:\/\/www.amiblu.com\/wp-content\/uploads\/Amiblu-modernizacion-regadios-Fraga-Aitona-Seros.webp","datePublished":"2025-08-27T05:13:23+00:00","dateModified":"2025-08-27T05:21:04+00:00","description":"Amiblu se adjudica el proyecto de modernizaci\u00f3n de regad\u00edos en Fraga, Aitona y Ser\u00f3s, con el suministro de 15 km de tuber\u00edas PRFV.","inLanguage":"es","potentialAction":[{"@type":"ReadAction","target":["https:\/\/www.amiblu.com\/es\/amiblu-modernizacion-de-regadios-en-fraga-aitona-y-seros\/"]}]},{"@type":"ImageObject","inLanguage":"es","@id":"https:\/\/www.amiblu.com\/es\/amiblu-modernizacion-de-regadios-en-fraga-aitona-y-seros\/#primaryimage","url":"https:\/\/www.amiblu.com\/wp-content\/uploads\/Amiblu-modernizacion-regadios-Fraga-Aitona-Seros.webp","contentUrl":"https:\/\/www.amiblu.com\/wp-content\/uploads\/Amiblu-modernizacion-regadios-Fraga-Aitona-Seros.webp","width":800,"height":500,"caption":"Amiblu participa en la modernizaci\u00f3n de regad\u00edos en Fraga, Aitona y Ser\u00f3s"},{"@type":"WebSite","@id":"https:\/\/www.amiblu.com\/es\/#website","url":"https:\/\/www.amiblu.com\/es\/","name":"Amiblu","description":"GFK-Rohrsysteme f\u00fcr Generationen","publisher":{"@id":"https:\/\/www.amiblu.com\/es\/#organization"},"potentialAction":[{"@type":"SearchAction","target":{"@type":"EntryPoint","urlTemplate":"https:\/\/www.amiblu.com\/es\/?s={search_term_string}"},"query-input":{"@type":"PropertyValueSpecification","valueRequired":true,"valueName":"search_term_string"}}],"inLanguage":"es"},{"@type":"Organization","@id":"https:\/\/www.amiblu.com\/es\/#organization","name":"Amiblu Group","url":"https:\/\/www.amiblu.com\/es\/","logo":{"@type":"ImageObject","inLanguage":"es","@id":"https:\/\/www.amiblu.com\/es\/#\/schema\/logo\/image\/","url":"https:\/\/www.amiblu.com\/wp-content\/uploads\/2021\/01\/Amiblu-logo-website-1.png","contentUrl":"https:\/\/www.amiblu.com\/wp-content\/uploads\/2021\/01\/Amiblu-logo-website-1.png","width":201,"height":38,"caption":"Amiblu Group"},"image":{"@id":"https:\/\/www.amiblu.com\/es\/#\/schema\/logo\/image\/"},"sameAs":["https:\/\/www.facebook.com\/amiblupipes","https:\/\/www.youtube.com\/c\/Amiblu","https:\/\/de.wikipedia.org\/wiki\/Amiblu","https:\/\/www.linkedin.com\/company\/amiblupipes\/"]},{"@type":"Person","@id":"https:\/\/www.amiblu.com\/es\/#\/schema\/person\/4abd1603334fad5d8a0f94cfc539ff89","name":"Noelia","image":{"@type":"ImageObject","inLanguage":"es","@id":"https:\/\/secure.gravatar.com\/avatar\/9f9ebd2edffef3d993712c729db8694b50f6ee566a3ba3d6fc66fbe195f17ca7?s=96&d=mm&r=g","url":"https:\/\/secure.gravatar.com\/avatar\/9f9ebd2edffef3d993712c729db8694b50f6ee566a3ba3d6fc66fbe195f17ca7?s=96&d=mm&r=g","contentUrl":"https:\/\/secure.gravatar.com\/avatar\/9f9ebd2edffef3d993712c729db8694b50f6ee566a3ba3d6fc66fbe195f17ca7?s=96&d=mm&r=g","caption":"Noelia"}}]}},"_links":{"self":[{"href":"https:\/\/www.amiblu.com\/es\/wp-json\/wp\/v2\/posts\/73694","targetHints":{"allow":["GET"]}}],"collection":[{"href":"https:\/\/www.amiblu.com\/es\/wp-json\/wp\/v2\/posts"}],"about":[{"href":"https:\/\/www.amiblu.com\/es\/wp-json\/wp\/v2\/types\/post"}],"author":[{"embeddable":true,"href":"https:\/\/www.amiblu.com\/es\/wp-json\/wp\/v2\/users\/15"}],"replies":[{"embeddable":true,"href":"https:\/\/www.amiblu.com\/es\/wp-json\/wp\/v2\/comments?post=73694"}],"version-history":[{"count":11,"href":"https:\/\/www.amiblu.com\/es\/wp-json\/wp\/v2\/posts\/73694\/revisions"}],"predecessor-version":[{"id":73959,"href":"https:\/\/www.amiblu.com\/es\/wp-json\/wp\/v2\/posts\/73694\/revisions\/73959"}],"wp:featuredmedia":[{"embeddable":true,"href":"https:\/\/www.amiblu.com\/es\/wp-json\/wp\/v2\/media\/73824"}],"wp:attachment":[{"href":"https:\/\/www.amiblu.com\/es\/wp-json\/wp\/v2\/media?parent=73694"}],"wp:term":[{"taxonomy":"category","embeddable":true,"href":"https:\/\/www.amiblu.com\/es\/wp-json\/wp\/v2\/categories?post=73694"},{"taxonomy":"post_tag","embeddable":true,"href":"https:\/\/www.amiblu.com\/es\/wp-json\/wp\/v2\/tags?post=73694"}],"curies":[{"name":"wp","href":"https:\/\/api.w.org\/{rel}","templated":true}]}}