{"id":74617,"date":"2025-10-23T15:28:50","date_gmt":"2025-10-23T13:28:50","guid":{"rendered":"https:\/\/www.amiblu.com\/?p=74617"},"modified":"2025-10-23T15:32:16","modified_gmt":"2025-10-23T13:32:16","slug":"amiblu-proyecto-renovacion-edar-fuente-el-saz-madrid","status":"publish","type":"post","link":"https:\/\/www.amiblu.com\/es\/amiblu-proyecto-renovacion-edar-fuente-el-saz-madrid\/","title":{"rendered":"Amiblu participa en el proyecto de renovaci\u00f3n de la EDAR de Fuente el Saz en Madrid"},"content":{"rendered":"<\/p>\n\n<style type=\"text\/css\" data-created_by=\"avia_inline_auto\" id=\"style-css-av-mern659j-82eeb381da953a5e084a3cd4d3841e9f\">\n.avia-image-container.av-mern659j-82eeb381da953a5e084a3cd4d3841e9f img.avia_image{\nbox-shadow:none;\n}\n.avia-image-container.av-mern659j-82eeb381da953a5e084a3cd4d3841e9f .av-image-caption-overlay-center{\ncolor:#ffffff;\n}\n<\/style>\n<div  class='avia-image-container av-mern659j-82eeb381da953a5e084a3cd4d3841e9f av-styling- avia-align-left  avia-builder-el-0  el_before_av_hr  avia-builder-el-first '   itemprop=\"image\" itemscope=\"itemscope\" itemtype=\"https:\/\/schema.org\/ImageObject\" ><div class=\"avia-image-container-inner\"><div class=\"avia-image-overlay-wrap\"><img fetchpriority=\"high\" fetchpriority=\"high\" decoding=\"async\" fetchpriority=\"high\" class='wp-image-74630 avia-img-lazy-loading-not-74630 avia_image ' src=\"https:\/\/www.amiblu.com\/wp-content\/uploads\/amiblu-proyecto-renovacion-EDAR-fuente-el-saz-madrid.jpg\" alt='Amiblu participa en el proyecto de renovaci\u00f3n de la EDAR de Fuente el Saz de Madrid' title='amiblu-proyecto-renovacion-EDAR-fuente-el-saz-madrid'  height=\"500\" width=\"800\"  itemprop=\"thumbnailUrl\" srcset=\"https:\/\/www.amiblu.com\/wp-content\/uploads\/amiblu-proyecto-renovacion-EDAR-fuente-el-saz-madrid.jpg 800w, https:\/\/www.amiblu.com\/wp-content\/uploads\/amiblu-proyecto-renovacion-EDAR-fuente-el-saz-madrid-300x188.jpg 300w, https:\/\/www.amiblu.com\/wp-content\/uploads\/amiblu-proyecto-renovacion-EDAR-fuente-el-saz-madrid-768x480.jpg 768w, https:\/\/www.amiblu.com\/wp-content\/uploads\/amiblu-proyecto-renovacion-EDAR-fuente-el-saz-madrid-705x441.jpg 705w\" sizes=\"(max-width: 800px) 100vw, 800px\" \/><\/div><\/div><\/div>\n\n<style type=\"text\/css\" data-created_by=\"avia_inline_auto\" id=\"style-css-av-mern6hl1-9c9ac82c1d8012b95f51b260d1539f06\">\n#top .hr.hr-invisible.av-mern6hl1-9c9ac82c1d8012b95f51b260d1539f06{\nheight:50px;\n}\n<\/style>\n<div  class='hr av-mern6hl1-9c9ac82c1d8012b95f51b260d1539f06 hr-invisible  avia-builder-el-1  el_after_av_image  el_before_av_textblock '><span class='hr-inner '><span class=\"hr-inner-style\"><\/span><\/span><\/div>\n<section  class='av_textblock_section av-mern7j3n-c9b5c55226f2a76c73dd87700b9484dc '   itemscope=\"itemscope\" itemtype=\"https:\/\/schema.org\/BlogPosting\" itemprop=\"blogPost\" ><div class='avia_textblock'  itemprop=\"text\" ><h1>Amiblu participa en el proyecto de renovaci\u00f3n de la EDAR Fuente el Saz de Madrid<\/h1>\n<\/div><\/section>\n<section  class='av_textblock_section av-mern8olt-63728549de772a7acb83ab58a1bdee59 '   itemscope=\"itemscope\" itemtype=\"https:\/\/schema.org\/BlogPosting\" itemprop=\"blogPost\" ><div class='avia_textblock'  itemprop=\"text\" ><p>Amiblu Pipes Spain participa en el proyecto de renovaci\u00f3n de la EDAR (Estaci\u00f3n Depuradora de Aguas Residuales) Fuente el Saz, en el t\u00e9rmino municipal Fuente el Saz de Jarama de Madrid. En concreto, Amiblu se ha adjudicado el suministro de 1,5 km de tuber\u00edas PRFV no circulares de grandes dimensiones, hasta 2,5 metros de di\u00e1metro en alg\u00fan tramo, para la renovaci\u00f3n del colector de aguas residuales que llega hasta la depuradora.<\/p>\n<p><span style=\"font-weight: 400;\">Esta adjudicaci\u00f3n a Amiblu forma parte del proyecto de \u00abRenovaci\u00f3n del emisario de entrada a la EDAR de Fuente el Saz (Madrid)\u00bb, que ejecuta Aqualia para el Canal de Isabel II, en el marco del plan de renovaci\u00f3n de las redes de alcantarillado de los municipios accionistas del Canal de Isabel II, adheridos al Plan Sanea. El proyecto consiste en la actuaci\u00f3n de renovaci\u00f3n de parte del colector de saneamiento municipal de Fuente el Saz de Jarama que discurre por la Ca\u00f1ada del Barco Viejo, Tramo 2, desde el entorno de la M-111, hasta su llegada a la Depuradora de Fuente el Saz, de pr\u00f3xima remodelaci\u00f3n.\u00a0<\/span><\/p>\n<p><span style=\"font-weight: 400;\">Tal y como se detalla en la memoria del proyecto, destaca que los t\u00e9cnicos decidieron cambiar el material definido inicialmente en la fase de an\u00e1lisis de proyecto, apostando por una soluci\u00f3n <\/span><i><span style=\"font-weight: 400;\">non circular<\/span><\/i><span style=\"font-weight: 400;\"> (NC) de tuber\u00edas de PRFV frente a los tradicionales marcos de horming\u00f3n armado (HA): <\/span><i><span style=\"font-weight: 400;\">\u201cTras el an\u00e1lisis de las interferencias existentes con las instalaciones ubicadas a lo largo de la traza (tendido el\u00e9ctrico, telefon\u00eda a\u00e9rea, etc) y las dificultades log\u00edsticas de ejecutar la obra con dicho material\u201d <\/span><\/i><span style=\"font-weight: 400;\">(refiri\u00e9ndose a \u2018marco armado\u2019), <\/span><i><span style=\"font-weight: 400;\">\u201cse sustituye la secci\u00f3n a una secci\u00f3n de PRFV de dimensiones m\u00e1ximas semejantes a las del marco, con mejores prestaciones hidr\u00e1ulicas, mejor mantenimiento, menor dificultad de ejecuci\u00f3n y econ\u00f3micamente compatible<\/span><\/i><span style=\"font-weight: 400;\">\u201d.\u00a0<\/span><\/p>\n<p><b>Aumenta la demanda de tuber\u00edas no circulares (NC)<\/b><\/p>\n<p><span style=\"font-weight: 400;\">La demanda de tuber\u00edas no circulares ha aumentado significativamente en Europa en los \u00faltimos a\u00f1os a causa del envejecimiento de los sistemas de alcantarillado urbano en las grandes ciudades. Las tuber\u00edas no circulares sirven, principalmente, para rehabilitar sistemas de saneamiento y colectores urbanos de aguas residuales, construidos hace decenas de a\u00f1os (incluso m\u00e1s de 100), que se han deteriorado con el paso de los a\u00f1os y\/o sufren problemas de corrosi\u00f3n y necesitan ser reparados.\u00a0<\/span><\/p>\n<p><span style=\"font-weight: 400;\">Son tuber\u00edas con distintos tipos de formas y secciones transversales no circulares. Gracias a su dise\u00f1o y sistema de implementaci\u00f3n, permiten rehabilitar los colectores de aguas antiguos, de forma definitiva y sin afectaciones importantes en la v\u00eda p\u00fablica, como ser\u00eda el levantamiento de suelo. Las tuber\u00edas no circulares se introducen dentro de los colectores antiguos \u2013ya deteriorados\u2013 mediante un m\u00e9todo de empuje y se unen con hormig\u00f3n, funcionando como un colector completamente nuevo y con una vida \u00fatil muy duradera.\u00a0<\/span><\/p>\n<p><span style=\"font-weight: 400;\">El proyecto de renovaci\u00f3n del emisario de entrada a la EDAR de Fuente el Saz cuenta con un presupuesto global de 12,6 millones de euros. Amiblu ya ha empezado a suministrar el material y est\u00e1 previsto que la obra finalice a lo largo de 2026.\u00a0<\/span><\/p>\n<\/div><\/section>\n","protected":false},"excerpt":{"rendered":"<p>Amiblu participa en el proyecto de renovaci\u00f3n de la EDAR de Fuente el Saz en Madrid<\/p>\n","protected":false},"author":15,"featured_media":74630,"comment_status":"closed","ping_status":"closed","sticky":false,"template":"","format":"standard","meta":{"_acf_changed":false,"footnotes":""},"categories":[164],"tags":[],"class_list":["post-74617","post","type-post","status-publish","format-standard","has-post-thumbnail","hentry","category-news-4"],"acf":[],"yoast_head":"<!-- This site is optimized with the Yoast SEO Premium plugin v27.5 (Yoast SEO v27.5) - https:\/\/yoast.com\/product\/yoast-seo-premium-wordpress\/ -->\n<title>amiblu proyecto renovaci\u00f3n EDAR Fuente el Saz de Madrid<\/title>\n<meta name=\"description\" content=\"Amiblu participa en el proyecto de renovaci\u00f3n del emisario de entrada a la EDAR de Fuente el Saz de Madrid.\" \/>\n<meta name=\"robots\" content=\"index, follow, max-snippet:-1, max-image-preview:large, max-video-preview:-1\" \/>\n<link rel=\"canonical\" href=\"https:\/\/www.amiblu.com\/es\/amiblu-proyecto-renovacion-edar-fuente-el-saz-madrid\/\" \/>\n<meta property=\"og:locale\" content=\"es_ES\" \/>\n<meta property=\"og:type\" content=\"article\" \/>\n<meta property=\"og:title\" content=\"Amiblu participa en el proyecto de renovaci\u00f3n de la EDAR de Fuente el Saz en Madrid\" \/>\n<meta property=\"og:description\" content=\"Amiblu participa en el proyecto de renovaci\u00f3n del emisario de entrada a la EDAR de Fuente el Saz de Madrid.\" \/>\n<meta property=\"og:url\" content=\"https:\/\/www.amiblu.com\/es\/amiblu-proyecto-renovacion-edar-fuente-el-saz-madrid\/\" \/>\n<meta property=\"og:site_name\" content=\"Amiblu\" \/>\n<meta property=\"article:publisher\" content=\"https:\/\/www.facebook.com\/amiblupipes\" \/>\n<meta property=\"article:published_time\" content=\"2025-10-23T13:28:50+00:00\" \/>\n<meta property=\"article:modified_time\" content=\"2025-10-23T13:32:16+00:00\" \/>\n<meta property=\"og:image\" content=\"https:\/\/www.amiblu.com\/wp-content\/uploads\/amiblu-proyecto-renovacion-EDAR-fuente-el-saz-madrid.jpg\" \/>\n\t<meta property=\"og:image:width\" content=\"800\" \/>\n\t<meta property=\"og:image:height\" content=\"500\" \/>\n\t<meta property=\"og:image:type\" content=\"image\/jpeg\" \/>\n<meta name=\"author\" content=\"Noelia\" \/>\n<meta name=\"twitter:card\" content=\"summary_large_image\" \/>\n<meta name=\"twitter:label1\" content=\"Escrito por\" \/>\n\t<meta name=\"twitter:data1\" content=\"Noelia\" \/>\n\t<meta name=\"twitter:label2\" content=\"Tiempo de lectura\" \/>\n\t<meta name=\"twitter:data2\" content=\"3 minutos\" \/>\n<script type=\"application\/ld+json\" class=\"yoast-schema-graph\">{\"@context\":\"https:\\\/\\\/schema.org\",\"@graph\":[{\"@type\":\"Article\",\"@id\":\"https:\\\/\\\/www.amiblu.com\\\/es\\\/amiblu-proyecto-renovacion-edar-fuente-el-saz-madrid\\\/#article\",\"isPartOf\":{\"@id\":\"https:\\\/\\\/www.amiblu.com\\\/es\\\/amiblu-proyecto-renovacion-edar-fuente-el-saz-madrid\\\/\"},\"author\":{\"name\":\"Noelia\",\"@id\":\"https:\\\/\\\/www.amiblu.com\\\/es\\\/#\\\/schema\\\/person\\\/4abd1603334fad5d8a0f94cfc539ff89\"},\"headline\":\"Amiblu participa en el proyecto de renovaci\u00f3n de la EDAR de Fuente el Saz en Madrid\",\"datePublished\":\"2025-10-23T13:28:50+00:00\",\"dateModified\":\"2025-10-23T13:32:16+00:00\",\"mainEntityOfPage\":{\"@id\":\"https:\\\/\\\/www.amiblu.com\\\/es\\\/amiblu-proyecto-renovacion-edar-fuente-el-saz-madrid\\\/\"},\"wordCount\":1056,\"publisher\":{\"@id\":\"https:\\\/\\\/www.amiblu.com\\\/es\\\/#organization\"},\"image\":{\"@id\":\"https:\\\/\\\/www.amiblu.com\\\/es\\\/amiblu-proyecto-renovacion-edar-fuente-el-saz-madrid\\\/#primaryimage\"},\"thumbnailUrl\":\"https:\\\/\\\/www.amiblu.com\\\/wp-content\\\/uploads\\\/amiblu-proyecto-renovacion-EDAR-fuente-el-saz-madrid.jpg\",\"articleSection\":[\"Noticias\"],\"inLanguage\":\"es\"},{\"@type\":\"WebPage\",\"@id\":\"https:\\\/\\\/www.amiblu.com\\\/es\\\/amiblu-proyecto-renovacion-edar-fuente-el-saz-madrid\\\/\",\"url\":\"https:\\\/\\\/www.amiblu.com\\\/es\\\/amiblu-proyecto-renovacion-edar-fuente-el-saz-madrid\\\/\",\"name\":\"amiblu proyecto renovaci\u00f3n EDAR Fuente el Saz de Madrid\",\"isPartOf\":{\"@id\":\"https:\\\/\\\/www.amiblu.com\\\/es\\\/#website\"},\"primaryImageOfPage\":{\"@id\":\"https:\\\/\\\/www.amiblu.com\\\/es\\\/amiblu-proyecto-renovacion-edar-fuente-el-saz-madrid\\\/#primaryimage\"},\"image\":{\"@id\":\"https:\\\/\\\/www.amiblu.com\\\/es\\\/amiblu-proyecto-renovacion-edar-fuente-el-saz-madrid\\\/#primaryimage\"},\"thumbnailUrl\":\"https:\\\/\\\/www.amiblu.com\\\/wp-content\\\/uploads\\\/amiblu-proyecto-renovacion-EDAR-fuente-el-saz-madrid.jpg\",\"datePublished\":\"2025-10-23T13:28:50+00:00\",\"dateModified\":\"2025-10-23T13:32:16+00:00\",\"description\":\"Amiblu participa en el proyecto de renovaci\u00f3n del emisario de entrada a la EDAR de Fuente el Saz de Madrid.\",\"inLanguage\":\"es\",\"potentialAction\":[{\"@type\":\"ReadAction\",\"target\":[\"https:\\\/\\\/www.amiblu.com\\\/es\\\/amiblu-proyecto-renovacion-edar-fuente-el-saz-madrid\\\/\"]}]},{\"@type\":\"ImageObject\",\"inLanguage\":\"es\",\"@id\":\"https:\\\/\\\/www.amiblu.com\\\/es\\\/amiblu-proyecto-renovacion-edar-fuente-el-saz-madrid\\\/#primaryimage\",\"url\":\"https:\\\/\\\/www.amiblu.com\\\/wp-content\\\/uploads\\\/amiblu-proyecto-renovacion-EDAR-fuente-el-saz-madrid.jpg\",\"contentUrl\":\"https:\\\/\\\/www.amiblu.com\\\/wp-content\\\/uploads\\\/amiblu-proyecto-renovacion-EDAR-fuente-el-saz-madrid.jpg\",\"width\":800,\"height\":500,\"caption\":\"Amiblu participa en el proyecto de renovaci\u00f3n de la EDAR de Fuente el Saz de Madrid\"},{\"@type\":\"WebSite\",\"@id\":\"https:\\\/\\\/www.amiblu.com\\\/es\\\/#website\",\"url\":\"https:\\\/\\\/www.amiblu.com\\\/es\\\/\",\"name\":\"Amiblu\",\"description\":\"GFK-Rohrsysteme f\u00fcr Generationen\",\"publisher\":{\"@id\":\"https:\\\/\\\/www.amiblu.com\\\/es\\\/#organization\"},\"potentialAction\":[{\"@type\":\"SearchAction\",\"target\":{\"@type\":\"EntryPoint\",\"urlTemplate\":\"https:\\\/\\\/www.amiblu.com\\\/es\\\/?s={search_term_string}\"},\"query-input\":{\"@type\":\"PropertyValueSpecification\",\"valueRequired\":true,\"valueName\":\"search_term_string\"}}],\"inLanguage\":\"es\"},{\"@type\":\"Organization\",\"@id\":\"https:\\\/\\\/www.amiblu.com\\\/es\\\/#organization\",\"name\":\"Amiblu Group\",\"url\":\"https:\\\/\\\/www.amiblu.com\\\/es\\\/\",\"logo\":{\"@type\":\"ImageObject\",\"inLanguage\":\"es\",\"@id\":\"https:\\\/\\\/www.amiblu.com\\\/es\\\/#\\\/schema\\\/logo\\\/image\\\/\",\"url\":\"https:\\\/\\\/www.amiblu.com\\\/wp-content\\\/uploads\\\/2021\\\/01\\\/Amiblu-logo-website-1.png\",\"contentUrl\":\"https:\\\/\\\/www.amiblu.com\\\/wp-content\\\/uploads\\\/2021\\\/01\\\/Amiblu-logo-website-1.png\",\"width\":201,\"height\":38,\"caption\":\"Amiblu Group\"},\"image\":{\"@id\":\"https:\\\/\\\/www.amiblu.com\\\/es\\\/#\\\/schema\\\/logo\\\/image\\\/\"},\"sameAs\":[\"https:\\\/\\\/www.facebook.com\\\/amiblupipes\",\"https:\\\/\\\/www.youtube.com\\\/c\\\/Amiblu\",\"https:\\\/\\\/de.wikipedia.org\\\/wiki\\\/Amiblu\",\"https:\\\/\\\/www.linkedin.com\\\/company\\\/amiblupipes\\\/\"]},{\"@type\":\"Person\",\"@id\":\"https:\\\/\\\/www.amiblu.com\\\/es\\\/#\\\/schema\\\/person\\\/4abd1603334fad5d8a0f94cfc539ff89\",\"name\":\"Noelia\",\"image\":{\"@type\":\"ImageObject\",\"inLanguage\":\"es\",\"@id\":\"https:\\\/\\\/secure.gravatar.com\\\/avatar\\\/9f9ebd2edffef3d993712c729db8694b50f6ee566a3ba3d6fc66fbe195f17ca7?s=96&d=mm&r=g\",\"url\":\"https:\\\/\\\/secure.gravatar.com\\\/avatar\\\/9f9ebd2edffef3d993712c729db8694b50f6ee566a3ba3d6fc66fbe195f17ca7?s=96&d=mm&r=g\",\"contentUrl\":\"https:\\\/\\\/secure.gravatar.com\\\/avatar\\\/9f9ebd2edffef3d993712c729db8694b50f6ee566a3ba3d6fc66fbe195f17ca7?s=96&d=mm&r=g\",\"caption\":\"Noelia\"}}]}<\/script>\n<!-- \/ Yoast SEO Premium plugin. -->","yoast_head_json":{"title":"amiblu proyecto renovaci\u00f3n EDAR Fuente el Saz de Madrid","description":"Amiblu participa en el proyecto de renovaci\u00f3n del emisario de entrada a la EDAR de Fuente el Saz de Madrid.","robots":{"index":"index","follow":"follow","max-snippet":"max-snippet:-1","max-image-preview":"max-image-preview:large","max-video-preview":"max-video-preview:-1"},"canonical":"https:\/\/www.amiblu.com\/es\/amiblu-proyecto-renovacion-edar-fuente-el-saz-madrid\/","og_locale":"es_ES","og_type":"article","og_title":"Amiblu participa en el proyecto de renovaci\u00f3n de la EDAR de Fuente el Saz en Madrid","og_description":"Amiblu participa en el proyecto de renovaci\u00f3n del emisario de entrada a la EDAR de Fuente el Saz de Madrid.","og_url":"https:\/\/www.amiblu.com\/es\/amiblu-proyecto-renovacion-edar-fuente-el-saz-madrid\/","og_site_name":"Amiblu","article_publisher":"https:\/\/www.facebook.com\/amiblupipes","article_published_time":"2025-10-23T13:28:50+00:00","article_modified_time":"2025-10-23T13:32:16+00:00","og_image":[{"width":800,"height":500,"url":"https:\/\/www.amiblu.com\/wp-content\/uploads\/amiblu-proyecto-renovacion-EDAR-fuente-el-saz-madrid.jpg","type":"image\/jpeg"}],"author":"Noelia","twitter_card":"summary_large_image","twitter_misc":{"Escrito por":"Noelia","Tiempo de lectura":"3 minutos"},"schema":{"@context":"https:\/\/schema.org","@graph":[{"@type":"Article","@id":"https:\/\/www.amiblu.com\/es\/amiblu-proyecto-renovacion-edar-fuente-el-saz-madrid\/#article","isPartOf":{"@id":"https:\/\/www.amiblu.com\/es\/amiblu-proyecto-renovacion-edar-fuente-el-saz-madrid\/"},"author":{"name":"Noelia","@id":"https:\/\/www.amiblu.com\/es\/#\/schema\/person\/4abd1603334fad5d8a0f94cfc539ff89"},"headline":"Amiblu participa en el proyecto de renovaci\u00f3n de la EDAR de Fuente el Saz en Madrid","datePublished":"2025-10-23T13:28:50+00:00","dateModified":"2025-10-23T13:32:16+00:00","mainEntityOfPage":{"@id":"https:\/\/www.amiblu.com\/es\/amiblu-proyecto-renovacion-edar-fuente-el-saz-madrid\/"},"wordCount":1056,"publisher":{"@id":"https:\/\/www.amiblu.com\/es\/#organization"},"image":{"@id":"https:\/\/www.amiblu.com\/es\/amiblu-proyecto-renovacion-edar-fuente-el-saz-madrid\/#primaryimage"},"thumbnailUrl":"https:\/\/www.amiblu.com\/wp-content\/uploads\/amiblu-proyecto-renovacion-EDAR-fuente-el-saz-madrid.jpg","articleSection":["Noticias"],"inLanguage":"es"},{"@type":"WebPage","@id":"https:\/\/www.amiblu.com\/es\/amiblu-proyecto-renovacion-edar-fuente-el-saz-madrid\/","url":"https:\/\/www.amiblu.com\/es\/amiblu-proyecto-renovacion-edar-fuente-el-saz-madrid\/","name":"amiblu proyecto renovaci\u00f3n EDAR Fuente el Saz de Madrid","isPartOf":{"@id":"https:\/\/www.amiblu.com\/es\/#website"},"primaryImageOfPage":{"@id":"https:\/\/www.amiblu.com\/es\/amiblu-proyecto-renovacion-edar-fuente-el-saz-madrid\/#primaryimage"},"image":{"@id":"https:\/\/www.amiblu.com\/es\/amiblu-proyecto-renovacion-edar-fuente-el-saz-madrid\/#primaryimage"},"thumbnailUrl":"https:\/\/www.amiblu.com\/wp-content\/uploads\/amiblu-proyecto-renovacion-EDAR-fuente-el-saz-madrid.jpg","datePublished":"2025-10-23T13:28:50+00:00","dateModified":"2025-10-23T13:32:16+00:00","description":"Amiblu participa en el proyecto de renovaci\u00f3n del emisario de entrada a la EDAR de Fuente el Saz de Madrid.","inLanguage":"es","potentialAction":[{"@type":"ReadAction","target":["https:\/\/www.amiblu.com\/es\/amiblu-proyecto-renovacion-edar-fuente-el-saz-madrid\/"]}]},{"@type":"ImageObject","inLanguage":"es","@id":"https:\/\/www.amiblu.com\/es\/amiblu-proyecto-renovacion-edar-fuente-el-saz-madrid\/#primaryimage","url":"https:\/\/www.amiblu.com\/wp-content\/uploads\/amiblu-proyecto-renovacion-EDAR-fuente-el-saz-madrid.jpg","contentUrl":"https:\/\/www.amiblu.com\/wp-content\/uploads\/amiblu-proyecto-renovacion-EDAR-fuente-el-saz-madrid.jpg","width":800,"height":500,"caption":"Amiblu participa en el proyecto de renovaci\u00f3n de la EDAR de Fuente el Saz de Madrid"},{"@type":"WebSite","@id":"https:\/\/www.amiblu.com\/es\/#website","url":"https:\/\/www.amiblu.com\/es\/","name":"Amiblu","description":"GFK-Rohrsysteme f\u00fcr Generationen","publisher":{"@id":"https:\/\/www.amiblu.com\/es\/#organization"},"potentialAction":[{"@type":"SearchAction","target":{"@type":"EntryPoint","urlTemplate":"https:\/\/www.amiblu.com\/es\/?s={search_term_string}"},"query-input":{"@type":"PropertyValueSpecification","valueRequired":true,"valueName":"search_term_string"}}],"inLanguage":"es"},{"@type":"Organization","@id":"https:\/\/www.amiblu.com\/es\/#organization","name":"Amiblu Group","url":"https:\/\/www.amiblu.com\/es\/","logo":{"@type":"ImageObject","inLanguage":"es","@id":"https:\/\/www.amiblu.com\/es\/#\/schema\/logo\/image\/","url":"https:\/\/www.amiblu.com\/wp-content\/uploads\/2021\/01\/Amiblu-logo-website-1.png","contentUrl":"https:\/\/www.amiblu.com\/wp-content\/uploads\/2021\/01\/Amiblu-logo-website-1.png","width":201,"height":38,"caption":"Amiblu Group"},"image":{"@id":"https:\/\/www.amiblu.com\/es\/#\/schema\/logo\/image\/"},"sameAs":["https:\/\/www.facebook.com\/amiblupipes","https:\/\/www.youtube.com\/c\/Amiblu","https:\/\/de.wikipedia.org\/wiki\/Amiblu","https:\/\/www.linkedin.com\/company\/amiblupipes\/"]},{"@type":"Person","@id":"https:\/\/www.amiblu.com\/es\/#\/schema\/person\/4abd1603334fad5d8a0f94cfc539ff89","name":"Noelia","image":{"@type":"ImageObject","inLanguage":"es","@id":"https:\/\/secure.gravatar.com\/avatar\/9f9ebd2edffef3d993712c729db8694b50f6ee566a3ba3d6fc66fbe195f17ca7?s=96&d=mm&r=g","url":"https:\/\/secure.gravatar.com\/avatar\/9f9ebd2edffef3d993712c729db8694b50f6ee566a3ba3d6fc66fbe195f17ca7?s=96&d=mm&r=g","contentUrl":"https:\/\/secure.gravatar.com\/avatar\/9f9ebd2edffef3d993712c729db8694b50f6ee566a3ba3d6fc66fbe195f17ca7?s=96&d=mm&r=g","caption":"Noelia"}}]}},"_links":{"self":[{"href":"https:\/\/www.amiblu.com\/es\/wp-json\/wp\/v2\/posts\/74617","targetHints":{"allow":["GET"]}}],"collection":[{"href":"https:\/\/www.amiblu.com\/es\/wp-json\/wp\/v2\/posts"}],"about":[{"href":"https:\/\/www.amiblu.com\/es\/wp-json\/wp\/v2\/types\/post"}],"author":[{"embeddable":true,"href":"https:\/\/www.amiblu.com\/es\/wp-json\/wp\/v2\/users\/15"}],"replies":[{"embeddable":true,"href":"https:\/\/www.amiblu.com\/es\/wp-json\/wp\/v2\/comments?post=74617"}],"version-history":[{"count":15,"href":"https:\/\/www.amiblu.com\/es\/wp-json\/wp\/v2\/posts\/74617\/revisions"}],"predecessor-version":[{"id":74764,"href":"https:\/\/www.amiblu.com\/es\/wp-json\/wp\/v2\/posts\/74617\/revisions\/74764"}],"wp:featuredmedia":[{"embeddable":true,"href":"https:\/\/www.amiblu.com\/es\/wp-json\/wp\/v2\/media\/74630"}],"wp:attachment":[{"href":"https:\/\/www.amiblu.com\/es\/wp-json\/wp\/v2\/media?parent=74617"}],"wp:term":[{"taxonomy":"category","embeddable":true,"href":"https:\/\/www.amiblu.com\/es\/wp-json\/wp\/v2\/categories?post=74617"},{"taxonomy":"post_tag","embeddable":true,"href":"https:\/\/www.amiblu.com\/es\/wp-json\/wp\/v2\/tags?post=74617"}],"curies":[{"name":"wp","href":"https:\/\/api.w.org\/{rel}","templated":true}]}}