{"id":74667,"date":"2025-11-05T12:38:28","date_gmt":"2025-11-05T11:38:28","guid":{"rendered":"https:\/\/www.amiblu.com\/?p=74667"},"modified":"2025-11-05T12:38:32","modified_gmt":"2025-11-05T11:38:32","slug":"entrevista-eduard-baurier-tuberias-prfv-para-el-riego-para-acatcor","status":"publish","type":"post","link":"https:\/\/www.amiblu.com\/es\/entrevista-eduard-baurier-tuberias-prfv-para-el-riego-para-acatcor\/","title":{"rendered":"\u00abEl PRFV es, hoy en d\u00eda, el material m\u00e1s instalado en el riego a partir de DN500 en toda la gama de presiones\u00bb"},"content":{"rendered":"<\/p>\n\n<style type=\"text\/css\" data-created_by=\"avia_inline_auto\" id=\"style-css-av-mf0r5eu5-d0a30e8a8999b984091d92c85b58adb6\">\n.avia-image-container.av-mf0r5eu5-d0a30e8a8999b984091d92c85b58adb6 img.avia_image{\nbox-shadow:none;\n}\n.avia-image-container.av-mf0r5eu5-d0a30e8a8999b984091d92c85b58adb6 .av-image-caption-overlay-center{\ncolor:#ffffff;\n}\n<\/style>\n<div  class='avia-image-container av-mf0r5eu5-d0a30e8a8999b984091d92c85b58adb6 av-styling- avia-align-left  avia-builder-el-0  el_before_av_hr  avia-builder-el-first '   itemprop=\"image\" itemscope=\"itemscope\" itemtype=\"https:\/\/schema.org\/ImageObject\" ><div class=\"avia-image-container-inner\"><div class=\"avia-image-overlay-wrap\"><img fetchpriority=\"high\" fetchpriority=\"high\" decoding=\"async\" fetchpriority=\"high\" class='wp-image-74668 avia-img-lazy-loading-not-74668 avia_image ' src=\"https:\/\/www.amiblu.com\/wp-content\/uploads\/amiblu-pipes-spain-eduard-baurier-PRFV-regadio-entrevista-ACATCOR.jpg\" alt='Eduard Baurier, delegado comercial de Amiblu Pipes Spain, habla del PRFV para regad\u00edo en una rentrevista para ACATCOR' title='amiblu-pipes-spain-eduard-baurier-PRFV-regadio-entrevista-ACATCOR'  height=\"500\" width=\"800\"  itemprop=\"thumbnailUrl\" srcset=\"https:\/\/www.amiblu.com\/wp-content\/uploads\/amiblu-pipes-spain-eduard-baurier-PRFV-regadio-entrevista-ACATCOR.jpg 800w, https:\/\/www.amiblu.com\/wp-content\/uploads\/amiblu-pipes-spain-eduard-baurier-PRFV-regadio-entrevista-ACATCOR-300x188.jpg 300w, https:\/\/www.amiblu.com\/wp-content\/uploads\/amiblu-pipes-spain-eduard-baurier-PRFV-regadio-entrevista-ACATCOR-768x480.jpg 768w, https:\/\/www.amiblu.com\/wp-content\/uploads\/amiblu-pipes-spain-eduard-baurier-PRFV-regadio-entrevista-ACATCOR-705x441.jpg 705w\" sizes=\"(max-width: 800px) 100vw, 800px\" \/><\/div><\/div><\/div>\n\n<style type=\"text\/css\" data-created_by=\"avia_inline_auto\" id=\"style-css-av-mf0r6c2n-77bc2179184770abb4fe74a1cb6024fd\">\n#top .hr.hr-invisible.av-mf0r6c2n-77bc2179184770abb4fe74a1cb6024fd{\nheight:20px;\n}\n<\/style>\n<div  class='hr av-mf0r6c2n-77bc2179184770abb4fe74a1cb6024fd hr-invisible  avia-builder-el-1  el_after_av_image  el_before_av_heading '><span class='hr-inner '><span class=\"hr-inner-style\"><\/span><\/span><\/div>\n\n<style type=\"text\/css\" data-created_by=\"avia_inline_auto\" id=\"style-css-av-mf0r72mo-aa31ef28491f0d15763396de3bf9edb9\">\n#top .av-special-heading.av-mf0r72mo-aa31ef28491f0d15763396de3bf9edb9{\npadding-bottom:10px;\n}\nbody .av-special-heading.av-mf0r72mo-aa31ef28491f0d15763396de3bf9edb9 .av-special-heading-tag .heading-char{\nfont-size:25px;\n}\n.av-special-heading.av-mf0r72mo-aa31ef28491f0d15763396de3bf9edb9 .av-subheading{\nfont-size:15px;\n}\n<\/style>\n<div  class='av-special-heading av-mf0r72mo-aa31ef28491f0d15763396de3bf9edb9 av-special-heading-h1  avia-builder-el-2  el_after_av_hr  el_before_av_hr '><h1 class='av-special-heading-tag '  itemprop=\"headline\"  >\u00abEl PRFV es, hoy en d\u00eda, el material m\u00e1s instalado en el riego a partir de DN500 en toda la gama de presiones\u00bb<\/h1><div class=\"special-heading-border\"><div class=\"special-heading-inner-border\"><\/div><\/div><\/div>\n\n<style type=\"text\/css\" data-created_by=\"avia_inline_auto\" id=\"style-css-av-mf0r7inz-6023e43ab365e345186d497cf5e57e1b\">\n#top .hr.hr-invisible.av-mf0r7inz-6023e43ab365e345186d497cf5e57e1b{\nheight:20px;\n}\n<\/style>\n<div  class='hr av-mf0r7inz-6023e43ab365e345186d497cf5e57e1b hr-invisible  avia-builder-el-3  el_after_av_heading  el_before_av_textblock '><span class='hr-inner '><span class=\"hr-inner-style\"><\/span><\/span><\/div>\n<section  class='av_textblock_section av-mf0rvn91-8838bfde457be428929f5829910e2659 '   itemscope=\"itemscope\" itemtype=\"https:\/\/schema.org\/BlogPosting\" itemprop=\"blogPost\" ><div class='avia_textblock'  itemprop=\"text\" ><h3><strong>Entrevista a Eduard Baurier, Regional Sales Manager d&#8217;Amiblu Pipes Spain, para ACATCOR<\/strong><\/h3>\n<p><strong>El futuro del campo pasa por una correcta gesti\u00f3n del agua. \u00bfPor qu\u00e9 la modernizaci\u00f3n de los regad\u00edos es tan importante?<\/strong><\/p>\n<p>Los regantes necesitan regar y gastar lo m\u00ednimo. La modernizaci\u00f3n de los regad\u00edos no es s\u00f3lo una necesidad t\u00e9cnica, sino un elemento clave para la supervivencia de las comunidades agrarias. Optimizar los recursos h\u00eddricos y hacer m\u00e1s eficiente la gesti\u00f3n del agua y la energ\u00eda en las estaciones de bombeo son imprescindibles para garantizar la sostenibilidad del sector.<\/p>\n<p><strong>\u00bfY por qu\u00e9 instalar PRFV en lugar de hormig\u00f3n o acero?<\/strong><\/p>\n<p>Porque las tuber\u00edas de Poli\u00e9ster Reforzado con Fibra de Vidrio (PRFV) son ideales para el riego y ofrecen m\u00faltiples ventajas respecto a los materiales tradicionales.<\/p>\n<p><strong>Especifique cu\u00e1les son las ventajas.<\/strong><\/p>\n<p>El PRFV tiene un menor coste de mantenimiento, excelente comportamiento hidr\u00e1ulico, alta durabilidad y ausencia de corrosi\u00f3n. Adem\u00e1s, con una vida \u00fatil muy duradera, las tuber\u00edas de PRFV tienen un impacto en CO2 tres veces inferior y son m\u00e1s ligeras y f\u00e1ciles de transportar y manipular y m\u00e1s eficientes energ\u00e9ticamente, porque suponen un ahorro en el consumo de energ\u00eda de casi un 30%. De hecho, el PRFV es, hoy en d\u00eda, el material m\u00e1s instalado en el riego a partir de DN500 y en toda la gama de presiones.<\/p>\n<p><strong>\u00bfY qu\u00e9 papel juega Amiblu en el sector?<\/strong><\/p>\n<p>Amiblu es l\u00edder mundial en tuber\u00edas de PRFV y desarrolla proyectos en m\u00e1s de 50 pa\u00edses. Desde nuestra planta de producci\u00f3n de Camarles, en Tarragona, suministramos anualmente alrededor de 250 km de tuber\u00edas para riego y, en los \u00faltimos tres a\u00f1os, hemos experimentado un significativo aumento del negocio gracias a los fondos Next Generation, que han impulsado numerosas adjudicaciones en proyectos de regad\u00edo.<\/p>\n<p><strong>\u00bfEn qu\u00e9 proyectos de riego han participado?<\/strong><\/p>\n<p>Hemos participado en proyectos muy relevantes, entre los que destaca el <a href=\"https:\/\/www.amiblu.com\/es\/finalizan-las-obras-de-modernizacion-del-sifon-del-bronco\/\" target=\"_blank\" rel=\"noopener\">proyecto de reparaci\u00f3n y modernizaci\u00f3n del Sif\u00f3n del Bronco, en Montehermoso (C\u00e1ceres)<\/a>, con dos tuber\u00edas a\u00e9reas y en paralelo de 675 metros de longitud y DN 3.000, el mayor di\u00e1metro de PRFV para regad\u00edo fabricado y suministrado; la construcci\u00f3n de una nueva red de riego para Canal Segarra Garrigues (Lleida), con m\u00e1s de 60 km suministrados en el proyecto hidr\u00e1ulico m\u00e1s importante llevado a cabo en Catalu\u00f1a; el suministro de 90,1 km de tuber\u00edas de PRFV en el <a href=\"https:\/\/www.amiblu.com\/es\/adjudicacion-prfv-regadio-leon\/\" target=\"_blank\" rel=\"noopener\">Canal de la Margen Izquierda del Porma (Le\u00f3n)<\/a>; la obra del <a href=\"https:\/\/www.amiblu.com\/es\/amiblu-pipes-spain-65-km-tuberias-para-el-sifon-de-cardiel\/\" target=\"_blank\" rel=\"noopener\">Sif\u00f3n del Cardiel \u2013Sectores VI, VII y XVII de la zona regable de Monegros II en Fraga y Ballobar (Arag\u00f3n)<\/a>\u2013 adjudicada en noviembre de 2023, o el proyecto de mejora en el aprovechamiento de agua y ahorro de energ\u00eda para las Comunidades de Regantes del Sector X y XI del <a href=\"https:\/\/www.amiblu.com\/es\/regadio-canal-del-flumen\/\" target=\"_blank\" rel=\"noopener\">Canal del Flumen<\/a> , la adjudicaci\u00f3n m\u00e1s importante que ha conseguido Amiblu Pipes Spain a fecha de hoy. Por nombrar s\u00f3lo algunos proyectos\u2026<\/p>\n<p><strong>La innovaci\u00f3n forma parte del ADN de Amiblu. \u00bfQu\u00e9 novedades han lanzado recientemente?<\/strong><\/p>\n<p>Hemos lanzado al mercado <a href=\"https:\/\/www.amiblu.com\/es\/tuberias-prox\/\" target=\"_blank\" rel=\"noopener\">Amiblu PROX, una nueva gama de tuber\u00edas PRFV de bajas emisiones<\/a>, con capacidad de ofrecer el mismo rendimiento que las tuber\u00edas PRFV convencionales pero con una huella de carbono significativamente menor.<\/p>\n<p><strong>\u00bfC\u00f3mo lo logra?<\/strong><\/p>\n<p>Gracias a su proceso de fabricaci\u00f3n y transporte, Amiblu PROX consigue una reducci\u00f3n de hasta el 40% en las emisiones de CO2, sin comprometer la calidad, el rendimiento ni la durabilidad.<\/p>\n<p>Las nuevas tuber\u00edas sostenibles Amiblu PROX marcan un nuevo referente en la industria del PRFV y la ingenier\u00eda sostenible, y ya han sido instaladas en el proyecto de mejora y ampliaci\u00f3n de la planta potabilizadora de La Presa de Manises (Valencia), que gestiona Global Omnium.<\/p>\n<\/div><\/section>\n","protected":false},"excerpt":{"rendered":"<p>Eduard Baurier, delegado comercial de Amiblu Pipes Spain, habla del PRFV para regad\u00edo en una rentrevista publicada por ACATCOR<\/p>\n","protected":false},"author":15,"featured_media":74668,"comment_status":"closed","ping_status":"closed","sticky":false,"template":"","format":"standard","meta":{"_acf_changed":false,"footnotes":""},"categories":[164],"tags":[],"class_list":["post-74667","post","type-post","status-publish","format-standard","has-post-thumbnail","hentry","category-news-4"],"acf":[],"yoast_head":"<!-- This site is optimized with the Yoast SEO Premium plugin v27.4 (Yoast SEO v27.4) - https:\/\/yoast.com\/product\/yoast-seo-premium-wordpress\/ -->\n<title>&quot;El PRFV es, hoy en d\u00eda, el material m\u00e1s instalado en el riego a partir de DN500 en toda la gama de presiones&quot; - Amiblu<\/title>\n<meta name=\"description\" content=\"Entrevista a Eduard Baurier, delegado comercial de Amiblu Pipes Spain, sobre el PRFV para riego, en una rentrevista publicada por ACATCOR.\" \/>\n<meta name=\"robots\" content=\"index, follow, max-snippet:-1, max-image-preview:large, max-video-preview:-1\" \/>\n<link rel=\"canonical\" href=\"https:\/\/www.amiblu.com\/es\/entrevista-eduard-baurier-tuberias-prfv-para-el-riego-para-acatcor\/\" \/>\n<meta property=\"og:locale\" content=\"es_ES\" \/>\n<meta property=\"og:type\" content=\"article\" \/>\n<meta property=\"og:title\" content=\"&quot;El PRFV es, hoy en d\u00eda, el material m\u00e1s instalado en el riego a partir de DN500 en toda la gama de presiones&quot;\" \/>\n<meta property=\"og:description\" content=\"Entrevista a Eduard Baurier, delegado comercial de Amiblu Pipes Spain, sobre el PRFV para riego, en una rentrevista publicada por ACATCOR.\" \/>\n<meta property=\"og:url\" content=\"https:\/\/www.amiblu.com\/es\/entrevista-eduard-baurier-tuberias-prfv-para-el-riego-para-acatcor\/\" \/>\n<meta property=\"og:site_name\" content=\"Amiblu\" \/>\n<meta property=\"article:publisher\" content=\"https:\/\/www.facebook.com\/amiblupipes\" \/>\n<meta property=\"article:published_time\" content=\"2025-11-05T11:38:28+00:00\" \/>\n<meta property=\"article:modified_time\" content=\"2025-11-05T11:38:32+00:00\" \/>\n<meta property=\"og:image\" content=\"https:\/\/www.amiblu.com\/wp-content\/uploads\/amiblu-pipes-spain-eduard-baurier-PRFV-regadio-entrevista-ACATCOR.jpg\" \/>\n\t<meta property=\"og:image:width\" content=\"800\" \/>\n\t<meta property=\"og:image:height\" content=\"500\" \/>\n\t<meta property=\"og:image:type\" content=\"image\/jpeg\" \/>\n<meta name=\"author\" content=\"Noelia\" \/>\n<meta name=\"twitter:card\" content=\"summary_large_image\" \/>\n<meta name=\"twitter:label1\" content=\"Escrito por\" \/>\n\t<meta name=\"twitter:data1\" content=\"Noelia\" \/>\n\t<meta name=\"twitter:label2\" content=\"Tiempo de lectura\" \/>\n\t<meta name=\"twitter:data2\" content=\"3 minutos\" \/>\n<script type=\"application\/ld+json\" class=\"yoast-schema-graph\">{\"@context\":\"https:\\\/\\\/schema.org\",\"@graph\":[{\"@type\":\"Article\",\"@id\":\"https:\\\/\\\/www.amiblu.com\\\/es\\\/entrevista-eduard-baurier-tuberias-prfv-para-el-riego-para-acatcor\\\/#article\",\"isPartOf\":{\"@id\":\"https:\\\/\\\/www.amiblu.com\\\/es\\\/entrevista-eduard-baurier-tuberias-prfv-para-el-riego-para-acatcor\\\/\"},\"author\":{\"name\":\"Noelia\",\"@id\":\"https:\\\/\\\/www.amiblu.com\\\/es\\\/#\\\/schema\\\/person\\\/4abd1603334fad5d8a0f94cfc539ff89\"},\"headline\":\"\u00abEl PRFV es, hoy en d\u00eda, el material m\u00e1s instalado en el riego a partir de DN500 en toda la gama de presiones\u00bb\",\"datePublished\":\"2025-11-05T11:38:28+00:00\",\"dateModified\":\"2025-11-05T11:38:32+00:00\",\"mainEntityOfPage\":{\"@id\":\"https:\\\/\\\/www.amiblu.com\\\/es\\\/entrevista-eduard-baurier-tuberias-prfv-para-el-riego-para-acatcor\\\/\"},\"wordCount\":1287,\"publisher\":{\"@id\":\"https:\\\/\\\/www.amiblu.com\\\/es\\\/#organization\"},\"image\":{\"@id\":\"https:\\\/\\\/www.amiblu.com\\\/es\\\/entrevista-eduard-baurier-tuberias-prfv-para-el-riego-para-acatcor\\\/#primaryimage\"},\"thumbnailUrl\":\"https:\\\/\\\/www.amiblu.com\\\/wp-content\\\/uploads\\\/amiblu-pipes-spain-eduard-baurier-PRFV-regadio-entrevista-ACATCOR.jpg\",\"articleSection\":[\"Noticias\"],\"inLanguage\":\"es\"},{\"@type\":\"WebPage\",\"@id\":\"https:\\\/\\\/www.amiblu.com\\\/es\\\/entrevista-eduard-baurier-tuberias-prfv-para-el-riego-para-acatcor\\\/\",\"url\":\"https:\\\/\\\/www.amiblu.com\\\/es\\\/entrevista-eduard-baurier-tuberias-prfv-para-el-riego-para-acatcor\\\/\",\"name\":\"\\\"El PRFV es, hoy en d\u00eda, el material m\u00e1s instalado en el riego a partir de DN500 en toda la gama de presiones\\\" - Amiblu\",\"isPartOf\":{\"@id\":\"https:\\\/\\\/www.amiblu.com\\\/es\\\/#website\"},\"primaryImageOfPage\":{\"@id\":\"https:\\\/\\\/www.amiblu.com\\\/es\\\/entrevista-eduard-baurier-tuberias-prfv-para-el-riego-para-acatcor\\\/#primaryimage\"},\"image\":{\"@id\":\"https:\\\/\\\/www.amiblu.com\\\/es\\\/entrevista-eduard-baurier-tuberias-prfv-para-el-riego-para-acatcor\\\/#primaryimage\"},\"thumbnailUrl\":\"https:\\\/\\\/www.amiblu.com\\\/wp-content\\\/uploads\\\/amiblu-pipes-spain-eduard-baurier-PRFV-regadio-entrevista-ACATCOR.jpg\",\"datePublished\":\"2025-11-05T11:38:28+00:00\",\"dateModified\":\"2025-11-05T11:38:32+00:00\",\"description\":\"Entrevista a Eduard Baurier, delegado comercial de Amiblu Pipes Spain, sobre el PRFV para riego, en una rentrevista publicada por ACATCOR.\",\"inLanguage\":\"es\",\"potentialAction\":[{\"@type\":\"ReadAction\",\"target\":[\"https:\\\/\\\/www.amiblu.com\\\/es\\\/entrevista-eduard-baurier-tuberias-prfv-para-el-riego-para-acatcor\\\/\"]}]},{\"@type\":\"ImageObject\",\"inLanguage\":\"es\",\"@id\":\"https:\\\/\\\/www.amiblu.com\\\/es\\\/entrevista-eduard-baurier-tuberias-prfv-para-el-riego-para-acatcor\\\/#primaryimage\",\"url\":\"https:\\\/\\\/www.amiblu.com\\\/wp-content\\\/uploads\\\/amiblu-pipes-spain-eduard-baurier-PRFV-regadio-entrevista-ACATCOR.jpg\",\"contentUrl\":\"https:\\\/\\\/www.amiblu.com\\\/wp-content\\\/uploads\\\/amiblu-pipes-spain-eduard-baurier-PRFV-regadio-entrevista-ACATCOR.jpg\",\"width\":800,\"height\":500,\"caption\":\"Eduard Baurier, delegado comercial de Amiblu Pipes Spain, habla del PRFV para regad\u00edo en una rentrevista para ACATCOR\"},{\"@type\":\"WebSite\",\"@id\":\"https:\\\/\\\/www.amiblu.com\\\/es\\\/#website\",\"url\":\"https:\\\/\\\/www.amiblu.com\\\/es\\\/\",\"name\":\"Amiblu\",\"description\":\"GFK-Rohrsysteme f\u00fcr Generationen\",\"publisher\":{\"@id\":\"https:\\\/\\\/www.amiblu.com\\\/es\\\/#organization\"},\"potentialAction\":[{\"@type\":\"SearchAction\",\"target\":{\"@type\":\"EntryPoint\",\"urlTemplate\":\"https:\\\/\\\/www.amiblu.com\\\/es\\\/?s={search_term_string}\"},\"query-input\":{\"@type\":\"PropertyValueSpecification\",\"valueRequired\":true,\"valueName\":\"search_term_string\"}}],\"inLanguage\":\"es\"},{\"@type\":\"Organization\",\"@id\":\"https:\\\/\\\/www.amiblu.com\\\/es\\\/#organization\",\"name\":\"Amiblu Group\",\"url\":\"https:\\\/\\\/www.amiblu.com\\\/es\\\/\",\"logo\":{\"@type\":\"ImageObject\",\"inLanguage\":\"es\",\"@id\":\"https:\\\/\\\/www.amiblu.com\\\/es\\\/#\\\/schema\\\/logo\\\/image\\\/\",\"url\":\"https:\\\/\\\/www.amiblu.com\\\/wp-content\\\/uploads\\\/2021\\\/01\\\/Amiblu-logo-website-1.png\",\"contentUrl\":\"https:\\\/\\\/www.amiblu.com\\\/wp-content\\\/uploads\\\/2021\\\/01\\\/Amiblu-logo-website-1.png\",\"width\":201,\"height\":38,\"caption\":\"Amiblu Group\"},\"image\":{\"@id\":\"https:\\\/\\\/www.amiblu.com\\\/es\\\/#\\\/schema\\\/logo\\\/image\\\/\"},\"sameAs\":[\"https:\\\/\\\/www.facebook.com\\\/amiblupipes\",\"https:\\\/\\\/www.youtube.com\\\/c\\\/Amiblu\",\"https:\\\/\\\/de.wikipedia.org\\\/wiki\\\/Amiblu\",\"https:\\\/\\\/www.linkedin.com\\\/company\\\/amiblupipes\\\/\"]},{\"@type\":\"Person\",\"@id\":\"https:\\\/\\\/www.amiblu.com\\\/es\\\/#\\\/schema\\\/person\\\/4abd1603334fad5d8a0f94cfc539ff89\",\"name\":\"Noelia\",\"image\":{\"@type\":\"ImageObject\",\"inLanguage\":\"es\",\"@id\":\"https:\\\/\\\/secure.gravatar.com\\\/avatar\\\/9f9ebd2edffef3d993712c729db8694b50f6ee566a3ba3d6fc66fbe195f17ca7?s=96&d=mm&r=g\",\"url\":\"https:\\\/\\\/secure.gravatar.com\\\/avatar\\\/9f9ebd2edffef3d993712c729db8694b50f6ee566a3ba3d6fc66fbe195f17ca7?s=96&d=mm&r=g\",\"contentUrl\":\"https:\\\/\\\/secure.gravatar.com\\\/avatar\\\/9f9ebd2edffef3d993712c729db8694b50f6ee566a3ba3d6fc66fbe195f17ca7?s=96&d=mm&r=g\",\"caption\":\"Noelia\"}}]}<\/script>\n<!-- \/ Yoast SEO Premium plugin. -->","yoast_head_json":{"title":"\"El PRFV es, hoy en d\u00eda, el material m\u00e1s instalado en el riego a partir de DN500 en toda la gama de presiones\" - Amiblu","description":"Entrevista a Eduard Baurier, delegado comercial de Amiblu Pipes Spain, sobre el PRFV para riego, en una rentrevista publicada por ACATCOR.","robots":{"index":"index","follow":"follow","max-snippet":"max-snippet:-1","max-image-preview":"max-image-preview:large","max-video-preview":"max-video-preview:-1"},"canonical":"https:\/\/www.amiblu.com\/es\/entrevista-eduard-baurier-tuberias-prfv-para-el-riego-para-acatcor\/","og_locale":"es_ES","og_type":"article","og_title":"\"El PRFV es, hoy en d\u00eda, el material m\u00e1s instalado en el riego a partir de DN500 en toda la gama de presiones\"","og_description":"Entrevista a Eduard Baurier, delegado comercial de Amiblu Pipes Spain, sobre el PRFV para riego, en una rentrevista publicada por ACATCOR.","og_url":"https:\/\/www.amiblu.com\/es\/entrevista-eduard-baurier-tuberias-prfv-para-el-riego-para-acatcor\/","og_site_name":"Amiblu","article_publisher":"https:\/\/www.facebook.com\/amiblupipes","article_published_time":"2025-11-05T11:38:28+00:00","article_modified_time":"2025-11-05T11:38:32+00:00","og_image":[{"width":800,"height":500,"url":"https:\/\/www.amiblu.com\/wp-content\/uploads\/amiblu-pipes-spain-eduard-baurier-PRFV-regadio-entrevista-ACATCOR.jpg","type":"image\/jpeg"}],"author":"Noelia","twitter_card":"summary_large_image","twitter_misc":{"Escrito por":"Noelia","Tiempo de lectura":"3 minutos"},"schema":{"@context":"https:\/\/schema.org","@graph":[{"@type":"Article","@id":"https:\/\/www.amiblu.com\/es\/entrevista-eduard-baurier-tuberias-prfv-para-el-riego-para-acatcor\/#article","isPartOf":{"@id":"https:\/\/www.amiblu.com\/es\/entrevista-eduard-baurier-tuberias-prfv-para-el-riego-para-acatcor\/"},"author":{"name":"Noelia","@id":"https:\/\/www.amiblu.com\/es\/#\/schema\/person\/4abd1603334fad5d8a0f94cfc539ff89"},"headline":"\u00abEl PRFV es, hoy en d\u00eda, el material m\u00e1s instalado en el riego a partir de DN500 en toda la gama de presiones\u00bb","datePublished":"2025-11-05T11:38:28+00:00","dateModified":"2025-11-05T11:38:32+00:00","mainEntityOfPage":{"@id":"https:\/\/www.amiblu.com\/es\/entrevista-eduard-baurier-tuberias-prfv-para-el-riego-para-acatcor\/"},"wordCount":1287,"publisher":{"@id":"https:\/\/www.amiblu.com\/es\/#organization"},"image":{"@id":"https:\/\/www.amiblu.com\/es\/entrevista-eduard-baurier-tuberias-prfv-para-el-riego-para-acatcor\/#primaryimage"},"thumbnailUrl":"https:\/\/www.amiblu.com\/wp-content\/uploads\/amiblu-pipes-spain-eduard-baurier-PRFV-regadio-entrevista-ACATCOR.jpg","articleSection":["Noticias"],"inLanguage":"es"},{"@type":"WebPage","@id":"https:\/\/www.amiblu.com\/es\/entrevista-eduard-baurier-tuberias-prfv-para-el-riego-para-acatcor\/","url":"https:\/\/www.amiblu.com\/es\/entrevista-eduard-baurier-tuberias-prfv-para-el-riego-para-acatcor\/","name":"\"El PRFV es, hoy en d\u00eda, el material m\u00e1s instalado en el riego a partir de DN500 en toda la gama de presiones\" - Amiblu","isPartOf":{"@id":"https:\/\/www.amiblu.com\/es\/#website"},"primaryImageOfPage":{"@id":"https:\/\/www.amiblu.com\/es\/entrevista-eduard-baurier-tuberias-prfv-para-el-riego-para-acatcor\/#primaryimage"},"image":{"@id":"https:\/\/www.amiblu.com\/es\/entrevista-eduard-baurier-tuberias-prfv-para-el-riego-para-acatcor\/#primaryimage"},"thumbnailUrl":"https:\/\/www.amiblu.com\/wp-content\/uploads\/amiblu-pipes-spain-eduard-baurier-PRFV-regadio-entrevista-ACATCOR.jpg","datePublished":"2025-11-05T11:38:28+00:00","dateModified":"2025-11-05T11:38:32+00:00","description":"Entrevista a Eduard Baurier, delegado comercial de Amiblu Pipes Spain, sobre el PRFV para riego, en una rentrevista publicada por ACATCOR.","inLanguage":"es","potentialAction":[{"@type":"ReadAction","target":["https:\/\/www.amiblu.com\/es\/entrevista-eduard-baurier-tuberias-prfv-para-el-riego-para-acatcor\/"]}]},{"@type":"ImageObject","inLanguage":"es","@id":"https:\/\/www.amiblu.com\/es\/entrevista-eduard-baurier-tuberias-prfv-para-el-riego-para-acatcor\/#primaryimage","url":"https:\/\/www.amiblu.com\/wp-content\/uploads\/amiblu-pipes-spain-eduard-baurier-PRFV-regadio-entrevista-ACATCOR.jpg","contentUrl":"https:\/\/www.amiblu.com\/wp-content\/uploads\/amiblu-pipes-spain-eduard-baurier-PRFV-regadio-entrevista-ACATCOR.jpg","width":800,"height":500,"caption":"Eduard Baurier, delegado comercial de Amiblu Pipes Spain, habla del PRFV para regad\u00edo en una rentrevista para ACATCOR"},{"@type":"WebSite","@id":"https:\/\/www.amiblu.com\/es\/#website","url":"https:\/\/www.amiblu.com\/es\/","name":"Amiblu","description":"GFK-Rohrsysteme f\u00fcr Generationen","publisher":{"@id":"https:\/\/www.amiblu.com\/es\/#organization"},"potentialAction":[{"@type":"SearchAction","target":{"@type":"EntryPoint","urlTemplate":"https:\/\/www.amiblu.com\/es\/?s={search_term_string}"},"query-input":{"@type":"PropertyValueSpecification","valueRequired":true,"valueName":"search_term_string"}}],"inLanguage":"es"},{"@type":"Organization","@id":"https:\/\/www.amiblu.com\/es\/#organization","name":"Amiblu Group","url":"https:\/\/www.amiblu.com\/es\/","logo":{"@type":"ImageObject","inLanguage":"es","@id":"https:\/\/www.amiblu.com\/es\/#\/schema\/logo\/image\/","url":"https:\/\/www.amiblu.com\/wp-content\/uploads\/2021\/01\/Amiblu-logo-website-1.png","contentUrl":"https:\/\/www.amiblu.com\/wp-content\/uploads\/2021\/01\/Amiblu-logo-website-1.png","width":201,"height":38,"caption":"Amiblu Group"},"image":{"@id":"https:\/\/www.amiblu.com\/es\/#\/schema\/logo\/image\/"},"sameAs":["https:\/\/www.facebook.com\/amiblupipes","https:\/\/www.youtube.com\/c\/Amiblu","https:\/\/de.wikipedia.org\/wiki\/Amiblu","https:\/\/www.linkedin.com\/company\/amiblupipes\/"]},{"@type":"Person","@id":"https:\/\/www.amiblu.com\/es\/#\/schema\/person\/4abd1603334fad5d8a0f94cfc539ff89","name":"Noelia","image":{"@type":"ImageObject","inLanguage":"es","@id":"https:\/\/secure.gravatar.com\/avatar\/9f9ebd2edffef3d993712c729db8694b50f6ee566a3ba3d6fc66fbe195f17ca7?s=96&d=mm&r=g","url":"https:\/\/secure.gravatar.com\/avatar\/9f9ebd2edffef3d993712c729db8694b50f6ee566a3ba3d6fc66fbe195f17ca7?s=96&d=mm&r=g","contentUrl":"https:\/\/secure.gravatar.com\/avatar\/9f9ebd2edffef3d993712c729db8694b50f6ee566a3ba3d6fc66fbe195f17ca7?s=96&d=mm&r=g","caption":"Noelia"}}]}},"_links":{"self":[{"href":"https:\/\/www.amiblu.com\/es\/wp-json\/wp\/v2\/posts\/74667","targetHints":{"allow":["GET"]}}],"collection":[{"href":"https:\/\/www.amiblu.com\/es\/wp-json\/wp\/v2\/posts"}],"about":[{"href":"https:\/\/www.amiblu.com\/es\/wp-json\/wp\/v2\/types\/post"}],"author":[{"embeddable":true,"href":"https:\/\/www.amiblu.com\/es\/wp-json\/wp\/v2\/users\/15"}],"replies":[{"embeddable":true,"href":"https:\/\/www.amiblu.com\/es\/wp-json\/wp\/v2\/comments?post=74667"}],"version-history":[{"count":9,"href":"https:\/\/www.amiblu.com\/es\/wp-json\/wp\/v2\/posts\/74667\/revisions"}],"predecessor-version":[{"id":77045,"href":"https:\/\/www.amiblu.com\/es\/wp-json\/wp\/v2\/posts\/74667\/revisions\/77045"}],"wp:featuredmedia":[{"embeddable":true,"href":"https:\/\/www.amiblu.com\/es\/wp-json\/wp\/v2\/media\/74668"}],"wp:attachment":[{"href":"https:\/\/www.amiblu.com\/es\/wp-json\/wp\/v2\/media?parent=74667"}],"wp:term":[{"taxonomy":"category","embeddable":true,"href":"https:\/\/www.amiblu.com\/es\/wp-json\/wp\/v2\/categories?post=74667"},{"taxonomy":"post_tag","embeddable":true,"href":"https:\/\/www.amiblu.com\/es\/wp-json\/wp\/v2\/tags?post=74667"}],"curies":[{"name":"wp","href":"https:\/\/api.w.org\/{rel}","templated":true}]}}