{"id":74885,"date":"2025-12-04T08:30:31","date_gmt":"2025-12-04T07:30:31","guid":{"rendered":"https:\/\/www.amiblu.com\/?p=74885"},"modified":"2025-12-04T08:30:32","modified_gmt":"2025-12-04T07:30:32","slug":"amiblu-colabora-con-el-calendario-solidario-talita-2026","status":"publish","type":"post","link":"https:\/\/www.amiblu.com\/es\/amiblu-colabora-con-el-calendario-solidario-talita-2026\/","title":{"rendered":"Amiblu Pipes Spain colabora en una nueva edici\u00f3n del Calendario Solidario Talita"},"content":{"rendered":"<\/p>\n\n<style type=\"text\/css\" data-created_by=\"avia_inline_auto\" id=\"style-css-av-mern659j-287eed54d735f24b4441cd5f9e6baa77\">\n.avia-image-container.av-mern659j-287eed54d735f24b4441cd5f9e6baa77 img.avia_image{\nbox-shadow:none;\n}\n.avia-image-container.av-mern659j-287eed54d735f24b4441cd5f9e6baa77 .av-image-caption-overlay-center{\ncolor:#ffffff;\n}\n<\/style>\n<div  class='avia-image-container av-mern659j-287eed54d735f24b4441cd5f9e6baa77 av-styling- av-img-linked avia-align-left  avia-builder-el-0  el_before_av_hr  avia-builder-el-first '   itemprop=\"image\" itemscope=\"itemscope\" itemtype=\"https:\/\/schema.org\/ImageObject\" ><div class=\"avia-image-container-inner\"><div class=\"avia-image-overlay-wrap\"><a href=\"https:\/\/www.fundaciotalita.org\/calendarios\/#compra\" class='avia_image '  aria-label='amiblu-colabora-calendario-salidario-talita-2026'><img fetchpriority=\"high\" fetchpriority=\"high\" decoding=\"async\" fetchpriority=\"high\" class='wp-image-74886 avia-img-lazy-loading-not-74886 avia_image ' src=\"https:\/\/www.amiblu.com\/wp-content\/uploads\/Fotos-blog-Amiblu-800-x-500-1.png\" alt='Amiblu colabora con el Calendario Solidario Talita 2026' title='amiblu-colabora-calendario-salidario-talita-2026'  height=\"500\" width=\"800\"  itemprop=\"thumbnailUrl\" srcset=\"https:\/\/www.amiblu.com\/wp-content\/uploads\/Fotos-blog-Amiblu-800-x-500-1.png 800w, https:\/\/www.amiblu.com\/wp-content\/uploads\/Fotos-blog-Amiblu-800-x-500-1-300x188.png 300w, https:\/\/www.amiblu.com\/wp-content\/uploads\/Fotos-blog-Amiblu-800-x-500-1-768x480.png 768w, https:\/\/www.amiblu.com\/wp-content\/uploads\/Fotos-blog-Amiblu-800-x-500-1-705x441.png 705w\" sizes=\"(max-width: 800px) 100vw, 800px\" \/><\/a><\/div><\/div><\/div>\n\n<style type=\"text\/css\" data-created_by=\"avia_inline_auto\" id=\"style-css-av-mern6hl1-9c9ac82c1d8012b95f51b260d1539f06\">\n#top .hr.hr-invisible.av-mern6hl1-9c9ac82c1d8012b95f51b260d1539f06{\nheight:50px;\n}\n<\/style>\n<div  class='hr av-mern6hl1-9c9ac82c1d8012b95f51b260d1539f06 hr-invisible  avia-builder-el-1  el_after_av_image  el_before_av_textblock '><span class='hr-inner '><span class=\"hr-inner-style\"><\/span><\/span><\/div>\n<section  class='av_textblock_section av-mern7j3n-c9b5c55226f2a76c73dd87700b9484dc '   itemscope=\"itemscope\" itemtype=\"https:\/\/schema.org\/BlogPosting\" itemprop=\"blogPost\" ><div class='avia_textblock'  itemprop=\"text\" ><h1>Amiblu Pipes Spain colabora en una nueva edici\u00f3n del Calendario Solidario Talita<\/h1>\n<\/div><\/section>\n<section  class='av_textblock_section av-mern8olt-63728549de772a7acb83ab58a1bdee59 '   itemscope=\"itemscope\" itemtype=\"https:\/\/schema.org\/BlogPosting\" itemprop=\"blogPost\" ><div class='avia_textblock'  itemprop=\"text\" ><p><span style=\"font-weight: 400;\">Por noveno a\u00f1o consecutivo, Amiblu Pipes Spain ha colaborado con el emblem\u00e1tico Calendario Solidario Talita 2026 de la <\/span><a href=\"https:\/\/www.fundaciotalita.org\/\"><span style=\"font-weight: 400;\">Fundaci\u00f3n Talita<\/span><\/a><span style=\"font-weight: 400;\">, de ni\u00f1os, ni\u00f1as y j\u00f3venes con discapacidad intelectual y famosos, que este a\u00f1o celebra su vigesimocuarta edici\u00f3n. El principal objetivo del Calendario Talita es sensibilizar a la sociedad y favorecer la inclusi\u00f3n de los ni\u00f1os y j\u00f3venes con discapacidad intelectual, as\u00ed como recaudar fondos.\u00a0<\/span><\/p>\n<p><span style=\"font-weight: 400;\">En el <a href=\"https:\/\/www.fundaciotalita.org\/calendarios\/#compra\" target=\"_blank\" rel=\"noopener\">Calendario Talita 2026<\/a> participan los siguientes ni\u00f1os y famosos: Trino y Sonsoles \u00d3nega (enero); Anna y Pablo L\u00f3pez (febrero); Nacho y Nachter (marzo); In\u00e9s y Aina Clotet (abril); Camila y Iris Ti\u00f3 (mayo); Mar\u00eda y Alejandra Prat (junio); Gerard y Manu Guix (julio); Pol y Kim Manresa (agosto); Ander y Fabio Quartararo (septiembre); Mauro y Rita Pay\u00e9s (octubre); Santi y Rafael Tarradas (noviembre), y Jacobo y Oriol Balaguer (diciembre). Las im\u00e1genes son del fot\u00f3grafo Carlos Marlasca (a excepci\u00f3n de la de Anna y Pablo L\u00f3pez \u2013febrero\u2013, que es de \u00d3scar Lafox).<\/span><\/p>\n<p><strong>Fundaci\u00f3n Talita<\/strong><\/p>\n<p><span style=\"font-weight: 400;\">La Fundaci\u00f3n Talita trabaja para que los ni\u00f1os con discapacidad intelectual se formen en una escuela ordinaria que los capacite para disfrutar de una vida personal y profesional digna. Desde su creaci\u00f3n en el a\u00f1o 1998, Talita ofrece educaci\u00f3n personalizada dentro del aula para que los alumnos desarrollen al m\u00e1ximo sus capacidades; diagn\u00f3stico y asesoramiento; seguimiento del plan individualizado de los alumnos; elaboraci\u00f3n de materiales educativos adaptados, programas de ocio y acompa\u00f1amiento a las escuelas y familias para facilitar la transici\u00f3n hacia la formaci\u00f3n profesional postobligatoria.<\/span><\/p>\n<p><span style=\"font-weight: 400;\">\u00a1En Amiblu Pipes Spain no se nos ocurre otra forma mejor de felicitar el pr\u00f3ximo a\u00f1o 2026 a todos nuestros clientes! \u00a1Os animamos a que adquir\u00e1is un ejemplar del Calendario Talita, a trav\u00e9s de la <a href=\"https:\/\/www.fundaciotalita.org\/calendarios\/#compra\" target=\"_blank\" rel=\"noopener\">p\u00e1gina web<\/a><\/span><span style=\"font-weight: 400;\">\u00a0o llamando al 93 434 43 55! <\/span><\/p>\n<p><span style=\"font-weight: 400;\">Caminemos juntos por la inclusi\u00f3n. #SomosAmiblu<\/span><\/p>\n<\/div><\/section>\n","protected":false},"excerpt":{"rendered":"<p>Amiblu colabora con el Calendario Solidario Talita 2026, de ni\u00f1os y j\u00f3venes con discapacidad intelectual y famosos.<\/p>\n","protected":false},"author":15,"featured_media":74886,"comment_status":"closed","ping_status":"closed","sticky":false,"template":"","format":"standard","meta":{"_acf_changed":false,"footnotes":""},"categories":[164],"tags":[],"class_list":["post-74885","post","type-post","status-publish","format-standard","has-post-thumbnail","hentry","category-news-4"],"acf":[],"yoast_head":"<!-- This site is optimized with the Yoast SEO Premium plugin v27.5 (Yoast SEO v27.5) - https:\/\/yoast.com\/product\/yoast-seo-premium-wordpress\/ -->\n<title>Amiblu colabora con el Calendario Solidario Talita 2026<\/title>\n<meta name=\"description\" content=\"Amiblu colabora en una nueva edici\u00f3n del emblem\u00e1tico Calendario Solidario Talita, de ni\u00f1os y j\u00f3venes con discapacidad intelectual y famosos.\" \/>\n<meta name=\"robots\" content=\"index, follow, max-snippet:-1, max-image-preview:large, max-video-preview:-1\" \/>\n<link rel=\"canonical\" href=\"https:\/\/www.amiblu.com\/es\/amiblu-colabora-con-el-calendario-solidario-talita-2026\/\" \/>\n<meta property=\"og:locale\" content=\"es_ES\" \/>\n<meta property=\"og:type\" content=\"article\" \/>\n<meta property=\"og:title\" content=\"Amiblu Pipes Spain colabora en una nueva edici\u00f3n del Calendario Solidario Talita\" \/>\n<meta property=\"og:description\" content=\"Amiblu colabora en una nueva edici\u00f3n del emblem\u00e1tico Calendario Solidario Talita, de ni\u00f1os y j\u00f3venes con discapacidad intelectual y famosos.\" \/>\n<meta property=\"og:url\" content=\"https:\/\/www.amiblu.com\/es\/amiblu-colabora-con-el-calendario-solidario-talita-2026\/\" \/>\n<meta property=\"og:site_name\" content=\"Amiblu\" \/>\n<meta property=\"article:publisher\" content=\"https:\/\/www.facebook.com\/amiblupipes\" \/>\n<meta property=\"article:published_time\" content=\"2025-12-04T07:30:31+00:00\" \/>\n<meta property=\"article:modified_time\" content=\"2025-12-04T07:30:32+00:00\" \/>\n<meta property=\"og:image\" content=\"https:\/\/www.amiblu.com\/wp-content\/uploads\/Fotos-blog-Amiblu-800-x-500-1.png\" \/>\n\t<meta property=\"og:image:width\" content=\"800\" \/>\n\t<meta property=\"og:image:height\" content=\"500\" \/>\n\t<meta property=\"og:image:type\" content=\"image\/png\" \/>\n<meta name=\"author\" content=\"Noelia\" \/>\n<meta name=\"twitter:card\" content=\"summary_large_image\" \/>\n<meta name=\"twitter:label1\" content=\"Escrito por\" \/>\n\t<meta name=\"twitter:data1\" content=\"Noelia\" \/>\n\t<meta name=\"twitter:label2\" content=\"Tiempo de lectura\" \/>\n\t<meta name=\"twitter:data2\" content=\"2 minutos\" \/>\n<script type=\"application\/ld+json\" class=\"yoast-schema-graph\">{\"@context\":\"https:\\\/\\\/schema.org\",\"@graph\":[{\"@type\":\"Article\",\"@id\":\"https:\\\/\\\/www.amiblu.com\\\/es\\\/amiblu-colabora-con-el-calendario-solidario-talita-2026\\\/#article\",\"isPartOf\":{\"@id\":\"https:\\\/\\\/www.amiblu.com\\\/es\\\/amiblu-colabora-con-el-calendario-solidario-talita-2026\\\/\"},\"author\":{\"name\":\"Noelia\",\"@id\":\"https:\\\/\\\/www.amiblu.com\\\/es\\\/#\\\/schema\\\/person\\\/4abd1603334fad5d8a0f94cfc539ff89\"},\"headline\":\"Amiblu Pipes Spain colabora en una nueva edici\u00f3n del Calendario Solidario Talita\",\"datePublished\":\"2025-12-04T07:30:31+00:00\",\"dateModified\":\"2025-12-04T07:30:32+00:00\",\"mainEntityOfPage\":{\"@id\":\"https:\\\/\\\/www.amiblu.com\\\/es\\\/amiblu-colabora-con-el-calendario-solidario-talita-2026\\\/\"},\"wordCount\":839,\"publisher\":{\"@id\":\"https:\\\/\\\/www.amiblu.com\\\/es\\\/#organization\"},\"image\":{\"@id\":\"https:\\\/\\\/www.amiblu.com\\\/es\\\/amiblu-colabora-con-el-calendario-solidario-talita-2026\\\/#primaryimage\"},\"thumbnailUrl\":\"https:\\\/\\\/www.amiblu.com\\\/wp-content\\\/uploads\\\/Fotos-blog-Amiblu-800-x-500-1.png\",\"articleSection\":[\"Noticias\"],\"inLanguage\":\"es\"},{\"@type\":\"WebPage\",\"@id\":\"https:\\\/\\\/www.amiblu.com\\\/es\\\/amiblu-colabora-con-el-calendario-solidario-talita-2026\\\/\",\"url\":\"https:\\\/\\\/www.amiblu.com\\\/es\\\/amiblu-colabora-con-el-calendario-solidario-talita-2026\\\/\",\"name\":\"Amiblu colabora con el Calendario Solidario Talita 2026\",\"isPartOf\":{\"@id\":\"https:\\\/\\\/www.amiblu.com\\\/es\\\/#website\"},\"primaryImageOfPage\":{\"@id\":\"https:\\\/\\\/www.amiblu.com\\\/es\\\/amiblu-colabora-con-el-calendario-solidario-talita-2026\\\/#primaryimage\"},\"image\":{\"@id\":\"https:\\\/\\\/www.amiblu.com\\\/es\\\/amiblu-colabora-con-el-calendario-solidario-talita-2026\\\/#primaryimage\"},\"thumbnailUrl\":\"https:\\\/\\\/www.amiblu.com\\\/wp-content\\\/uploads\\\/Fotos-blog-Amiblu-800-x-500-1.png\",\"datePublished\":\"2025-12-04T07:30:31+00:00\",\"dateModified\":\"2025-12-04T07:30:32+00:00\",\"description\":\"Amiblu colabora en una nueva edici\u00f3n del emblem\u00e1tico Calendario Solidario Talita, de ni\u00f1os y j\u00f3venes con discapacidad intelectual y famosos.\",\"inLanguage\":\"es\",\"potentialAction\":[{\"@type\":\"ReadAction\",\"target\":[\"https:\\\/\\\/www.amiblu.com\\\/es\\\/amiblu-colabora-con-el-calendario-solidario-talita-2026\\\/\"]}]},{\"@type\":\"ImageObject\",\"inLanguage\":\"es\",\"@id\":\"https:\\\/\\\/www.amiblu.com\\\/es\\\/amiblu-colabora-con-el-calendario-solidario-talita-2026\\\/#primaryimage\",\"url\":\"https:\\\/\\\/www.amiblu.com\\\/wp-content\\\/uploads\\\/Fotos-blog-Amiblu-800-x-500-1.png\",\"contentUrl\":\"https:\\\/\\\/www.amiblu.com\\\/wp-content\\\/uploads\\\/Fotos-blog-Amiblu-800-x-500-1.png\",\"width\":800,\"height\":500,\"caption\":\"Amiblu colabora con el Calendario Solidario Talita 2026\"},{\"@type\":\"WebSite\",\"@id\":\"https:\\\/\\\/www.amiblu.com\\\/es\\\/#website\",\"url\":\"https:\\\/\\\/www.amiblu.com\\\/es\\\/\",\"name\":\"Amiblu\",\"description\":\"GFK-Rohrsysteme f\u00fcr Generationen\",\"publisher\":{\"@id\":\"https:\\\/\\\/www.amiblu.com\\\/es\\\/#organization\"},\"potentialAction\":[{\"@type\":\"SearchAction\",\"target\":{\"@type\":\"EntryPoint\",\"urlTemplate\":\"https:\\\/\\\/www.amiblu.com\\\/es\\\/?s={search_term_string}\"},\"query-input\":{\"@type\":\"PropertyValueSpecification\",\"valueRequired\":true,\"valueName\":\"search_term_string\"}}],\"inLanguage\":\"es\"},{\"@type\":\"Organization\",\"@id\":\"https:\\\/\\\/www.amiblu.com\\\/es\\\/#organization\",\"name\":\"Amiblu Group\",\"url\":\"https:\\\/\\\/www.amiblu.com\\\/es\\\/\",\"logo\":{\"@type\":\"ImageObject\",\"inLanguage\":\"es\",\"@id\":\"https:\\\/\\\/www.amiblu.com\\\/es\\\/#\\\/schema\\\/logo\\\/image\\\/\",\"url\":\"https:\\\/\\\/www.amiblu.com\\\/wp-content\\\/uploads\\\/2021\\\/01\\\/Amiblu-logo-website-1.png\",\"contentUrl\":\"https:\\\/\\\/www.amiblu.com\\\/wp-content\\\/uploads\\\/2021\\\/01\\\/Amiblu-logo-website-1.png\",\"width\":201,\"height\":38,\"caption\":\"Amiblu Group\"},\"image\":{\"@id\":\"https:\\\/\\\/www.amiblu.com\\\/es\\\/#\\\/schema\\\/logo\\\/image\\\/\"},\"sameAs\":[\"https:\\\/\\\/www.facebook.com\\\/amiblupipes\",\"https:\\\/\\\/www.youtube.com\\\/c\\\/Amiblu\",\"https:\\\/\\\/de.wikipedia.org\\\/wiki\\\/Amiblu\",\"https:\\\/\\\/www.linkedin.com\\\/company\\\/amiblupipes\\\/\"]},{\"@type\":\"Person\",\"@id\":\"https:\\\/\\\/www.amiblu.com\\\/es\\\/#\\\/schema\\\/person\\\/4abd1603334fad5d8a0f94cfc539ff89\",\"name\":\"Noelia\",\"image\":{\"@type\":\"ImageObject\",\"inLanguage\":\"es\",\"@id\":\"https:\\\/\\\/secure.gravatar.com\\\/avatar\\\/9f9ebd2edffef3d993712c729db8694b50f6ee566a3ba3d6fc66fbe195f17ca7?s=96&d=mm&r=g\",\"url\":\"https:\\\/\\\/secure.gravatar.com\\\/avatar\\\/9f9ebd2edffef3d993712c729db8694b50f6ee566a3ba3d6fc66fbe195f17ca7?s=96&d=mm&r=g\",\"contentUrl\":\"https:\\\/\\\/secure.gravatar.com\\\/avatar\\\/9f9ebd2edffef3d993712c729db8694b50f6ee566a3ba3d6fc66fbe195f17ca7?s=96&d=mm&r=g\",\"caption\":\"Noelia\"}}]}<\/script>\n<!-- \/ Yoast SEO Premium plugin. -->","yoast_head_json":{"title":"Amiblu colabora con el Calendario Solidario Talita 2026","description":"Amiblu colabora en una nueva edici\u00f3n del emblem\u00e1tico Calendario Solidario Talita, de ni\u00f1os y j\u00f3venes con discapacidad intelectual y famosos.","robots":{"index":"index","follow":"follow","max-snippet":"max-snippet:-1","max-image-preview":"max-image-preview:large","max-video-preview":"max-video-preview:-1"},"canonical":"https:\/\/www.amiblu.com\/es\/amiblu-colabora-con-el-calendario-solidario-talita-2026\/","og_locale":"es_ES","og_type":"article","og_title":"Amiblu Pipes Spain colabora en una nueva edici\u00f3n del Calendario Solidario Talita","og_description":"Amiblu colabora en una nueva edici\u00f3n del emblem\u00e1tico Calendario Solidario Talita, de ni\u00f1os y j\u00f3venes con discapacidad intelectual y famosos.","og_url":"https:\/\/www.amiblu.com\/es\/amiblu-colabora-con-el-calendario-solidario-talita-2026\/","og_site_name":"Amiblu","article_publisher":"https:\/\/www.facebook.com\/amiblupipes","article_published_time":"2025-12-04T07:30:31+00:00","article_modified_time":"2025-12-04T07:30:32+00:00","og_image":[{"width":800,"height":500,"url":"https:\/\/www.amiblu.com\/wp-content\/uploads\/Fotos-blog-Amiblu-800-x-500-1.png","type":"image\/png"}],"author":"Noelia","twitter_card":"summary_large_image","twitter_misc":{"Escrito por":"Noelia","Tiempo de lectura":"2 minutos"},"schema":{"@context":"https:\/\/schema.org","@graph":[{"@type":"Article","@id":"https:\/\/www.amiblu.com\/es\/amiblu-colabora-con-el-calendario-solidario-talita-2026\/#article","isPartOf":{"@id":"https:\/\/www.amiblu.com\/es\/amiblu-colabora-con-el-calendario-solidario-talita-2026\/"},"author":{"name":"Noelia","@id":"https:\/\/www.amiblu.com\/es\/#\/schema\/person\/4abd1603334fad5d8a0f94cfc539ff89"},"headline":"Amiblu Pipes Spain colabora en una nueva edici\u00f3n del Calendario Solidario Talita","datePublished":"2025-12-04T07:30:31+00:00","dateModified":"2025-12-04T07:30:32+00:00","mainEntityOfPage":{"@id":"https:\/\/www.amiblu.com\/es\/amiblu-colabora-con-el-calendario-solidario-talita-2026\/"},"wordCount":839,"publisher":{"@id":"https:\/\/www.amiblu.com\/es\/#organization"},"image":{"@id":"https:\/\/www.amiblu.com\/es\/amiblu-colabora-con-el-calendario-solidario-talita-2026\/#primaryimage"},"thumbnailUrl":"https:\/\/www.amiblu.com\/wp-content\/uploads\/Fotos-blog-Amiblu-800-x-500-1.png","articleSection":["Noticias"],"inLanguage":"es"},{"@type":"WebPage","@id":"https:\/\/www.amiblu.com\/es\/amiblu-colabora-con-el-calendario-solidario-talita-2026\/","url":"https:\/\/www.amiblu.com\/es\/amiblu-colabora-con-el-calendario-solidario-talita-2026\/","name":"Amiblu colabora con el Calendario Solidario Talita 2026","isPartOf":{"@id":"https:\/\/www.amiblu.com\/es\/#website"},"primaryImageOfPage":{"@id":"https:\/\/www.amiblu.com\/es\/amiblu-colabora-con-el-calendario-solidario-talita-2026\/#primaryimage"},"image":{"@id":"https:\/\/www.amiblu.com\/es\/amiblu-colabora-con-el-calendario-solidario-talita-2026\/#primaryimage"},"thumbnailUrl":"https:\/\/www.amiblu.com\/wp-content\/uploads\/Fotos-blog-Amiblu-800-x-500-1.png","datePublished":"2025-12-04T07:30:31+00:00","dateModified":"2025-12-04T07:30:32+00:00","description":"Amiblu colabora en una nueva edici\u00f3n del emblem\u00e1tico Calendario Solidario Talita, de ni\u00f1os y j\u00f3venes con discapacidad intelectual y famosos.","inLanguage":"es","potentialAction":[{"@type":"ReadAction","target":["https:\/\/www.amiblu.com\/es\/amiblu-colabora-con-el-calendario-solidario-talita-2026\/"]}]},{"@type":"ImageObject","inLanguage":"es","@id":"https:\/\/www.amiblu.com\/es\/amiblu-colabora-con-el-calendario-solidario-talita-2026\/#primaryimage","url":"https:\/\/www.amiblu.com\/wp-content\/uploads\/Fotos-blog-Amiblu-800-x-500-1.png","contentUrl":"https:\/\/www.amiblu.com\/wp-content\/uploads\/Fotos-blog-Amiblu-800-x-500-1.png","width":800,"height":500,"caption":"Amiblu colabora con el Calendario Solidario Talita 2026"},{"@type":"WebSite","@id":"https:\/\/www.amiblu.com\/es\/#website","url":"https:\/\/www.amiblu.com\/es\/","name":"Amiblu","description":"GFK-Rohrsysteme f\u00fcr Generationen","publisher":{"@id":"https:\/\/www.amiblu.com\/es\/#organization"},"potentialAction":[{"@type":"SearchAction","target":{"@type":"EntryPoint","urlTemplate":"https:\/\/www.amiblu.com\/es\/?s={search_term_string}"},"query-input":{"@type":"PropertyValueSpecification","valueRequired":true,"valueName":"search_term_string"}}],"inLanguage":"es"},{"@type":"Organization","@id":"https:\/\/www.amiblu.com\/es\/#organization","name":"Amiblu Group","url":"https:\/\/www.amiblu.com\/es\/","logo":{"@type":"ImageObject","inLanguage":"es","@id":"https:\/\/www.amiblu.com\/es\/#\/schema\/logo\/image\/","url":"https:\/\/www.amiblu.com\/wp-content\/uploads\/2021\/01\/Amiblu-logo-website-1.png","contentUrl":"https:\/\/www.amiblu.com\/wp-content\/uploads\/2021\/01\/Amiblu-logo-website-1.png","width":201,"height":38,"caption":"Amiblu Group"},"image":{"@id":"https:\/\/www.amiblu.com\/es\/#\/schema\/logo\/image\/"},"sameAs":["https:\/\/www.facebook.com\/amiblupipes","https:\/\/www.youtube.com\/c\/Amiblu","https:\/\/de.wikipedia.org\/wiki\/Amiblu","https:\/\/www.linkedin.com\/company\/amiblupipes\/"]},{"@type":"Person","@id":"https:\/\/www.amiblu.com\/es\/#\/schema\/person\/4abd1603334fad5d8a0f94cfc539ff89","name":"Noelia","image":{"@type":"ImageObject","inLanguage":"es","@id":"https:\/\/secure.gravatar.com\/avatar\/9f9ebd2edffef3d993712c729db8694b50f6ee566a3ba3d6fc66fbe195f17ca7?s=96&d=mm&r=g","url":"https:\/\/secure.gravatar.com\/avatar\/9f9ebd2edffef3d993712c729db8694b50f6ee566a3ba3d6fc66fbe195f17ca7?s=96&d=mm&r=g","contentUrl":"https:\/\/secure.gravatar.com\/avatar\/9f9ebd2edffef3d993712c729db8694b50f6ee566a3ba3d6fc66fbe195f17ca7?s=96&d=mm&r=g","caption":"Noelia"}}]}},"_links":{"self":[{"href":"https:\/\/www.amiblu.com\/es\/wp-json\/wp\/v2\/posts\/74885","targetHints":{"allow":["GET"]}}],"collection":[{"href":"https:\/\/www.amiblu.com\/es\/wp-json\/wp\/v2\/posts"}],"about":[{"href":"https:\/\/www.amiblu.com\/es\/wp-json\/wp\/v2\/types\/post"}],"author":[{"embeddable":true,"href":"https:\/\/www.amiblu.com\/es\/wp-json\/wp\/v2\/users\/15"}],"replies":[{"embeddable":true,"href":"https:\/\/www.amiblu.com\/es\/wp-json\/wp\/v2\/comments?post=74885"}],"version-history":[{"count":10,"href":"https:\/\/www.amiblu.com\/es\/wp-json\/wp\/v2\/posts\/74885\/revisions"}],"predecessor-version":[{"id":74897,"href":"https:\/\/www.amiblu.com\/es\/wp-json\/wp\/v2\/posts\/74885\/revisions\/74897"}],"wp:featuredmedia":[{"embeddable":true,"href":"https:\/\/www.amiblu.com\/es\/wp-json\/wp\/v2\/media\/74886"}],"wp:attachment":[{"href":"https:\/\/www.amiblu.com\/es\/wp-json\/wp\/v2\/media?parent=74885"}],"wp:term":[{"taxonomy":"category","embeddable":true,"href":"https:\/\/www.amiblu.com\/es\/wp-json\/wp\/v2\/categories?post=74885"},{"taxonomy":"post_tag","embeddable":true,"href":"https:\/\/www.amiblu.com\/es\/wp-json\/wp\/v2\/tags?post=74885"}],"curies":[{"name":"wp","href":"https:\/\/api.w.org\/{rel}","templated":true}]}}