{"id":77171,"date":"2026-02-03T08:41:51","date_gmt":"2026-02-03T07:41:51","guid":{"rendered":"https:\/\/www.amiblu.com\/?p=77171"},"modified":"2026-02-03T12:31:29","modified_gmt":"2026-02-03T11:31:29","slug":"video-sifon-bronco-mayor-diametro-regadio-hito-tecnico","status":"publish","type":"post","link":"https:\/\/www.amiblu.com\/es\/video-sifon-bronco-mayor-diametro-regadio-hito-tecnico\/","title":{"rendered":"Conoce el Sif\u00f3n del Bronco, el mayor di\u00e1metro ejecutado en regad\u00edo y todo un hito t\u00e9cnico"},"content":{"rendered":"<\/p>\n\n<style type=\"text\/css\" data-created_by=\"avia_inline_auto\" id=\"style-css-av-ml54c79p-9cb66814ee8fc13be3ed126b939955e7\">\n.avia-video.av-ml54c79p-9cb66814ee8fc13be3ed126b939955e7{\nbackground-image:url(https:\/\/www.amiblu.com\/wp-content\/uploads\/video-sifon-bronco-amiblu-hito-tecnico-regadio-mayor-diametro-2.png);\n}\n<\/style>\n<div  class='avia-video av-ml54c79p-9cb66814ee8fc13be3ed126b939955e7 avia-video-16-9 av-preview-image avia-video-load-always av-lazyload-immediate av-lazyload-video-embed'  itemprop=\"video\" itemtype=\"https:\/\/schema.org\/VideoObject\"  data-original_url='https:\/\/www.youtube.com\/watch?v=jzGHdiD-gAw'><script type='text\/html' class='av-video-tmpl'><div class='avia-iframe-wrap'><iframe title=\"Grandes Obras. Tuber\u00edas de PRFV para regad\u00edo. Sif\u00f3n del Bronco\" width=\"1500\" height=\"844\" src=\"https:\/\/www.youtube.com\/embed\/jzGHdiD-gAw?feature=oembed&autoplay=0&loop=0&controls=1&mute=0\" frameborder=\"0\" allow=\"accelerometer; autoplay; clipboard-write; encrypted-media; gyroscope; picture-in-picture; web-share\" referrerpolicy=\"strict-origin-when-cross-origin\" allowfullscreen><\/iframe><\/div><\/script><div class='av-click-to-play-overlay'><div class=\"avia_playpause_icon\"><\/div><\/div><\/div>\n\n<style type=\"text\/css\" data-created_by=\"avia_inline_auto\" id=\"style-css-av-mern6hl1-626485eab26c0fa7b42ca267fdefb3a3\">\n#top .hr.hr-invisible.av-mern6hl1-626485eab26c0fa7b42ca267fdefb3a3{\nheight:30px;\n}\n<\/style>\n<div  class='hr av-mern6hl1-626485eab26c0fa7b42ca267fdefb3a3 hr-invisible  avia-builder-el-1  el_after_av_video  el_before_av_textblock '><span class='hr-inner '><span class=\"hr-inner-style\"><\/span><\/span><\/div>\n<section  class='av_textblock_section av-mern7j3n-c9b5c55226f2a76c73dd87700b9484dc '   itemscope=\"itemscope\" itemtype=\"https:\/\/schema.org\/BlogPosting\" itemprop=\"blogPost\" ><div class='avia_textblock'  itemprop=\"text\" ><h1>Conoce el Sif\u00f3n del Bronco, el mayor di\u00e1metro ejecutado en regad\u00edo y todo un hito t\u00e9cnico<\/h1>\n<\/div><\/section>\n\n<style type=\"text\/css\" data-created_by=\"avia_inline_auto\" id=\"style-css-av-ml54drhv-1e835ded46e2bc995852ecd0249cfa64\">\n#top .hr.hr-invisible.av-ml54drhv-1e835ded46e2bc995852ecd0249cfa64{\nheight:20px;\n}\n<\/style>\n<div  class='hr av-ml54drhv-1e835ded46e2bc995852ecd0249cfa64 hr-invisible  avia-builder-el-3  el_after_av_textblock  el_before_av_textblock '><span class='hr-inner '><span class=\"hr-inner-style\"><\/span><\/span><\/div>\n<section  class='av_textblock_section av-mkvdvved-9f5c89077db9a0b871e247ccf744481d '   itemscope=\"itemscope\" itemtype=\"https:\/\/schema.org\/BlogPosting\" itemprop=\"blogPost\" ><div class='avia_textblock'  itemprop=\"text\" ><h3>Te explicamos todos los detalles del proyecto en un nuevo v\u00eddeo<\/h3>\n<\/div><\/section>\n<section  class='av_textblock_section av-mern8olt-63728549de772a7acb83ab58a1bdee59 '   itemscope=\"itemscope\" itemtype=\"https:\/\/schema.org\/BlogPosting\" itemprop=\"blogPost\" ><div class='avia_textblock'  itemprop=\"text\" ><p>El proyecto de reparaci\u00f3n y modernizaci\u00f3n del Sif\u00f3n del Bronco, en la margen derecha del r\u00edo Alag\u00f3n, en Montehermoso (C\u00e1ceres), es una de las <a href=\"https:\/\/www.amiblu.com\/es\/finalizan-las-obras-de-modernizacion-del-sifon-del-bronco\/\" target=\"_blank\" rel=\"noopener\">obras de modernizaci\u00f3n de regad\u00edo m\u00e1s importantes<\/a> llevadas a cabo hasta la fecha y todo un hito t\u00e9cnico de ingenier\u00eda para Amiblu.<\/p>\n<p>En 2025, y tras d\u00e9cadas de uso, el Sif\u00f3n de Bronco hab\u00eda sufrido un importante deterioro, comprometiendo la fiabilidad de los regad\u00edos en la regi\u00f3n. Tras costosas aver\u00edas en el antiguo sif\u00f3n de hormig\u00f3n, la <a href=\"https:\/\/www.miteco.gob.es\/es.html\" target=\"_blank\" rel=\"noopener\">Confederaci\u00f3n Hidrogr\u00e1fica del Tajo<\/a> encarg\u00f3 a Tragsa un proyecto de modernizaci\u00f3n para asegurar la productividad agr\u00edcola del Valle del Alag\u00f3n.<\/p>\n<p>La rehabilitaci\u00f3n consisti\u00f3 en la demolici\u00f3n de dos tuber\u00edas de hormig\u00f3n antiguas, de 344 m de longitud cada una, y la instalaci\u00f3n de dos conducciones de PRFV nuevas, DN 3000 mm, el mayor di\u00e1metro ejecutado en regad\u00edo hasta la fecha. Las tuber\u00edas se instalaron en a\u00e9reo, siguiendo el mismo trazado, sobre pendientes pronunciadas de hasta el 36,6% y ancladas a robustos soportes met\u00e1licos, en un tiempo r\u00e9cord, inferior a 4 meses.<\/p>\n<p>Adem\u00e1s,\u00a0<span class=\"il\">Amiblu<\/span>\u00a0dise\u00f1\u00f3 y fabric\u00f3\u00a0piezas especiales, como codos, tes con registro y tes con injertos para ventosas, siendo el PRFV el \u00fanico material que posibilit\u00f3 la ejecuci\u00f3n de una obra tan compleja en un tiempo tan ajustado.<\/p>\n<p>\u00a1Descubre todos los detalles del proyecto haciendo click en el bot\u00f3n de reproducci\u00f3n del v\u00eddeo del Sif\u00f3n del Bronco de arriba!<\/p>\n<p>Para m\u00e1s informaci\u00f3n, accede al <a href=\"https:\/\/www.amiblu.com\/reference\/spains-largest-grp-irrigation-pipes-sifon-del-bronco\/\" target=\"_blank\" rel=\"noopener\">caso de \u00e9xito del Sif\u00f3n del Bronco<\/a>.<\/p>\n<\/div><\/section>\n","protected":false},"excerpt":{"rendered":"<p>Descubre el v\u00eddeo del Sif\u00f3n del Bronco, el mayor di\u00e1metro ejecutado en regad\u00edo y todo un hito t\u00e9cnico para Amiblu<\/p>\n","protected":false},"author":15,"featured_media":77276,"comment_status":"closed","ping_status":"closed","sticky":false,"template":"","format":"standard","meta":{"_acf_changed":false,"footnotes":""},"categories":[164],"tags":[],"class_list":["post-77171","post","type-post","status-publish","format-standard","has-post-thumbnail","hentry","category-news-4"],"acf":[],"yoast_head":"<!-- This site is optimized with the Yoast SEO Premium plugin v27.5 (Yoast SEO v27.5) - https:\/\/yoast.com\/product\/yoast-seo-premium-wordpress\/ -->\n<title>V\u00eddeo Sif\u00f3n del Bronco, el mayor di\u00e1metro ejecutado en regad\u00edo<\/title>\n<meta name=\"description\" content=\"Amiblu publica un v\u00eddeo sobre el Sif\u00f3n del Bronco, el mayor di\u00e1metro ejecutado en regad\u00edo y todo un hito t\u00e9cnico.\" \/>\n<meta name=\"robots\" content=\"index, follow, max-snippet:-1, max-image-preview:large, max-video-preview:-1\" \/>\n<link rel=\"canonical\" href=\"https:\/\/www.amiblu.com\/es\/video-sifon-bronco-mayor-diametro-regadio-hito-tecnico\/\" \/>\n<meta property=\"og:locale\" content=\"es_ES\" \/>\n<meta property=\"og:type\" content=\"article\" \/>\n<meta property=\"og:title\" content=\"Conoce el Sif\u00f3n del Bronco, el mayor di\u00e1metro ejecutado en regad\u00edo y todo un hito t\u00e9cnico\" \/>\n<meta property=\"og:description\" content=\"Amiblu publica un v\u00eddeo sobre el Sif\u00f3n del Bronco, el mayor di\u00e1metro ejecutado en regad\u00edo y todo un hito t\u00e9cnico.\" \/>\n<meta property=\"og:url\" content=\"https:\/\/www.amiblu.com\/es\/video-sifon-bronco-mayor-diametro-regadio-hito-tecnico\/\" \/>\n<meta property=\"og:site_name\" content=\"Amiblu\" \/>\n<meta property=\"article:publisher\" content=\"https:\/\/www.facebook.com\/amiblupipes\" \/>\n<meta property=\"article:published_time\" content=\"2026-02-03T07:41:51+00:00\" \/>\n<meta property=\"article:modified_time\" content=\"2026-02-03T11:31:29+00:00\" \/>\n<meta property=\"og:image\" content=\"https:\/\/www.amiblu.com\/wp-content\/uploads\/Captura-de-pantalla-2026-02-03-a-les-11.01.38.png\" \/>\n\t<meta property=\"og:image:width\" content=\"1756\" \/>\n\t<meta property=\"og:image:height\" content=\"976\" \/>\n\t<meta property=\"og:image:type\" content=\"image\/png\" \/>\n<meta name=\"author\" content=\"Noelia\" \/>\n<meta name=\"twitter:card\" content=\"summary_large_image\" \/>\n<meta name=\"twitter:label1\" content=\"Escrito por\" \/>\n\t<meta name=\"twitter:data1\" content=\"Noelia\" \/>\n\t<meta name=\"twitter:label2\" content=\"Tiempo de lectura\" \/>\n\t<meta name=\"twitter:data2\" content=\"2 minutos\" \/>\n<script type=\"application\/ld+json\" class=\"yoast-schema-graph\">{\"@context\":\"https:\\\/\\\/schema.org\",\"@graph\":[{\"@type\":\"Article\",\"@id\":\"https:\\\/\\\/www.amiblu.com\\\/es\\\/video-sifon-bronco-mayor-diametro-regadio-hito-tecnico\\\/#article\",\"isPartOf\":{\"@id\":\"https:\\\/\\\/www.amiblu.com\\\/es\\\/video-sifon-bronco-mayor-diametro-regadio-hito-tecnico\\\/\"},\"author\":{\"name\":\"Noelia\",\"@id\":\"https:\\\/\\\/www.amiblu.com\\\/es\\\/#\\\/schema\\\/person\\\/4abd1603334fad5d8a0f94cfc539ff89\"},\"headline\":\"Conoce el Sif\u00f3n del Bronco, el mayor di\u00e1metro ejecutado en regad\u00edo y todo un hito t\u00e9cnico\",\"datePublished\":\"2026-02-03T07:41:51+00:00\",\"dateModified\":\"2026-02-03T11:31:29+00:00\",\"mainEntityOfPage\":{\"@id\":\"https:\\\/\\\/www.amiblu.com\\\/es\\\/video-sifon-bronco-mayor-diametro-regadio-hito-tecnico\\\/\"},\"wordCount\":727,\"publisher\":{\"@id\":\"https:\\\/\\\/www.amiblu.com\\\/es\\\/#organization\"},\"image\":{\"@id\":\"https:\\\/\\\/www.amiblu.com\\\/es\\\/video-sifon-bronco-mayor-diametro-regadio-hito-tecnico\\\/#primaryimage\"},\"thumbnailUrl\":\"https:\\\/\\\/www.amiblu.com\\\/wp-content\\\/uploads\\\/Captura-de-pantalla-2026-02-03-a-les-11.01.38.png\",\"articleSection\":[\"Noticias\"],\"inLanguage\":\"es\"},{\"@type\":\"WebPage\",\"@id\":\"https:\\\/\\\/www.amiblu.com\\\/es\\\/video-sifon-bronco-mayor-diametro-regadio-hito-tecnico\\\/\",\"url\":\"https:\\\/\\\/www.amiblu.com\\\/es\\\/video-sifon-bronco-mayor-diametro-regadio-hito-tecnico\\\/\",\"name\":\"V\u00eddeo Sif\u00f3n del Bronco, el mayor di\u00e1metro ejecutado en regad\u00edo\",\"isPartOf\":{\"@id\":\"https:\\\/\\\/www.amiblu.com\\\/es\\\/#website\"},\"primaryImageOfPage\":{\"@id\":\"https:\\\/\\\/www.amiblu.com\\\/es\\\/video-sifon-bronco-mayor-diametro-regadio-hito-tecnico\\\/#primaryimage\"},\"image\":{\"@id\":\"https:\\\/\\\/www.amiblu.com\\\/es\\\/video-sifon-bronco-mayor-diametro-regadio-hito-tecnico\\\/#primaryimage\"},\"thumbnailUrl\":\"https:\\\/\\\/www.amiblu.com\\\/wp-content\\\/uploads\\\/Captura-de-pantalla-2026-02-03-a-les-11.01.38.png\",\"datePublished\":\"2026-02-03T07:41:51+00:00\",\"dateModified\":\"2026-02-03T11:31:29+00:00\",\"description\":\"Amiblu publica un v\u00eddeo sobre el Sif\u00f3n del Bronco, el mayor di\u00e1metro ejecutado en regad\u00edo y todo un hito t\u00e9cnico.\",\"inLanguage\":\"es\",\"potentialAction\":[{\"@type\":\"ReadAction\",\"target\":[\"https:\\\/\\\/www.amiblu.com\\\/es\\\/video-sifon-bronco-mayor-diametro-regadio-hito-tecnico\\\/\"]}]},{\"@type\":\"ImageObject\",\"inLanguage\":\"es\",\"@id\":\"https:\\\/\\\/www.amiblu.com\\\/es\\\/video-sifon-bronco-mayor-diametro-regadio-hito-tecnico\\\/#primaryimage\",\"url\":\"https:\\\/\\\/www.amiblu.com\\\/wp-content\\\/uploads\\\/Captura-de-pantalla-2026-02-03-a-les-11.01.38.png\",\"contentUrl\":\"https:\\\/\\\/www.amiblu.com\\\/wp-content\\\/uploads\\\/Captura-de-pantalla-2026-02-03-a-les-11.01.38.png\",\"width\":1756,\"height\":976,\"caption\":\"El Sif\u00f3n del Bronco es proyecto ejecutado en un tiempo r\u00e9cord, inferior a 4 meses, para el que se suministraron 675 m de 2 tuber\u00edas a\u00e9reas en paralelo, DN 3000 mm, el mayor di\u00e1metro ejecutado en regad\u00edo hasta la fecha\"},{\"@type\":\"WebSite\",\"@id\":\"https:\\\/\\\/www.amiblu.com\\\/es\\\/#website\",\"url\":\"https:\\\/\\\/www.amiblu.com\\\/es\\\/\",\"name\":\"Amiblu\",\"description\":\"GFK-Rohrsysteme f\u00fcr Generationen\",\"publisher\":{\"@id\":\"https:\\\/\\\/www.amiblu.com\\\/es\\\/#organization\"},\"potentialAction\":[{\"@type\":\"SearchAction\",\"target\":{\"@type\":\"EntryPoint\",\"urlTemplate\":\"https:\\\/\\\/www.amiblu.com\\\/es\\\/?s={search_term_string}\"},\"query-input\":{\"@type\":\"PropertyValueSpecification\",\"valueRequired\":true,\"valueName\":\"search_term_string\"}}],\"inLanguage\":\"es\"},{\"@type\":\"Organization\",\"@id\":\"https:\\\/\\\/www.amiblu.com\\\/es\\\/#organization\",\"name\":\"Amiblu Group\",\"url\":\"https:\\\/\\\/www.amiblu.com\\\/es\\\/\",\"logo\":{\"@type\":\"ImageObject\",\"inLanguage\":\"es\",\"@id\":\"https:\\\/\\\/www.amiblu.com\\\/es\\\/#\\\/schema\\\/logo\\\/image\\\/\",\"url\":\"https:\\\/\\\/www.amiblu.com\\\/wp-content\\\/uploads\\\/2021\\\/01\\\/Amiblu-logo-website-1.png\",\"contentUrl\":\"https:\\\/\\\/www.amiblu.com\\\/wp-content\\\/uploads\\\/2021\\\/01\\\/Amiblu-logo-website-1.png\",\"width\":201,\"height\":38,\"caption\":\"Amiblu Group\"},\"image\":{\"@id\":\"https:\\\/\\\/www.amiblu.com\\\/es\\\/#\\\/schema\\\/logo\\\/image\\\/\"},\"sameAs\":[\"https:\\\/\\\/www.facebook.com\\\/amiblupipes\",\"https:\\\/\\\/www.youtube.com\\\/c\\\/Amiblu\",\"https:\\\/\\\/de.wikipedia.org\\\/wiki\\\/Amiblu\",\"https:\\\/\\\/www.linkedin.com\\\/company\\\/amiblupipes\\\/\"]},{\"@type\":\"Person\",\"@id\":\"https:\\\/\\\/www.amiblu.com\\\/es\\\/#\\\/schema\\\/person\\\/4abd1603334fad5d8a0f94cfc539ff89\",\"name\":\"Noelia\",\"image\":{\"@type\":\"ImageObject\",\"inLanguage\":\"es\",\"@id\":\"https:\\\/\\\/secure.gravatar.com\\\/avatar\\\/9f9ebd2edffef3d993712c729db8694b50f6ee566a3ba3d6fc66fbe195f17ca7?s=96&d=mm&r=g\",\"url\":\"https:\\\/\\\/secure.gravatar.com\\\/avatar\\\/9f9ebd2edffef3d993712c729db8694b50f6ee566a3ba3d6fc66fbe195f17ca7?s=96&d=mm&r=g\",\"contentUrl\":\"https:\\\/\\\/secure.gravatar.com\\\/avatar\\\/9f9ebd2edffef3d993712c729db8694b50f6ee566a3ba3d6fc66fbe195f17ca7?s=96&d=mm&r=g\",\"caption\":\"Noelia\"}}]}<\/script>\n<!-- \/ Yoast SEO Premium plugin. -->","yoast_head_json":{"title":"V\u00eddeo Sif\u00f3n del Bronco, el mayor di\u00e1metro ejecutado en regad\u00edo","description":"Amiblu publica un v\u00eddeo sobre el Sif\u00f3n del Bronco, el mayor di\u00e1metro ejecutado en regad\u00edo y todo un hito t\u00e9cnico.","robots":{"index":"index","follow":"follow","max-snippet":"max-snippet:-1","max-image-preview":"max-image-preview:large","max-video-preview":"max-video-preview:-1"},"canonical":"https:\/\/www.amiblu.com\/es\/video-sifon-bronco-mayor-diametro-regadio-hito-tecnico\/","og_locale":"es_ES","og_type":"article","og_title":"Conoce el Sif\u00f3n del Bronco, el mayor di\u00e1metro ejecutado en regad\u00edo y todo un hito t\u00e9cnico","og_description":"Amiblu publica un v\u00eddeo sobre el Sif\u00f3n del Bronco, el mayor di\u00e1metro ejecutado en regad\u00edo y todo un hito t\u00e9cnico.","og_url":"https:\/\/www.amiblu.com\/es\/video-sifon-bronco-mayor-diametro-regadio-hito-tecnico\/","og_site_name":"Amiblu","article_publisher":"https:\/\/www.facebook.com\/amiblupipes","article_published_time":"2026-02-03T07:41:51+00:00","article_modified_time":"2026-02-03T11:31:29+00:00","og_image":[{"width":1756,"height":976,"url":"https:\/\/www.amiblu.com\/wp-content\/uploads\/Captura-de-pantalla-2026-02-03-a-les-11.01.38.png","type":"image\/png"}],"author":"Noelia","twitter_card":"summary_large_image","twitter_misc":{"Escrito por":"Noelia","Tiempo de lectura":"2 minutos"},"schema":{"@context":"https:\/\/schema.org","@graph":[{"@type":"Article","@id":"https:\/\/www.amiblu.com\/es\/video-sifon-bronco-mayor-diametro-regadio-hito-tecnico\/#article","isPartOf":{"@id":"https:\/\/www.amiblu.com\/es\/video-sifon-bronco-mayor-diametro-regadio-hito-tecnico\/"},"author":{"name":"Noelia","@id":"https:\/\/www.amiblu.com\/es\/#\/schema\/person\/4abd1603334fad5d8a0f94cfc539ff89"},"headline":"Conoce el Sif\u00f3n del Bronco, el mayor di\u00e1metro ejecutado en regad\u00edo y todo un hito t\u00e9cnico","datePublished":"2026-02-03T07:41:51+00:00","dateModified":"2026-02-03T11:31:29+00:00","mainEntityOfPage":{"@id":"https:\/\/www.amiblu.com\/es\/video-sifon-bronco-mayor-diametro-regadio-hito-tecnico\/"},"wordCount":727,"publisher":{"@id":"https:\/\/www.amiblu.com\/es\/#organization"},"image":{"@id":"https:\/\/www.amiblu.com\/es\/video-sifon-bronco-mayor-diametro-regadio-hito-tecnico\/#primaryimage"},"thumbnailUrl":"https:\/\/www.amiblu.com\/wp-content\/uploads\/Captura-de-pantalla-2026-02-03-a-les-11.01.38.png","articleSection":["Noticias"],"inLanguage":"es"},{"@type":"WebPage","@id":"https:\/\/www.amiblu.com\/es\/video-sifon-bronco-mayor-diametro-regadio-hito-tecnico\/","url":"https:\/\/www.amiblu.com\/es\/video-sifon-bronco-mayor-diametro-regadio-hito-tecnico\/","name":"V\u00eddeo Sif\u00f3n del Bronco, el mayor di\u00e1metro ejecutado en regad\u00edo","isPartOf":{"@id":"https:\/\/www.amiblu.com\/es\/#website"},"primaryImageOfPage":{"@id":"https:\/\/www.amiblu.com\/es\/video-sifon-bronco-mayor-diametro-regadio-hito-tecnico\/#primaryimage"},"image":{"@id":"https:\/\/www.amiblu.com\/es\/video-sifon-bronco-mayor-diametro-regadio-hito-tecnico\/#primaryimage"},"thumbnailUrl":"https:\/\/www.amiblu.com\/wp-content\/uploads\/Captura-de-pantalla-2026-02-03-a-les-11.01.38.png","datePublished":"2026-02-03T07:41:51+00:00","dateModified":"2026-02-03T11:31:29+00:00","description":"Amiblu publica un v\u00eddeo sobre el Sif\u00f3n del Bronco, el mayor di\u00e1metro ejecutado en regad\u00edo y todo un hito t\u00e9cnico.","inLanguage":"es","potentialAction":[{"@type":"ReadAction","target":["https:\/\/www.amiblu.com\/es\/video-sifon-bronco-mayor-diametro-regadio-hito-tecnico\/"]}]},{"@type":"ImageObject","inLanguage":"es","@id":"https:\/\/www.amiblu.com\/es\/video-sifon-bronco-mayor-diametro-regadio-hito-tecnico\/#primaryimage","url":"https:\/\/www.amiblu.com\/wp-content\/uploads\/Captura-de-pantalla-2026-02-03-a-les-11.01.38.png","contentUrl":"https:\/\/www.amiblu.com\/wp-content\/uploads\/Captura-de-pantalla-2026-02-03-a-les-11.01.38.png","width":1756,"height":976,"caption":"El Sif\u00f3n del Bronco es proyecto ejecutado en un tiempo r\u00e9cord, inferior a 4 meses, para el que se suministraron 675 m de 2 tuber\u00edas a\u00e9reas en paralelo, DN 3000 mm, el mayor di\u00e1metro ejecutado en regad\u00edo hasta la fecha"},{"@type":"WebSite","@id":"https:\/\/www.amiblu.com\/es\/#website","url":"https:\/\/www.amiblu.com\/es\/","name":"Amiblu","description":"GFK-Rohrsysteme f\u00fcr Generationen","publisher":{"@id":"https:\/\/www.amiblu.com\/es\/#organization"},"potentialAction":[{"@type":"SearchAction","target":{"@type":"EntryPoint","urlTemplate":"https:\/\/www.amiblu.com\/es\/?s={search_term_string}"},"query-input":{"@type":"PropertyValueSpecification","valueRequired":true,"valueName":"search_term_string"}}],"inLanguage":"es"},{"@type":"Organization","@id":"https:\/\/www.amiblu.com\/es\/#organization","name":"Amiblu Group","url":"https:\/\/www.amiblu.com\/es\/","logo":{"@type":"ImageObject","inLanguage":"es","@id":"https:\/\/www.amiblu.com\/es\/#\/schema\/logo\/image\/","url":"https:\/\/www.amiblu.com\/wp-content\/uploads\/2021\/01\/Amiblu-logo-website-1.png","contentUrl":"https:\/\/www.amiblu.com\/wp-content\/uploads\/2021\/01\/Amiblu-logo-website-1.png","width":201,"height":38,"caption":"Amiblu Group"},"image":{"@id":"https:\/\/www.amiblu.com\/es\/#\/schema\/logo\/image\/"},"sameAs":["https:\/\/www.facebook.com\/amiblupipes","https:\/\/www.youtube.com\/c\/Amiblu","https:\/\/de.wikipedia.org\/wiki\/Amiblu","https:\/\/www.linkedin.com\/company\/amiblupipes\/"]},{"@type":"Person","@id":"https:\/\/www.amiblu.com\/es\/#\/schema\/person\/4abd1603334fad5d8a0f94cfc539ff89","name":"Noelia","image":{"@type":"ImageObject","inLanguage":"es","@id":"https:\/\/secure.gravatar.com\/avatar\/9f9ebd2edffef3d993712c729db8694b50f6ee566a3ba3d6fc66fbe195f17ca7?s=96&d=mm&r=g","url":"https:\/\/secure.gravatar.com\/avatar\/9f9ebd2edffef3d993712c729db8694b50f6ee566a3ba3d6fc66fbe195f17ca7?s=96&d=mm&r=g","contentUrl":"https:\/\/secure.gravatar.com\/avatar\/9f9ebd2edffef3d993712c729db8694b50f6ee566a3ba3d6fc66fbe195f17ca7?s=96&d=mm&r=g","caption":"Noelia"}}]}},"_links":{"self":[{"href":"https:\/\/www.amiblu.com\/es\/wp-json\/wp\/v2\/posts\/77171","targetHints":{"allow":["GET"]}}],"collection":[{"href":"https:\/\/www.amiblu.com\/es\/wp-json\/wp\/v2\/posts"}],"about":[{"href":"https:\/\/www.amiblu.com\/es\/wp-json\/wp\/v2\/types\/post"}],"author":[{"embeddable":true,"href":"https:\/\/www.amiblu.com\/es\/wp-json\/wp\/v2\/users\/15"}],"replies":[{"embeddable":true,"href":"https:\/\/www.amiblu.com\/es\/wp-json\/wp\/v2\/comments?post=77171"}],"version-history":[{"count":24,"href":"https:\/\/www.amiblu.com\/es\/wp-json\/wp\/v2\/posts\/77171\/revisions"}],"predecessor-version":[{"id":77279,"href":"https:\/\/www.amiblu.com\/es\/wp-json\/wp\/v2\/posts\/77171\/revisions\/77279"}],"wp:featuredmedia":[{"embeddable":true,"href":"https:\/\/www.amiblu.com\/es\/wp-json\/wp\/v2\/media\/77276"}],"wp:attachment":[{"href":"https:\/\/www.amiblu.com\/es\/wp-json\/wp\/v2\/media?parent=77171"}],"wp:term":[{"taxonomy":"category","embeddable":true,"href":"https:\/\/www.amiblu.com\/es\/wp-json\/wp\/v2\/categories?post=77171"},{"taxonomy":"post_tag","embeddable":true,"href":"https:\/\/www.amiblu.com\/es\/wp-json\/wp\/v2\/tags?post=77171"}],"curies":[{"name":"wp","href":"https:\/\/api.w.org\/{rel}","templated":true}]}}