{"id":78466,"date":"2026-03-13T11:17:20","date_gmt":"2026-03-13T10:17:20","guid":{"rendered":"https:\/\/www.amiblu.com\/?p=78466"},"modified":"2026-03-13T11:17:22","modified_gmt":"2026-03-13T10:17:22","slug":"adjudicacion-ampliacion-central-frio-eficiente-barcelona","status":"publish","type":"post","link":"https:\/\/www.amiblu.com\/es\/adjudicacion-ampliacion-central-frio-eficiente-barcelona\/","title":{"rendered":"Adjudicaci\u00f3n de la ampliaci\u00f3n de la nueva planta de fr\u00edo eficiente de Barcelona"},"content":{"rendered":"\n<style type=\"text\/css\" data-created_by=\"avia_inline_auto\" id=\"style-css-av-mern659j-b6cec51ac0b62167b634cd1d83d4737d\">\n.avia-image-container.av-mern659j-b6cec51ac0b62167b634cd1d83d4737d img.avia_image{\nbox-shadow:none;\n}\n.avia-image-container.av-mern659j-b6cec51ac0b62167b634cd1d83d4737d .av-image-caption-overlay-center{\ncolor:#ffffff;\n}\n<\/style>\n<div  class='avia-image-container av-mern659j-b6cec51ac0b62167b634cd1d83d4737d av-styling- av-img-linked avia-align-left  avia-builder-el-0  el_before_av_hr  avia-builder-el-first '   itemprop=\"image\" itemscope=\"itemscope\" itemtype=\"https:\/\/schema.org\/ImageObject\" ><div class=\"avia-image-container-inner\"><div class=\"avia-image-overlay-wrap\"><a href=\"https:\/\/www.fundaciotalita.org\/calendarios\/#compra\" class='avia_image '  aria-label='Amiblu-adjudicacion-ampliacion-planta-frio-eficiente-bogatell-barcelon Central de Bogatell Districlima-1'><img fetchpriority=\"high\" fetchpriority=\"high\" decoding=\"async\" fetchpriority=\"high\" class='wp-image-78467 avia-img-lazy-loading-not-78467 avia_image ' src=\"https:\/\/www.amiblu.com\/wp-content\/uploads\/Amiblu-Ampliacion-Central-de-Bogatell-Districlima-1.jpg\" alt='Amiblu se adjudica la ampliaci\u00f3n de la nueva planta de fr\u00edo eficiente de la ciudad de Barcelona, Central Bogatell' title='Amiblu-adjudicacion-ampliacion-planta-frio-eficiente-bogatell-barcelon Central de Bogatell Districlima-1'  height=\"500\" width=\"800\"  itemprop=\"thumbnailUrl\" srcset=\"https:\/\/www.amiblu.com\/wp-content\/uploads\/Amiblu-Ampliacion-Central-de-Bogatell-Districlima-1.jpg 800w, https:\/\/www.amiblu.com\/wp-content\/uploads\/Amiblu-Ampliacion-Central-de-Bogatell-Districlima-1-300x188.jpg 300w, https:\/\/www.amiblu.com\/wp-content\/uploads\/Amiblu-Ampliacion-Central-de-Bogatell-Districlima-1-768x480.jpg 768w, https:\/\/www.amiblu.com\/wp-content\/uploads\/Amiblu-Ampliacion-Central-de-Bogatell-Districlima-1-705x441.jpg 705w\" sizes=\"(max-width: 800px) 100vw, 800px\" \/><\/a><\/div><\/div><\/div>\n\n<style type=\"text\/css\" data-created_by=\"avia_inline_auto\" id=\"style-css-av-mern6hl1-9c9ac82c1d8012b95f51b260d1539f06\">\n#top .hr.hr-invisible.av-mern6hl1-9c9ac82c1d8012b95f51b260d1539f06{\nheight:50px;\n}\n<\/style>\n<div  class='hr av-mern6hl1-9c9ac82c1d8012b95f51b260d1539f06 hr-invisible  avia-builder-el-1  el_after_av_image  el_before_av_textblock '><span class='hr-inner '><span class=\"hr-inner-style\"><\/span><\/span><\/div>\n<section  class='av_textblock_section av-mern7j3n-c9b5c55226f2a76c73dd87700b9484dc '   itemscope=\"itemscope\" itemtype=\"https:\/\/schema.org\/BlogPosting\" itemprop=\"blogPost\" ><div class='avia_textblock'  itemprop=\"text\" ><h1>Amiblu se adjudica la ampliaci\u00f3n de la nueva planta de fr\u00edo eficiente de Barcelona<\/h1>\n<\/div><\/section>\n<section  class='av_textblock_section av-mkvdvved-9f5c89077db9a0b871e247ccf744481d '   itemscope=\"itemscope\" itemtype=\"https:\/\/schema.org\/BlogPosting\" itemprop=\"blogPost\" ><div class='avia_textblock'  itemprop=\"text\" ><h3>Tras finalizar con \u00e9xito la fase 1 de la Central de Bogatell, impulsada por Districlima, Amiblu participa en la instalaci\u00f3n de una nueva enfriadora, que ampliar\u00e1 la capacidad de la planta<\/h3>\n<\/div><\/section>\n<section  class='av_textblock_section av-mern8olt-63728549de772a7acb83ab58a1bdee59 '   itemscope=\"itemscope\" itemtype=\"https:\/\/schema.org\/BlogPosting\" itemprop=\"blogPost\" ><div class='avia_textblock'  itemprop=\"text\" ><p>Amiblu Pipes Spain se ha adjudicado la ampliaci\u00f3n de la planta de generaci\u00f3n de fr\u00edo de alta eficiencia Central de Bogatell, impulsada por <a href=\"https:\/\/www.districlima.com\/es\/\">Districlima<\/a>, en la ciudad de Barcelona.<\/p>\n<p><span style=\"font-weight: 400;\">Tras haber finalizado con \u00e9xito los <a href=\"https:\/\/www.amiblu.com\/es\/desarrollo-planta-generacion-frio-alta-eficiencia-barcelona-impulsada-por-districlima\/\">trabajos de ingenier\u00eda, suministro, instalaci\u00f3n y pruebas de todo el circuito de refrigeraci\u00f3n de la planta en 2025<\/a>, Amiblu participa ahora en la instalaci\u00f3n de una nueva enfriadora para la central, que se a\u00f1ade a las cuatro ya construidas en la fase 1 del proyecto.\u00a0<\/span><\/p>\n<p><span style=\"font-weight: 400;\">La\u00a0 Central de Bogatell, que todav\u00eda no ha entrado en funcionamiento, representa un cambio de paradigma en la gesti\u00f3n energ\u00e9tica urbana. Ubicada en la zona F\u00f2rum y 22@ de Barcelona, gracias a un eficiente sistema de refrigeraci\u00f3n, la instalaci\u00f3n extrae agua del mar para alimentar a los equipos refrigeradores y la retorna al mar despu\u00e9s del proceso. La planta, que se encuentra soterrada para minimizar el impacto en el entorno, cuenta con el apoyo del Ayuntamiento de Barcelona y es la tercera planta de fr\u00edo de alta eficiencia de la ciudad que impulsa Districlima. Se estima que permitir\u00e1 ahorrar 339.727 toneladas de CO2 entre los a\u00f1os 2026 y 2032.\u00a0<\/span><\/p>\n<p><span style=\"font-weight: 400;\">Amiblu Pipes Spain \u2013filial espa\u00f1ola del Grupo Amiblu, l\u00edder mundial de tuber\u00edas de PRFV con sede en Austria\u2013 se encarga del proyecto desde su f\u00e1brica de Camarles (Tarragona), bajo la modalidad llave en mano. Al igual que en la fase 1, en esta nueva adjudicaci\u00f3n, Amiblu se ocupar\u00e1 de la ingenier\u00eda de detalle, suministro e instalaci\u00f3n de la nueva tuber\u00eda, incluyendo su soportaje y finalizando con la prueba hidr\u00e1ulica. Est\u00e1 previsto que los trabajos de ampliaci\u00f3n de la Central concluyan en mayo y que la instalaci\u00f3n entre en funcionamiento a finales del primer semestre de este a\u00f1o.\u00a0<\/span><\/p>\n<p><b>Reconocimiento al compromiso y proactividad en materia de HSE\u00a0<\/b><\/p>\n<p><span style=\"font-weight: 400;\">La experiencia global de Amiblu en gesti\u00f3n de proyectos de ingenier\u00eda industrial y la tecnolog\u00eda m\u00e1s avanzada de tuber\u00edas PRFV, junto a la estrecha colaboraci\u00f3n con Districlima, ha sido fundamental para la construcci\u00f3n de la nueva Central de Bogatell, concebida con criterios de m\u00e1xima eficiencia energ\u00e9tica y m\u00ednimo impacto ambiental.<\/span><\/p>\n<p><span style=\"font-weight: 400;\">En el marco de una reciente celebraci\u00f3n, Districlima quiso reconocer el compromiso y proactividad de Amiblu en materia de HSE (<\/span><i><span style=\"font-weight: 400;\">Health, Safety and Environment<\/span><\/i><span style=\"font-weight: 400;\">) con la entrega de unos diplomas, destacando la implicaci\u00f3n del equipo con el proyecto, desde la fase de oferta hasta la ejecuci\u00f3n.\u00a0<\/span><\/p>\n<p><span style=\"font-weight: 400;\">Como en todos los proyectos de ingenier\u00eda industrial complejos, Amiblu \u2013en colaboraci\u00f3n con el resto de empresas involucradas\u2013 asegura que cada fase del proyecto de desarrollo se realiza con los m\u00e1s altos est\u00e1ndares y un rendimiento \u00f3ptimo y sostenible a largo plazo.<\/span><\/p>\n<\/div><\/section>\n","protected":false},"excerpt":{"rendered":"<p>Amiblu se adjudica la ampliaci\u00f3n de la nueva planta de fr\u00edo eficiente de la ciudad de Barcelona, Central de Bogatell, impulsada por Districlima<\/p>\n","protected":false},"author":15,"featured_media":78467,"comment_status":"closed","ping_status":"closed","sticky":false,"template":"","format":"standard","meta":{"_acf_changed":false,"footnotes":""},"categories":[164],"tags":[],"class_list":["post-78466","post","type-post","status-publish","format-standard","has-post-thumbnail","hentry","category-news-4"],"acf":[],"yoast_head":"<!-- This site is optimized with the Yoast SEO Premium plugin v27.5 (Yoast SEO v27.5) - https:\/\/yoast.com\/product\/yoast-seo-premium-wordpress\/ -->\n<title>Adjudicaci\u00f3n ampliaci\u00f3n central de fr\u00edo eficiente de Barcelona<\/title>\n<meta name=\"description\" content=\"Amiblu se adjudica la ampliaci\u00f3n de la nueva planta de fr\u00edo eficiente de Barcelona, Central de Bogatell, impulsada por Districlima.\" \/>\n<meta name=\"robots\" content=\"index, follow, max-snippet:-1, max-image-preview:large, max-video-preview:-1\" \/>\n<link rel=\"canonical\" href=\"https:\/\/www.amiblu.com\/es\/adjudicacion-ampliacion-central-frio-eficiente-barcelona\/\" \/>\n<meta property=\"og:locale\" content=\"es_ES\" \/>\n<meta property=\"og:type\" content=\"article\" \/>\n<meta property=\"og:title\" content=\"Adjudicaci\u00f3n de la ampliaci\u00f3n de la nueva planta de fr\u00edo eficiente de Barcelona\" \/>\n<meta property=\"og:description\" content=\"Amiblu se adjudica la ampliaci\u00f3n de la nueva planta de fr\u00edo eficiente de Barcelona, Central de Bogatell, impulsada por Districlima.\" \/>\n<meta property=\"og:url\" content=\"https:\/\/www.amiblu.com\/es\/adjudicacion-ampliacion-central-frio-eficiente-barcelona\/\" \/>\n<meta property=\"og:site_name\" content=\"Amiblu\" \/>\n<meta property=\"article:publisher\" content=\"https:\/\/www.facebook.com\/amiblupipes\" \/>\n<meta property=\"article:published_time\" content=\"2026-03-13T10:17:20+00:00\" \/>\n<meta property=\"article:modified_time\" content=\"2026-03-13T10:17:22+00:00\" \/>\n<meta property=\"og:image\" content=\"https:\/\/www.amiblu.com\/wp-content\/uploads\/Amiblu-Ampliacion-Central-de-Bogatell-Districlima-1.jpg\" \/>\n\t<meta property=\"og:image:width\" content=\"800\" \/>\n\t<meta property=\"og:image:height\" content=\"500\" \/>\n\t<meta property=\"og:image:type\" content=\"image\/jpeg\" \/>\n<meta name=\"author\" content=\"Noelia\" \/>\n<meta name=\"twitter:card\" content=\"summary_large_image\" \/>\n<meta name=\"twitter:label1\" content=\"Escrito por\" \/>\n\t<meta name=\"twitter:data1\" content=\"Noelia\" \/>\n\t<meta name=\"twitter:label2\" content=\"Tiempo de lectura\" \/>\n\t<meta name=\"twitter:data2\" content=\"3 minutos\" \/>\n<script type=\"application\/ld+json\" class=\"yoast-schema-graph\">{\"@context\":\"https:\\\/\\\/schema.org\",\"@graph\":[{\"@type\":\"Article\",\"@id\":\"https:\\\/\\\/www.amiblu.com\\\/es\\\/adjudicacion-ampliacion-central-frio-eficiente-barcelona\\\/#article\",\"isPartOf\":{\"@id\":\"https:\\\/\\\/www.amiblu.com\\\/es\\\/adjudicacion-ampliacion-central-frio-eficiente-barcelona\\\/\"},\"author\":{\"name\":\"Noelia\",\"@id\":\"https:\\\/\\\/www.amiblu.com\\\/es\\\/#\\\/schema\\\/person\\\/4abd1603334fad5d8a0f94cfc539ff89\"},\"headline\":\"Adjudicaci\u00f3n de la ampliaci\u00f3n de la nueva planta de fr\u00edo eficiente de Barcelona\",\"datePublished\":\"2026-03-13T10:17:20+00:00\",\"dateModified\":\"2026-03-13T10:17:22+00:00\",\"mainEntityOfPage\":{\"@id\":\"https:\\\/\\\/www.amiblu.com\\\/es\\\/adjudicacion-ampliacion-central-frio-eficiente-barcelona\\\/\"},\"wordCount\":1103,\"publisher\":{\"@id\":\"https:\\\/\\\/www.amiblu.com\\\/es\\\/#organization\"},\"image\":{\"@id\":\"https:\\\/\\\/www.amiblu.com\\\/es\\\/adjudicacion-ampliacion-central-frio-eficiente-barcelona\\\/#primaryimage\"},\"thumbnailUrl\":\"https:\\\/\\\/www.amiblu.com\\\/wp-content\\\/uploads\\\/Amiblu-Ampliacion-Central-de-Bogatell-Districlima-1.jpg\",\"articleSection\":[\"Noticias\"],\"inLanguage\":\"es\"},{\"@type\":\"WebPage\",\"@id\":\"https:\\\/\\\/www.amiblu.com\\\/es\\\/adjudicacion-ampliacion-central-frio-eficiente-barcelona\\\/\",\"url\":\"https:\\\/\\\/www.amiblu.com\\\/es\\\/adjudicacion-ampliacion-central-frio-eficiente-barcelona\\\/\",\"name\":\"Adjudicaci\u00f3n ampliaci\u00f3n central de fr\u00edo eficiente de Barcelona\",\"isPartOf\":{\"@id\":\"https:\\\/\\\/www.amiblu.com\\\/es\\\/#website\"},\"primaryImageOfPage\":{\"@id\":\"https:\\\/\\\/www.amiblu.com\\\/es\\\/adjudicacion-ampliacion-central-frio-eficiente-barcelona\\\/#primaryimage\"},\"image\":{\"@id\":\"https:\\\/\\\/www.amiblu.com\\\/es\\\/adjudicacion-ampliacion-central-frio-eficiente-barcelona\\\/#primaryimage\"},\"thumbnailUrl\":\"https:\\\/\\\/www.amiblu.com\\\/wp-content\\\/uploads\\\/Amiblu-Ampliacion-Central-de-Bogatell-Districlima-1.jpg\",\"datePublished\":\"2026-03-13T10:17:20+00:00\",\"dateModified\":\"2026-03-13T10:17:22+00:00\",\"description\":\"Amiblu se adjudica la ampliaci\u00f3n de la nueva planta de fr\u00edo eficiente de Barcelona, Central de Bogatell, impulsada por Districlima.\",\"inLanguage\":\"es\",\"potentialAction\":[{\"@type\":\"ReadAction\",\"target\":[\"https:\\\/\\\/www.amiblu.com\\\/es\\\/adjudicacion-ampliacion-central-frio-eficiente-barcelona\\\/\"]}]},{\"@type\":\"ImageObject\",\"inLanguage\":\"es\",\"@id\":\"https:\\\/\\\/www.amiblu.com\\\/es\\\/adjudicacion-ampliacion-central-frio-eficiente-barcelona\\\/#primaryimage\",\"url\":\"https:\\\/\\\/www.amiblu.com\\\/wp-content\\\/uploads\\\/Amiblu-Ampliacion-Central-de-Bogatell-Districlima-1.jpg\",\"contentUrl\":\"https:\\\/\\\/www.amiblu.com\\\/wp-content\\\/uploads\\\/Amiblu-Ampliacion-Central-de-Bogatell-Districlima-1.jpg\",\"width\":800,\"height\":500,\"caption\":\"Amiblu se adjudica la ampliaci\u00f3n de la nueva planta de fr\u00edo eficiente de la ciudad de Barcelona, Central Bogatell\"},{\"@type\":\"WebSite\",\"@id\":\"https:\\\/\\\/www.amiblu.com\\\/es\\\/#website\",\"url\":\"https:\\\/\\\/www.amiblu.com\\\/es\\\/\",\"name\":\"Amiblu\",\"description\":\"GFK-Rohrsysteme f\u00fcr Generationen\",\"publisher\":{\"@id\":\"https:\\\/\\\/www.amiblu.com\\\/es\\\/#organization\"},\"potentialAction\":[{\"@type\":\"SearchAction\",\"target\":{\"@type\":\"EntryPoint\",\"urlTemplate\":\"https:\\\/\\\/www.amiblu.com\\\/es\\\/?s={search_term_string}\"},\"query-input\":{\"@type\":\"PropertyValueSpecification\",\"valueRequired\":true,\"valueName\":\"search_term_string\"}}],\"inLanguage\":\"es\"},{\"@type\":\"Organization\",\"@id\":\"https:\\\/\\\/www.amiblu.com\\\/es\\\/#organization\",\"name\":\"Amiblu Group\",\"url\":\"https:\\\/\\\/www.amiblu.com\\\/es\\\/\",\"logo\":{\"@type\":\"ImageObject\",\"inLanguage\":\"es\",\"@id\":\"https:\\\/\\\/www.amiblu.com\\\/es\\\/#\\\/schema\\\/logo\\\/image\\\/\",\"url\":\"https:\\\/\\\/www.amiblu.com\\\/wp-content\\\/uploads\\\/2021\\\/01\\\/Amiblu-logo-website-1.png\",\"contentUrl\":\"https:\\\/\\\/www.amiblu.com\\\/wp-content\\\/uploads\\\/2021\\\/01\\\/Amiblu-logo-website-1.png\",\"width\":201,\"height\":38,\"caption\":\"Amiblu Group\"},\"image\":{\"@id\":\"https:\\\/\\\/www.amiblu.com\\\/es\\\/#\\\/schema\\\/logo\\\/image\\\/\"},\"sameAs\":[\"https:\\\/\\\/www.facebook.com\\\/amiblupipes\",\"https:\\\/\\\/www.youtube.com\\\/c\\\/Amiblu\",\"https:\\\/\\\/de.wikipedia.org\\\/wiki\\\/Amiblu\",\"https:\\\/\\\/www.linkedin.com\\\/company\\\/amiblupipes\\\/\"]},{\"@type\":\"Person\",\"@id\":\"https:\\\/\\\/www.amiblu.com\\\/es\\\/#\\\/schema\\\/person\\\/4abd1603334fad5d8a0f94cfc539ff89\",\"name\":\"Noelia\",\"image\":{\"@type\":\"ImageObject\",\"inLanguage\":\"es\",\"@id\":\"https:\\\/\\\/secure.gravatar.com\\\/avatar\\\/9f9ebd2edffef3d993712c729db8694b50f6ee566a3ba3d6fc66fbe195f17ca7?s=96&d=mm&r=g\",\"url\":\"https:\\\/\\\/secure.gravatar.com\\\/avatar\\\/9f9ebd2edffef3d993712c729db8694b50f6ee566a3ba3d6fc66fbe195f17ca7?s=96&d=mm&r=g\",\"contentUrl\":\"https:\\\/\\\/secure.gravatar.com\\\/avatar\\\/9f9ebd2edffef3d993712c729db8694b50f6ee566a3ba3d6fc66fbe195f17ca7?s=96&d=mm&r=g\",\"caption\":\"Noelia\"}}]}<\/script>\n<!-- \/ Yoast SEO Premium plugin. -->","yoast_head_json":{"title":"Adjudicaci\u00f3n ampliaci\u00f3n central de fr\u00edo eficiente de Barcelona","description":"Amiblu se adjudica la ampliaci\u00f3n de la nueva planta de fr\u00edo eficiente de Barcelona, Central de Bogatell, impulsada por Districlima.","robots":{"index":"index","follow":"follow","max-snippet":"max-snippet:-1","max-image-preview":"max-image-preview:large","max-video-preview":"max-video-preview:-1"},"canonical":"https:\/\/www.amiblu.com\/es\/adjudicacion-ampliacion-central-frio-eficiente-barcelona\/","og_locale":"es_ES","og_type":"article","og_title":"Adjudicaci\u00f3n de la ampliaci\u00f3n de la nueva planta de fr\u00edo eficiente de Barcelona","og_description":"Amiblu se adjudica la ampliaci\u00f3n de la nueva planta de fr\u00edo eficiente de Barcelona, Central de Bogatell, impulsada por Districlima.","og_url":"https:\/\/www.amiblu.com\/es\/adjudicacion-ampliacion-central-frio-eficiente-barcelona\/","og_site_name":"Amiblu","article_publisher":"https:\/\/www.facebook.com\/amiblupipes","article_published_time":"2026-03-13T10:17:20+00:00","article_modified_time":"2026-03-13T10:17:22+00:00","og_image":[{"width":800,"height":500,"url":"https:\/\/www.amiblu.com\/wp-content\/uploads\/Amiblu-Ampliacion-Central-de-Bogatell-Districlima-1.jpg","type":"image\/jpeg"}],"author":"Noelia","twitter_card":"summary_large_image","twitter_misc":{"Escrito por":"Noelia","Tiempo de lectura":"3 minutos"},"schema":{"@context":"https:\/\/schema.org","@graph":[{"@type":"Article","@id":"https:\/\/www.amiblu.com\/es\/adjudicacion-ampliacion-central-frio-eficiente-barcelona\/#article","isPartOf":{"@id":"https:\/\/www.amiblu.com\/es\/adjudicacion-ampliacion-central-frio-eficiente-barcelona\/"},"author":{"name":"Noelia","@id":"https:\/\/www.amiblu.com\/es\/#\/schema\/person\/4abd1603334fad5d8a0f94cfc539ff89"},"headline":"Adjudicaci\u00f3n de la ampliaci\u00f3n de la nueva planta de fr\u00edo eficiente de Barcelona","datePublished":"2026-03-13T10:17:20+00:00","dateModified":"2026-03-13T10:17:22+00:00","mainEntityOfPage":{"@id":"https:\/\/www.amiblu.com\/es\/adjudicacion-ampliacion-central-frio-eficiente-barcelona\/"},"wordCount":1103,"publisher":{"@id":"https:\/\/www.amiblu.com\/es\/#organization"},"image":{"@id":"https:\/\/www.amiblu.com\/es\/adjudicacion-ampliacion-central-frio-eficiente-barcelona\/#primaryimage"},"thumbnailUrl":"https:\/\/www.amiblu.com\/wp-content\/uploads\/Amiblu-Ampliacion-Central-de-Bogatell-Districlima-1.jpg","articleSection":["Noticias"],"inLanguage":"es"},{"@type":"WebPage","@id":"https:\/\/www.amiblu.com\/es\/adjudicacion-ampliacion-central-frio-eficiente-barcelona\/","url":"https:\/\/www.amiblu.com\/es\/adjudicacion-ampliacion-central-frio-eficiente-barcelona\/","name":"Adjudicaci\u00f3n ampliaci\u00f3n central de fr\u00edo eficiente de Barcelona","isPartOf":{"@id":"https:\/\/www.amiblu.com\/es\/#website"},"primaryImageOfPage":{"@id":"https:\/\/www.amiblu.com\/es\/adjudicacion-ampliacion-central-frio-eficiente-barcelona\/#primaryimage"},"image":{"@id":"https:\/\/www.amiblu.com\/es\/adjudicacion-ampliacion-central-frio-eficiente-barcelona\/#primaryimage"},"thumbnailUrl":"https:\/\/www.amiblu.com\/wp-content\/uploads\/Amiblu-Ampliacion-Central-de-Bogatell-Districlima-1.jpg","datePublished":"2026-03-13T10:17:20+00:00","dateModified":"2026-03-13T10:17:22+00:00","description":"Amiblu se adjudica la ampliaci\u00f3n de la nueva planta de fr\u00edo eficiente de Barcelona, Central de Bogatell, impulsada por Districlima.","inLanguage":"es","potentialAction":[{"@type":"ReadAction","target":["https:\/\/www.amiblu.com\/es\/adjudicacion-ampliacion-central-frio-eficiente-barcelona\/"]}]},{"@type":"ImageObject","inLanguage":"es","@id":"https:\/\/www.amiblu.com\/es\/adjudicacion-ampliacion-central-frio-eficiente-barcelona\/#primaryimage","url":"https:\/\/www.amiblu.com\/wp-content\/uploads\/Amiblu-Ampliacion-Central-de-Bogatell-Districlima-1.jpg","contentUrl":"https:\/\/www.amiblu.com\/wp-content\/uploads\/Amiblu-Ampliacion-Central-de-Bogatell-Districlima-1.jpg","width":800,"height":500,"caption":"Amiblu se adjudica la ampliaci\u00f3n de la nueva planta de fr\u00edo eficiente de la ciudad de Barcelona, Central Bogatell"},{"@type":"WebSite","@id":"https:\/\/www.amiblu.com\/es\/#website","url":"https:\/\/www.amiblu.com\/es\/","name":"Amiblu","description":"GFK-Rohrsysteme f\u00fcr Generationen","publisher":{"@id":"https:\/\/www.amiblu.com\/es\/#organization"},"potentialAction":[{"@type":"SearchAction","target":{"@type":"EntryPoint","urlTemplate":"https:\/\/www.amiblu.com\/es\/?s={search_term_string}"},"query-input":{"@type":"PropertyValueSpecification","valueRequired":true,"valueName":"search_term_string"}}],"inLanguage":"es"},{"@type":"Organization","@id":"https:\/\/www.amiblu.com\/es\/#organization","name":"Amiblu Group","url":"https:\/\/www.amiblu.com\/es\/","logo":{"@type":"ImageObject","inLanguage":"es","@id":"https:\/\/www.amiblu.com\/es\/#\/schema\/logo\/image\/","url":"https:\/\/www.amiblu.com\/wp-content\/uploads\/2021\/01\/Amiblu-logo-website-1.png","contentUrl":"https:\/\/www.amiblu.com\/wp-content\/uploads\/2021\/01\/Amiblu-logo-website-1.png","width":201,"height":38,"caption":"Amiblu Group"},"image":{"@id":"https:\/\/www.amiblu.com\/es\/#\/schema\/logo\/image\/"},"sameAs":["https:\/\/www.facebook.com\/amiblupipes","https:\/\/www.youtube.com\/c\/Amiblu","https:\/\/de.wikipedia.org\/wiki\/Amiblu","https:\/\/www.linkedin.com\/company\/amiblupipes\/"]},{"@type":"Person","@id":"https:\/\/www.amiblu.com\/es\/#\/schema\/person\/4abd1603334fad5d8a0f94cfc539ff89","name":"Noelia","image":{"@type":"ImageObject","inLanguage":"es","@id":"https:\/\/secure.gravatar.com\/avatar\/9f9ebd2edffef3d993712c729db8694b50f6ee566a3ba3d6fc66fbe195f17ca7?s=96&d=mm&r=g","url":"https:\/\/secure.gravatar.com\/avatar\/9f9ebd2edffef3d993712c729db8694b50f6ee566a3ba3d6fc66fbe195f17ca7?s=96&d=mm&r=g","contentUrl":"https:\/\/secure.gravatar.com\/avatar\/9f9ebd2edffef3d993712c729db8694b50f6ee566a3ba3d6fc66fbe195f17ca7?s=96&d=mm&r=g","caption":"Noelia"}}]}},"_links":{"self":[{"href":"https:\/\/www.amiblu.com\/es\/wp-json\/wp\/v2\/posts\/78466","targetHints":{"allow":["GET"]}}],"collection":[{"href":"https:\/\/www.amiblu.com\/es\/wp-json\/wp\/v2\/posts"}],"about":[{"href":"https:\/\/www.amiblu.com\/es\/wp-json\/wp\/v2\/types\/post"}],"author":[{"embeddable":true,"href":"https:\/\/www.amiblu.com\/es\/wp-json\/wp\/v2\/users\/15"}],"replies":[{"embeddable":true,"href":"https:\/\/www.amiblu.com\/es\/wp-json\/wp\/v2\/comments?post=78466"}],"version-history":[{"count":12,"href":"https:\/\/www.amiblu.com\/es\/wp-json\/wp\/v2\/posts\/78466\/revisions"}],"predecessor-version":[{"id":78534,"href":"https:\/\/www.amiblu.com\/es\/wp-json\/wp\/v2\/posts\/78466\/revisions\/78534"}],"wp:featuredmedia":[{"embeddable":true,"href":"https:\/\/www.amiblu.com\/es\/wp-json\/wp\/v2\/media\/78467"}],"wp:attachment":[{"href":"https:\/\/www.amiblu.com\/es\/wp-json\/wp\/v2\/media?parent=78466"}],"wp:term":[{"taxonomy":"category","embeddable":true,"href":"https:\/\/www.amiblu.com\/es\/wp-json\/wp\/v2\/categories?post=78466"},{"taxonomy":"post_tag","embeddable":true,"href":"https:\/\/www.amiblu.com\/es\/wp-json\/wp\/v2\/tags?post=78466"}],"curies":[{"name":"wp","href":"https:\/\/api.w.org\/{rel}","templated":true}]}}