{"id":69300,"date":"2025-02-25T17:11:09","date_gmt":"2025-02-25T16:11:09","guid":{"rendered":"https:\/\/www.amiblu.com\/?p=69300"},"modified":"2025-06-16T14:34:39","modified_gmt":"2025-06-16T12:34:39","slug":"la-produzione-nei-paesi-dellunione-europea-e-un-valore-da-premiare-e-da-difendere","status":"publish","type":"post","link":"https:\/\/www.amiblu.com\/it\/la-produzione-nei-paesi-dellunione-europea-e-un-valore-da-premiare-e-da-difendere\/","title":{"rendered":"La produzione nei Paesi dell\u2019Unione Europea \u00e8 un valore da premiare e da difendere"},"content":{"rendered":"\n<style type=\"text\/css\" data-created_by=\"avia_inline_auto\" id=\"style-css-av-m7kp7sgc-5155a9a31d0d0e6cb1abc98493822538\">\n.avia-image-container.av-m7kp7sgc-5155a9a31d0d0e6cb1abc98493822538 img.avia_image{\nbox-shadow:none;\n}\n.avia-image-container.av-m7kp7sgc-5155a9a31d0d0e6cb1abc98493822538 .av-image-caption-overlay-center{\ncolor:#ffffff;\n}\n<\/style>\n<div  class='avia-image-container av-m7kp7sgc-5155a9a31d0d0e6cb1abc98493822538 av-styling- avia-align-center  avia-builder-el-0  el_before_av_heading  avia-builder-el-first '   itemprop=\"image\" itemscope=\"itemscope\" itemtype=\"https:\/\/schema.org\/ImageObject\" ><div class=\"avia-image-container-inner\"><div class=\"avia-image-overlay-wrap\"><img fetchpriority=\"high\" fetchpriority=\"high\" decoding=\"async\" fetchpriority=\"high\" class='wp-image-69304 avia-img-lazy-loading-not-69304 avia_image ' src=\"https:\/\/www.amiblu.com\/wp-content\/uploads\/Nuovo-codice-degli-appalti.jpg\" alt='Nuovo codice degli appalti' title='Nuovo-codice-degli-appalti'  height=\"500\" width=\"800\"  itemprop=\"thumbnailUrl\" srcset=\"https:\/\/www.amiblu.com\/wp-content\/uploads\/Nuovo-codice-degli-appalti.jpg 800w, https:\/\/www.amiblu.com\/wp-content\/uploads\/Nuovo-codice-degli-appalti-300x188.jpg 300w, https:\/\/www.amiblu.com\/wp-content\/uploads\/Nuovo-codice-degli-appalti-768x480.jpg 768w, https:\/\/www.amiblu.com\/wp-content\/uploads\/Nuovo-codice-degli-appalti-705x441.jpg 705w\" sizes=\"(max-width: 800px) 100vw, 800px\" \/><\/div><\/div><\/div>\n\n<style type=\"text\/css\" data-created_by=\"avia_inline_auto\" id=\"style-css-av-m7kpksaw-e2a830ddd6a88eb572b4f79af9868966\">\n#top .av-special-heading.av-m7kpksaw-e2a830ddd6a88eb572b4f79af9868966{\npadding-bottom:10px;\n}\nbody .av-special-heading.av-m7kpksaw-e2a830ddd6a88eb572b4f79af9868966 .av-special-heading-tag .heading-char{\nfont-size:25px;\n}\n.av-special-heading.av-m7kpksaw-e2a830ddd6a88eb572b4f79af9868966 .av-subheading{\nfont-size:15px;\n}\n<\/style>\n<div  class='av-special-heading av-m7kpksaw-e2a830ddd6a88eb572b4f79af9868966 av-special-heading-h1  avia-builder-el-1  el_after_av_image  el_before_av_hr '><h1 class='av-special-heading-tag '  itemprop=\"headline\"  >Nuovo codice degli appalti: il valore aggiunto delle soluzioni Amiblu made in UE<\/h1><div class=\"special-heading-border\"><div class=\"special-heading-inner-border\"><\/div><\/div><\/div>\n\n<style type=\"text\/css\" data-created_by=\"avia_inline_auto\" id=\"style-css-av-m7kpkh5y-f290b36eef72ab6cdd0cc3601c0a139c\">\n#top .hr.hr-invisible.av-m7kpkh5y-f290b36eef72ab6cdd0cc3601c0a139c{\nheight:30px;\n}\n<\/style>\n<div  class='hr av-m7kpkh5y-f290b36eef72ab6cdd0cc3601c0a139c hr-invisible  avia-builder-el-2  el_after_av_heading  el_before_av_textblock '><span class='hr-inner '><span class=\"hr-inner-style\"><\/span><\/span><\/div>\n<section  class='av_textblock_section av-m3a66s-92e68fb9c5a1c8bc1ae2ef005ddc96cd '   itemscope=\"itemscope\" itemtype=\"https:\/\/schema.org\/BlogPosting\" itemprop=\"blogPost\" ><div class='avia_textblock'  itemprop=\"text\" ><p><span style=\"font-weight: 400;\">Negli ultimi anni, l\u2019Europa ha rafforzato il proprio impegno per <\/span><b>valorizzare le aziende dei Paesi che rispettano i criteri di sostenibilit\u00e0 ambientale e sociale<\/b><span style=\"font-weight: 400;\">. Contrastare la concorrenza di chi non garantisce tali standard non \u00e8 solo una scelta economica, ma una necessit\u00e0 per rendere il nostro <\/span><b>futuro pi\u00f9 equo e sostenibile<\/b><span style=\"font-weight: 400;\">.<\/span><\/p>\n<p><span style=\"font-weight: 400;\">Oggi, anche il <\/span><b>settore delle infrastrutture idriche deve rispondere a queste sfide<\/b><span style=\"font-weight: 400;\">, soprattutto alla luce delle <\/span><b>recenti normative <\/b><span style=\"font-weight: 400;\">che vanno proprio in questa direzione. Garantire infrastrutture idriche sicure e sostenibili, infatti, passa anche dalla scelta di materiali prodotti secondo i pi\u00f9 alti standard ambientali e sociali.\u00a0<\/span><\/p>\n<p><span style=\"font-weight: 400;\">Approfondiamo questo tema con <\/span><b>Amedeo Rugen, Amministratore Delegato di Amiblu Italia<\/b><span style=\"font-weight: 400;\">, per capire come si \u00e8 evoluta la normativa e quali vantaggi possono offrire aziende con una produzione made in UE come Amiblu.<\/span><\/p>\n<h2><b>Quali sono le nuove regole per tutelare la produzione europea nei contratti pubblici?<\/b><\/h2>\n<p><span style=\"font-weight: 400;\">Il Codice degli Appalti (<\/span><b>D.Lgs. 36\/2023) <\/b><span style=\"font-weight: 400;\">consentiva gi\u00e0 alle stazioni appaltanti di <\/span><b>respingere un\u2019offerta<\/b><span style=\"font-weight: 400;\"> negli appalti di forniture se oltre il <\/span><b>50% del valore dei prodotti proveniva dai cosiddetti \u201cPaesi terzi\u201d<\/b><span style=\"font-weight: 400;\">.<\/span><\/p>\n<p><span style=\"font-weight: 400;\">Nel <\/span><b>Decreto correttivo D.Lgs. 209\/2024 dello scorso dicembre 2024<\/b><span style=\"font-weight: 400;\">, questa disposizione \u00e8 stata rafforzata e ora include anche gli <\/span><b>appalti misti<\/b><span style=\"font-weight: 400;\"> (che comprendono sia forniture sia lavori).\u00a0<\/span><\/p>\n<p><span style=\"font-weight: 400;\">I Paesi terzi sono quelli individuati dal <\/span><b>Regolamento europeo 952\/2013<\/b><span style=\"font-weight: 400;\"> e sono gli Stati non europei con cui l\u2019UE non ha accordi di reciprocit\u00e0 commerciale. L\u2019elenco aggiornato dei Paesi con cui l\u2019UE ha questo tipo di accordi (Agreement on Government Procurement &#8211; GPA 2012) \u00e8 disponibile sul <a href=\"https:\/\/www.wto.org\/english\/tratop_e\/gproc_e\/memobs_e.htm\" target=\"_blank\" rel=\"noopener\">sito del WTO<\/a>.<\/span><\/p>\n<h2><b>Perch\u00e9 \u00e8 opportuno valorizzare la produzione europea?<\/b><\/h2>\n<p><span style=\"font-weight: 400;\">Per tre ragioni principali.\u00a0<\/span><\/p>\n<p><span style=\"font-weight: 400;\">Innanzitutto, gli <\/span><b>elevati standard di sostenibilit\u00e0 ambientale e sociale <\/b><span style=\"font-weight: 400;\">a cui si attengono le aziende europee <\/span><b>hanno dei costi ingenti<\/b><span style=\"font-weight: 400;\">, che si riflettono sul prodotto. Quindi, non verificare la provenienza dei materiali significa inevitabilmente favorire le produzioni non regolamentate.<\/span><\/p>\n<p><span style=\"font-weight: 400;\">In secondo luogo, le aziende che hanno <\/span><b>impianti produttivi in Europa coinvolgono un numero notevolmente maggiore di lavoratori<\/b><span style=\"font-weight: 400;\">, tra collaboratori diretti e indotto, rispetto a quelle che si occupano soltanto di distribuire e commercializzare in Europa prodotti dello stesso tipo fabbricati in Paesi extra UE. Premiare la produzione europea negli appalti, quindi, significa favorire una maggiore ricaduta economica dell\u2019investimento pubblico, a vantaggio dei cittadini europei che lo hanno finanziato con le proprie tasse.<\/span><\/p>\n<p><span style=\"font-weight: 400;\">Il terzo motivo \u00e8 quello di <\/span><b>incentivare i cosiddetti Paesi terzi<\/b> <b>ad attivare con l\u2019Unione europea patti di reciprocit\u00e0<\/b><span style=\"font-weight: 400;\">, necessari per accedere al mercato degli appalti dell\u2019UE, elevando gli standard ambientali e sociali della produzione di quegli Stati.<\/span><\/p>\n<h2><b>Quindi cosa cambia per le stazioni appaltanti?<\/b><\/h2>\n<p><span style=\"font-weight: 400;\">Grazie alle nuove disposizioni, le stazioni appaltanti possono:<\/span><\/p>\n<ul>\n<li style=\"font-weight: 400;\" aria-level=\"1\"><b>respingere, senza ulteriore motivazione, offerte per appalti misti che prevedono forniture provenienti da Paesi terzi oltre il 50% del valore totale<\/b><span style=\"font-weight: 400;\">. In caso di mancato respingimento, \u00e8 obbligo della stazione appaltante redigere una relazione, corredata della relativa documentazione, da allegare all\u2019aggiudicazione, che motivi le ragioni della scelta;<\/span><\/li>\n<li style=\"font-weight: 400;\" aria-level=\"1\"><span style=\"font-weight: 400;\">nei criteri di valutazione delle offerte economicamente pi\u00f9 vantaggiose (articolo 108, comma 4 del Codice dei contratti pubblici) <\/span><b>\u00e8 possibile inserire il valore percentuale dei prodotti originari dall\u2019UE o dai Paesi terzi con cui sia in vigore un accordo di reciprocit\u00e0<\/b><span style=\"font-weight: 400;\">, ai sensi del Regolamento UE 952\/2013, rispetto al valore totale dei prodotti che compongono l\u2019offerta (articolo 170 &#8211; Offerte contenenti prodotti originari di Paesi terzi, comma 5 del Codice dei contratti pubblici).<\/span><\/li>\n<\/ul>\n<h2><b>Qual \u00e8 un possibile esempio di criterio di aggiudicazione?<\/b><\/h2>\n<p><span style=\"font-weight: 400;\">Ecco un esempio di attribuzione di punteggi, che valuti la provenienza dei materiali:<\/span><\/p>\n<ul>\n<li><span style=\"font-weight: 400;\">Elementi di natura qualitativa &#8211; Offerta Tecnica: punti massimi 80.\u00a0<\/span><\/li>\n<li><span style=\"font-weight: 400;\">Elementi di natura quantitativa &#8211; Offerta Economica: punti massimi 20.<\/span><\/li>\n<li><span style=\"font-weight: 400;\">Elementi di natura qualitativa &#8211; criteri di valutazione<\/span><\/li>\n<li><span style=\"font-weight: 400;\">Origine dei materiali &#8211; tubazioni in PRFV (punteggio massimo 8 punti)<br \/>\n<\/span>&#8211; Fornitura di tubi in PRFV al 100% provenienti da Stati membri dell&#8217;UE o da Paesi terzi con accordi di reciprocit\u00e0 (Regolamento UE 952\/2013): 8 punti<br \/>\n&#8211; Fornitura di tubi in PRFV con una quota di almeno il 75% provenienti da Stati membri dell&#8217;UE o da Paesi terzi con accordi di reciprocit\u00e0 (Regolamento UE 952\/2013): 4 punti<br \/>\n&#8211; Fornitura di tubi in PRFV con una quota di almeno il 50% provenienti da Stati membri dell&#8217;UE o da Paesi terzi con accordi di reciprocit\u00e0 (Regolamento UE 952\/2013): 0 punti<\/li>\n<\/ul>\n<h2><b>In questo scenario, perch\u00e9 scegliere le soluzioni Amiblu?<\/b><\/h2>\n<p><b>Amiblu<\/b> <b>dispone di 6 impianti di produzione in Europa<\/b><span style=\"font-weight: 400;\">, che ci consentono di proporre sistemi di tubazioni in PRFV <\/span><b>realizzati interamente in Europa<\/b><span style=\"font-weight: 400;\"> garantendo elevati standard di qualit\u00e0, durata e sostenibilit\u00e0. Questo aspetto assume un\u2019importanza ancora maggiore alla luce delle recenti disposizioni europee e nazionali, che mirano a tutelare la produzione interna e a contrastare la concorrenza di prodotti provenienti da Paesi con normative meno stringenti.<\/span><\/p>\n<\/div><\/section>\n<div  class='avia-button-wrap av-m7tapi0n-fb43fe990840c36bff30738b53ff6eff-wrap avia-button-center  avia-builder-el-4  el_after_av_textblock  avia-builder-el-last '><a href='https:\/\/www.amiblu.com\/wp-content\/uploads\/QuartinoAppalti-web.pdf'  class='avia-button av-m7tapi0n-fb43fe990840c36bff30738b53ff6eff av-link-btn avia-icon_select-yes-left-icon avia-size-small avia-position-center avia-color-theme-color'  target=\"_blank\"  rel=\"noopener noreferrer\"  aria-label=\"Scarica il documento di approfondimento\"><span class='avia_button_icon avia_button_icon_left avia-iconfont avia-font-entypo-fontello' data-av_icon='\ue86f' data-av_iconfont='entypo-fontello' ><\/span><span class='avia_iconbox_title' >Scarica il documento di approfondimento<\/span><\/a><\/div>\n","protected":false},"excerpt":{"rendered":"<p>Negli ultimi anni, l\u2019Europa ha rafforzato il proprio impegno per valorizzare le aziende dei Paesi che rispettano i criteri di sostenibilit\u00e0 ambientale e sociale. Contrastare la concorrenza di chi non garantisce tali standard non \u00e8 solo una scelta economica, ma una necessit\u00e0 per rendere il nostro futuro pi\u00f9 equo e sostenibile.<\/p>\n","protected":false},"author":61,"featured_media":69304,"comment_status":"closed","ping_status":"closed","sticky":false,"template":"","format":"standard","meta":{"_acf_changed":false,"footnotes":""},"categories":[230],"tags":[],"class_list":["post-69300","post","type-post","status-publish","format-standard","has-post-thumbnail","hentry","category-notizie"],"acf":[],"yoast_head":"<!-- This site is optimized with the Yoast SEO Premium plugin v27.4 (Yoast SEO v27.4) - https:\/\/yoast.com\/product\/yoast-seo-premium-wordpress\/ -->\n<title>La produzione nei Paesi dell\u2019Unione Europea \u00e8 un valore da premiare e da difendere - Amiblu<\/title>\n<meta name=\"robots\" content=\"index, follow, max-snippet:-1, max-image-preview:large, max-video-preview:-1\" \/>\n<link rel=\"canonical\" href=\"https:\/\/www.amiblu.com\/it\/la-produzione-nei-paesi-dellunione-europea-e-un-valore-da-premiare-e-da-difendere\/\" \/>\n<meta property=\"og:locale\" content=\"it_IT\" \/>\n<meta property=\"og:type\" content=\"article\" \/>\n<meta property=\"og:title\" content=\"La produzione nei Paesi dell\u2019Unione Europea \u00e8 un valore da premiare e da difendere\" \/>\n<meta property=\"og:description\" content=\"Negli ultimi anni, l\u2019Europa ha rafforzato il proprio impegno per valorizzare le aziende dei Paesi che rispettano i criteri di sostenibilit\u00e0 ambientale e sociale. Contrastare la concorrenza di chi non garantisce tali standard non \u00e8 solo una scelta economica, ma una necessit\u00e0 per rendere il nostro futuro pi\u00f9 equo e sostenibile.\" \/>\n<meta property=\"og:url\" content=\"https:\/\/www.amiblu.com\/it\/la-produzione-nei-paesi-dellunione-europea-e-un-valore-da-premiare-e-da-difendere\/\" \/>\n<meta property=\"og:site_name\" content=\"Amiblu\" \/>\n<meta property=\"article:publisher\" content=\"https:\/\/www.facebook.com\/amiblupipes\" \/>\n<meta property=\"article:published_time\" content=\"2025-02-25T16:11:09+00:00\" \/>\n<meta property=\"article:modified_time\" content=\"2025-06-16T12:34:39+00:00\" \/>\n<meta property=\"og:image\" content=\"https:\/\/www.amiblu.com\/wp-content\/uploads\/Nuovo-codice-degli-appalti.jpg\" \/>\n\t<meta property=\"og:image:width\" content=\"800\" \/>\n\t<meta property=\"og:image:height\" content=\"500\" \/>\n\t<meta property=\"og:image:type\" content=\"image\/jpeg\" \/>\n<meta name=\"author\" content=\"Massimo Cacaveri\" \/>\n<meta name=\"twitter:card\" content=\"summary_large_image\" \/>\n<meta name=\"twitter:label1\" content=\"Scritto da\" \/>\n\t<meta name=\"twitter:data1\" content=\"Massimo Cacaveri\" \/>\n\t<meta name=\"twitter:label2\" content=\"Tempo di lettura stimato\" \/>\n\t<meta name=\"twitter:data2\" content=\"4 minuti\" \/>\n<script type=\"application\/ld+json\" class=\"yoast-schema-graph\">{\"@context\":\"https:\\\/\\\/schema.org\",\"@graph\":[{\"@type\":\"Article\",\"@id\":\"https:\\\/\\\/www.amiblu.com\\\/it\\\/la-produzione-nei-paesi-dellunione-europea-e-un-valore-da-premiare-e-da-difendere\\\/#article\",\"isPartOf\":{\"@id\":\"https:\\\/\\\/www.amiblu.com\\\/it\\\/la-produzione-nei-paesi-dellunione-europea-e-un-valore-da-premiare-e-da-difendere\\\/\"},\"author\":{\"name\":\"Massimo Cacaveri\",\"@id\":\"https:\\\/\\\/www.amiblu.com\\\/it\\\/#\\\/schema\\\/person\\\/07015d564798c443a10874895e3ef8ca\"},\"headline\":\"La produzione nei Paesi dell\u2019Unione Europea \u00e8 un valore da premiare e da difendere\",\"datePublished\":\"2025-02-25T16:11:09+00:00\",\"dateModified\":\"2025-06-16T12:34:39+00:00\",\"mainEntityOfPage\":{\"@id\":\"https:\\\/\\\/www.amiblu.com\\\/it\\\/la-produzione-nei-paesi-dellunione-europea-e-un-valore-da-premiare-e-da-difendere\\\/\"},\"wordCount\":1578,\"publisher\":{\"@id\":\"https:\\\/\\\/www.amiblu.com\\\/it\\\/#organization\"},\"image\":{\"@id\":\"https:\\\/\\\/www.amiblu.com\\\/it\\\/la-produzione-nei-paesi-dellunione-europea-e-un-valore-da-premiare-e-da-difendere\\\/#primaryimage\"},\"thumbnailUrl\":\"https:\\\/\\\/www.amiblu.com\\\/wp-content\\\/uploads\\\/Nuovo-codice-degli-appalti.jpg\",\"articleSection\":[\"Notizie\"],\"inLanguage\":\"it-IT\"},{\"@type\":\"WebPage\",\"@id\":\"https:\\\/\\\/www.amiblu.com\\\/it\\\/la-produzione-nei-paesi-dellunione-europea-e-un-valore-da-premiare-e-da-difendere\\\/\",\"url\":\"https:\\\/\\\/www.amiblu.com\\\/it\\\/la-produzione-nei-paesi-dellunione-europea-e-un-valore-da-premiare-e-da-difendere\\\/\",\"name\":\"La produzione nei Paesi dell\u2019Unione Europea \u00e8 un valore da premiare e da difendere - Amiblu\",\"isPartOf\":{\"@id\":\"https:\\\/\\\/www.amiblu.com\\\/it\\\/#website\"},\"primaryImageOfPage\":{\"@id\":\"https:\\\/\\\/www.amiblu.com\\\/it\\\/la-produzione-nei-paesi-dellunione-europea-e-un-valore-da-premiare-e-da-difendere\\\/#primaryimage\"},\"image\":{\"@id\":\"https:\\\/\\\/www.amiblu.com\\\/it\\\/la-produzione-nei-paesi-dellunione-europea-e-un-valore-da-premiare-e-da-difendere\\\/#primaryimage\"},\"thumbnailUrl\":\"https:\\\/\\\/www.amiblu.com\\\/wp-content\\\/uploads\\\/Nuovo-codice-degli-appalti.jpg\",\"datePublished\":\"2025-02-25T16:11:09+00:00\",\"dateModified\":\"2025-06-16T12:34:39+00:00\",\"inLanguage\":\"it-IT\",\"potentialAction\":[{\"@type\":\"ReadAction\",\"target\":[\"https:\\\/\\\/www.amiblu.com\\\/it\\\/la-produzione-nei-paesi-dellunione-europea-e-un-valore-da-premiare-e-da-difendere\\\/\"]}]},{\"@type\":\"ImageObject\",\"inLanguage\":\"it-IT\",\"@id\":\"https:\\\/\\\/www.amiblu.com\\\/it\\\/la-produzione-nei-paesi-dellunione-europea-e-un-valore-da-premiare-e-da-difendere\\\/#primaryimage\",\"url\":\"https:\\\/\\\/www.amiblu.com\\\/wp-content\\\/uploads\\\/Nuovo-codice-degli-appalti.jpg\",\"contentUrl\":\"https:\\\/\\\/www.amiblu.com\\\/wp-content\\\/uploads\\\/Nuovo-codice-degli-appalti.jpg\",\"width\":800,\"height\":500,\"caption\":\"Nuovo codice degli appalti\"},{\"@type\":\"WebSite\",\"@id\":\"https:\\\/\\\/www.amiblu.com\\\/it\\\/#website\",\"url\":\"https:\\\/\\\/www.amiblu.com\\\/it\\\/\",\"name\":\"Amiblu\",\"description\":\"GFK-Rohrsysteme f\u00fcr Generationen\",\"publisher\":{\"@id\":\"https:\\\/\\\/www.amiblu.com\\\/it\\\/#organization\"},\"potentialAction\":[{\"@type\":\"SearchAction\",\"target\":{\"@type\":\"EntryPoint\",\"urlTemplate\":\"https:\\\/\\\/www.amiblu.com\\\/it\\\/?s={search_term_string}\"},\"query-input\":{\"@type\":\"PropertyValueSpecification\",\"valueRequired\":true,\"valueName\":\"search_term_string\"}}],\"inLanguage\":\"it-IT\"},{\"@type\":\"Organization\",\"@id\":\"https:\\\/\\\/www.amiblu.com\\\/it\\\/#organization\",\"name\":\"Amiblu Group\",\"url\":\"https:\\\/\\\/www.amiblu.com\\\/it\\\/\",\"logo\":{\"@type\":\"ImageObject\",\"inLanguage\":\"it-IT\",\"@id\":\"https:\\\/\\\/www.amiblu.com\\\/it\\\/#\\\/schema\\\/logo\\\/image\\\/\",\"url\":\"https:\\\/\\\/www.amiblu.com\\\/wp-content\\\/uploads\\\/2021\\\/01\\\/Amiblu-logo-website-1.png\",\"contentUrl\":\"https:\\\/\\\/www.amiblu.com\\\/wp-content\\\/uploads\\\/2021\\\/01\\\/Amiblu-logo-website-1.png\",\"width\":201,\"height\":38,\"caption\":\"Amiblu Group\"},\"image\":{\"@id\":\"https:\\\/\\\/www.amiblu.com\\\/it\\\/#\\\/schema\\\/logo\\\/image\\\/\"},\"sameAs\":[\"https:\\\/\\\/www.facebook.com\\\/amiblupipes\",\"https:\\\/\\\/www.youtube.com\\\/c\\\/Amiblu\",\"https:\\\/\\\/de.wikipedia.org\\\/wiki\\\/Amiblu\",\"https:\\\/\\\/www.linkedin.com\\\/company\\\/amiblupipes\\\/\"]},{\"@type\":\"Person\",\"@id\":\"https:\\\/\\\/www.amiblu.com\\\/it\\\/#\\\/schema\\\/person\\\/07015d564798c443a10874895e3ef8ca\",\"name\":\"Massimo Cacaveri\",\"image\":{\"@type\":\"ImageObject\",\"inLanguage\":\"it-IT\",\"@id\":\"https:\\\/\\\/secure.gravatar.com\\\/avatar\\\/ceaafedd0393bfe730583b91b29f511ae2656c06cd1c7c3a1ee160abaf355204?s=96&d=mm&r=g\",\"url\":\"https:\\\/\\\/secure.gravatar.com\\\/avatar\\\/ceaafedd0393bfe730583b91b29f511ae2656c06cd1c7c3a1ee160abaf355204?s=96&d=mm&r=g\",\"contentUrl\":\"https:\\\/\\\/secure.gravatar.com\\\/avatar\\\/ceaafedd0393bfe730583b91b29f511ae2656c06cd1c7c3a1ee160abaf355204?s=96&d=mm&r=g\",\"caption\":\"Massimo Cacaveri\"}}]}<\/script>\n<!-- \/ Yoast SEO Premium plugin. -->","yoast_head_json":{"title":"La produzione nei Paesi dell\u2019Unione Europea \u00e8 un valore da premiare e da difendere - Amiblu","robots":{"index":"index","follow":"follow","max-snippet":"max-snippet:-1","max-image-preview":"max-image-preview:large","max-video-preview":"max-video-preview:-1"},"canonical":"https:\/\/www.amiblu.com\/it\/la-produzione-nei-paesi-dellunione-europea-e-un-valore-da-premiare-e-da-difendere\/","og_locale":"it_IT","og_type":"article","og_title":"La produzione nei Paesi dell\u2019Unione Europea \u00e8 un valore da premiare e da difendere","og_description":"Negli ultimi anni, l\u2019Europa ha rafforzato il proprio impegno per valorizzare le aziende dei Paesi che rispettano i criteri di sostenibilit\u00e0 ambientale e sociale. Contrastare la concorrenza di chi non garantisce tali standard non \u00e8 solo una scelta economica, ma una necessit\u00e0 per rendere il nostro futuro pi\u00f9 equo e sostenibile.","og_url":"https:\/\/www.amiblu.com\/it\/la-produzione-nei-paesi-dellunione-europea-e-un-valore-da-premiare-e-da-difendere\/","og_site_name":"Amiblu","article_publisher":"https:\/\/www.facebook.com\/amiblupipes","article_published_time":"2025-02-25T16:11:09+00:00","article_modified_time":"2025-06-16T12:34:39+00:00","og_image":[{"width":800,"height":500,"url":"https:\/\/www.amiblu.com\/wp-content\/uploads\/Nuovo-codice-degli-appalti.jpg","type":"image\/jpeg"}],"author":"Massimo Cacaveri","twitter_card":"summary_large_image","twitter_misc":{"Scritto da":"Massimo Cacaveri","Tempo di lettura stimato":"4 minuti"},"schema":{"@context":"https:\/\/schema.org","@graph":[{"@type":"Article","@id":"https:\/\/www.amiblu.com\/it\/la-produzione-nei-paesi-dellunione-europea-e-un-valore-da-premiare-e-da-difendere\/#article","isPartOf":{"@id":"https:\/\/www.amiblu.com\/it\/la-produzione-nei-paesi-dellunione-europea-e-un-valore-da-premiare-e-da-difendere\/"},"author":{"name":"Massimo Cacaveri","@id":"https:\/\/www.amiblu.com\/it\/#\/schema\/person\/07015d564798c443a10874895e3ef8ca"},"headline":"La produzione nei Paesi dell\u2019Unione Europea \u00e8 un valore da premiare e da difendere","datePublished":"2025-02-25T16:11:09+00:00","dateModified":"2025-06-16T12:34:39+00:00","mainEntityOfPage":{"@id":"https:\/\/www.amiblu.com\/it\/la-produzione-nei-paesi-dellunione-europea-e-un-valore-da-premiare-e-da-difendere\/"},"wordCount":1578,"publisher":{"@id":"https:\/\/www.amiblu.com\/it\/#organization"},"image":{"@id":"https:\/\/www.amiblu.com\/it\/la-produzione-nei-paesi-dellunione-europea-e-un-valore-da-premiare-e-da-difendere\/#primaryimage"},"thumbnailUrl":"https:\/\/www.amiblu.com\/wp-content\/uploads\/Nuovo-codice-degli-appalti.jpg","articleSection":["Notizie"],"inLanguage":"it-IT"},{"@type":"WebPage","@id":"https:\/\/www.amiblu.com\/it\/la-produzione-nei-paesi-dellunione-europea-e-un-valore-da-premiare-e-da-difendere\/","url":"https:\/\/www.amiblu.com\/it\/la-produzione-nei-paesi-dellunione-europea-e-un-valore-da-premiare-e-da-difendere\/","name":"La produzione nei Paesi dell\u2019Unione Europea \u00e8 un valore da premiare e da difendere - Amiblu","isPartOf":{"@id":"https:\/\/www.amiblu.com\/it\/#website"},"primaryImageOfPage":{"@id":"https:\/\/www.amiblu.com\/it\/la-produzione-nei-paesi-dellunione-europea-e-un-valore-da-premiare-e-da-difendere\/#primaryimage"},"image":{"@id":"https:\/\/www.amiblu.com\/it\/la-produzione-nei-paesi-dellunione-europea-e-un-valore-da-premiare-e-da-difendere\/#primaryimage"},"thumbnailUrl":"https:\/\/www.amiblu.com\/wp-content\/uploads\/Nuovo-codice-degli-appalti.jpg","datePublished":"2025-02-25T16:11:09+00:00","dateModified":"2025-06-16T12:34:39+00:00","inLanguage":"it-IT","potentialAction":[{"@type":"ReadAction","target":["https:\/\/www.amiblu.com\/it\/la-produzione-nei-paesi-dellunione-europea-e-un-valore-da-premiare-e-da-difendere\/"]}]},{"@type":"ImageObject","inLanguage":"it-IT","@id":"https:\/\/www.amiblu.com\/it\/la-produzione-nei-paesi-dellunione-europea-e-un-valore-da-premiare-e-da-difendere\/#primaryimage","url":"https:\/\/www.amiblu.com\/wp-content\/uploads\/Nuovo-codice-degli-appalti.jpg","contentUrl":"https:\/\/www.amiblu.com\/wp-content\/uploads\/Nuovo-codice-degli-appalti.jpg","width":800,"height":500,"caption":"Nuovo codice degli appalti"},{"@type":"WebSite","@id":"https:\/\/www.amiblu.com\/it\/#website","url":"https:\/\/www.amiblu.com\/it\/","name":"Amiblu","description":"GFK-Rohrsysteme f\u00fcr Generationen","publisher":{"@id":"https:\/\/www.amiblu.com\/it\/#organization"},"potentialAction":[{"@type":"SearchAction","target":{"@type":"EntryPoint","urlTemplate":"https:\/\/www.amiblu.com\/it\/?s={search_term_string}"},"query-input":{"@type":"PropertyValueSpecification","valueRequired":true,"valueName":"search_term_string"}}],"inLanguage":"it-IT"},{"@type":"Organization","@id":"https:\/\/www.amiblu.com\/it\/#organization","name":"Amiblu Group","url":"https:\/\/www.amiblu.com\/it\/","logo":{"@type":"ImageObject","inLanguage":"it-IT","@id":"https:\/\/www.amiblu.com\/it\/#\/schema\/logo\/image\/","url":"https:\/\/www.amiblu.com\/wp-content\/uploads\/2021\/01\/Amiblu-logo-website-1.png","contentUrl":"https:\/\/www.amiblu.com\/wp-content\/uploads\/2021\/01\/Amiblu-logo-website-1.png","width":201,"height":38,"caption":"Amiblu Group"},"image":{"@id":"https:\/\/www.amiblu.com\/it\/#\/schema\/logo\/image\/"},"sameAs":["https:\/\/www.facebook.com\/amiblupipes","https:\/\/www.youtube.com\/c\/Amiblu","https:\/\/de.wikipedia.org\/wiki\/Amiblu","https:\/\/www.linkedin.com\/company\/amiblupipes\/"]},{"@type":"Person","@id":"https:\/\/www.amiblu.com\/it\/#\/schema\/person\/07015d564798c443a10874895e3ef8ca","name":"Massimo Cacaveri","image":{"@type":"ImageObject","inLanguage":"it-IT","@id":"https:\/\/secure.gravatar.com\/avatar\/ceaafedd0393bfe730583b91b29f511ae2656c06cd1c7c3a1ee160abaf355204?s=96&d=mm&r=g","url":"https:\/\/secure.gravatar.com\/avatar\/ceaafedd0393bfe730583b91b29f511ae2656c06cd1c7c3a1ee160abaf355204?s=96&d=mm&r=g","contentUrl":"https:\/\/secure.gravatar.com\/avatar\/ceaafedd0393bfe730583b91b29f511ae2656c06cd1c7c3a1ee160abaf355204?s=96&d=mm&r=g","caption":"Massimo Cacaveri"}}]}},"_links":{"self":[{"href":"https:\/\/www.amiblu.com\/it\/wp-json\/wp\/v2\/posts\/69300","targetHints":{"allow":["GET"]}}],"collection":[{"href":"https:\/\/www.amiblu.com\/it\/wp-json\/wp\/v2\/posts"}],"about":[{"href":"https:\/\/www.amiblu.com\/it\/wp-json\/wp\/v2\/types\/post"}],"author":[{"embeddable":true,"href":"https:\/\/www.amiblu.com\/it\/wp-json\/wp\/v2\/users\/61"}],"replies":[{"embeddable":true,"href":"https:\/\/www.amiblu.com\/it\/wp-json\/wp\/v2\/comments?post=69300"}],"version-history":[{"count":18,"href":"https:\/\/www.amiblu.com\/it\/wp-json\/wp\/v2\/posts\/69300\/revisions"}],"predecessor-version":[{"id":72650,"href":"https:\/\/www.amiblu.com\/it\/wp-json\/wp\/v2\/posts\/69300\/revisions\/72650"}],"wp:featuredmedia":[{"embeddable":true,"href":"https:\/\/www.amiblu.com\/it\/wp-json\/wp\/v2\/media\/69304"}],"wp:attachment":[{"href":"https:\/\/www.amiblu.com\/it\/wp-json\/wp\/v2\/media?parent=69300"}],"wp:term":[{"taxonomy":"category","embeddable":true,"href":"https:\/\/www.amiblu.com\/it\/wp-json\/wp\/v2\/categories?post=69300"},{"taxonomy":"post_tag","embeddable":true,"href":"https:\/\/www.amiblu.com\/it\/wp-json\/wp\/v2\/tags?post=69300"}],"curies":[{"name":"wp","href":"https:\/\/api.w.org\/{rel}","templated":true}]}}