{"id":55249,"date":"2023-01-24T08:00:37","date_gmt":"2023-01-24T07:00:37","guid":{"rendered":"https:\/\/www.amiblu.com\/?p=55249"},"modified":"2023-01-30T08:29:05","modified_gmt":"2023-01-30T07:29:05","slug":"sukcesy-amiblu-i-plany-na-2023-r","status":"publish","type":"post","link":"https:\/\/www.amiblu.com\/pl\/sukcesy-amiblu-i-plany-na-2023-r\/","title":{"rendered":"Sukcesy Amiblu i plany na 2023 r."},"content":{"rendered":"<\/p>\n\n<style type=\"text\/css\" data-created_by=\"avia_inline_auto\" id=\"style-css-av-ld9vzjrl-d71cfff12180376e766e3ab82191818c\">\n.avia-video.av-ld9vzjrl-d71cfff12180376e766e3ab82191818c{\nbackground-image:url(https:\/\/www.amiblu.com\/wp-content\/uploads\/Mariusz-Grelewicz-Tomasz-Wojtczak-Amiblu-Poland.webp);\n}\n<\/style>\n<div  class='avia-video av-ld9vzjrl-d71cfff12180376e766e3ab82191818c avia-video-16-9 av-preview-image avia-video-load-always av-lazyload-immediate av-lazyload-video-embed'  itemprop=\"video\" itemtype=\"https:\/\/schema.org\/VideoObject\"  data-original_url='https:\/\/youtu.be\/vrKKvwhE_tc'><script type='text\/html' class='av-video-tmpl'><div class='avia-iframe-wrap'><iframe title=\"Sukcesy Amiblu i plany na 2023 r.\" width=\"1500\" height=\"844\" src=\"https:\/\/www.youtube.com\/embed\/vrKKvwhE_tc?feature=oembed&autoplay=1&loop=0&controls=1&mute=1\" frameborder=\"0\" allow=\"accelerometer; autoplay; clipboard-write; encrypted-media; gyroscope; picture-in-picture; web-share\" allowfullscreen><\/iframe><\/div><\/script><div class='av-click-to-play-overlay'><div class=\"avia_playpause_icon\"><\/div><\/div><\/div>\n\n<style type=\"text\/css\" data-created_by=\"avia_inline_auto\" id=\"style-css-av-ld9vuzdn-f84859369091edec779ff7e5449ad36e\">\n#top .hr.hr-invisible.av-ld9vuzdn-f84859369091edec779ff7e5449ad36e{\nheight:30px;\n}\n<\/style>\n<div  class='hr av-ld9vuzdn-f84859369091edec779ff7e5449ad36e hr-invisible  avia-builder-el-1  el_after_av_video  el_before_av_textblock '><span class='hr-inner '><span class=\"hr-inner-style\"><\/span><\/span><\/div>\n<section  class='av_textblock_section av-ld9vvtcy-dc1fe771cbf053d757d12b78d0714e97 '   itemscope=\"itemscope\" itemtype=\"https:\/\/schema.org\/BlogPosting\" itemprop=\"blogPost\" ><div class='avia_textblock'  itemprop=\"text\" ><p>Ostatnie lata dla firmy Amiblu by\u0142y czasem wyt\u0119\u017conej pracy i wielu udanych projekt\u00f3w przeprowadzonych w Polsce i na \u015bwiecie. Prezes Zarz\u0105du <strong>Mariusz Grelewicz<\/strong> i Cz\u0142onek Zarz\u0105du <strong>Tomasz Wojtczak<\/strong> opowiedz\u0105 o sukcesach Amiblu oraz przedstawi\u0105 najwa\u017cniejsze plany na nowy, 2023 rok.<\/p>\n<\/div><\/section>\n","protected":false},"excerpt":{"rendered":"<p>Czas na podsumowania i plany na przysz\u0142o\u015b\u0107. Prezes Zarz\u0105du Mariusz Grelewicz i Cz\u0142onek Zarz\u0105du Tomasz Wojtczak opowiedz\u0105 o sukcesach Amiblu Poland oraz przedstawi\u0105 najwa\u017cniejsze cele na nowy, 2023 rok. <\/p>\n","protected":false},"author":8,"featured_media":55248,"comment_status":"closed","ping_status":"closed","sticky":false,"template":"","format":"video","meta":{"_acf_changed":false,"footnotes":""},"categories":[163],"tags":[],"class_list":["post-55249","post","type-post","status-publish","format-video","has-post-thumbnail","hentry","category-news-3","post_format-post-format-video"],"acf":[],"yoast_head":"<!-- This site is optimized with the Yoast SEO Premium plugin v27.5 (Yoast SEO v27.5) - https:\/\/yoast.com\/product\/yoast-seo-premium-wordpress\/ -->\n<title>Sukcesy Amiblu i plany na 2023 r. - Amiblu<\/title>\n<meta name=\"description\" content=\"Zapraszamy na film, w kt\u00f3rym Prezes Zarz\u0105du Mariusz Grelewicz opowie o sukcesach Amiblu oraz przedstawi najwa\u017cniejsze plany na 2023 rok.\" \/>\n<meta name=\"robots\" content=\"index, follow, max-snippet:-1, max-image-preview:large, max-video-preview:-1\" \/>\n<link rel=\"canonical\" href=\"https:\/\/www.amiblu.com\/pl\/sukcesy-amiblu-i-plany-na-2023-r\/\" \/>\n<meta property=\"og:locale\" content=\"pl_PL\" \/>\n<meta property=\"og:type\" content=\"article\" \/>\n<meta property=\"og:title\" content=\"Sukcesy Amiblu i plany na 2023 r.\" \/>\n<meta property=\"og:description\" content=\"Zapraszamy na film, w kt\u00f3rym Prezes Zarz\u0105du Mariusz Grelewicz opowie o sukcesach Amiblu oraz przedstawi najwa\u017cniejsze plany na 2023 rok.\" \/>\n<meta property=\"og:url\" content=\"https:\/\/www.amiblu.com\/pl\/sukcesy-amiblu-i-plany-na-2023-r\/\" \/>\n<meta property=\"og:site_name\" content=\"Amiblu\" \/>\n<meta property=\"article:publisher\" content=\"https:\/\/www.facebook.com\/amiblupipes\" \/>\n<meta property=\"article:published_time\" content=\"2023-01-24T07:00:37+00:00\" \/>\n<meta property=\"article:modified_time\" content=\"2023-01-30T07:29:05+00:00\" \/>\n<meta property=\"og:image\" content=\"https:\/\/www.amiblu.com\/wp-content\/uploads\/Mariusz-Grelewicz-Tomasz-Wojtczak-Amiblu-Poland.webp\" \/>\n\t<meta property=\"og:image:width\" content=\"800\" \/>\n\t<meta property=\"og:image:height\" content=\"500\" \/>\n\t<meta property=\"og:image:type\" content=\"image\/webp\" \/>\n<meta name=\"author\" content=\"Sabrina Waldner\" \/>\n<meta name=\"twitter:card\" content=\"summary_large_image\" \/>\n<meta name=\"twitter:label1\" content=\"Napisane przez\" \/>\n\t<meta name=\"twitter:data1\" content=\"Sabrina Waldner\" \/>\n\t<meta name=\"twitter:label2\" content=\"Szacowany czas czytania\" \/>\n\t<meta name=\"twitter:data2\" content=\"1 minuta\" \/>\n<script type=\"application\/ld+json\" class=\"yoast-schema-graph\">{\"@context\":\"https:\\\/\\\/schema.org\",\"@graph\":[{\"@type\":\"Article\",\"@id\":\"https:\\\/\\\/www.amiblu.com\\\/pl\\\/sukcesy-amiblu-i-plany-na-2023-r\\\/#article\",\"isPartOf\":{\"@id\":\"https:\\\/\\\/www.amiblu.com\\\/pl\\\/sukcesy-amiblu-i-plany-na-2023-r\\\/\"},\"author\":{\"name\":\"Sabrina Waldner\",\"@id\":\"https:\\\/\\\/www.amiblu.com\\\/pl\\\/#\\\/schema\\\/person\\\/66d4fe66582f5e08feb0c6d94831bea0\"},\"headline\":\"Sukcesy Amiblu i plany na 2023 r.\",\"datePublished\":\"2023-01-24T07:00:37+00:00\",\"dateModified\":\"2023-01-30T07:29:05+00:00\",\"mainEntityOfPage\":{\"@id\":\"https:\\\/\\\/www.amiblu.com\\\/pl\\\/sukcesy-amiblu-i-plany-na-2023-r\\\/\"},\"wordCount\":183,\"publisher\":{\"@id\":\"https:\\\/\\\/www.amiblu.com\\\/pl\\\/#organization\"},\"image\":{\"@id\":\"https:\\\/\\\/www.amiblu.com\\\/pl\\\/sukcesy-amiblu-i-plany-na-2023-r\\\/#primaryimage\"},\"thumbnailUrl\":\"https:\\\/\\\/www.amiblu.com\\\/wp-content\\\/uploads\\\/Mariusz-Grelewicz-Tomasz-Wojtczak-Amiblu-Poland.webp\",\"articleSection\":[\"Nowo\u015bci\"],\"inLanguage\":\"pl-PL\"},{\"@type\":\"WebPage\",\"@id\":\"https:\\\/\\\/www.amiblu.com\\\/pl\\\/sukcesy-amiblu-i-plany-na-2023-r\\\/\",\"url\":\"https:\\\/\\\/www.amiblu.com\\\/pl\\\/sukcesy-amiblu-i-plany-na-2023-r\\\/\",\"name\":\"Sukcesy Amiblu i plany na 2023 r. - Amiblu\",\"isPartOf\":{\"@id\":\"https:\\\/\\\/www.amiblu.com\\\/pl\\\/#website\"},\"primaryImageOfPage\":{\"@id\":\"https:\\\/\\\/www.amiblu.com\\\/pl\\\/sukcesy-amiblu-i-plany-na-2023-r\\\/#primaryimage\"},\"image\":{\"@id\":\"https:\\\/\\\/www.amiblu.com\\\/pl\\\/sukcesy-amiblu-i-plany-na-2023-r\\\/#primaryimage\"},\"thumbnailUrl\":\"https:\\\/\\\/www.amiblu.com\\\/wp-content\\\/uploads\\\/Mariusz-Grelewicz-Tomasz-Wojtczak-Amiblu-Poland.webp\",\"datePublished\":\"2023-01-24T07:00:37+00:00\",\"dateModified\":\"2023-01-30T07:29:05+00:00\",\"description\":\"Zapraszamy na film, w kt\u00f3rym Prezes Zarz\u0105du Mariusz Grelewicz opowie o sukcesach Amiblu oraz przedstawi najwa\u017cniejsze plany na 2023 rok.\",\"inLanguage\":\"pl-PL\",\"potentialAction\":[{\"@type\":\"ReadAction\",\"target\":[\"https:\\\/\\\/www.amiblu.com\\\/pl\\\/sukcesy-amiblu-i-plany-na-2023-r\\\/\"]}]},{\"@type\":\"ImageObject\",\"inLanguage\":\"pl-PL\",\"@id\":\"https:\\\/\\\/www.amiblu.com\\\/pl\\\/sukcesy-amiblu-i-plany-na-2023-r\\\/#primaryimage\",\"url\":\"https:\\\/\\\/www.amiblu.com\\\/wp-content\\\/uploads\\\/Mariusz-Grelewicz-Tomasz-Wojtczak-Amiblu-Poland.webp\",\"contentUrl\":\"https:\\\/\\\/www.amiblu.com\\\/wp-content\\\/uploads\\\/Mariusz-Grelewicz-Tomasz-Wojtczak-Amiblu-Poland.webp\",\"width\":800,\"height\":500,\"caption\":\"Amiblu Poland CEO Mariusz Grelewicz and Board Member Tomasz Wojtczak\"},{\"@type\":\"WebSite\",\"@id\":\"https:\\\/\\\/www.amiblu.com\\\/pl\\\/#website\",\"url\":\"https:\\\/\\\/www.amiblu.com\\\/pl\\\/\",\"name\":\"Amiblu\",\"description\":\"GFK-Rohrsysteme f\u00fcr Generationen\",\"publisher\":{\"@id\":\"https:\\\/\\\/www.amiblu.com\\\/pl\\\/#organization\"},\"potentialAction\":[{\"@type\":\"SearchAction\",\"target\":{\"@type\":\"EntryPoint\",\"urlTemplate\":\"https:\\\/\\\/www.amiblu.com\\\/pl\\\/?s={search_term_string}\"},\"query-input\":{\"@type\":\"PropertyValueSpecification\",\"valueRequired\":true,\"valueName\":\"search_term_string\"}}],\"inLanguage\":\"pl-PL\"},{\"@type\":\"Organization\",\"@id\":\"https:\\\/\\\/www.amiblu.com\\\/pl\\\/#organization\",\"name\":\"Amiblu Group\",\"url\":\"https:\\\/\\\/www.amiblu.com\\\/pl\\\/\",\"logo\":{\"@type\":\"ImageObject\",\"inLanguage\":\"pl-PL\",\"@id\":\"https:\\\/\\\/www.amiblu.com\\\/pl\\\/#\\\/schema\\\/logo\\\/image\\\/\",\"url\":\"https:\\\/\\\/www.amiblu.com\\\/wp-content\\\/uploads\\\/2021\\\/01\\\/Amiblu-logo-website-1.png\",\"contentUrl\":\"https:\\\/\\\/www.amiblu.com\\\/wp-content\\\/uploads\\\/2021\\\/01\\\/Amiblu-logo-website-1.png\",\"width\":201,\"height\":38,\"caption\":\"Amiblu Group\"},\"image\":{\"@id\":\"https:\\\/\\\/www.amiblu.com\\\/pl\\\/#\\\/schema\\\/logo\\\/image\\\/\"},\"sameAs\":[\"https:\\\/\\\/www.facebook.com\\\/amiblupipes\",\"https:\\\/\\\/www.youtube.com\\\/c\\\/Amiblu\",\"https:\\\/\\\/de.wikipedia.org\\\/wiki\\\/Amiblu\",\"https:\\\/\\\/www.linkedin.com\\\/company\\\/amiblupipes\\\/\"]},{\"@type\":\"Person\",\"@id\":\"https:\\\/\\\/www.amiblu.com\\\/pl\\\/#\\\/schema\\\/person\\\/66d4fe66582f5e08feb0c6d94831bea0\",\"name\":\"Sabrina Waldner\",\"image\":{\"@type\":\"ImageObject\",\"inLanguage\":\"pl-PL\",\"@id\":\"https:\\\/\\\/secure.gravatar.com\\\/avatar\\\/13cdbddc478ca35f68d646e8ab726e9621b98a13bfedaa60f87ca493f92dca34?s=96&d=mm&r=g\",\"url\":\"https:\\\/\\\/secure.gravatar.com\\\/avatar\\\/13cdbddc478ca35f68d646e8ab726e9621b98a13bfedaa60f87ca493f92dca34?s=96&d=mm&r=g\",\"contentUrl\":\"https:\\\/\\\/secure.gravatar.com\\\/avatar\\\/13cdbddc478ca35f68d646e8ab726e9621b98a13bfedaa60f87ca493f92dca34?s=96&d=mm&r=g\",\"caption\":\"Sabrina Waldner\"}}]}<\/script>\n<!-- \/ Yoast SEO Premium plugin. -->","yoast_head_json":{"title":"Sukcesy Amiblu i plany na 2023 r. - Amiblu","description":"Zapraszamy na film, w kt\u00f3rym Prezes Zarz\u0105du Mariusz Grelewicz opowie o sukcesach Amiblu oraz przedstawi najwa\u017cniejsze plany na 2023 rok.","robots":{"index":"index","follow":"follow","max-snippet":"max-snippet:-1","max-image-preview":"max-image-preview:large","max-video-preview":"max-video-preview:-1"},"canonical":"https:\/\/www.amiblu.com\/pl\/sukcesy-amiblu-i-plany-na-2023-r\/","og_locale":"pl_PL","og_type":"article","og_title":"Sukcesy Amiblu i plany na 2023 r.","og_description":"Zapraszamy na film, w kt\u00f3rym Prezes Zarz\u0105du Mariusz Grelewicz opowie o sukcesach Amiblu oraz przedstawi najwa\u017cniejsze plany na 2023 rok.","og_url":"https:\/\/www.amiblu.com\/pl\/sukcesy-amiblu-i-plany-na-2023-r\/","og_site_name":"Amiblu","article_publisher":"https:\/\/www.facebook.com\/amiblupipes","article_published_time":"2023-01-24T07:00:37+00:00","article_modified_time":"2023-01-30T07:29:05+00:00","og_image":[{"width":800,"height":500,"url":"https:\/\/www.amiblu.com\/wp-content\/uploads\/Mariusz-Grelewicz-Tomasz-Wojtczak-Amiblu-Poland.webp","type":"image\/webp"}],"author":"Sabrina Waldner","twitter_card":"summary_large_image","twitter_misc":{"Napisane przez":"Sabrina Waldner","Szacowany czas czytania":"1 minuta"},"schema":{"@context":"https:\/\/schema.org","@graph":[{"@type":"Article","@id":"https:\/\/www.amiblu.com\/pl\/sukcesy-amiblu-i-plany-na-2023-r\/#article","isPartOf":{"@id":"https:\/\/www.amiblu.com\/pl\/sukcesy-amiblu-i-plany-na-2023-r\/"},"author":{"name":"Sabrina Waldner","@id":"https:\/\/www.amiblu.com\/pl\/#\/schema\/person\/66d4fe66582f5e08feb0c6d94831bea0"},"headline":"Sukcesy Amiblu i plany na 2023 r.","datePublished":"2023-01-24T07:00:37+00:00","dateModified":"2023-01-30T07:29:05+00:00","mainEntityOfPage":{"@id":"https:\/\/www.amiblu.com\/pl\/sukcesy-amiblu-i-plany-na-2023-r\/"},"wordCount":183,"publisher":{"@id":"https:\/\/www.amiblu.com\/pl\/#organization"},"image":{"@id":"https:\/\/www.amiblu.com\/pl\/sukcesy-amiblu-i-plany-na-2023-r\/#primaryimage"},"thumbnailUrl":"https:\/\/www.amiblu.com\/wp-content\/uploads\/Mariusz-Grelewicz-Tomasz-Wojtczak-Amiblu-Poland.webp","articleSection":["Nowo\u015bci"],"inLanguage":"pl-PL"},{"@type":"WebPage","@id":"https:\/\/www.amiblu.com\/pl\/sukcesy-amiblu-i-plany-na-2023-r\/","url":"https:\/\/www.amiblu.com\/pl\/sukcesy-amiblu-i-plany-na-2023-r\/","name":"Sukcesy Amiblu i plany na 2023 r. - Amiblu","isPartOf":{"@id":"https:\/\/www.amiblu.com\/pl\/#website"},"primaryImageOfPage":{"@id":"https:\/\/www.amiblu.com\/pl\/sukcesy-amiblu-i-plany-na-2023-r\/#primaryimage"},"image":{"@id":"https:\/\/www.amiblu.com\/pl\/sukcesy-amiblu-i-plany-na-2023-r\/#primaryimage"},"thumbnailUrl":"https:\/\/www.amiblu.com\/wp-content\/uploads\/Mariusz-Grelewicz-Tomasz-Wojtczak-Amiblu-Poland.webp","datePublished":"2023-01-24T07:00:37+00:00","dateModified":"2023-01-30T07:29:05+00:00","description":"Zapraszamy na film, w kt\u00f3rym Prezes Zarz\u0105du Mariusz Grelewicz opowie o sukcesach Amiblu oraz przedstawi najwa\u017cniejsze plany na 2023 rok.","inLanguage":"pl-PL","potentialAction":[{"@type":"ReadAction","target":["https:\/\/www.amiblu.com\/pl\/sukcesy-amiblu-i-plany-na-2023-r\/"]}]},{"@type":"ImageObject","inLanguage":"pl-PL","@id":"https:\/\/www.amiblu.com\/pl\/sukcesy-amiblu-i-plany-na-2023-r\/#primaryimage","url":"https:\/\/www.amiblu.com\/wp-content\/uploads\/Mariusz-Grelewicz-Tomasz-Wojtczak-Amiblu-Poland.webp","contentUrl":"https:\/\/www.amiblu.com\/wp-content\/uploads\/Mariusz-Grelewicz-Tomasz-Wojtczak-Amiblu-Poland.webp","width":800,"height":500,"caption":"Amiblu Poland CEO Mariusz Grelewicz and Board Member Tomasz Wojtczak"},{"@type":"WebSite","@id":"https:\/\/www.amiblu.com\/pl\/#website","url":"https:\/\/www.amiblu.com\/pl\/","name":"Amiblu","description":"GFK-Rohrsysteme f\u00fcr Generationen","publisher":{"@id":"https:\/\/www.amiblu.com\/pl\/#organization"},"potentialAction":[{"@type":"SearchAction","target":{"@type":"EntryPoint","urlTemplate":"https:\/\/www.amiblu.com\/pl\/?s={search_term_string}"},"query-input":{"@type":"PropertyValueSpecification","valueRequired":true,"valueName":"search_term_string"}}],"inLanguage":"pl-PL"},{"@type":"Organization","@id":"https:\/\/www.amiblu.com\/pl\/#organization","name":"Amiblu Group","url":"https:\/\/www.amiblu.com\/pl\/","logo":{"@type":"ImageObject","inLanguage":"pl-PL","@id":"https:\/\/www.amiblu.com\/pl\/#\/schema\/logo\/image\/","url":"https:\/\/www.amiblu.com\/wp-content\/uploads\/2021\/01\/Amiblu-logo-website-1.png","contentUrl":"https:\/\/www.amiblu.com\/wp-content\/uploads\/2021\/01\/Amiblu-logo-website-1.png","width":201,"height":38,"caption":"Amiblu Group"},"image":{"@id":"https:\/\/www.amiblu.com\/pl\/#\/schema\/logo\/image\/"},"sameAs":["https:\/\/www.facebook.com\/amiblupipes","https:\/\/www.youtube.com\/c\/Amiblu","https:\/\/de.wikipedia.org\/wiki\/Amiblu","https:\/\/www.linkedin.com\/company\/amiblupipes\/"]},{"@type":"Person","@id":"https:\/\/www.amiblu.com\/pl\/#\/schema\/person\/66d4fe66582f5e08feb0c6d94831bea0","name":"Sabrina Waldner","image":{"@type":"ImageObject","inLanguage":"pl-PL","@id":"https:\/\/secure.gravatar.com\/avatar\/13cdbddc478ca35f68d646e8ab726e9621b98a13bfedaa60f87ca493f92dca34?s=96&d=mm&r=g","url":"https:\/\/secure.gravatar.com\/avatar\/13cdbddc478ca35f68d646e8ab726e9621b98a13bfedaa60f87ca493f92dca34?s=96&d=mm&r=g","contentUrl":"https:\/\/secure.gravatar.com\/avatar\/13cdbddc478ca35f68d646e8ab726e9621b98a13bfedaa60f87ca493f92dca34?s=96&d=mm&r=g","caption":"Sabrina Waldner"}}]}},"_links":{"self":[{"href":"https:\/\/www.amiblu.com\/pl\/wp-json\/wp\/v2\/posts\/55249","targetHints":{"allow":["GET"]}}],"collection":[{"href":"https:\/\/www.amiblu.com\/pl\/wp-json\/wp\/v2\/posts"}],"about":[{"href":"https:\/\/www.amiblu.com\/pl\/wp-json\/wp\/v2\/types\/post"}],"author":[{"embeddable":true,"href":"https:\/\/www.amiblu.com\/pl\/wp-json\/wp\/v2\/users\/8"}],"replies":[{"embeddable":true,"href":"https:\/\/www.amiblu.com\/pl\/wp-json\/wp\/v2\/comments?post=55249"}],"version-history":[{"count":13,"href":"https:\/\/www.amiblu.com\/pl\/wp-json\/wp\/v2\/posts\/55249\/revisions"}],"predecessor-version":[{"id":56241,"href":"https:\/\/www.amiblu.com\/pl\/wp-json\/wp\/v2\/posts\/55249\/revisions\/56241"}],"wp:featuredmedia":[{"embeddable":true,"href":"https:\/\/www.amiblu.com\/pl\/wp-json\/wp\/v2\/media\/55248"}],"wp:attachment":[{"href":"https:\/\/www.amiblu.com\/pl\/wp-json\/wp\/v2\/media?parent=55249"}],"wp:term":[{"taxonomy":"category","embeddable":true,"href":"https:\/\/www.amiblu.com\/pl\/wp-json\/wp\/v2\/categories?post=55249"},{"taxonomy":"post_tag","embeddable":true,"href":"https:\/\/www.amiblu.com\/pl\/wp-json\/wp\/v2\/tags?post=55249"}],"curies":[{"name":"wp","href":"https:\/\/api.w.org\/{rel}","templated":true}]}}