{"id":60891,"date":"2023-12-22T09:00:45","date_gmt":"2023-12-22T08:00:45","guid":{"rendered":"https:\/\/www.amiblu.com\/?p=60891"},"modified":"2024-01-09T11:02:06","modified_gmt":"2024-01-09T10:02:06","slug":"50-lat-grp-w-polsce","status":"publish","type":"post","link":"https:\/\/www.amiblu.com\/pl\/50-lat-grp-w-polsce\/","title":{"rendered":"50 lat GRP w Polsce!"},"content":{"rendered":"\n<style type=\"text\/css\" data-created_by=\"avia_inline_auto\" id=\"style-css-av-lr66572o-74530c1f8df233c2391f350df8600e2f\">\n.avia-image-container.av-lr66572o-74530c1f8df233c2391f350df8600e2f img.avia_image{\nbox-shadow:none;\n}\n.avia-image-container.av-lr66572o-74530c1f8df233c2391f350df8600e2f .av-image-caption-overlay-center{\ncolor:#ffffff;\n}\n<\/style>\n<div  class='avia-image-container av-lr66572o-74530c1f8df233c2391f350df8600e2f av-styling- avia-align-left  avia-builder-el-0  el_before_av_hr  avia-builder-el-first '   itemprop=\"image\" itemscope=\"itemscope\" itemtype=\"https:\/\/schema.org\/ImageObject\" ><div class=\"avia-image-container-inner\"><div class=\"avia-image-overlay-wrap\"><img fetchpriority=\"high\" fetchpriority=\"high\" decoding=\"async\" fetchpriority=\"high\" class='wp-image-60887 avia-img-lazy-loading-not-60887 avia_image ' src=\"https:\/\/www.amiblu.com\/wp-content\/uploads\/Miasto-Torun-50-lat-GRP.jpg\" alt='Toru\u0144, gdzie zamontowano pierwszy ruroci\u0105g GRP w Polsce.' title='Miasto-Toru\u0144-50-lat-GRP'  height=\"500\" width=\"800\"  itemprop=\"thumbnailUrl\" srcset=\"https:\/\/www.amiblu.com\/wp-content\/uploads\/Miasto-Torun-50-lat-GRP.jpg 800w, https:\/\/www.amiblu.com\/wp-content\/uploads\/Miasto-Torun-50-lat-GRP-300x188.jpg 300w, https:\/\/www.amiblu.com\/wp-content\/uploads\/Miasto-Torun-50-lat-GRP-768x480.jpg 768w, https:\/\/www.amiblu.com\/wp-content\/uploads\/Miasto-Torun-50-lat-GRP-705x441.jpg 705w\" sizes=\"(max-width: 800px) 100vw, 800px\" \/><\/div><\/div><\/div>\n\n<style type=\"text\/css\" data-created_by=\"avia_inline_auto\" id=\"style-css-av-lr66hc16-4ec8d1896fd07aeab00c8387ad1cb806\">\n#top .hr.hr-invisible.av-lr66hc16-4ec8d1896fd07aeab00c8387ad1cb806{\nheight:20px;\n}\n<\/style>\n<div  class='hr av-lr66hc16-4ec8d1896fd07aeab00c8387ad1cb806 hr-invisible  avia-builder-el-1  el_after_av_image  el_before_av_heading '><span class='hr-inner '><span class=\"hr-inner-style\"><\/span><\/span><\/div>\n\n<style type=\"text\/css\" data-created_by=\"avia_inline_auto\" id=\"style-css-av-lr66ksgg-997c91a543e8b24a6925ebb486f120f5\">\n#top .av-special-heading.av-lr66ksgg-997c91a543e8b24a6925ebb486f120f5{\npadding-bottom:10px;\n}\nbody .av-special-heading.av-lr66ksgg-997c91a543e8b24a6925ebb486f120f5 .av-special-heading-tag .heading-char{\nfont-size:25px;\n}\n.av-special-heading.av-lr66ksgg-997c91a543e8b24a6925ebb486f120f5 .av-subheading{\nfont-size:15px;\n}\n<\/style>\n<div  class='av-special-heading av-lr66ksgg-997c91a543e8b24a6925ebb486f120f5 av-special-heading-h1 blockquote modern-quote  avia-builder-el-2  el_after_av_hr  el_before_av_hr '><h1 class='av-special-heading-tag '  itemprop=\"headline\"  >50 lat GRP w Polsce \u2013 rury stworzone dla pokole\u0144<\/h1><div class=\"special-heading-border\"><div class=\"special-heading-inner-border\"><\/div><\/div><\/div>\n\n<style type=\"text\/css\" data-created_by=\"avia_inline_auto\" id=\"style-css-av-lr66mpe2-f5d9ae0814bc5d93a89c6dd7dce01023\">\n#top .hr.hr-invisible.av-lr66mpe2-f5d9ae0814bc5d93a89c6dd7dce01023{\nheight:20px;\n}\n<\/style>\n<div  class='hr av-lr66mpe2-f5d9ae0814bc5d93a89c6dd7dce01023 hr-invisible  avia-builder-el-3  el_after_av_heading  el_before_av_textblock '><span class='hr-inner '><span class=\"hr-inner-style\"><\/span><\/span><\/div>\n<section  class='av_textblock_section av-lqfokyqq-dcc0504fe5d9de233b6119d70ddded56 '   itemscope=\"itemscope\" itemtype=\"https:\/\/schema.org\/BlogPosting\" itemprop=\"blogPost\" ><div class='avia_textblock'  itemprop=\"text\" ><p>P\u00f3\u0142 wieku temu w Toruniu zainstalowano pod ziemi\u0105 pierwsze w Polsce rury wykonane z materia\u0142u GRP. To w\u0142a\u015bnie firma Amiblu jest pionierem w produkcji rur i kszta\u0142tek z u\u017cyciem jednego z najbardziej trwa\u0142ych i wydajnych materia\u0142\u00f3w z dodatkiem w\u0142\u00f3kna szklanego. W tym roku obchodzili\u015bmy 50 lat GRP w Polsce! Dzi\u0119ki zaawansowanej technologii i doskona\u0142ej jako\u015bci oferowanych produkt\u00f3w, polskie fabryki Amiblu w Gda\u0144sku i D\u0105browie G\u00f3rniczej zyska\u0142y uznanie jako wiarygodny dostawca rozwi\u0105za\u0144 infrastrukturalnych. Dzi\u0119ki temu przyczyniaj\u0105 si\u0119 do zr\u00f3wnowa\u017conego rozwoju i efektywnej gospodarki wodno-kanalizacyjnej na \u015bwiatow\u0105 skal\u0119.<\/p>\n<h2>GRP w Polsce! Jak to si\u0119 zacz\u0119\u0142o?<\/h2>\n<p>By\u0142 rok 1973 kiedy pierwsze rury GRP zosta\u0142y dostarczone przez protoplast\u00f3w Amiblu na potrzeby budowy ruroci\u0105gu przy zak\u0142adach w\u0142\u00f3kienniczych Elana w Toruniu. Bior\u0105c pod uwag\u0119 kwestie \u015brodowiska, w jakim mia\u0142by on pracowa\u0107 (\u015bcieki o wysokiej kwasowo\u015bci), poszukiwano produkt\u00f3w o odpowiednich parametrach technicznych. I to w\u0142a\u015bnie dlatego wybrano odporne na korozj\u0119 i potencjalnie agresywne ciecze &#8211; rury GRP. Po pi\u0119\u0107dziesi\u0119ciu latach intensywnego u\u017cytkowania ekspertyza potwierdza, \u017ce utrzyma\u0142y one praktycznie niezmieniony stan, a ich powierzchnia pozosta\u0142a g\u0142adka. Od momentu instalacji Miejskie Przedsi\u0119biorstwo Wodoci\u0105g\u00f3w i Kanalizacji w Toruniu \u00a0nie odnotowa\u0142o \u017cadnej awarii. \u015awiadczy to o niezawodno\u015bci i trwa\u0142o\u015bci zastosowanych rozwi\u0105za\u0144.<\/p>\n<h2>Taki jubileusz trzeba uczci\u0107!<\/h2>\n<p>Historia takiej rury, jak ta w Toruniu wymaga odpowiedniej oprawy. Postanowili\u015bmy wi\u0119c nakr\u0119ci\u0107 film, w kt\u00f3rym pracownicy <a href=\"https:\/\/www.amiblu.com\/pl\/o-nas\/\">Amiblu Poland<\/a> opowiedz\u0105 o tym, jak by\u0142o kiedy\u015b i&#8230; jak mo\u017ce by\u0107 w przysz\u0142o\u015bci. Zreszt\u0105, zobaczcie sami!<\/p>\n<\/div><\/section>\n\n<style type=\"text\/css\" data-created_by=\"avia_inline_auto\" id=\"style-css-av-mjajvf-ee89e5cdd596b3658d262cd238683b9c\">\n#top .hr.hr-invisible.av-mjajvf-ee89e5cdd596b3658d262cd238683b9c{\nheight:30px;\n}\n<\/style>\n<div  class='hr av-mjajvf-ee89e5cdd596b3658d262cd238683b9c hr-invisible  avia-builder-el-5  el_after_av_textblock  el_before_av_video '><span class='hr-inner '><span class=\"hr-inner-style\"><\/span><\/span><\/div>\n\n<style type=\"text\/css\" data-created_by=\"avia_inline_auto\" id=\"style-css-av-lqfov81c-247c8acd4c2eb20bc39ffe4bb0451eed\">\n.avia-video.av-lqfov81c-247c8acd4c2eb20bc39ffe4bb0451eed{\nbackground-image:url(https:\/\/www.amiblu.com\/wp-content\/uploads\/50-lat-GRP-w-Polsce-Amiblu.jpg);\n}\n<\/style>\n<div  class='avia-video av-lqfov81c-247c8acd4c2eb20bc39ffe4bb0451eed avia-video-16-9 av-preview-image avia-video-load-always av-lazyload-immediate av-lazyload-video-embed'  itemprop=\"video\" itemtype=\"https:\/\/schema.org\/VideoObject\"  data-original_url='https:\/\/www.youtube.com\/watch?v=ZbDhIZLQXKQ'><script type='text\/html' class='av-video-tmpl'><div class='avia-iframe-wrap'><iframe title=\"50 lat GRP w Polsce \u2013 rury stworzone dla pokole\u0144\" width=\"1500\" height=\"844\" src=\"https:\/\/www.youtube.com\/embed\/ZbDhIZLQXKQ?feature=oembed&autoplay=0&loop=0&controls=1&mute=0\" frameborder=\"0\" allow=\"accelerometer; autoplay; clipboard-write; encrypted-media; gyroscope; picture-in-picture; web-share\" allowfullscreen><\/iframe><\/div><\/script><div class='av-click-to-play-overlay'><div class=\"avia_playpause_icon\"><\/div><\/div><\/div>\n<section  class='av_textblock_section av-lqfp9ztf-128f3df308c02960cf5cea0906edae82 '   itemscope=\"itemscope\" itemtype=\"https:\/\/schema.org\/BlogPosting\" itemprop=\"blogPost\" ><div class='avia_textblock'  itemprop=\"text\" ><h2>Niech us\u0142yszy ca\u0142y \u015bwiat!<\/h2>\n<p>Z okazji okr\u0105g\u0142ego jubileuszu toru\u0144skiego ruroci\u0105gu, Amiblu Poland zorganizowa\u0142o r\u00f3wnie\u017c spotkanie prasowe podczas kt\u00f3rego przedstawiono wyniki bada\u0144 potwierdzaj\u0105cych jej niezmieniony stan.<\/p>\n<\/div><\/section>\n\n<style type=\"text\/css\" data-created_by=\"avia_inline_auto\" id=\"style-css-av-lqfptjof-11811dbc768f7e8afe9aa4253e17c1dc\">\n.avia-image-container.av-lqfptjof-11811dbc768f7e8afe9aa4253e17c1dc img.avia_image{\nbox-shadow:none;\n}\n.avia-image-container.av-lqfptjof-11811dbc768f7e8afe9aa4253e17c1dc .av-image-caption-overlay-center{\ncolor:#ffffff;\n}\n<\/style>\n<div  class='avia-image-container av-lqfptjof-11811dbc768f7e8afe9aa4253e17c1dc av-styling- avia-align-left  avia-builder-el-8  el_after_av_textblock  el_before_av_hr '   itemprop=\"image\" itemscope=\"itemscope\" itemtype=\"https:\/\/schema.org\/ImageObject\" ><div class=\"avia-image-container-inner\"><div class=\"avia-image-overlay-wrap\"><img fetchpriority=\"high\" fetchpriority=\"high\" decoding=\"async\" fetchpriority=\"high\" class='wp-image-60967 avia-img-lazy-loading-not-60967 avia_image ' src=\"https:\/\/www.amiblu.com\/wp-content\/uploads\/konferencja-Amiblu-Poland-50-lat-GRP.jpg\" alt='konferencja Amibu Poland 50 lat GRP w Polsce' title='konferencja-Amiblu-Poland-50-lat-GRP'  height=\"500\" width=\"800\"  itemprop=\"thumbnailUrl\" srcset=\"https:\/\/www.amiblu.com\/wp-content\/uploads\/konferencja-Amiblu-Poland-50-lat-GRP.jpg 800w, https:\/\/www.amiblu.com\/wp-content\/uploads\/konferencja-Amiblu-Poland-50-lat-GRP-300x188.jpg 300w, https:\/\/www.amiblu.com\/wp-content\/uploads\/konferencja-Amiblu-Poland-50-lat-GRP-768x480.jpg 768w, https:\/\/www.amiblu.com\/wp-content\/uploads\/konferencja-Amiblu-Poland-50-lat-GRP-705x441.jpg 705w\" sizes=\"(max-width: 800px) 100vw, 800px\" \/><\/div><\/div><\/div>\n\n<style type=\"text\/css\" data-created_by=\"avia_inline_auto\" id=\"style-css-av-av_hr-af89a52d51412774536fa272e468f7cd\">\n#top .hr.hr-invisible.av-av_hr-af89a52d51412774536fa272e468f7cd{\nheight:30px;\n}\n<\/style>\n<div  class='hr av-av_hr-af89a52d51412774536fa272e468f7cd hr-invisible  avia-builder-el-9  el_after_av_image  el_before_av_textblock '><span class='hr-inner '><span class=\"hr-inner-style\"><\/span><\/span><\/div>\n<section  class='av_textblock_section av-lqfq0r6g-adf3cdd42f1025e29b403408227d015b '   itemscope=\"itemscope\" itemtype=\"https:\/\/schema.org\/BlogPosting\" itemprop=\"blogPost\" ><div class='avia_textblock'  itemprop=\"text\" ><p>W trakcie spotkania g\u0142os zabra\u0142 Dariusz Kosiorowski, manager dzia\u0142u technicznego Amiblu Poland, Opowiedzia\u0142 nie tylko o historii GRP, ale tak\u017ce podkre\u015bli\u0142 jej zalety i przewag\u0119 konkurencyjn\u0105:<\/p>\n<blockquote>\n<p><em>Rury<\/em><em> GRP od Amiblu cechuje trwa\u0142o\u015b\u0107. Zaprojektowane s\u0105 na lata, z my\u015bl\u0105 o odporno\u015bci na \u015bcieranie i dzia\u0142anie \u015brodowiska kwasowego. S\u0105 l\u017cejsze od betonu, i co warto podkre\u015bli\u0107, proces ich produkcji generuje stosunkowo niski poziom emisji C02.<\/em><\/p>\n<\/blockquote>\n<\/div><\/section>\n<section  class='av_textblock_section av-lqfq3zr6-7343840bab9c4a0a0faf4541f4f0a410 '   itemscope=\"itemscope\" itemtype=\"https:\/\/schema.org\/BlogPosting\" itemprop=\"blogPost\" ><div class='avia_textblock'  itemprop=\"text\" ><p>Podczas wydarzenia g\u0142os zabra\u0142 r\u00f3wnie\u017c prezes zarz\u0105du Amiblu Poland &#8211; Tomasz Wojtczak. Wskaza\u0142, \u017ce rury z polskich fabryk s\u0105 wykorzystywane do realizacji inwestycji na ca\u0142ym \u015bwiecie. Mo\u017cna je znale\u017a\u0107 <a href=\"https:\/\/www.amiblu.com\/pl\/baza-referencji\/\">od USA przez Europ\u0119<\/a> a\u017c po dalekie zak\u0105tki Azji. Produkty GRP zosta\u0142y u\u017cyte mi\u0119dzy innymi pod rzymskim Koloseum, w Los Angeles, na Sri Lance. Ponad 200 elektrowni wodnych w Norwegii korzysta z naszych rur ci\u015bnieniowych. W swoim wyst\u0105pieniu odni\u00f3s\u0142 si\u0119 tak\u017ce do \u201eNiebieskiego \u0141adu UE\u201d \u2013 nowej kompleksowej strategii wodnej dla Europy:<\/p>\n<blockquote>\n<p><em>To ogromna szansa dla polskich firm, otwieraj\u0105ca drzwi do znacznych \u015brodk\u00f3w na inwestycje w sektorze wodnym. Kluczowe jest tak\u017ce to, aby nie cena, a kryteria \u015brodowiskowe by\u0142y g\u0142\u00f3wnym czynnikiem przy zam\u00f3wieniach publicznych.<\/em><\/p>\n<\/blockquote>\n<p>Dziennikarze zgromadzeni na konferencji dopytywali o nasze produkty i plany zwi\u0105zane z Niebieskim \u0141adem. Wszyscy zdajemy sobie spraw\u0119 z tego, \u017ce dbanie o cenny surowiec, jakim jest woda, to nasz wsp\u00f3lny obowi\u0105zek.<\/p>\n<\/div><\/section>\n","protected":false},"excerpt":{"rendered":"<p>W Toruniu 50 lat temu zainstalowano pierwszy ruroci\u0105g GRP, dostarczony przez protoplast\u00f3w Amiblu. Poznaj jego histori\u0119!<\/p>\n","protected":false},"author":62,"featured_media":60887,"comment_status":"closed","ping_status":"closed","sticky":false,"template":"","format":"standard","meta":{"_acf_changed":false,"footnotes":""},"categories":[163],"tags":[],"class_list":["post-60891","post","type-post","status-publish","format-standard","has-post-thumbnail","hentry","category-news-3"],"acf":[],"yoast_head":"<!-- This site is optimized with the Yoast SEO Premium plugin v27.5 (Yoast SEO v27.5) - https:\/\/yoast.com\/product\/yoast-seo-premium-wordpress\/ -->\n<title>50 lat GRP w Polsce! - Amiblu<\/title>\n<meta name=\"description\" content=\"Poznaj histori\u0119 toru\u0144skiego ruroci\u0105gu i \u015bwi\u0119tuj z nami 50 lat GRP w Polsce! Zobacz, jak Amiblu dba o kwestie zwi\u0105zane z wod\u0105.\" \/>\n<meta name=\"robots\" content=\"index, follow, max-snippet:-1, max-image-preview:large, max-video-preview:-1\" \/>\n<link rel=\"canonical\" href=\"https:\/\/www.amiblu.com\/pl\/50-lat-grp-w-polsce\/\" \/>\n<meta property=\"og:locale\" content=\"pl_PL\" \/>\n<meta property=\"og:type\" content=\"article\" \/>\n<meta property=\"og:title\" content=\"50 lat GRP w Polsce!\" \/>\n<meta property=\"og:description\" content=\"Poznaj histori\u0119 toru\u0144skiego ruroci\u0105gu i \u015bwi\u0119tuj z nami 50 lat GRP w Polsce! Zobacz, jak Amiblu dba o kwestie zwi\u0105zane z wod\u0105.\" \/>\n<meta property=\"og:url\" content=\"https:\/\/www.amiblu.com\/pl\/50-lat-grp-w-polsce\/\" \/>\n<meta property=\"og:site_name\" content=\"Amiblu\" \/>\n<meta property=\"article:publisher\" content=\"https:\/\/www.facebook.com\/amiblupipes\" \/>\n<meta property=\"article:published_time\" content=\"2023-12-22T08:00:45+00:00\" \/>\n<meta property=\"article:modified_time\" content=\"2024-01-09T10:02:06+00:00\" \/>\n<meta property=\"og:image\" content=\"https:\/\/www.amiblu.com\/wp-content\/uploads\/Miasto-Torun-50-lat-GRP.jpg\" \/>\n\t<meta property=\"og:image:width\" content=\"800\" \/>\n\t<meta property=\"og:image:height\" content=\"500\" \/>\n\t<meta property=\"og:image:type\" content=\"image\/jpeg\" \/>\n<meta name=\"author\" content=\"Agnieszka Lubieniecka\" \/>\n<meta name=\"twitter:card\" content=\"summary_large_image\" \/>\n<meta name=\"twitter:label1\" content=\"Napisane przez\" \/>\n\t<meta name=\"twitter:data1\" content=\"Agnieszka Lubieniecka\" \/>\n\t<meta name=\"twitter:label2\" content=\"Szacowany czas czytania\" \/>\n\t<meta name=\"twitter:data2\" content=\"4 minuty\" \/>\n<script type=\"application\/ld+json\" class=\"yoast-schema-graph\">{\"@context\":\"https:\\\/\\\/schema.org\",\"@graph\":[{\"@type\":\"Article\",\"@id\":\"https:\\\/\\\/www.amiblu.com\\\/pl\\\/50-lat-grp-w-polsce\\\/#article\",\"isPartOf\":{\"@id\":\"https:\\\/\\\/www.amiblu.com\\\/pl\\\/50-lat-grp-w-polsce\\\/\"},\"author\":{\"name\":\"Agnieszka Lubieniecka\",\"@id\":\"https:\\\/\\\/www.amiblu.com\\\/pl\\\/#\\\/schema\\\/person\\\/ed8f7c265fbc7bd94ebcd50860c87eaa\"},\"headline\":\"50 lat GRP w Polsce!\",\"datePublished\":\"2023-12-22T08:00:45+00:00\",\"dateModified\":\"2024-01-09T10:02:06+00:00\",\"mainEntityOfPage\":{\"@id\":\"https:\\\/\\\/www.amiblu.com\\\/pl\\\/50-lat-grp-w-polsce\\\/\"},\"wordCount\":1160,\"publisher\":{\"@id\":\"https:\\\/\\\/www.amiblu.com\\\/pl\\\/#organization\"},\"image\":{\"@id\":\"https:\\\/\\\/www.amiblu.com\\\/pl\\\/50-lat-grp-w-polsce\\\/#primaryimage\"},\"thumbnailUrl\":\"https:\\\/\\\/www.amiblu.com\\\/wp-content\\\/uploads\\\/Miasto-Torun-50-lat-GRP.jpg\",\"articleSection\":[\"Nowo\u015bci\"],\"inLanguage\":\"pl-PL\"},{\"@type\":\"WebPage\",\"@id\":\"https:\\\/\\\/www.amiblu.com\\\/pl\\\/50-lat-grp-w-polsce\\\/\",\"url\":\"https:\\\/\\\/www.amiblu.com\\\/pl\\\/50-lat-grp-w-polsce\\\/\",\"name\":\"50 lat GRP w Polsce! - Amiblu\",\"isPartOf\":{\"@id\":\"https:\\\/\\\/www.amiblu.com\\\/pl\\\/#website\"},\"primaryImageOfPage\":{\"@id\":\"https:\\\/\\\/www.amiblu.com\\\/pl\\\/50-lat-grp-w-polsce\\\/#primaryimage\"},\"image\":{\"@id\":\"https:\\\/\\\/www.amiblu.com\\\/pl\\\/50-lat-grp-w-polsce\\\/#primaryimage\"},\"thumbnailUrl\":\"https:\\\/\\\/www.amiblu.com\\\/wp-content\\\/uploads\\\/Miasto-Torun-50-lat-GRP.jpg\",\"datePublished\":\"2023-12-22T08:00:45+00:00\",\"dateModified\":\"2024-01-09T10:02:06+00:00\",\"description\":\"Poznaj histori\u0119 toru\u0144skiego ruroci\u0105gu i \u015bwi\u0119tuj z nami 50 lat GRP w Polsce! Zobacz, jak Amiblu dba o kwestie zwi\u0105zane z wod\u0105.\",\"inLanguage\":\"pl-PL\",\"potentialAction\":[{\"@type\":\"ReadAction\",\"target\":[\"https:\\\/\\\/www.amiblu.com\\\/pl\\\/50-lat-grp-w-polsce\\\/\"]}]},{\"@type\":\"ImageObject\",\"inLanguage\":\"pl-PL\",\"@id\":\"https:\\\/\\\/www.amiblu.com\\\/pl\\\/50-lat-grp-w-polsce\\\/#primaryimage\",\"url\":\"https:\\\/\\\/www.amiblu.com\\\/wp-content\\\/uploads\\\/Miasto-Torun-50-lat-GRP.jpg\",\"contentUrl\":\"https:\\\/\\\/www.amiblu.com\\\/wp-content\\\/uploads\\\/Miasto-Torun-50-lat-GRP.jpg\",\"width\":800,\"height\":500,\"caption\":\"Toru\u0144, gdzie zamontowano pierwszy ruroci\u0105g GRP w Polsce.\"},{\"@type\":\"WebSite\",\"@id\":\"https:\\\/\\\/www.amiblu.com\\\/pl\\\/#website\",\"url\":\"https:\\\/\\\/www.amiblu.com\\\/pl\\\/\",\"name\":\"Amiblu\",\"description\":\"GFK-Rohrsysteme f\u00fcr Generationen\",\"publisher\":{\"@id\":\"https:\\\/\\\/www.amiblu.com\\\/pl\\\/#organization\"},\"potentialAction\":[{\"@type\":\"SearchAction\",\"target\":{\"@type\":\"EntryPoint\",\"urlTemplate\":\"https:\\\/\\\/www.amiblu.com\\\/pl\\\/?s={search_term_string}\"},\"query-input\":{\"@type\":\"PropertyValueSpecification\",\"valueRequired\":true,\"valueName\":\"search_term_string\"}}],\"inLanguage\":\"pl-PL\"},{\"@type\":\"Organization\",\"@id\":\"https:\\\/\\\/www.amiblu.com\\\/pl\\\/#organization\",\"name\":\"Amiblu Group\",\"url\":\"https:\\\/\\\/www.amiblu.com\\\/pl\\\/\",\"logo\":{\"@type\":\"ImageObject\",\"inLanguage\":\"pl-PL\",\"@id\":\"https:\\\/\\\/www.amiblu.com\\\/pl\\\/#\\\/schema\\\/logo\\\/image\\\/\",\"url\":\"https:\\\/\\\/www.amiblu.com\\\/wp-content\\\/uploads\\\/2021\\\/01\\\/Amiblu-logo-website-1.png\",\"contentUrl\":\"https:\\\/\\\/www.amiblu.com\\\/wp-content\\\/uploads\\\/2021\\\/01\\\/Amiblu-logo-website-1.png\",\"width\":201,\"height\":38,\"caption\":\"Amiblu Group\"},\"image\":{\"@id\":\"https:\\\/\\\/www.amiblu.com\\\/pl\\\/#\\\/schema\\\/logo\\\/image\\\/\"},\"sameAs\":[\"https:\\\/\\\/www.facebook.com\\\/amiblupipes\",\"https:\\\/\\\/www.youtube.com\\\/c\\\/Amiblu\",\"https:\\\/\\\/de.wikipedia.org\\\/wiki\\\/Amiblu\",\"https:\\\/\\\/www.linkedin.com\\\/company\\\/amiblupipes\\\/\"]},{\"@type\":\"Person\",\"@id\":\"https:\\\/\\\/www.amiblu.com\\\/pl\\\/#\\\/schema\\\/person\\\/ed8f7c265fbc7bd94ebcd50860c87eaa\",\"name\":\"Agnieszka Lubieniecka\",\"image\":{\"@type\":\"ImageObject\",\"inLanguage\":\"pl-PL\",\"@id\":\"https:\\\/\\\/secure.gravatar.com\\\/avatar\\\/a7e009455a3a9009ac63a3788655a8697f2fd583ff5b25a108ff66699b274427?s=96&d=mm&r=g\",\"url\":\"https:\\\/\\\/secure.gravatar.com\\\/avatar\\\/a7e009455a3a9009ac63a3788655a8697f2fd583ff5b25a108ff66699b274427?s=96&d=mm&r=g\",\"contentUrl\":\"https:\\\/\\\/secure.gravatar.com\\\/avatar\\\/a7e009455a3a9009ac63a3788655a8697f2fd583ff5b25a108ff66699b274427?s=96&d=mm&r=g\",\"caption\":\"Agnieszka Lubieniecka\"}}]}<\/script>\n<!-- \/ Yoast SEO Premium plugin. -->","yoast_head_json":{"title":"50 lat GRP w Polsce! - Amiblu","description":"Poznaj histori\u0119 toru\u0144skiego ruroci\u0105gu i \u015bwi\u0119tuj z nami 50 lat GRP w Polsce! Zobacz, jak Amiblu dba o kwestie zwi\u0105zane z wod\u0105.","robots":{"index":"index","follow":"follow","max-snippet":"max-snippet:-1","max-image-preview":"max-image-preview:large","max-video-preview":"max-video-preview:-1"},"canonical":"https:\/\/www.amiblu.com\/pl\/50-lat-grp-w-polsce\/","og_locale":"pl_PL","og_type":"article","og_title":"50 lat GRP w Polsce!","og_description":"Poznaj histori\u0119 toru\u0144skiego ruroci\u0105gu i \u015bwi\u0119tuj z nami 50 lat GRP w Polsce! Zobacz, jak Amiblu dba o kwestie zwi\u0105zane z wod\u0105.","og_url":"https:\/\/www.amiblu.com\/pl\/50-lat-grp-w-polsce\/","og_site_name":"Amiblu","article_publisher":"https:\/\/www.facebook.com\/amiblupipes","article_published_time":"2023-12-22T08:00:45+00:00","article_modified_time":"2024-01-09T10:02:06+00:00","og_image":[{"width":800,"height":500,"url":"https:\/\/www.amiblu.com\/wp-content\/uploads\/Miasto-Torun-50-lat-GRP.jpg","type":"image\/jpeg"}],"author":"Agnieszka Lubieniecka","twitter_card":"summary_large_image","twitter_misc":{"Napisane przez":"Agnieszka Lubieniecka","Szacowany czas czytania":"4 minuty"},"schema":{"@context":"https:\/\/schema.org","@graph":[{"@type":"Article","@id":"https:\/\/www.amiblu.com\/pl\/50-lat-grp-w-polsce\/#article","isPartOf":{"@id":"https:\/\/www.amiblu.com\/pl\/50-lat-grp-w-polsce\/"},"author":{"name":"Agnieszka Lubieniecka","@id":"https:\/\/www.amiblu.com\/pl\/#\/schema\/person\/ed8f7c265fbc7bd94ebcd50860c87eaa"},"headline":"50 lat GRP w Polsce!","datePublished":"2023-12-22T08:00:45+00:00","dateModified":"2024-01-09T10:02:06+00:00","mainEntityOfPage":{"@id":"https:\/\/www.amiblu.com\/pl\/50-lat-grp-w-polsce\/"},"wordCount":1160,"publisher":{"@id":"https:\/\/www.amiblu.com\/pl\/#organization"},"image":{"@id":"https:\/\/www.amiblu.com\/pl\/50-lat-grp-w-polsce\/#primaryimage"},"thumbnailUrl":"https:\/\/www.amiblu.com\/wp-content\/uploads\/Miasto-Torun-50-lat-GRP.jpg","articleSection":["Nowo\u015bci"],"inLanguage":"pl-PL"},{"@type":"WebPage","@id":"https:\/\/www.amiblu.com\/pl\/50-lat-grp-w-polsce\/","url":"https:\/\/www.amiblu.com\/pl\/50-lat-grp-w-polsce\/","name":"50 lat GRP w Polsce! - Amiblu","isPartOf":{"@id":"https:\/\/www.amiblu.com\/pl\/#website"},"primaryImageOfPage":{"@id":"https:\/\/www.amiblu.com\/pl\/50-lat-grp-w-polsce\/#primaryimage"},"image":{"@id":"https:\/\/www.amiblu.com\/pl\/50-lat-grp-w-polsce\/#primaryimage"},"thumbnailUrl":"https:\/\/www.amiblu.com\/wp-content\/uploads\/Miasto-Torun-50-lat-GRP.jpg","datePublished":"2023-12-22T08:00:45+00:00","dateModified":"2024-01-09T10:02:06+00:00","description":"Poznaj histori\u0119 toru\u0144skiego ruroci\u0105gu i \u015bwi\u0119tuj z nami 50 lat GRP w Polsce! Zobacz, jak Amiblu dba o kwestie zwi\u0105zane z wod\u0105.","inLanguage":"pl-PL","potentialAction":[{"@type":"ReadAction","target":["https:\/\/www.amiblu.com\/pl\/50-lat-grp-w-polsce\/"]}]},{"@type":"ImageObject","inLanguage":"pl-PL","@id":"https:\/\/www.amiblu.com\/pl\/50-lat-grp-w-polsce\/#primaryimage","url":"https:\/\/www.amiblu.com\/wp-content\/uploads\/Miasto-Torun-50-lat-GRP.jpg","contentUrl":"https:\/\/www.amiblu.com\/wp-content\/uploads\/Miasto-Torun-50-lat-GRP.jpg","width":800,"height":500,"caption":"Toru\u0144, gdzie zamontowano pierwszy ruroci\u0105g GRP w Polsce."},{"@type":"WebSite","@id":"https:\/\/www.amiblu.com\/pl\/#website","url":"https:\/\/www.amiblu.com\/pl\/","name":"Amiblu","description":"GFK-Rohrsysteme f\u00fcr Generationen","publisher":{"@id":"https:\/\/www.amiblu.com\/pl\/#organization"},"potentialAction":[{"@type":"SearchAction","target":{"@type":"EntryPoint","urlTemplate":"https:\/\/www.amiblu.com\/pl\/?s={search_term_string}"},"query-input":{"@type":"PropertyValueSpecification","valueRequired":true,"valueName":"search_term_string"}}],"inLanguage":"pl-PL"},{"@type":"Organization","@id":"https:\/\/www.amiblu.com\/pl\/#organization","name":"Amiblu Group","url":"https:\/\/www.amiblu.com\/pl\/","logo":{"@type":"ImageObject","inLanguage":"pl-PL","@id":"https:\/\/www.amiblu.com\/pl\/#\/schema\/logo\/image\/","url":"https:\/\/www.amiblu.com\/wp-content\/uploads\/2021\/01\/Amiblu-logo-website-1.png","contentUrl":"https:\/\/www.amiblu.com\/wp-content\/uploads\/2021\/01\/Amiblu-logo-website-1.png","width":201,"height":38,"caption":"Amiblu Group"},"image":{"@id":"https:\/\/www.amiblu.com\/pl\/#\/schema\/logo\/image\/"},"sameAs":["https:\/\/www.facebook.com\/amiblupipes","https:\/\/www.youtube.com\/c\/Amiblu","https:\/\/de.wikipedia.org\/wiki\/Amiblu","https:\/\/www.linkedin.com\/company\/amiblupipes\/"]},{"@type":"Person","@id":"https:\/\/www.amiblu.com\/pl\/#\/schema\/person\/ed8f7c265fbc7bd94ebcd50860c87eaa","name":"Agnieszka Lubieniecka","image":{"@type":"ImageObject","inLanguage":"pl-PL","@id":"https:\/\/secure.gravatar.com\/avatar\/a7e009455a3a9009ac63a3788655a8697f2fd583ff5b25a108ff66699b274427?s=96&d=mm&r=g","url":"https:\/\/secure.gravatar.com\/avatar\/a7e009455a3a9009ac63a3788655a8697f2fd583ff5b25a108ff66699b274427?s=96&d=mm&r=g","contentUrl":"https:\/\/secure.gravatar.com\/avatar\/a7e009455a3a9009ac63a3788655a8697f2fd583ff5b25a108ff66699b274427?s=96&d=mm&r=g","caption":"Agnieszka Lubieniecka"}}]}},"_links":{"self":[{"href":"https:\/\/www.amiblu.com\/pl\/wp-json\/wp\/v2\/posts\/60891","targetHints":{"allow":["GET"]}}],"collection":[{"href":"https:\/\/www.amiblu.com\/pl\/wp-json\/wp\/v2\/posts"}],"about":[{"href":"https:\/\/www.amiblu.com\/pl\/wp-json\/wp\/v2\/types\/post"}],"author":[{"embeddable":true,"href":"https:\/\/www.amiblu.com\/pl\/wp-json\/wp\/v2\/users\/62"}],"replies":[{"embeddable":true,"href":"https:\/\/www.amiblu.com\/pl\/wp-json\/wp\/v2\/comments?post=60891"}],"version-history":[{"count":43,"href":"https:\/\/www.amiblu.com\/pl\/wp-json\/wp\/v2\/posts\/60891\/revisions"}],"predecessor-version":[{"id":61370,"href":"https:\/\/www.amiblu.com\/pl\/wp-json\/wp\/v2\/posts\/60891\/revisions\/61370"}],"wp:featuredmedia":[{"embeddable":true,"href":"https:\/\/www.amiblu.com\/pl\/wp-json\/wp\/v2\/media\/60887"}],"wp:attachment":[{"href":"https:\/\/www.amiblu.com\/pl\/wp-json\/wp\/v2\/media?parent=60891"}],"wp:term":[{"taxonomy":"category","embeddable":true,"href":"https:\/\/www.amiblu.com\/pl\/wp-json\/wp\/v2\/categories?post=60891"},{"taxonomy":"post_tag","embeddable":true,"href":"https:\/\/www.amiblu.com\/pl\/wp-json\/wp\/v2\/tags?post=60891"}],"curies":[{"name":"wp","href":"https:\/\/api.w.org\/{rel}","templated":true}]}}