{"id":68640,"date":"2025-02-10T17:28:55","date_gmt":"2025-02-10T16:28:55","guid":{"rendered":"https:\/\/www.amiblu.com\/?p=68640"},"modified":"2025-04-08T14:38:11","modified_gmt":"2025-04-08T12:38:11","slug":"zielona-energia-napedza-produkcje-w-polskich-fabrykach-amiblu","status":"publish","type":"post","link":"https:\/\/www.amiblu.com\/pl\/zielona-energia-napedza-produkcje-w-polskich-fabrykach-amiblu\/","title":{"rendered":"Zielona energia nap\u0119dza produkcj\u0119 w polskich fabrykach Amiblu"},"content":{"rendered":"<\/p>\n\n<style type=\"text\/css\" data-created_by=\"avia_inline_auto\" id=\"style-css-av-m6z7tld4-4a50ccfd051c8d8db033d7af4ae63f4b\">\n.avia-image-container.av-m6z7tld4-4a50ccfd051c8d8db033d7af4ae63f4b img.avia_image{\nbox-shadow:none;\n}\n.avia-image-container.av-m6z7tld4-4a50ccfd051c8d8db033d7af4ae63f4b .av-image-caption-overlay-center{\ncolor:#ffffff;\n}\n<\/style>\n<div  class='avia-image-container av-m6z7tld4-4a50ccfd051c8d8db033d7af4ae63f4b av-styling- avia-align-left  avia-builder-el-0  el_before_av_hr  avia-builder-el-first '   itemprop=\"image\" itemscope=\"itemscope\" itemtype=\"https:\/\/schema.org\/ImageObject\" ><div class=\"avia-image-container-inner\"><div class=\"avia-image-overlay-wrap\"><img fetchpriority=\"high\" fetchpriority=\"high\" decoding=\"async\" fetchpriority=\"high\" class='wp-image-68639 avia-img-lazy-loading-not-68639 avia_image ' src=\"https:\/\/www.amiblu.com\/wp-content\/uploads\/Fabryki-Amiblu-w-Polsce-korzystaja-tylko-z-zielonej-energii.png\" alt='Mapa Polski z lokalizacjami dw\u00f3ch fabryk Amiblu w Polsce, kt\u00f3re przy produkcji w 100% korzystaj\u0105 z energii z OZE.' title='Fabryki-Amiblu-w-Polsce-korzystaja-tylko-z-zielonej-energii'  height=\"500\" width=\"800\"  itemprop=\"thumbnailUrl\" srcset=\"https:\/\/www.amiblu.com\/wp-content\/uploads\/Fabryki-Amiblu-w-Polsce-korzystaja-tylko-z-zielonej-energii.png 800w, https:\/\/www.amiblu.com\/wp-content\/uploads\/Fabryki-Amiblu-w-Polsce-korzystaja-tylko-z-zielonej-energii-300x188.png 300w, https:\/\/www.amiblu.com\/wp-content\/uploads\/Fabryki-Amiblu-w-Polsce-korzystaja-tylko-z-zielonej-energii-768x480.png 768w, https:\/\/www.amiblu.com\/wp-content\/uploads\/Fabryki-Amiblu-w-Polsce-korzystaja-tylko-z-zielonej-energii-705x441.png 705w\" sizes=\"(max-width: 800px) 100vw, 800px\" \/><\/div><\/div><\/div>\n\n<style type=\"text\/css\" data-created_by=\"avia_inline_auto\" id=\"style-css-av-m6z8pfi2-f39ffba3304ffab8b11af0f186d8d6b2\">\n#top .hr.hr-invisible.av-m6z8pfi2-f39ffba3304ffab8b11af0f186d8d6b2{\nheight:30px;\n}\n<\/style>\n<div  class='hr av-m6z8pfi2-f39ffba3304ffab8b11af0f186d8d6b2 hr-invisible  avia-builder-el-1  el_after_av_image  el_before_av_heading '><span class='hr-inner '><span class=\"hr-inner-style\"><\/span><\/span><\/div>\n\n<style type=\"text\/css\" data-created_by=\"avia_inline_auto\" id=\"style-css-av-m6z7vj70-4cadfbcb2ec855c18eb3664a892a61b8\">\n#top .av-special-heading.av-m6z7vj70-4cadfbcb2ec855c18eb3664a892a61b8{\npadding-bottom:10px;\n}\nbody .av-special-heading.av-m6z7vj70-4cadfbcb2ec855c18eb3664a892a61b8 .av-special-heading-tag .heading-char{\nfont-size:25px;\n}\n.av-special-heading.av-m6z7vj70-4cadfbcb2ec855c18eb3664a892a61b8 .av-subheading{\nfont-size:15px;\n}\n<\/style>\n<div  class='av-special-heading av-m6z7vj70-4cadfbcb2ec855c18eb3664a892a61b8 av-special-heading-h1  avia-builder-el-2  el_after_av_hr  el_before_av_textblock '><h1 class='av-special-heading-tag '  itemprop=\"headline\"  >Zielona energia nap\u0119dza produkcj\u0119 w polskich fabrykach Amiblu<\/h1><div class=\"special-heading-border\"><div class=\"special-heading-inner-border\"><\/div><\/div><\/div>\n<section  class='av_textblock_section av-m6z88x9s-fc4793d4c0cd8c05840229a329bbe190 '   itemscope=\"itemscope\" itemtype=\"https:\/\/schema.org\/BlogPosting\" itemprop=\"blogPost\" ><div class='avia_textblock'  itemprop=\"text\" ><p><strong>Jako Amiblu stawiamy kolejny krok w kierunku zr\u00f3wnowa\u017conego rozwoju w Polsce. W latach 2025 i 2026 nasze zak\u0142ady produkcyjne w D\u0105browie G\u00f3rniczej i Gda\u0144sku b\u0119d\u0105 w 100% zasilane zielon\u0105 energi\u0105 elektryczn\u0105. Certyfikat od firmy Projekt Solartechnik potwierdza, \u017ce ca\u0142a energia wykorzystywana w naszych procesach produkcyjnych pochodzi z OZE. To ogromne osi\u0105gni\u0119cie, kt\u00f3re wpisuje si\u0119 w nasz\u0105 strategi\u0119 ograniczania emisji dwutlenku w\u0119gla i wspierania unijnych cel\u00f3w neutralno\u015bci klimatycznej.<\/strong><\/p>\n<h3>Zielona energia w praktyce<\/h3>\n<p>Inwestycja w zielon\u0105 energi\u0119 to dla nas nie tylko wyraz odpowiedzialno\u015bci ekologicznej, ale r\u00f3wnie\u017c spos\u00f3b na zapewnienie d\u0142ugofalowego bezpiecze\u0144stwa naszej dzia\u0142alno\u015bci. Przej\u015bcie na 100% odnawialnych \u017ar\u00f3de\u0142 energii w naszych zak\u0142adach to dow\u00f3d na to, \u017ce realne dzia\u0142ania na rzecz klimatu mog\u0105 i\u015b\u0107 w parze z rozwojem przemys\u0142u. Wierzymy, \u017ce wszystkie firmy, kt\u00f3rym zale\u017cy na przysz\u0142o\u015bci naszej planety, powinny obra\u0107 podobny kierunek.<\/p>\n<h3>Transformacja energetyczna w Polsce<\/h3>\n<p>Badania przeprowadzone przez O\u015brodek Dialogu i Analiz THINKTANK w 2024 roku pokazuj\u0105, \u017ce dla wielu polskich przedsi\u0119biorstw wyzwaniem w przej\u015bciu na odnawialne \u017ar\u00f3d\u0142a energii jest brak konkretnej wiedzy o dost\u0119pnych rozwi\u0105zaniach, ich zaletach i ograniczeniach. A\u017c 58% ankietowanych firm nie podj\u0119\u0142o jeszcze decyzji o transformacji energetycznej. Cz\u0119\u015b\u0107 z nich nadal traktuje ten krok jako odleg\u0142\u0105 perspektyw\u0119. Coraz wi\u0119cej przedsi\u0119biorstw dostrzega jednak konieczno\u015b\u0107 raportowania ESG. W kontek\u015bcie nadchodz\u0105cych zmian w regulacjach stanowi to dodatkowe wyzwanie.<\/p>\n<h3>Planowanie, wiedza i do\u015bwiadczenie<\/h3>\n<p>Dzi\u0119ki naszemu bogatemu do\u015bwiadczeniu w ekologicznych rozwi\u0105zaniach pokazujemy, \u017ce wdro\u017cenie OZE w zak\u0142adach produkcyjnych jest mo\u017cliwe i przynosi realne korzy\u015bci. Nie tylko spe\u0142niamy wymagania transformacji energetycznej, ale r\u00f3wnie\u017c wyprzedzamy przysz\u0142e regulacje unijne dotycz\u0105ce neutralno\u015bci w\u0119glowej i raportowania ESG. Nasze dzia\u0142ania pokazuj\u0105, \u017ce odpowiednie planowanie, wiedza i do\u015bwiadczenie w zakresie zr\u00f3wnowa\u017conego rozwoju s\u0105 kluczowe dla skutecznej transformacji energetycznej.<\/p>\n<h3>Zwi\u0119kszanie bezpiecze\u0144stwa energetycznego<\/h3>\n<p>Korzystaj\u0105c z zielonej energii, znacz\u0105co redukujemy emisj\u0119 CO\u2082 i wspieramy walk\u0119 ze zmianami klimatycznymi. Energia odnawialna zwi\u0119ksza bezpiecze\u0144stwo energetyczne i zmniejsza zale\u017cno\u015b\u0107 od importu surowc\u00f3w. Stymuluje r\u00f3wnie\u017c rozw\u00f3j sektora zielonych technologii, tworz\u0105c nowe miejsca pracy. Ograniczenie emisji zanieczyszcze\u0144 ma tak\u017ce pozytywny wp\u0142yw na jako\u015b\u0107 powietrza i zdrowie ca\u0142ego spo\u0142ecze\u0144stwa.<\/p>\n<\/div><\/section>\n","protected":false},"excerpt":{"rendered":"<p>Zak\u0142ady produkcyjne Amiblu Poland w D\u0105browie G\u00f3rniczej i Gda\u0144sku b\u0119d\u0105 w 100% zasilane zielon\u0105 energi\u0105 elektryczn\u0105.<\/p>\n","protected":false},"author":62,"featured_media":68639,"comment_status":"closed","ping_status":"closed","sticky":false,"template":"","format":"standard","meta":{"_acf_changed":false,"footnotes":""},"categories":[163],"tags":[],"class_list":["post-68640","post","type-post","status-publish","format-standard","has-post-thumbnail","hentry","category-news-3"],"acf":[],"yoast_head":"<!-- This site is optimized with the Yoast SEO Premium plugin v27.4 (Yoast SEO v27.5) - https:\/\/yoast.com\/product\/yoast-seo-premium-wordpress\/ -->\n<title>Zielona energia nap\u0119dza produkcj\u0119 w polskich fabrykach Amiblu<\/title>\n<meta name=\"description\" content=\"Zak\u0142ady produkcyjne Amiblu Poland w D\u0105browie G\u00f3rniczej i Gda\u0144sku b\u0119d\u0105 w 100% zasilane zielon\u0105 energi\u0105 elektryczn\u0105.\" \/>\n<meta name=\"robots\" content=\"index, follow, max-snippet:-1, max-image-preview:large, max-video-preview:-1\" \/>\n<link rel=\"canonical\" href=\"https:\/\/www.amiblu.com\/pl\/zielona-energia-napedza-produkcje-w-polskich-fabrykach-amiblu\/\" \/>\n<meta property=\"og:locale\" content=\"pl_PL\" \/>\n<meta property=\"og:type\" content=\"article\" \/>\n<meta property=\"og:title\" content=\"Zielona energia nap\u0119dza produkcj\u0119 w polskich fabrykach Amiblu\" \/>\n<meta property=\"og:description\" content=\"Zak\u0142ady produkcyjne Amiblu Poland w D\u0105browie G\u00f3rniczej i Gda\u0144sku b\u0119d\u0105 w 100% zasilane zielon\u0105 energi\u0105 elektryczn\u0105.\" \/>\n<meta property=\"og:url\" content=\"https:\/\/www.amiblu.com\/pl\/zielona-energia-napedza-produkcje-w-polskich-fabrykach-amiblu\/\" \/>\n<meta property=\"og:site_name\" content=\"Amiblu\" \/>\n<meta property=\"article:publisher\" content=\"https:\/\/www.facebook.com\/amiblupipes\" \/>\n<meta property=\"article:published_time\" content=\"2025-02-10T16:28:55+00:00\" \/>\n<meta property=\"article:modified_time\" content=\"2025-04-08T12:38:11+00:00\" \/>\n<meta property=\"og:image\" content=\"https:\/\/www.amiblu.com\/wp-content\/uploads\/Fabryki-Amiblu-w-Polsce-korzystaja-tylko-z-zielonej-energii.png\" \/>\n\t<meta property=\"og:image:width\" content=\"800\" \/>\n\t<meta property=\"og:image:height\" content=\"500\" \/>\n\t<meta property=\"og:image:type\" content=\"image\/png\" \/>\n<meta name=\"author\" content=\"Agnieszka Lubieniecka\" \/>\n<meta name=\"twitter:card\" content=\"summary_large_image\" \/>\n<meta name=\"twitter:label1\" content=\"Napisane przez\" \/>\n\t<meta name=\"twitter:data1\" content=\"Agnieszka Lubieniecka\" \/>\n\t<meta name=\"twitter:label2\" content=\"Szacowany czas czytania\" \/>\n\t<meta name=\"twitter:data2\" content=\"2 minuty\" \/>\n<script type=\"application\/ld+json\" class=\"yoast-schema-graph\">{\"@context\":\"https:\\\/\\\/schema.org\",\"@graph\":[{\"@type\":\"Article\",\"@id\":\"https:\\\/\\\/www.amiblu.com\\\/pl\\\/zielona-energia-napedza-produkcje-w-polskich-fabrykach-amiblu\\\/#article\",\"isPartOf\":{\"@id\":\"https:\\\/\\\/www.amiblu.com\\\/pl\\\/zielona-energia-napedza-produkcje-w-polskich-fabrykach-amiblu\\\/\"},\"author\":{\"name\":\"Agnieszka Lubieniecka\",\"@id\":\"https:\\\/\\\/www.amiblu.com\\\/pl\\\/#\\\/schema\\\/person\\\/ed8f7c265fbc7bd94ebcd50860c87eaa\"},\"headline\":\"Zielona energia nap\u0119dza produkcj\u0119 w polskich fabrykach Amiblu\",\"datePublished\":\"2025-02-10T16:28:55+00:00\",\"dateModified\":\"2025-04-08T12:38:11+00:00\",\"mainEntityOfPage\":{\"@id\":\"https:\\\/\\\/www.amiblu.com\\\/pl\\\/zielona-energia-napedza-produkcje-w-polskich-fabrykach-amiblu\\\/\"},\"wordCount\":940,\"publisher\":{\"@id\":\"https:\\\/\\\/www.amiblu.com\\\/pl\\\/#organization\"},\"image\":{\"@id\":\"https:\\\/\\\/www.amiblu.com\\\/pl\\\/zielona-energia-napedza-produkcje-w-polskich-fabrykach-amiblu\\\/#primaryimage\"},\"thumbnailUrl\":\"https:\\\/\\\/www.amiblu.com\\\/wp-content\\\/uploads\\\/Fabryki-Amiblu-w-Polsce-korzystaja-tylko-z-zielonej-energii.png\",\"articleSection\":[\"Nowo\u015bci\"],\"inLanguage\":\"pl-PL\"},{\"@type\":\"WebPage\",\"@id\":\"https:\\\/\\\/www.amiblu.com\\\/pl\\\/zielona-energia-napedza-produkcje-w-polskich-fabrykach-amiblu\\\/\",\"url\":\"https:\\\/\\\/www.amiblu.com\\\/pl\\\/zielona-energia-napedza-produkcje-w-polskich-fabrykach-amiblu\\\/\",\"name\":\"Zielona energia nap\u0119dza produkcj\u0119 w polskich fabrykach Amiblu\",\"isPartOf\":{\"@id\":\"https:\\\/\\\/www.amiblu.com\\\/pl\\\/#website\"},\"primaryImageOfPage\":{\"@id\":\"https:\\\/\\\/www.amiblu.com\\\/pl\\\/zielona-energia-napedza-produkcje-w-polskich-fabrykach-amiblu\\\/#primaryimage\"},\"image\":{\"@id\":\"https:\\\/\\\/www.amiblu.com\\\/pl\\\/zielona-energia-napedza-produkcje-w-polskich-fabrykach-amiblu\\\/#primaryimage\"},\"thumbnailUrl\":\"https:\\\/\\\/www.amiblu.com\\\/wp-content\\\/uploads\\\/Fabryki-Amiblu-w-Polsce-korzystaja-tylko-z-zielonej-energii.png\",\"datePublished\":\"2025-02-10T16:28:55+00:00\",\"dateModified\":\"2025-04-08T12:38:11+00:00\",\"description\":\"Zak\u0142ady produkcyjne Amiblu Poland w D\u0105browie G\u00f3rniczej i Gda\u0144sku b\u0119d\u0105 w 100% zasilane zielon\u0105 energi\u0105 elektryczn\u0105.\",\"inLanguage\":\"pl-PL\",\"potentialAction\":[{\"@type\":\"ReadAction\",\"target\":[\"https:\\\/\\\/www.amiblu.com\\\/pl\\\/zielona-energia-napedza-produkcje-w-polskich-fabrykach-amiblu\\\/\"]}]},{\"@type\":\"ImageObject\",\"inLanguage\":\"pl-PL\",\"@id\":\"https:\\\/\\\/www.amiblu.com\\\/pl\\\/zielona-energia-napedza-produkcje-w-polskich-fabrykach-amiblu\\\/#primaryimage\",\"url\":\"https:\\\/\\\/www.amiblu.com\\\/wp-content\\\/uploads\\\/Fabryki-Amiblu-w-Polsce-korzystaja-tylko-z-zielonej-energii.png\",\"contentUrl\":\"https:\\\/\\\/www.amiblu.com\\\/wp-content\\\/uploads\\\/Fabryki-Amiblu-w-Polsce-korzystaja-tylko-z-zielonej-energii.png\",\"width\":800,\"height\":500,\"caption\":\"Mapa Polski z lokalizacjami dw\u00f3ch fabryk Amiblu w Polsce, kt\u00f3re przy produkcji w 100% korzystaj\u0105 z energii z OZE.\"},{\"@type\":\"WebSite\",\"@id\":\"https:\\\/\\\/www.amiblu.com\\\/pl\\\/#website\",\"url\":\"https:\\\/\\\/www.amiblu.com\\\/pl\\\/\",\"name\":\"Amiblu\",\"description\":\"GFK-Rohrsysteme f\u00fcr Generationen\",\"publisher\":{\"@id\":\"https:\\\/\\\/www.amiblu.com\\\/pl\\\/#organization\"},\"potentialAction\":[{\"@type\":\"SearchAction\",\"target\":{\"@type\":\"EntryPoint\",\"urlTemplate\":\"https:\\\/\\\/www.amiblu.com\\\/pl\\\/?s={search_term_string}\"},\"query-input\":{\"@type\":\"PropertyValueSpecification\",\"valueRequired\":true,\"valueName\":\"search_term_string\"}}],\"inLanguage\":\"pl-PL\"},{\"@type\":\"Organization\",\"@id\":\"https:\\\/\\\/www.amiblu.com\\\/pl\\\/#organization\",\"name\":\"Amiblu Group\",\"url\":\"https:\\\/\\\/www.amiblu.com\\\/pl\\\/\",\"logo\":{\"@type\":\"ImageObject\",\"inLanguage\":\"pl-PL\",\"@id\":\"https:\\\/\\\/www.amiblu.com\\\/pl\\\/#\\\/schema\\\/logo\\\/image\\\/\",\"url\":\"https:\\\/\\\/www.amiblu.com\\\/wp-content\\\/uploads\\\/2021\\\/01\\\/Amiblu-logo-website-1.png\",\"contentUrl\":\"https:\\\/\\\/www.amiblu.com\\\/wp-content\\\/uploads\\\/2021\\\/01\\\/Amiblu-logo-website-1.png\",\"width\":201,\"height\":38,\"caption\":\"Amiblu Group\"},\"image\":{\"@id\":\"https:\\\/\\\/www.amiblu.com\\\/pl\\\/#\\\/schema\\\/logo\\\/image\\\/\"},\"sameAs\":[\"https:\\\/\\\/www.facebook.com\\\/amiblupipes\",\"https:\\\/\\\/www.youtube.com\\\/c\\\/Amiblu\",\"https:\\\/\\\/de.wikipedia.org\\\/wiki\\\/Amiblu\",\"https:\\\/\\\/www.linkedin.com\\\/company\\\/amiblupipes\\\/\"]},{\"@type\":\"Person\",\"@id\":\"https:\\\/\\\/www.amiblu.com\\\/pl\\\/#\\\/schema\\\/person\\\/ed8f7c265fbc7bd94ebcd50860c87eaa\",\"name\":\"Agnieszka Lubieniecka\",\"image\":{\"@type\":\"ImageObject\",\"inLanguage\":\"pl-PL\",\"@id\":\"https:\\\/\\\/secure.gravatar.com\\\/avatar\\\/a7e009455a3a9009ac63a3788655a8697f2fd583ff5b25a108ff66699b274427?s=96&d=mm&r=g\",\"url\":\"https:\\\/\\\/secure.gravatar.com\\\/avatar\\\/a7e009455a3a9009ac63a3788655a8697f2fd583ff5b25a108ff66699b274427?s=96&d=mm&r=g\",\"contentUrl\":\"https:\\\/\\\/secure.gravatar.com\\\/avatar\\\/a7e009455a3a9009ac63a3788655a8697f2fd583ff5b25a108ff66699b274427?s=96&d=mm&r=g\",\"caption\":\"Agnieszka Lubieniecka\"}}]}<\/script>\n<!-- \/ Yoast SEO Premium plugin. -->","yoast_head_json":{"title":"Zielona energia nap\u0119dza produkcj\u0119 w polskich fabrykach Amiblu","description":"Zak\u0142ady produkcyjne Amiblu Poland w D\u0105browie G\u00f3rniczej i Gda\u0144sku b\u0119d\u0105 w 100% zasilane zielon\u0105 energi\u0105 elektryczn\u0105.","robots":{"index":"index","follow":"follow","max-snippet":"max-snippet:-1","max-image-preview":"max-image-preview:large","max-video-preview":"max-video-preview:-1"},"canonical":"https:\/\/www.amiblu.com\/pl\/zielona-energia-napedza-produkcje-w-polskich-fabrykach-amiblu\/","og_locale":"pl_PL","og_type":"article","og_title":"Zielona energia nap\u0119dza produkcj\u0119 w polskich fabrykach Amiblu","og_description":"Zak\u0142ady produkcyjne Amiblu Poland w D\u0105browie G\u00f3rniczej i Gda\u0144sku b\u0119d\u0105 w 100% zasilane zielon\u0105 energi\u0105 elektryczn\u0105.","og_url":"https:\/\/www.amiblu.com\/pl\/zielona-energia-napedza-produkcje-w-polskich-fabrykach-amiblu\/","og_site_name":"Amiblu","article_publisher":"https:\/\/www.facebook.com\/amiblupipes","article_published_time":"2025-02-10T16:28:55+00:00","article_modified_time":"2025-04-08T12:38:11+00:00","og_image":[{"width":800,"height":500,"url":"https:\/\/www.amiblu.com\/wp-content\/uploads\/Fabryki-Amiblu-w-Polsce-korzystaja-tylko-z-zielonej-energii.png","type":"image\/png"}],"author":"Agnieszka Lubieniecka","twitter_card":"summary_large_image","twitter_misc":{"Napisane przez":"Agnieszka Lubieniecka","Szacowany czas czytania":"2 minuty"},"schema":{"@context":"https:\/\/schema.org","@graph":[{"@type":"Article","@id":"https:\/\/www.amiblu.com\/pl\/zielona-energia-napedza-produkcje-w-polskich-fabrykach-amiblu\/#article","isPartOf":{"@id":"https:\/\/www.amiblu.com\/pl\/zielona-energia-napedza-produkcje-w-polskich-fabrykach-amiblu\/"},"author":{"name":"Agnieszka Lubieniecka","@id":"https:\/\/www.amiblu.com\/pl\/#\/schema\/person\/ed8f7c265fbc7bd94ebcd50860c87eaa"},"headline":"Zielona energia nap\u0119dza produkcj\u0119 w polskich fabrykach Amiblu","datePublished":"2025-02-10T16:28:55+00:00","dateModified":"2025-04-08T12:38:11+00:00","mainEntityOfPage":{"@id":"https:\/\/www.amiblu.com\/pl\/zielona-energia-napedza-produkcje-w-polskich-fabrykach-amiblu\/"},"wordCount":940,"publisher":{"@id":"https:\/\/www.amiblu.com\/pl\/#organization"},"image":{"@id":"https:\/\/www.amiblu.com\/pl\/zielona-energia-napedza-produkcje-w-polskich-fabrykach-amiblu\/#primaryimage"},"thumbnailUrl":"https:\/\/www.amiblu.com\/wp-content\/uploads\/Fabryki-Amiblu-w-Polsce-korzystaja-tylko-z-zielonej-energii.png","articleSection":["Nowo\u015bci"],"inLanguage":"pl-PL"},{"@type":"WebPage","@id":"https:\/\/www.amiblu.com\/pl\/zielona-energia-napedza-produkcje-w-polskich-fabrykach-amiblu\/","url":"https:\/\/www.amiblu.com\/pl\/zielona-energia-napedza-produkcje-w-polskich-fabrykach-amiblu\/","name":"Zielona energia nap\u0119dza produkcj\u0119 w polskich fabrykach Amiblu","isPartOf":{"@id":"https:\/\/www.amiblu.com\/pl\/#website"},"primaryImageOfPage":{"@id":"https:\/\/www.amiblu.com\/pl\/zielona-energia-napedza-produkcje-w-polskich-fabrykach-amiblu\/#primaryimage"},"image":{"@id":"https:\/\/www.amiblu.com\/pl\/zielona-energia-napedza-produkcje-w-polskich-fabrykach-amiblu\/#primaryimage"},"thumbnailUrl":"https:\/\/www.amiblu.com\/wp-content\/uploads\/Fabryki-Amiblu-w-Polsce-korzystaja-tylko-z-zielonej-energii.png","datePublished":"2025-02-10T16:28:55+00:00","dateModified":"2025-04-08T12:38:11+00:00","description":"Zak\u0142ady produkcyjne Amiblu Poland w D\u0105browie G\u00f3rniczej i Gda\u0144sku b\u0119d\u0105 w 100% zasilane zielon\u0105 energi\u0105 elektryczn\u0105.","inLanguage":"pl-PL","potentialAction":[{"@type":"ReadAction","target":["https:\/\/www.amiblu.com\/pl\/zielona-energia-napedza-produkcje-w-polskich-fabrykach-amiblu\/"]}]},{"@type":"ImageObject","inLanguage":"pl-PL","@id":"https:\/\/www.amiblu.com\/pl\/zielona-energia-napedza-produkcje-w-polskich-fabrykach-amiblu\/#primaryimage","url":"https:\/\/www.amiblu.com\/wp-content\/uploads\/Fabryki-Amiblu-w-Polsce-korzystaja-tylko-z-zielonej-energii.png","contentUrl":"https:\/\/www.amiblu.com\/wp-content\/uploads\/Fabryki-Amiblu-w-Polsce-korzystaja-tylko-z-zielonej-energii.png","width":800,"height":500,"caption":"Mapa Polski z lokalizacjami dw\u00f3ch fabryk Amiblu w Polsce, kt\u00f3re przy produkcji w 100% korzystaj\u0105 z energii z OZE."},{"@type":"WebSite","@id":"https:\/\/www.amiblu.com\/pl\/#website","url":"https:\/\/www.amiblu.com\/pl\/","name":"Amiblu","description":"GFK-Rohrsysteme f\u00fcr Generationen","publisher":{"@id":"https:\/\/www.amiblu.com\/pl\/#organization"},"potentialAction":[{"@type":"SearchAction","target":{"@type":"EntryPoint","urlTemplate":"https:\/\/www.amiblu.com\/pl\/?s={search_term_string}"},"query-input":{"@type":"PropertyValueSpecification","valueRequired":true,"valueName":"search_term_string"}}],"inLanguage":"pl-PL"},{"@type":"Organization","@id":"https:\/\/www.amiblu.com\/pl\/#organization","name":"Amiblu Group","url":"https:\/\/www.amiblu.com\/pl\/","logo":{"@type":"ImageObject","inLanguage":"pl-PL","@id":"https:\/\/www.amiblu.com\/pl\/#\/schema\/logo\/image\/","url":"https:\/\/www.amiblu.com\/wp-content\/uploads\/2021\/01\/Amiblu-logo-website-1.png","contentUrl":"https:\/\/www.amiblu.com\/wp-content\/uploads\/2021\/01\/Amiblu-logo-website-1.png","width":201,"height":38,"caption":"Amiblu Group"},"image":{"@id":"https:\/\/www.amiblu.com\/pl\/#\/schema\/logo\/image\/"},"sameAs":["https:\/\/www.facebook.com\/amiblupipes","https:\/\/www.youtube.com\/c\/Amiblu","https:\/\/de.wikipedia.org\/wiki\/Amiblu","https:\/\/www.linkedin.com\/company\/amiblupipes\/"]},{"@type":"Person","@id":"https:\/\/www.amiblu.com\/pl\/#\/schema\/person\/ed8f7c265fbc7bd94ebcd50860c87eaa","name":"Agnieszka Lubieniecka","image":{"@type":"ImageObject","inLanguage":"pl-PL","@id":"https:\/\/secure.gravatar.com\/avatar\/a7e009455a3a9009ac63a3788655a8697f2fd583ff5b25a108ff66699b274427?s=96&d=mm&r=g","url":"https:\/\/secure.gravatar.com\/avatar\/a7e009455a3a9009ac63a3788655a8697f2fd583ff5b25a108ff66699b274427?s=96&d=mm&r=g","contentUrl":"https:\/\/secure.gravatar.com\/avatar\/a7e009455a3a9009ac63a3788655a8697f2fd583ff5b25a108ff66699b274427?s=96&d=mm&r=g","caption":"Agnieszka Lubieniecka"}}]}},"_links":{"self":[{"href":"https:\/\/www.amiblu.com\/pl\/wp-json\/wp\/v2\/posts\/68640","targetHints":{"allow":["GET"]}}],"collection":[{"href":"https:\/\/www.amiblu.com\/pl\/wp-json\/wp\/v2\/posts"}],"about":[{"href":"https:\/\/www.amiblu.com\/pl\/wp-json\/wp\/v2\/types\/post"}],"author":[{"embeddable":true,"href":"https:\/\/www.amiblu.com\/pl\/wp-json\/wp\/v2\/users\/62"}],"replies":[{"embeddable":true,"href":"https:\/\/www.amiblu.com\/pl\/wp-json\/wp\/v2\/comments?post=68640"}],"version-history":[{"count":22,"href":"https:\/\/www.amiblu.com\/pl\/wp-json\/wp\/v2\/posts\/68640\/revisions"}],"predecessor-version":[{"id":71038,"href":"https:\/\/www.amiblu.com\/pl\/wp-json\/wp\/v2\/posts\/68640\/revisions\/71038"}],"wp:featuredmedia":[{"embeddable":true,"href":"https:\/\/www.amiblu.com\/pl\/wp-json\/wp\/v2\/media\/68639"}],"wp:attachment":[{"href":"https:\/\/www.amiblu.com\/pl\/wp-json\/wp\/v2\/media?parent=68640"}],"wp:term":[{"taxonomy":"category","embeddable":true,"href":"https:\/\/www.amiblu.com\/pl\/wp-json\/wp\/v2\/categories?post=68640"},{"taxonomy":"post_tag","embeddable":true,"href":"https:\/\/www.amiblu.com\/pl\/wp-json\/wp\/v2\/tags?post=68640"}],"curies":[{"name":"wp","href":"https:\/\/api.w.org\/{rel}","templated":true}]}}