{"id":70993,"date":"2025-04-08T13:00:55","date_gmt":"2025-04-08T11:00:55","guid":{"rendered":"https:\/\/www.amiblu.com\/?p=70993"},"modified":"2025-04-08T14:03:55","modified_gmt":"2025-04-08T12:03:55","slug":"amiblu-wspiera-kampanie-unesco","status":"publish","type":"post","link":"https:\/\/www.amiblu.com\/pl\/amiblu-wspiera-kampanie-unesco\/","title":{"rendered":"\u015awiatowy Dzie\u0144 In\u017cynierii 2025. Amiblu wspiera kampani\u0119 UNESCO"},"content":{"rendered":"<\/p>\n\n<style type=\"text\/css\" data-created_by=\"avia_inline_auto\" id=\"style-css-av-m98btlge-390f8694b8357281541dd1eb514d1981\">\n.avia-image-container.av-m98btlge-390f8694b8357281541dd1eb514d1981 img.avia_image{\nbox-shadow:none;\n}\n.avia-image-container.av-m98btlge-390f8694b8357281541dd1eb514d1981 .av-image-caption-overlay-center{\ncolor:#ffffff;\n}\n<\/style>\n<div  class='avia-image-container av-m98btlge-390f8694b8357281541dd1eb514d1981 av-styling- avia-align-left  avia-builder-el-0  el_before_av_hr  avia-builder-el-first '   itemprop=\"image\" itemscope=\"itemscope\" itemtype=\"https:\/\/schema.org\/ImageObject\" ><div class=\"avia-image-container-inner\"><div class=\"avia-image-overlay-wrap\"><img fetchpriority=\"high\" fetchpriority=\"high\" decoding=\"async\" fetchpriority=\"high\" class='wp-image-71021 avia-img-lazy-loading-not-71021 avia_image ' src=\"https:\/\/www.amiblu.com\/wp-content\/uploads\/swiatowy-dzien-inzynierii-web-2.png\" alt='Produkcja w fabryce Amiblu, kt\u00f3ra wspiera kampani\u0119 UNESCO podczas \u015awiatowego Dnia In\u017cynierii' title='swiatowy-dzien-in\u017cynierii-web'  height=\"500\" width=\"800\"  itemprop=\"thumbnailUrl\" srcset=\"https:\/\/www.amiblu.com\/wp-content\/uploads\/swiatowy-dzien-inzynierii-web-2.png 800w, https:\/\/www.amiblu.com\/wp-content\/uploads\/swiatowy-dzien-inzynierii-web-2-300x188.png 300w, https:\/\/www.amiblu.com\/wp-content\/uploads\/swiatowy-dzien-inzynierii-web-2-768x480.png 768w, https:\/\/www.amiblu.com\/wp-content\/uploads\/swiatowy-dzien-inzynierii-web-2-705x441.png 705w\" sizes=\"(max-width: 800px) 100vw, 800px\" \/><\/div><\/div><\/div>\n\n<style type=\"text\/css\" data-created_by=\"avia_inline_auto\" id=\"style-css-av-m98buc3f-ce18b3f6bda4a24f62419d72faaacf03\">\n#top .hr.hr-invisible.av-m98buc3f-ce18b3f6bda4a24f62419d72faaacf03{\nheight:30px;\n}\n<\/style>\n<div  class='hr av-m98buc3f-ce18b3f6bda4a24f62419d72faaacf03 hr-invisible  avia-builder-el-1  el_after_av_image  el_before_av_heading '><span class='hr-inner '><span class=\"hr-inner-style\"><\/span><\/span><\/div>\n\n<style type=\"text\/css\" data-created_by=\"avia_inline_auto\" id=\"style-css-av-m98bxkyr-b154e2c89f537f01a97353b43f5e9b8c\">\n#top .av-special-heading.av-m98bxkyr-b154e2c89f537f01a97353b43f5e9b8c{\npadding-bottom:10px;\n}\nbody .av-special-heading.av-m98bxkyr-b154e2c89f537f01a97353b43f5e9b8c .av-special-heading-tag .heading-char{\nfont-size:25px;\n}\n.av-special-heading.av-m98bxkyr-b154e2c89f537f01a97353b43f5e9b8c .av-subheading{\nfont-size:15px;\n}\n<\/style>\n<div  class='av-special-heading av-m98bxkyr-b154e2c89f537f01a97353b43f5e9b8c av-special-heading-h1  avia-builder-el-2  el_after_av_hr  el_before_av_textblock '><h1 class='av-special-heading-tag '  itemprop=\"headline\"  >\u015awiatowy Dzie\u0144 In\u017cynierii 2025. Amiblu wspiera kampani\u0119 UNESCO<\/h1><div class=\"special-heading-border\"><div class=\"special-heading-inner-border\"><\/div><\/div><\/div>\n<section  class='av_textblock_section av-m98cu7xp-251c9338de0e9f0b25bc3e12ee3407a6 '   itemscope=\"itemscope\" itemtype=\"https:\/\/schema.org\/BlogPosting\" itemprop=\"blogPost\" ><div class='avia_textblock'  itemprop=\"text\" ><p>W Amiblu wierzymy, \u017ce globalne wyzwania wymagaj\u0105 innowacyjnych podej\u015b\u0107 i odwa\u017cnych rozwi\u0105za\u0144. Zmiany klimatu, bezpiecze\u0144stwo wodne, czysta energia i odporna infrastruktura to kluczowe kwestie. Dlatego z dum\u0105 zostali\u015bmy oficjalnym partnerem kampanii UNESCO na World Engineering Day (WED) &#8211; \u015awiatowy Dzie\u0144 In\u017cynierii 2025.<\/p>\n<h3>Czym dok\u0142adnie jest WED?<\/h3>\n<p>WED to inicjatywa prowadzona wsp\u00f3lnie przez UNESCO oraz \u015awiatow\u0105 Federacj\u0119 Organizacji In\u017cynierskich (World Federation of Engineering Organizations \u2013 WFEO), kt\u00f3ra zrzesza stowarzyszenia z oko\u0142o 100 kraj\u00f3w i reprezentuje ponad 30 milion\u00f3w in\u017cynier\u00f3w na ca\u0142ym \u015bwiecie. Jest to Mi\u0119dzynarodowy Dzie\u0144 ustanowiony przez Konferencj\u0119 Generaln\u0105 UNESCO, by podkre\u015bli\u0107 znaczenie in\u017cynierii we wsp\u00f3\u0142czesnym \u015bwiecie. Ma na celu zwi\u0119kszanie \u015bwiadomo\u015bci na temat kluczowej roli, jak\u0105 in\u017cynierowie odgrywaj\u0105 w przeciwdzia\u0142aniu zmianom klimatu i wspieraniu zr\u00f3wnowa\u017conego rozwoju.<\/p>\n<h3>Wsp\u00f3lna Misja na rzecz Zr\u00f3wnowa\u017conej Infrastruktury Wodnej<\/h3>\n<p>Jako oficjalny partner Amiblu wniesie wiedz\u0119 i do\u015bwiadczenie do kampanii trwaj\u0105cej 12 miesi\u0119cy. Inicjatywa zwi\u0119ksza \u015bwiadomo\u015b\u0107 na temat znaczenia in\u017cynierii. Anga\u017cuje rz\u0105dy, organizacje ONZ, decydent\u00f3w, edukator\u00f3w oraz lider\u00f3w sektora publicznego i prywatnego. To doskona\u0142a okazja do podkre\u015blenia roli innowacyjnych rozwi\u0105za\u0144 w sektorze wodnym i energetycznym.<\/p>\n<p>Amiblu od dziesi\u0119cioleci tworzy trwa\u0142e i niezawodne rozwi\u0105zania dla infrastruktury wodnej i <a href=\"https:\/\/www.amiblu.com\/pl\/elektrownie-wodne\/\">energetycznej<\/a>. Nasze najnowsze osi\u0105gni\u0119cie, <a href=\"https:\/\/www.amiblu.com\/pl\/rury-prox\/\">Amiblu PROX<\/a>, to rura GRP o niskim \u015bladzie w\u0119glowym. Pozwala ona znacz\u0105co ograniczy\u0107 emisj\u0119 CO\u2082 w projektach infrastrukturalnych. Sektory wodny i energetyczny odpowiadaj\u0105 za znaczn\u0105 cz\u0119\u015b\u0107 globalnych emisji.<\/p>\n<h3>\u015awiatowy Dzie\u0144 In\u017cynierii w praktyce<\/h3>\n<p>W Amiblu kierujemy si\u0119 misj\u0105 budowania zr\u00f3wnowa\u017conej infrastruktury wodnej, kt\u00f3ra b\u0119dzie <a href=\"https:\/\/www.amiblu.com\/pl\/odpowiedzialnosc-spoleczna-grp\/\">s\u0142u\u017cy\u0107 pokoleniom<\/a>. My\u015bl t\u0105 rozwija Wolfgang Stangassinger, CEO Amiblu:<\/p>\n<blockquote>\n<p>\u201eNasze rury pomagaj\u0105 ogranicza\u0107 straty wody, zmniejsza\u0107 emisj\u0119 oraz wyd\u0142u\u017ca\u0107 \u017cywotno\u015b\u0107 kluczowej infrastruktury wodnej. Dzi\u0119ki temu miasta i spo\u0142eczno\u015bci mog\u0105 lepiej stawia\u0107 czo\u0142a zmianom klimatu. Nie produkujemy tylko rur \u2013 tworzymy rozwi\u0105zania, kt\u00f3re zabezpieczaj\u0105 zasoby wodne, chroni\u0105 \u015brodowisko i sprawiaj\u0105, \u017ce infrastruktura staje si\u0119 inteligentniejsza oraz bardziej zr\u00f3wnowa\u017cona\u201d.<\/p>\n<\/blockquote>\n<p>Podkre\u015blaj\u0105c znaczenie \u015awiatowego Dnia In\u017cynierii, Jacques de Mereuil, Dyrektor Wykonawczy WFEO, m\u00f3wi:<\/p>\n<blockquote>\n<p>\u201eWED 2025 skupi globaln\u0105 uwag\u0119 na in\u017cynierii. Poka\u017ce, jak in\u017cynierowie wspieraj\u0105 realizacj\u0119 Cel\u00f3w Zr\u00f3wnowa\u017conego Rozwoju ONZ. Zainspiruje tak\u017ce kolejne pokolenia do odkrywania mo\u017cliwo\u015bci kariery in\u017cynierskiej\u201d.<\/p>\n<\/blockquote>\n<p>Dowiedz si\u0119 wi\u0119cej o zaanga\u017cowaniu Amiblu w kampani\u0119 WED: <a href=\"https:\/\/worldengineeringday.net\/partner-stories\/amiblu\/\">Amiblu | World Engineering Day<\/a>.<\/p>\n<\/div><\/section>\n\n<style type=\"text\/css\" data-created_by=\"avia_inline_auto\" id=\"style-css-av-m98g171j-44f43080b71ad66a0985389a72d9031c\">\n#top .hr.hr-invisible.av-m98g171j-44f43080b71ad66a0985389a72d9031c{\nheight:30px;\n}\n<\/style>\n<div  class='hr av-m98g171j-44f43080b71ad66a0985389a72d9031c hr-invisible  avia-builder-el-4  el_after_av_textblock  el_before_av_video '><span class='hr-inner '><span class=\"hr-inner-style\"><\/span><\/span><\/div>\n<div  class='avia-video av-m98fzsa7-174c57997195a0785503915aab71b9b8 avia-video-16-9 av-no-preview-image avia-video-load-always av-lazyload-immediate av-lazyload-video-embed'  itemprop=\"video\" itemtype=\"https:\/\/schema.org\/VideoObject\"  data-original_url='https:\/\/www.youtube.com\/watch?v=NYfCvwPZXzg'><script type='text\/html' class='av-video-tmpl'><div class='avia-iframe-wrap'><iframe title=\"\u015awiatowy Dzie\u0144 In\u017cynierii 2025 | Amiblu wspiera kampani\u0119 UNESCO\" width=\"1500\" height=\"844\" src=\"https:\/\/www.youtube.com\/embed\/NYfCvwPZXzg?feature=oembed&autoplay=0&loop=0&controls=1&mute=0\" frameborder=\"0\" allow=\"accelerometer; autoplay; clipboard-write; encrypted-media; gyroscope; picture-in-picture; web-share\" referrerpolicy=\"strict-origin-when-cross-origin\" allowfullscreen><\/iframe><\/div><\/script><div class='av-click-to-play-overlay'><div class=\"avia_playpause_icon\"><\/div><\/div><\/div>\n","protected":false},"excerpt":{"rendered":"<p>Jako oficjalny partner \u015awiatowego Dnia In\u017cynierii, Amiblu wniesie wiedz\u0119 i do\u015bwiadczenie do trwaj\u0105cej 12 miesi\u0119cy kampanii. <\/p>\n","protected":false},"author":62,"featured_media":71021,"comment_status":"closed","ping_status":"closed","sticky":false,"template":"","format":"standard","meta":{"_acf_changed":false,"footnotes":""},"categories":[163],"tags":[],"class_list":["post-70993","post","type-post","status-publish","format-standard","has-post-thumbnail","hentry","category-news-3"],"acf":[],"yoast_head":"<!-- This site is optimized with the Yoast SEO Premium plugin v27.5 (Yoast SEO v27.5) - https:\/\/yoast.com\/product\/yoast-seo-premium-wordpress\/ -->\n<title>\u015awiatowy Dzie\u0144 In\u017cynierii 2025 - Amiblu wspiera kampani\u0119 UNESCO<\/title>\n<meta name=\"description\" content=\"Jako oficjalny partner Amiblu wnosi wiedz\u0119 i do\u015bwiadczenie do trwaj\u0105cej 12 miesi\u0119cy kampanii \u015awiatowy Dzie\u0144 In\u017cynierii.\" \/>\n<meta name=\"robots\" content=\"index, follow, max-snippet:-1, max-image-preview:large, max-video-preview:-1\" \/>\n<link rel=\"canonical\" href=\"https:\/\/www.amiblu.com\/pl\/amiblu-wspiera-kampanie-unesco\/\" \/>\n<meta property=\"og:locale\" content=\"pl_PL\" \/>\n<meta property=\"og:type\" content=\"article\" \/>\n<meta property=\"og:title\" content=\"\u015awiatowy Dzie\u0144 In\u017cynierii 2025. Amiblu wspiera kampani\u0119 UNESCO\" \/>\n<meta property=\"og:description\" content=\"Jako oficjalny partner Amiblu wnosi wiedz\u0119 i do\u015bwiadczenie do trwaj\u0105cej 12 miesi\u0119cy kampanii \u015awiatowy Dzie\u0144 In\u017cynierii.\" \/>\n<meta property=\"og:url\" content=\"https:\/\/www.amiblu.com\/pl\/amiblu-wspiera-kampanie-unesco\/\" \/>\n<meta property=\"og:site_name\" content=\"Amiblu\" \/>\n<meta property=\"article:publisher\" content=\"https:\/\/www.facebook.com\/amiblupipes\" \/>\n<meta property=\"article:published_time\" content=\"2025-04-08T11:00:55+00:00\" \/>\n<meta property=\"article:modified_time\" content=\"2025-04-08T12:03:55+00:00\" \/>\n<meta property=\"og:image\" content=\"https:\/\/www.amiblu.com\/wp-content\/uploads\/swiatowy-dzien-inzynierii-web-2.png\" \/>\n\t<meta property=\"og:image:width\" content=\"800\" \/>\n\t<meta property=\"og:image:height\" content=\"500\" \/>\n\t<meta property=\"og:image:type\" content=\"image\/png\" \/>\n<meta name=\"author\" content=\"Agnieszka Lubieniecka\" \/>\n<meta name=\"twitter:card\" content=\"summary_large_image\" \/>\n<meta name=\"twitter:label1\" content=\"Napisane przez\" \/>\n\t<meta name=\"twitter:data1\" content=\"Agnieszka Lubieniecka\" \/>\n\t<meta name=\"twitter:label2\" content=\"Szacowany czas czytania\" \/>\n\t<meta name=\"twitter:data2\" content=\"2 minuty\" \/>\n<script type=\"application\/ld+json\" class=\"yoast-schema-graph\">{\"@context\":\"https:\\\/\\\/schema.org\",\"@graph\":[{\"@type\":\"Article\",\"@id\":\"https:\\\/\\\/www.amiblu.com\\\/pl\\\/amiblu-wspiera-kampanie-unesco\\\/#article\",\"isPartOf\":{\"@id\":\"https:\\\/\\\/www.amiblu.com\\\/pl\\\/amiblu-wspiera-kampanie-unesco\\\/\"},\"author\":{\"name\":\"Agnieszka Lubieniecka\",\"@id\":\"https:\\\/\\\/www.amiblu.com\\\/pl\\\/#\\\/schema\\\/person\\\/ed8f7c265fbc7bd94ebcd50860c87eaa\"},\"headline\":\"\u015awiatowy Dzie\u0144 In\u017cynierii 2025. Amiblu wspiera kampani\u0119 UNESCO\",\"datePublished\":\"2025-04-08T11:00:55+00:00\",\"dateModified\":\"2025-04-08T12:03:55+00:00\",\"mainEntityOfPage\":{\"@id\":\"https:\\\/\\\/www.amiblu.com\\\/pl\\\/amiblu-wspiera-kampanie-unesco\\\/\"},\"wordCount\":1035,\"publisher\":{\"@id\":\"https:\\\/\\\/www.amiblu.com\\\/pl\\\/#organization\"},\"image\":{\"@id\":\"https:\\\/\\\/www.amiblu.com\\\/pl\\\/amiblu-wspiera-kampanie-unesco\\\/#primaryimage\"},\"thumbnailUrl\":\"https:\\\/\\\/www.amiblu.com\\\/wp-content\\\/uploads\\\/swiatowy-dzien-inzynierii-web-2.png\",\"articleSection\":[\"Nowo\u015bci\"],\"inLanguage\":\"pl-PL\"},{\"@type\":\"WebPage\",\"@id\":\"https:\\\/\\\/www.amiblu.com\\\/pl\\\/amiblu-wspiera-kampanie-unesco\\\/\",\"url\":\"https:\\\/\\\/www.amiblu.com\\\/pl\\\/amiblu-wspiera-kampanie-unesco\\\/\",\"name\":\"\u015awiatowy Dzie\u0144 In\u017cynierii 2025 - Amiblu wspiera kampani\u0119 UNESCO\",\"isPartOf\":{\"@id\":\"https:\\\/\\\/www.amiblu.com\\\/pl\\\/#website\"},\"primaryImageOfPage\":{\"@id\":\"https:\\\/\\\/www.amiblu.com\\\/pl\\\/amiblu-wspiera-kampanie-unesco\\\/#primaryimage\"},\"image\":{\"@id\":\"https:\\\/\\\/www.amiblu.com\\\/pl\\\/amiblu-wspiera-kampanie-unesco\\\/#primaryimage\"},\"thumbnailUrl\":\"https:\\\/\\\/www.amiblu.com\\\/wp-content\\\/uploads\\\/swiatowy-dzien-inzynierii-web-2.png\",\"datePublished\":\"2025-04-08T11:00:55+00:00\",\"dateModified\":\"2025-04-08T12:03:55+00:00\",\"description\":\"Jako oficjalny partner Amiblu wnosi wiedz\u0119 i do\u015bwiadczenie do trwaj\u0105cej 12 miesi\u0119cy kampanii \u015awiatowy Dzie\u0144 In\u017cynierii.\",\"inLanguage\":\"pl-PL\",\"potentialAction\":[{\"@type\":\"ReadAction\",\"target\":[\"https:\\\/\\\/www.amiblu.com\\\/pl\\\/amiblu-wspiera-kampanie-unesco\\\/\"]}]},{\"@type\":\"ImageObject\",\"inLanguage\":\"pl-PL\",\"@id\":\"https:\\\/\\\/www.amiblu.com\\\/pl\\\/amiblu-wspiera-kampanie-unesco\\\/#primaryimage\",\"url\":\"https:\\\/\\\/www.amiblu.com\\\/wp-content\\\/uploads\\\/swiatowy-dzien-inzynierii-web-2.png\",\"contentUrl\":\"https:\\\/\\\/www.amiblu.com\\\/wp-content\\\/uploads\\\/swiatowy-dzien-inzynierii-web-2.png\",\"width\":800,\"height\":500,\"caption\":\"Produkcja w fabryce Amiblu, kt\u00f3ra wspiera kampani\u0119 UNESCO podczas \u015awiatowego Dnia In\u017cynierii\"},{\"@type\":\"WebSite\",\"@id\":\"https:\\\/\\\/www.amiblu.com\\\/pl\\\/#website\",\"url\":\"https:\\\/\\\/www.amiblu.com\\\/pl\\\/\",\"name\":\"Amiblu\",\"description\":\"GFK-Rohrsysteme f\u00fcr Generationen\",\"publisher\":{\"@id\":\"https:\\\/\\\/www.amiblu.com\\\/pl\\\/#organization\"},\"potentialAction\":[{\"@type\":\"SearchAction\",\"target\":{\"@type\":\"EntryPoint\",\"urlTemplate\":\"https:\\\/\\\/www.amiblu.com\\\/pl\\\/?s={search_term_string}\"},\"query-input\":{\"@type\":\"PropertyValueSpecification\",\"valueRequired\":true,\"valueName\":\"search_term_string\"}}],\"inLanguage\":\"pl-PL\"},{\"@type\":\"Organization\",\"@id\":\"https:\\\/\\\/www.amiblu.com\\\/pl\\\/#organization\",\"name\":\"Amiblu Group\",\"url\":\"https:\\\/\\\/www.amiblu.com\\\/pl\\\/\",\"logo\":{\"@type\":\"ImageObject\",\"inLanguage\":\"pl-PL\",\"@id\":\"https:\\\/\\\/www.amiblu.com\\\/pl\\\/#\\\/schema\\\/logo\\\/image\\\/\",\"url\":\"https:\\\/\\\/www.amiblu.com\\\/wp-content\\\/uploads\\\/2021\\\/01\\\/Amiblu-logo-website-1.png\",\"contentUrl\":\"https:\\\/\\\/www.amiblu.com\\\/wp-content\\\/uploads\\\/2021\\\/01\\\/Amiblu-logo-website-1.png\",\"width\":201,\"height\":38,\"caption\":\"Amiblu Group\"},\"image\":{\"@id\":\"https:\\\/\\\/www.amiblu.com\\\/pl\\\/#\\\/schema\\\/logo\\\/image\\\/\"},\"sameAs\":[\"https:\\\/\\\/www.facebook.com\\\/amiblupipes\",\"https:\\\/\\\/www.youtube.com\\\/c\\\/Amiblu\",\"https:\\\/\\\/de.wikipedia.org\\\/wiki\\\/Amiblu\",\"https:\\\/\\\/www.linkedin.com\\\/company\\\/amiblupipes\\\/\"]},{\"@type\":\"Person\",\"@id\":\"https:\\\/\\\/www.amiblu.com\\\/pl\\\/#\\\/schema\\\/person\\\/ed8f7c265fbc7bd94ebcd50860c87eaa\",\"name\":\"Agnieszka Lubieniecka\",\"image\":{\"@type\":\"ImageObject\",\"inLanguage\":\"pl-PL\",\"@id\":\"https:\\\/\\\/secure.gravatar.com\\\/avatar\\\/a7e009455a3a9009ac63a3788655a8697f2fd583ff5b25a108ff66699b274427?s=96&d=mm&r=g\",\"url\":\"https:\\\/\\\/secure.gravatar.com\\\/avatar\\\/a7e009455a3a9009ac63a3788655a8697f2fd583ff5b25a108ff66699b274427?s=96&d=mm&r=g\",\"contentUrl\":\"https:\\\/\\\/secure.gravatar.com\\\/avatar\\\/a7e009455a3a9009ac63a3788655a8697f2fd583ff5b25a108ff66699b274427?s=96&d=mm&r=g\",\"caption\":\"Agnieszka Lubieniecka\"}}]}<\/script>\n<!-- \/ Yoast SEO Premium plugin. -->","yoast_head_json":{"title":"\u015awiatowy Dzie\u0144 In\u017cynierii 2025 - Amiblu wspiera kampani\u0119 UNESCO","description":"Jako oficjalny partner Amiblu wnosi wiedz\u0119 i do\u015bwiadczenie do trwaj\u0105cej 12 miesi\u0119cy kampanii \u015awiatowy Dzie\u0144 In\u017cynierii.","robots":{"index":"index","follow":"follow","max-snippet":"max-snippet:-1","max-image-preview":"max-image-preview:large","max-video-preview":"max-video-preview:-1"},"canonical":"https:\/\/www.amiblu.com\/pl\/amiblu-wspiera-kampanie-unesco\/","og_locale":"pl_PL","og_type":"article","og_title":"\u015awiatowy Dzie\u0144 In\u017cynierii 2025. Amiblu wspiera kampani\u0119 UNESCO","og_description":"Jako oficjalny partner Amiblu wnosi wiedz\u0119 i do\u015bwiadczenie do trwaj\u0105cej 12 miesi\u0119cy kampanii \u015awiatowy Dzie\u0144 In\u017cynierii.","og_url":"https:\/\/www.amiblu.com\/pl\/amiblu-wspiera-kampanie-unesco\/","og_site_name":"Amiblu","article_publisher":"https:\/\/www.facebook.com\/amiblupipes","article_published_time":"2025-04-08T11:00:55+00:00","article_modified_time":"2025-04-08T12:03:55+00:00","og_image":[{"width":800,"height":500,"url":"https:\/\/www.amiblu.com\/wp-content\/uploads\/swiatowy-dzien-inzynierii-web-2.png","type":"image\/png"}],"author":"Agnieszka Lubieniecka","twitter_card":"summary_large_image","twitter_misc":{"Napisane przez":"Agnieszka Lubieniecka","Szacowany czas czytania":"2 minuty"},"schema":{"@context":"https:\/\/schema.org","@graph":[{"@type":"Article","@id":"https:\/\/www.amiblu.com\/pl\/amiblu-wspiera-kampanie-unesco\/#article","isPartOf":{"@id":"https:\/\/www.amiblu.com\/pl\/amiblu-wspiera-kampanie-unesco\/"},"author":{"name":"Agnieszka Lubieniecka","@id":"https:\/\/www.amiblu.com\/pl\/#\/schema\/person\/ed8f7c265fbc7bd94ebcd50860c87eaa"},"headline":"\u015awiatowy Dzie\u0144 In\u017cynierii 2025. Amiblu wspiera kampani\u0119 UNESCO","datePublished":"2025-04-08T11:00:55+00:00","dateModified":"2025-04-08T12:03:55+00:00","mainEntityOfPage":{"@id":"https:\/\/www.amiblu.com\/pl\/amiblu-wspiera-kampanie-unesco\/"},"wordCount":1035,"publisher":{"@id":"https:\/\/www.amiblu.com\/pl\/#organization"},"image":{"@id":"https:\/\/www.amiblu.com\/pl\/amiblu-wspiera-kampanie-unesco\/#primaryimage"},"thumbnailUrl":"https:\/\/www.amiblu.com\/wp-content\/uploads\/swiatowy-dzien-inzynierii-web-2.png","articleSection":["Nowo\u015bci"],"inLanguage":"pl-PL"},{"@type":"WebPage","@id":"https:\/\/www.amiblu.com\/pl\/amiblu-wspiera-kampanie-unesco\/","url":"https:\/\/www.amiblu.com\/pl\/amiblu-wspiera-kampanie-unesco\/","name":"\u015awiatowy Dzie\u0144 In\u017cynierii 2025 - Amiblu wspiera kampani\u0119 UNESCO","isPartOf":{"@id":"https:\/\/www.amiblu.com\/pl\/#website"},"primaryImageOfPage":{"@id":"https:\/\/www.amiblu.com\/pl\/amiblu-wspiera-kampanie-unesco\/#primaryimage"},"image":{"@id":"https:\/\/www.amiblu.com\/pl\/amiblu-wspiera-kampanie-unesco\/#primaryimage"},"thumbnailUrl":"https:\/\/www.amiblu.com\/wp-content\/uploads\/swiatowy-dzien-inzynierii-web-2.png","datePublished":"2025-04-08T11:00:55+00:00","dateModified":"2025-04-08T12:03:55+00:00","description":"Jako oficjalny partner Amiblu wnosi wiedz\u0119 i do\u015bwiadczenie do trwaj\u0105cej 12 miesi\u0119cy kampanii \u015awiatowy Dzie\u0144 In\u017cynierii.","inLanguage":"pl-PL","potentialAction":[{"@type":"ReadAction","target":["https:\/\/www.amiblu.com\/pl\/amiblu-wspiera-kampanie-unesco\/"]}]},{"@type":"ImageObject","inLanguage":"pl-PL","@id":"https:\/\/www.amiblu.com\/pl\/amiblu-wspiera-kampanie-unesco\/#primaryimage","url":"https:\/\/www.amiblu.com\/wp-content\/uploads\/swiatowy-dzien-inzynierii-web-2.png","contentUrl":"https:\/\/www.amiblu.com\/wp-content\/uploads\/swiatowy-dzien-inzynierii-web-2.png","width":800,"height":500,"caption":"Produkcja w fabryce Amiblu, kt\u00f3ra wspiera kampani\u0119 UNESCO podczas \u015awiatowego Dnia In\u017cynierii"},{"@type":"WebSite","@id":"https:\/\/www.amiblu.com\/pl\/#website","url":"https:\/\/www.amiblu.com\/pl\/","name":"Amiblu","description":"GFK-Rohrsysteme f\u00fcr Generationen","publisher":{"@id":"https:\/\/www.amiblu.com\/pl\/#organization"},"potentialAction":[{"@type":"SearchAction","target":{"@type":"EntryPoint","urlTemplate":"https:\/\/www.amiblu.com\/pl\/?s={search_term_string}"},"query-input":{"@type":"PropertyValueSpecification","valueRequired":true,"valueName":"search_term_string"}}],"inLanguage":"pl-PL"},{"@type":"Organization","@id":"https:\/\/www.amiblu.com\/pl\/#organization","name":"Amiblu Group","url":"https:\/\/www.amiblu.com\/pl\/","logo":{"@type":"ImageObject","inLanguage":"pl-PL","@id":"https:\/\/www.amiblu.com\/pl\/#\/schema\/logo\/image\/","url":"https:\/\/www.amiblu.com\/wp-content\/uploads\/2021\/01\/Amiblu-logo-website-1.png","contentUrl":"https:\/\/www.amiblu.com\/wp-content\/uploads\/2021\/01\/Amiblu-logo-website-1.png","width":201,"height":38,"caption":"Amiblu Group"},"image":{"@id":"https:\/\/www.amiblu.com\/pl\/#\/schema\/logo\/image\/"},"sameAs":["https:\/\/www.facebook.com\/amiblupipes","https:\/\/www.youtube.com\/c\/Amiblu","https:\/\/de.wikipedia.org\/wiki\/Amiblu","https:\/\/www.linkedin.com\/company\/amiblupipes\/"]},{"@type":"Person","@id":"https:\/\/www.amiblu.com\/pl\/#\/schema\/person\/ed8f7c265fbc7bd94ebcd50860c87eaa","name":"Agnieszka Lubieniecka","image":{"@type":"ImageObject","inLanguage":"pl-PL","@id":"https:\/\/secure.gravatar.com\/avatar\/a7e009455a3a9009ac63a3788655a8697f2fd583ff5b25a108ff66699b274427?s=96&d=mm&r=g","url":"https:\/\/secure.gravatar.com\/avatar\/a7e009455a3a9009ac63a3788655a8697f2fd583ff5b25a108ff66699b274427?s=96&d=mm&r=g","contentUrl":"https:\/\/secure.gravatar.com\/avatar\/a7e009455a3a9009ac63a3788655a8697f2fd583ff5b25a108ff66699b274427?s=96&d=mm&r=g","caption":"Agnieszka Lubieniecka"}}]}},"_links":{"self":[{"href":"https:\/\/www.amiblu.com\/pl\/wp-json\/wp\/v2\/posts\/70993","targetHints":{"allow":["GET"]}}],"collection":[{"href":"https:\/\/www.amiblu.com\/pl\/wp-json\/wp\/v2\/posts"}],"about":[{"href":"https:\/\/www.amiblu.com\/pl\/wp-json\/wp\/v2\/types\/post"}],"author":[{"embeddable":true,"href":"https:\/\/www.amiblu.com\/pl\/wp-json\/wp\/v2\/users\/62"}],"replies":[{"embeddable":true,"href":"https:\/\/www.amiblu.com\/pl\/wp-json\/wp\/v2\/comments?post=70993"}],"version-history":[{"count":26,"href":"https:\/\/www.amiblu.com\/pl\/wp-json\/wp\/v2\/posts\/70993\/revisions"}],"predecessor-version":[{"id":71028,"href":"https:\/\/www.amiblu.com\/pl\/wp-json\/wp\/v2\/posts\/70993\/revisions\/71028"}],"wp:featuredmedia":[{"embeddable":true,"href":"https:\/\/www.amiblu.com\/pl\/wp-json\/wp\/v2\/media\/71021"}],"wp:attachment":[{"href":"https:\/\/www.amiblu.com\/pl\/wp-json\/wp\/v2\/media?parent=70993"}],"wp:term":[{"taxonomy":"category","embeddable":true,"href":"https:\/\/www.amiblu.com\/pl\/wp-json\/wp\/v2\/categories?post=70993"},{"taxonomy":"post_tag","embeddable":true,"href":"https:\/\/www.amiblu.com\/pl\/wp-json\/wp\/v2\/tags?post=70993"}],"curies":[{"name":"wp","href":"https:\/\/api.w.org\/{rel}","templated":true}]}}