{"id":73562,"date":"2025-08-07T10:19:19","date_gmt":"2025-08-07T08:19:19","guid":{"rendered":"https:\/\/www.amiblu.com\/?p=73562"},"modified":"2025-08-07T10:19:23","modified_gmt":"2025-08-07T08:19:23","slug":"amiblu-i-politechnika-warszawska-lacza-sily","status":"publish","type":"post","link":"https:\/\/www.amiblu.com\/pl\/amiblu-i-politechnika-warszawska-lacza-sily\/","title":{"rendered":"Amiblu i Politechnika Warszawska \u0142\u0105cz\u0105 si\u0142y"},"content":{"rendered":"\n<style type=\"text\/css\" data-created_by=\"avia_inline_auto\" id=\"style-css-av-me13o62n-262f9d086c5f307f5ee17e4933d41ba3\">\n.avia-image-container.av-me13o62n-262f9d086c5f307f5ee17e4933d41ba3 img.avia_image{\nbox-shadow:none;\n}\n.avia-image-container.av-me13o62n-262f9d086c5f307f5ee17e4933d41ba3 .av-image-caption-overlay-center{\ncolor:#ffffff;\n}\n<\/style>\n<div  class='avia-image-container av-me13o62n-262f9d086c5f307f5ee17e4933d41ba3 av-styling- avia-align-left  avia-builder-el-0  el_before_av_hr  avia-builder-el-first '   itemprop=\"image\" itemscope=\"itemscope\" itemtype=\"https:\/\/schema.org\/ImageObject\" ><div class=\"avia-image-container-inner\"><div class=\"avia-image-overlay-wrap\"><img fetchpriority=\"high\" fetchpriority=\"high\" decoding=\"async\" fetchpriority=\"high\" class='wp-image-73561 avia-img-lazy-loading-not-73561 avia_image ' src=\"https:\/\/www.amiblu.com\/wp-content\/uploads\/Politechnika-Warszawska-Amiblu-Poland.jpg\" alt='Podpisanie porozumienia pomi\u0119dzy Politechnik\u0105 Warszawsk\u0105 a Amiblu Poland' title='Politechnika-Warszawska-Amiblu-Poland'  height=\"660\" width=\"1057\"  itemprop=\"thumbnailUrl\" srcset=\"https:\/\/www.amiblu.com\/wp-content\/uploads\/Politechnika-Warszawska-Amiblu-Poland.jpg 1057w, https:\/\/www.amiblu.com\/wp-content\/uploads\/Politechnika-Warszawska-Amiblu-Poland-300x187.jpg 300w, https:\/\/www.amiblu.com\/wp-content\/uploads\/Politechnika-Warszawska-Amiblu-Poland-1030x643.jpg 1030w, https:\/\/www.amiblu.com\/wp-content\/uploads\/Politechnika-Warszawska-Amiblu-Poland-768x480.jpg 768w, https:\/\/www.amiblu.com\/wp-content\/uploads\/Politechnika-Warszawska-Amiblu-Poland-705x440.jpg 705w\" sizes=\"(max-width: 1057px) 100vw, 1057px\" \/><\/div><\/div><\/div>\n\n<style type=\"text\/css\" data-created_by=\"avia_inline_auto\" id=\"style-css-av-me13oybp-f859ea66d80574a4bf9aa020649a02be\">\n#top .hr.hr-invisible.av-me13oybp-f859ea66d80574a4bf9aa020649a02be{\nheight:30px;\n}\n<\/style>\n<div  class='hr av-me13oybp-f859ea66d80574a4bf9aa020649a02be hr-invisible  avia-builder-el-1  el_after_av_image  el_before_av_heading '><span class='hr-inner '><span class=\"hr-inner-style\"><\/span><\/span><\/div>\n\n<style type=\"text\/css\" data-created_by=\"avia_inline_auto\" id=\"style-css-av-me13s4ri-546a56efb8c517f9ca71189177abb19a\">\n#top .av-special-heading.av-me13s4ri-546a56efb8c517f9ca71189177abb19a{\npadding-bottom:10px;\n}\nbody .av-special-heading.av-me13s4ri-546a56efb8c517f9ca71189177abb19a .av-special-heading-tag .heading-char{\nfont-size:25px;\n}\n.av-special-heading.av-me13s4ri-546a56efb8c517f9ca71189177abb19a .av-subheading{\nfont-size:15px;\n}\n<\/style>\n<div  class='av-special-heading av-me13s4ri-546a56efb8c517f9ca71189177abb19a av-special-heading-h1  avia-builder-el-2  el_after_av_hr  el_before_av_textblock '><h1 class='av-special-heading-tag '  itemprop=\"headline\"  >Umowa pomi\u0119dzy warszawsk\u0105 uczelni\u0105 a firm\u0105 Amiblu wspiera edukacj\u0119 przysz\u0142ych in\u017cynier\u00f3w \u015brodowiska<\/h1><div class=\"special-heading-border\"><div class=\"special-heading-inner-border\"><\/div><\/div><\/div>\n<section  class='av_textblock_section av-me13wj03-255c8259d2d9115a5140c4d17725bc9e '   itemscope=\"itemscope\" itemtype=\"https:\/\/schema.org\/BlogPosting\" itemprop=\"blogPost\" ><div class='avia_textblock'  itemprop=\"text\" ><p>Amiblu Poland podpisa\u0142o porozumienie o wsp\u00f3\u0142pracy z Wydzia\u0142em Instalacji Budowlanych, Hydrotechniki i In\u017cynierii \u015arodowiska. Politechnika Warszawska to kolejna uczelnia techniczna w Polsce, obok Politechniki \u015al\u0105skiej i Politechniki Wroc\u0142awskiej, z kt\u00f3r\u0105 firma rozwija wsp\u00f3\u0142prac\u0119 w obszarze nowoczesnych technologii infrastrukturalnych, edukacji technicznej oraz wymiany wiedzy mi\u0119dzy przemys\u0142em a \u015brodowiskiem akademickim.<\/p>\n<h3>Bezpo\u015bredni dost\u0119p do wiedzy od praktyk\u00f3w<\/h3>\n<p>Umowa partnerska z <a href=\"https:\/\/www.pw.edu.pl\/\">Politechnik\u0105 Warszawsk\u0105<\/a> obejmuje m.in. prowadzenie wyk\u0142ad\u00f3w i warsztat\u00f3w technicznych przez ekspert\u00f3w Amiblu, wizyty studyjne w zak\u0142adach produkcyjnych oraz mo\u017cliwo\u015b\u0107 odbywania praktyk i sta\u017cy. Studenci zyskaj\u0105 bezpo\u015bredni dost\u0119p do wiedzy o technologii <a href=\"https:\/\/www.amiblu.com\/pl\/dlaczego-grp\/\">GRP<\/a>, wykorzystywanej w budowie nowoczesnych system\u00f3w kanalizacyjnych, wodoci\u0105g\u00f3w i infrastruktury przemys\u0142owej.<\/p>\n<blockquote>\n<p>Amiblu prowadzi dzia\u0142ania edukacyjne i badawcze na uczelniach technicznych w ca\u0142ej Europie. Jako partner Swedish Life Cycle Center w G\u00f6teborgu realizujemy wsp\u00f3lne projekty <a href=\"https:\/\/www.amiblu.com\/pl\/slad-weglowy\/\">LCA<\/a> (ocena cyklu \u017cycia), wspieramy kursy i warsztaty w Hiszpanii, a w Polsce budujemy partnerstwa z wiod\u0105cymi uczelniami technicznymi. Dzi\u0119ki tym wsp\u00f3\u0142pracom mo\u017cemy zar\u00f3wno udoskonala\u0107 nasze produkty, jak i wspiera\u0107 kszta\u0142cenie in\u017cynier\u00f3w, kt\u00f3rzy b\u0119d\u0105 projektowa\u0107 infrastruktur\u0119 odporn\u0105 na wyzwania przysz\u0142o\u015bci \u2013 m\u00f3wi Tomasz Wojtczak, Prezes Zarz\u0105du Amiblu Poland.<\/p>\n<p>Wsp\u00f3\u0142praca z firmami takimi jak Amiblu to dla nas naturalna droga, \u0142\u0105czymy nowoczesn\u0105 nauk\u0119 z realnymi wyzwaniami bran\u017cy. Studenci zyskuj\u0105 nie tylko dost\u0119p do technologii, ale te\u017c do praktyki projektowej i przemys\u0142owej, kt\u00f3ra dzi\u015b decyduje o jako\u015bci kszta\u0142cenia \u2013 dodaje dr hab. in\u017c. Maciej Chaczykowski, prof. Uczelni, Dziekan <a href=\"https:\/\/is.pw.edu.pl\/\">Wydzia\u0142u Instalacji Budowlanych, Hydrotechniki i In\u017cynierii \u015arodowiska Politechniki Warszawskiej.<\/a><\/p>\n<\/blockquote>\n<h3><\/h3>\n<h3>Politechnika Warszawska kszta\u0142ci uznanych specjalist\u00f3w<\/h3>\n<p>Politechnika Warszawska, kt\u00f3rej absolwenci z WIBHiI\u015a nale\u017c\u0105 do najbardziej poszukiwanych specjalist\u00f3w na rynku, od lat stawia na rozw\u00f3j praktycznych kompetencji ju\u017c na etapie studi\u00f3w. Dzi\u0119ki wsp\u00f3\u0142pracy z partnerami z przemys\u0142u, uczelnia mo\u017ce szybciej reagowa\u0107 na zmieniaj\u0105ce si\u0119 potrzeby gospodarki i lepiej przygotowywa\u0107 student\u00f3w do pracy przy realnych projektach in\u017cynierskich.<\/p>\n<blockquote>\n<p>To partnerstwo to szansa, by wiedza in\u017cynierska nie ko\u0144czy\u0142a si\u0119 na sali wyk\u0142adowej. Chcemy pokaza\u0107 studentom, jak wygl\u0105da praca z nowoczesnymi technologiami GRP w realnych projektach infrastrukturalnych, od analizy cyklu \u017cycia po wdro\u017cenie w terenie. Jako cz\u0142onek Rady Konsultacyjnej Wydzia\u0142u Instalacji Budowlanych, Hydrotechniki i In\u017cynierii \u015arodowiska widz\u0119 ogromny potencja\u0142 w tej wsp\u00f3\u0142pracy, bo \u0142\u0105czy potrzeby edukacji i praktyki w najbardziej konkretnym wymiarze \u2013 podkre\u015bla Tomasz Zwarzany, dyrektor sprzeda\u017cy Amiblu Poland.<\/p>\n<\/blockquote>\n<h3>Wa\u017cne o\u015brodki akademickie w Polsce widz\u0105 potencja\u0142 wsp\u00f3\u0142pracy z biznesem<\/h3>\n<p>W czerwcu 2025 roku Amiblu Poland nawi\u0105za\u0142o r\u00f3wnie\u017c wsp\u00f3\u0142prac\u0119 z <a href=\"https:\/\/www.polsl.pl\/\">Politechnik\u0105 \u015al\u0105sk\u0105<\/a>, jednym z najwa\u017cniejszych o\u015brodk\u00f3w akademickich w Polsce. Porozumienie obejmuje organizacj\u0119 praktyk i sta\u017cy dla student\u00f3w, rozw\u00f3j temat\u00f3w prac dyplomowych zgodnych z realnymi potrzebami bran\u017cy, udzia\u0142 ekspert\u00f3w Amiblu w wydarzeniach edukacyjnych, realizacj\u0119 wsp\u00f3lnych projekt\u00f3w badawczych i in\u017cynierskich oraz wymian\u0119 wiedzy i do\u015bwiadcze\u0144 w obszarze innowacyjnych materia\u0142\u00f3w i rozwi\u0105za\u0144 infrastrukturalnych. Sp\u00f3\u0142ka wsp\u00f3\u0142pracuje tak\u017ce z <a href=\"https:\/\/biurokarier.pwr.edu.pl\/\">Biurem Karier Politechniki Wroc\u0142awskiej<\/a>, gdzie eksperci Amiblu prowadz\u0105 szkolenia w tematach, kt\u00f3re studenci wskazali jako istotne z perspektywy wej\u015bcia na rynek pracy.<\/p>\n<\/div><\/section>\n","protected":false},"excerpt":{"rendered":"<p>Amiblu Poland podpisa\u0142o porozumienie o wsp\u00f3\u0142pracy z Wydzia\u0142em Instalacji Budowlanych, Hydrotechniki i In\u017cynierii \u015arodowiska Politechniki Warszawskiej.<\/p>\n","protected":false},"author":62,"featured_media":73561,"comment_status":"closed","ping_status":"closed","sticky":false,"template":"","format":"standard","meta":{"_acf_changed":false,"footnotes":""},"categories":[163],"tags":[],"class_list":["post-73562","post","type-post","status-publish","format-standard","has-post-thumbnail","hentry","category-news-3"],"acf":[],"yoast_head":"<!-- This site is optimized with the Yoast SEO Premium plugin v27.5 (Yoast SEO v27.5) - https:\/\/yoast.com\/product\/yoast-seo-premium-wordpress\/ -->\n<title>Amiblu i Politechnika Warszawska \u0142\u0105cz\u0105 si\u0142y<\/title>\n<meta name=\"description\" content=\"Amiblu i Politechnika Warszawska \u0142\u0105cz\u0105 si\u0142y na mocy porozumienia o wsp\u00f3\u0142pracy z Wydzia\u0142em Instalacji Budowlanych, Hydrotechniki i In\u017cynierii \u015arodowiska.\" \/>\n<meta name=\"robots\" content=\"index, follow, max-snippet:-1, max-image-preview:large, max-video-preview:-1\" \/>\n<link rel=\"canonical\" href=\"https:\/\/www.amiblu.com\/pl\/amiblu-i-politechnika-warszawska-lacza-sily\/\" \/>\n<meta property=\"og:locale\" content=\"pl_PL\" \/>\n<meta property=\"og:type\" content=\"article\" \/>\n<meta property=\"og:title\" content=\"Amiblu i Politechnika Warszawska \u0142\u0105cz\u0105 si\u0142y\" \/>\n<meta property=\"og:description\" content=\"Amiblu i Politechnika Warszawska \u0142\u0105cz\u0105 si\u0142y na mocy porozumienia o wsp\u00f3\u0142pracy z Wydzia\u0142em Instalacji Budowlanych, Hydrotechniki i In\u017cynierii \u015arodowiska.\" \/>\n<meta property=\"og:url\" content=\"https:\/\/www.amiblu.com\/pl\/amiblu-i-politechnika-warszawska-lacza-sily\/\" \/>\n<meta property=\"og:site_name\" content=\"Amiblu\" \/>\n<meta property=\"article:publisher\" content=\"https:\/\/www.facebook.com\/amiblupipes\" \/>\n<meta property=\"article:published_time\" content=\"2025-08-07T08:19:19+00:00\" \/>\n<meta property=\"article:modified_time\" content=\"2025-08-07T08:19:23+00:00\" \/>\n<meta property=\"og:image\" content=\"https:\/\/www.amiblu.com\/wp-content\/uploads\/Politechnika-Warszawska-Amiblu-Poland.jpg\" \/>\n\t<meta property=\"og:image:width\" content=\"1057\" \/>\n\t<meta property=\"og:image:height\" content=\"660\" \/>\n\t<meta property=\"og:image:type\" content=\"image\/jpeg\" \/>\n<meta name=\"author\" content=\"Agnieszka Lubieniecka\" \/>\n<meta name=\"twitter:card\" content=\"summary_large_image\" \/>\n<meta name=\"twitter:label1\" content=\"Napisane przez\" \/>\n\t<meta name=\"twitter:data1\" content=\"Agnieszka Lubieniecka\" \/>\n\t<meta name=\"twitter:label2\" content=\"Szacowany czas czytania\" \/>\n\t<meta name=\"twitter:data2\" content=\"2 minuty\" \/>\n<script type=\"application\/ld+json\" class=\"yoast-schema-graph\">{\"@context\":\"https:\\\/\\\/schema.org\",\"@graph\":[{\"@type\":\"Article\",\"@id\":\"https:\\\/\\\/www.amiblu.com\\\/pl\\\/amiblu-i-politechnika-warszawska-lacza-sily\\\/#article\",\"isPartOf\":{\"@id\":\"https:\\\/\\\/www.amiblu.com\\\/pl\\\/amiblu-i-politechnika-warszawska-lacza-sily\\\/\"},\"author\":{\"name\":\"Agnieszka Lubieniecka\",\"@id\":\"https:\\\/\\\/www.amiblu.com\\\/pl\\\/#\\\/schema\\\/person\\\/ed8f7c265fbc7bd94ebcd50860c87eaa\"},\"headline\":\"Amiblu i Politechnika Warszawska \u0142\u0105cz\u0105 si\u0142y\",\"datePublished\":\"2025-08-07T08:19:19+00:00\",\"dateModified\":\"2025-08-07T08:19:23+00:00\",\"mainEntityOfPage\":{\"@id\":\"https:\\\/\\\/www.amiblu.com\\\/pl\\\/amiblu-i-politechnika-warszawska-lacza-sily\\\/\"},\"wordCount\":1101,\"publisher\":{\"@id\":\"https:\\\/\\\/www.amiblu.com\\\/pl\\\/#organization\"},\"image\":{\"@id\":\"https:\\\/\\\/www.amiblu.com\\\/pl\\\/amiblu-i-politechnika-warszawska-lacza-sily\\\/#primaryimage\"},\"thumbnailUrl\":\"https:\\\/\\\/www.amiblu.com\\\/wp-content\\\/uploads\\\/Politechnika-Warszawska-Amiblu-Poland.jpg\",\"articleSection\":[\"Nowo\u015bci\"],\"inLanguage\":\"pl-PL\"},{\"@type\":\"WebPage\",\"@id\":\"https:\\\/\\\/www.amiblu.com\\\/pl\\\/amiblu-i-politechnika-warszawska-lacza-sily\\\/\",\"url\":\"https:\\\/\\\/www.amiblu.com\\\/pl\\\/amiblu-i-politechnika-warszawska-lacza-sily\\\/\",\"name\":\"Amiblu i Politechnika Warszawska \u0142\u0105cz\u0105 si\u0142y\",\"isPartOf\":{\"@id\":\"https:\\\/\\\/www.amiblu.com\\\/pl\\\/#website\"},\"primaryImageOfPage\":{\"@id\":\"https:\\\/\\\/www.amiblu.com\\\/pl\\\/amiblu-i-politechnika-warszawska-lacza-sily\\\/#primaryimage\"},\"image\":{\"@id\":\"https:\\\/\\\/www.amiblu.com\\\/pl\\\/amiblu-i-politechnika-warszawska-lacza-sily\\\/#primaryimage\"},\"thumbnailUrl\":\"https:\\\/\\\/www.amiblu.com\\\/wp-content\\\/uploads\\\/Politechnika-Warszawska-Amiblu-Poland.jpg\",\"datePublished\":\"2025-08-07T08:19:19+00:00\",\"dateModified\":\"2025-08-07T08:19:23+00:00\",\"description\":\"Amiblu i Politechnika Warszawska \u0142\u0105cz\u0105 si\u0142y na mocy porozumienia o wsp\u00f3\u0142pracy z Wydzia\u0142em Instalacji Budowlanych, Hydrotechniki i In\u017cynierii \u015arodowiska.\",\"inLanguage\":\"pl-PL\",\"potentialAction\":[{\"@type\":\"ReadAction\",\"target\":[\"https:\\\/\\\/www.amiblu.com\\\/pl\\\/amiblu-i-politechnika-warszawska-lacza-sily\\\/\"]}]},{\"@type\":\"ImageObject\",\"inLanguage\":\"pl-PL\",\"@id\":\"https:\\\/\\\/www.amiblu.com\\\/pl\\\/amiblu-i-politechnika-warszawska-lacza-sily\\\/#primaryimage\",\"url\":\"https:\\\/\\\/www.amiblu.com\\\/wp-content\\\/uploads\\\/Politechnika-Warszawska-Amiblu-Poland.jpg\",\"contentUrl\":\"https:\\\/\\\/www.amiblu.com\\\/wp-content\\\/uploads\\\/Politechnika-Warszawska-Amiblu-Poland.jpg\",\"width\":1057,\"height\":660,\"caption\":\"Podpisanie porozumienia pomi\u0119dzy Politechnik\u0105 Warszawsk\u0105 a Amiblu Poland\"},{\"@type\":\"WebSite\",\"@id\":\"https:\\\/\\\/www.amiblu.com\\\/pl\\\/#website\",\"url\":\"https:\\\/\\\/www.amiblu.com\\\/pl\\\/\",\"name\":\"Amiblu\",\"description\":\"GFK-Rohrsysteme f\u00fcr Generationen\",\"publisher\":{\"@id\":\"https:\\\/\\\/www.amiblu.com\\\/pl\\\/#organization\"},\"potentialAction\":[{\"@type\":\"SearchAction\",\"target\":{\"@type\":\"EntryPoint\",\"urlTemplate\":\"https:\\\/\\\/www.amiblu.com\\\/pl\\\/?s={search_term_string}\"},\"query-input\":{\"@type\":\"PropertyValueSpecification\",\"valueRequired\":true,\"valueName\":\"search_term_string\"}}],\"inLanguage\":\"pl-PL\"},{\"@type\":\"Organization\",\"@id\":\"https:\\\/\\\/www.amiblu.com\\\/pl\\\/#organization\",\"name\":\"Amiblu Group\",\"url\":\"https:\\\/\\\/www.amiblu.com\\\/pl\\\/\",\"logo\":{\"@type\":\"ImageObject\",\"inLanguage\":\"pl-PL\",\"@id\":\"https:\\\/\\\/www.amiblu.com\\\/pl\\\/#\\\/schema\\\/logo\\\/image\\\/\",\"url\":\"https:\\\/\\\/www.amiblu.com\\\/wp-content\\\/uploads\\\/2021\\\/01\\\/Amiblu-logo-website-1.png\",\"contentUrl\":\"https:\\\/\\\/www.amiblu.com\\\/wp-content\\\/uploads\\\/2021\\\/01\\\/Amiblu-logo-website-1.png\",\"width\":201,\"height\":38,\"caption\":\"Amiblu Group\"},\"image\":{\"@id\":\"https:\\\/\\\/www.amiblu.com\\\/pl\\\/#\\\/schema\\\/logo\\\/image\\\/\"},\"sameAs\":[\"https:\\\/\\\/www.facebook.com\\\/amiblupipes\",\"https:\\\/\\\/www.youtube.com\\\/c\\\/Amiblu\",\"https:\\\/\\\/de.wikipedia.org\\\/wiki\\\/Amiblu\",\"https:\\\/\\\/www.linkedin.com\\\/company\\\/amiblupipes\\\/\"]},{\"@type\":\"Person\",\"@id\":\"https:\\\/\\\/www.amiblu.com\\\/pl\\\/#\\\/schema\\\/person\\\/ed8f7c265fbc7bd94ebcd50860c87eaa\",\"name\":\"Agnieszka Lubieniecka\",\"image\":{\"@type\":\"ImageObject\",\"inLanguage\":\"pl-PL\",\"@id\":\"https:\\\/\\\/secure.gravatar.com\\\/avatar\\\/a7e009455a3a9009ac63a3788655a8697f2fd583ff5b25a108ff66699b274427?s=96&d=mm&r=g\",\"url\":\"https:\\\/\\\/secure.gravatar.com\\\/avatar\\\/a7e009455a3a9009ac63a3788655a8697f2fd583ff5b25a108ff66699b274427?s=96&d=mm&r=g\",\"contentUrl\":\"https:\\\/\\\/secure.gravatar.com\\\/avatar\\\/a7e009455a3a9009ac63a3788655a8697f2fd583ff5b25a108ff66699b274427?s=96&d=mm&r=g\",\"caption\":\"Agnieszka Lubieniecka\"}}]}<\/script>\n<!-- \/ Yoast SEO Premium plugin. -->","yoast_head_json":{"title":"Amiblu i Politechnika Warszawska \u0142\u0105cz\u0105 si\u0142y","description":"Amiblu i Politechnika Warszawska \u0142\u0105cz\u0105 si\u0142y na mocy porozumienia o wsp\u00f3\u0142pracy z Wydzia\u0142em Instalacji Budowlanych, Hydrotechniki i In\u017cynierii \u015arodowiska.","robots":{"index":"index","follow":"follow","max-snippet":"max-snippet:-1","max-image-preview":"max-image-preview:large","max-video-preview":"max-video-preview:-1"},"canonical":"https:\/\/www.amiblu.com\/pl\/amiblu-i-politechnika-warszawska-lacza-sily\/","og_locale":"pl_PL","og_type":"article","og_title":"Amiblu i Politechnika Warszawska \u0142\u0105cz\u0105 si\u0142y","og_description":"Amiblu i Politechnika Warszawska \u0142\u0105cz\u0105 si\u0142y na mocy porozumienia o wsp\u00f3\u0142pracy z Wydzia\u0142em Instalacji Budowlanych, Hydrotechniki i In\u017cynierii \u015arodowiska.","og_url":"https:\/\/www.amiblu.com\/pl\/amiblu-i-politechnika-warszawska-lacza-sily\/","og_site_name":"Amiblu","article_publisher":"https:\/\/www.facebook.com\/amiblupipes","article_published_time":"2025-08-07T08:19:19+00:00","article_modified_time":"2025-08-07T08:19:23+00:00","og_image":[{"width":1057,"height":660,"url":"https:\/\/www.amiblu.com\/wp-content\/uploads\/Politechnika-Warszawska-Amiblu-Poland.jpg","type":"image\/jpeg"}],"author":"Agnieszka Lubieniecka","twitter_card":"summary_large_image","twitter_misc":{"Napisane przez":"Agnieszka Lubieniecka","Szacowany czas czytania":"2 minuty"},"schema":{"@context":"https:\/\/schema.org","@graph":[{"@type":"Article","@id":"https:\/\/www.amiblu.com\/pl\/amiblu-i-politechnika-warszawska-lacza-sily\/#article","isPartOf":{"@id":"https:\/\/www.amiblu.com\/pl\/amiblu-i-politechnika-warszawska-lacza-sily\/"},"author":{"name":"Agnieszka Lubieniecka","@id":"https:\/\/www.amiblu.com\/pl\/#\/schema\/person\/ed8f7c265fbc7bd94ebcd50860c87eaa"},"headline":"Amiblu i Politechnika Warszawska \u0142\u0105cz\u0105 si\u0142y","datePublished":"2025-08-07T08:19:19+00:00","dateModified":"2025-08-07T08:19:23+00:00","mainEntityOfPage":{"@id":"https:\/\/www.amiblu.com\/pl\/amiblu-i-politechnika-warszawska-lacza-sily\/"},"wordCount":1101,"publisher":{"@id":"https:\/\/www.amiblu.com\/pl\/#organization"},"image":{"@id":"https:\/\/www.amiblu.com\/pl\/amiblu-i-politechnika-warszawska-lacza-sily\/#primaryimage"},"thumbnailUrl":"https:\/\/www.amiblu.com\/wp-content\/uploads\/Politechnika-Warszawska-Amiblu-Poland.jpg","articleSection":["Nowo\u015bci"],"inLanguage":"pl-PL"},{"@type":"WebPage","@id":"https:\/\/www.amiblu.com\/pl\/amiblu-i-politechnika-warszawska-lacza-sily\/","url":"https:\/\/www.amiblu.com\/pl\/amiblu-i-politechnika-warszawska-lacza-sily\/","name":"Amiblu i Politechnika Warszawska \u0142\u0105cz\u0105 si\u0142y","isPartOf":{"@id":"https:\/\/www.amiblu.com\/pl\/#website"},"primaryImageOfPage":{"@id":"https:\/\/www.amiblu.com\/pl\/amiblu-i-politechnika-warszawska-lacza-sily\/#primaryimage"},"image":{"@id":"https:\/\/www.amiblu.com\/pl\/amiblu-i-politechnika-warszawska-lacza-sily\/#primaryimage"},"thumbnailUrl":"https:\/\/www.amiblu.com\/wp-content\/uploads\/Politechnika-Warszawska-Amiblu-Poland.jpg","datePublished":"2025-08-07T08:19:19+00:00","dateModified":"2025-08-07T08:19:23+00:00","description":"Amiblu i Politechnika Warszawska \u0142\u0105cz\u0105 si\u0142y na mocy porozumienia o wsp\u00f3\u0142pracy z Wydzia\u0142em Instalacji Budowlanych, Hydrotechniki i In\u017cynierii \u015arodowiska.","inLanguage":"pl-PL","potentialAction":[{"@type":"ReadAction","target":["https:\/\/www.amiblu.com\/pl\/amiblu-i-politechnika-warszawska-lacza-sily\/"]}]},{"@type":"ImageObject","inLanguage":"pl-PL","@id":"https:\/\/www.amiblu.com\/pl\/amiblu-i-politechnika-warszawska-lacza-sily\/#primaryimage","url":"https:\/\/www.amiblu.com\/wp-content\/uploads\/Politechnika-Warszawska-Amiblu-Poland.jpg","contentUrl":"https:\/\/www.amiblu.com\/wp-content\/uploads\/Politechnika-Warszawska-Amiblu-Poland.jpg","width":1057,"height":660,"caption":"Podpisanie porozumienia pomi\u0119dzy Politechnik\u0105 Warszawsk\u0105 a Amiblu Poland"},{"@type":"WebSite","@id":"https:\/\/www.amiblu.com\/pl\/#website","url":"https:\/\/www.amiblu.com\/pl\/","name":"Amiblu","description":"GFK-Rohrsysteme f\u00fcr Generationen","publisher":{"@id":"https:\/\/www.amiblu.com\/pl\/#organization"},"potentialAction":[{"@type":"SearchAction","target":{"@type":"EntryPoint","urlTemplate":"https:\/\/www.amiblu.com\/pl\/?s={search_term_string}"},"query-input":{"@type":"PropertyValueSpecification","valueRequired":true,"valueName":"search_term_string"}}],"inLanguage":"pl-PL"},{"@type":"Organization","@id":"https:\/\/www.amiblu.com\/pl\/#organization","name":"Amiblu Group","url":"https:\/\/www.amiblu.com\/pl\/","logo":{"@type":"ImageObject","inLanguage":"pl-PL","@id":"https:\/\/www.amiblu.com\/pl\/#\/schema\/logo\/image\/","url":"https:\/\/www.amiblu.com\/wp-content\/uploads\/2021\/01\/Amiblu-logo-website-1.png","contentUrl":"https:\/\/www.amiblu.com\/wp-content\/uploads\/2021\/01\/Amiblu-logo-website-1.png","width":201,"height":38,"caption":"Amiblu Group"},"image":{"@id":"https:\/\/www.amiblu.com\/pl\/#\/schema\/logo\/image\/"},"sameAs":["https:\/\/www.facebook.com\/amiblupipes","https:\/\/www.youtube.com\/c\/Amiblu","https:\/\/de.wikipedia.org\/wiki\/Amiblu","https:\/\/www.linkedin.com\/company\/amiblupipes\/"]},{"@type":"Person","@id":"https:\/\/www.amiblu.com\/pl\/#\/schema\/person\/ed8f7c265fbc7bd94ebcd50860c87eaa","name":"Agnieszka Lubieniecka","image":{"@type":"ImageObject","inLanguage":"pl-PL","@id":"https:\/\/secure.gravatar.com\/avatar\/a7e009455a3a9009ac63a3788655a8697f2fd583ff5b25a108ff66699b274427?s=96&d=mm&r=g","url":"https:\/\/secure.gravatar.com\/avatar\/a7e009455a3a9009ac63a3788655a8697f2fd583ff5b25a108ff66699b274427?s=96&d=mm&r=g","contentUrl":"https:\/\/secure.gravatar.com\/avatar\/a7e009455a3a9009ac63a3788655a8697f2fd583ff5b25a108ff66699b274427?s=96&d=mm&r=g","caption":"Agnieszka Lubieniecka"}}]}},"_links":{"self":[{"href":"https:\/\/www.amiblu.com\/pl\/wp-json\/wp\/v2\/posts\/73562","targetHints":{"allow":["GET"]}}],"collection":[{"href":"https:\/\/www.amiblu.com\/pl\/wp-json\/wp\/v2\/posts"}],"about":[{"href":"https:\/\/www.amiblu.com\/pl\/wp-json\/wp\/v2\/types\/post"}],"author":[{"embeddable":true,"href":"https:\/\/www.amiblu.com\/pl\/wp-json\/wp\/v2\/users\/62"}],"replies":[{"embeddable":true,"href":"https:\/\/www.amiblu.com\/pl\/wp-json\/wp\/v2\/comments?post=73562"}],"version-history":[{"count":8,"href":"https:\/\/www.amiblu.com\/pl\/wp-json\/wp\/v2\/posts\/73562\/revisions"}],"predecessor-version":[{"id":73570,"href":"https:\/\/www.amiblu.com\/pl\/wp-json\/wp\/v2\/posts\/73562\/revisions\/73570"}],"wp:featuredmedia":[{"embeddable":true,"href":"https:\/\/www.amiblu.com\/pl\/wp-json\/wp\/v2\/media\/73561"}],"wp:attachment":[{"href":"https:\/\/www.amiblu.com\/pl\/wp-json\/wp\/v2\/media?parent=73562"}],"wp:term":[{"taxonomy":"category","embeddable":true,"href":"https:\/\/www.amiblu.com\/pl\/wp-json\/wp\/v2\/categories?post=73562"},{"taxonomy":"post_tag","embeddable":true,"href":"https:\/\/www.amiblu.com\/pl\/wp-json\/wp\/v2\/tags?post=73562"}],"curies":[{"name":"wp","href":"https:\/\/api.w.org\/{rel}","templated":true}]}}