{"id":73579,"date":"2025-08-12T16:58:14","date_gmt":"2025-08-12T14:58:14","guid":{"rendered":"https:\/\/www.amiblu.com\/?p=73579"},"modified":"2025-08-28T15:11:22","modified_gmt":"2025-08-28T13:11:22","slug":"budimex-i-amiblu-wspolnie-przy-projekcie-pierwszej-elektrowni-jadrowej-w-polsce","status":"publish","type":"post","link":"https:\/\/www.amiblu.com\/pl\/budimex-i-amiblu-wspolnie-przy-projekcie-pierwszej-elektrowni-jadrowej-w-polsce\/","title":{"rendered":"Budimex i Amiblu wsp\u00f3lnie przy projekcie pierwszej elektrowni j\u0105drowej w Polsce"},"content":{"rendered":"<\/p>\n\n<style type=\"text\/css\" data-created_by=\"avia_inline_auto\" id=\"style-css-av-me8n8nhq-aeb32a15a3b14d6cd6e3599ee66fd9e0\">\n.avia-image-container.av-me8n8nhq-aeb32a15a3b14d6cd6e3599ee66fd9e0 img.avia_image{\nbox-shadow:none;\n}\n.avia-image-container.av-me8n8nhq-aeb32a15a3b14d6cd6e3599ee66fd9e0 .av-image-caption-overlay-center{\ncolor:#ffffff;\n}\n<\/style>\n<div  class='avia-image-container av-me8n8nhq-aeb32a15a3b14d6cd6e3599ee66fd9e0 av-styling- avia-align-left  avia-builder-el-0  el_before_av_hr  avia-builder-el-first '   itemprop=\"image\" itemscope=\"itemscope\" itemtype=\"https:\/\/schema.org\/ImageObject\" ><div class=\"avia-image-container-inner\"><div class=\"avia-image-overlay-wrap\"><img fetchpriority=\"high\" fetchpriority=\"high\" decoding=\"async\" fetchpriority=\"high\" class='wp-image-73578 avia-img-lazy-loading-not-73578 avia_image ' src=\"https:\/\/www.amiblu.com\/wp-content\/uploads\/Polskie-Elektrownie-Jadrowe-Choczewo-Wizualizacja.jpg\" alt='Wizualizacja pierwszej elektrowni j\u0105drowej w Polsce, znajduj\u0105cej sie w gminie Choczewo.' title='Polskie-Elektrownie-Jadrowe-Choczewo-Wizualizacja'  height=\"660\" width=\"1057\"  itemprop=\"thumbnailUrl\" srcset=\"https:\/\/www.amiblu.com\/wp-content\/uploads\/Polskie-Elektrownie-Jadrowe-Choczewo-Wizualizacja.jpg 1057w, https:\/\/www.amiblu.com\/wp-content\/uploads\/Polskie-Elektrownie-Jadrowe-Choczewo-Wizualizacja-300x187.jpg 300w, https:\/\/www.amiblu.com\/wp-content\/uploads\/Polskie-Elektrownie-Jadrowe-Choczewo-Wizualizacja-1030x643.jpg 1030w, https:\/\/www.amiblu.com\/wp-content\/uploads\/Polskie-Elektrownie-Jadrowe-Choczewo-Wizualizacja-768x480.jpg 768w, https:\/\/www.amiblu.com\/wp-content\/uploads\/Polskie-Elektrownie-Jadrowe-Choczewo-Wizualizacja-705x440.jpg 705w\" sizes=\"(max-width: 1057px) 100vw, 1057px\" \/><\/div><\/div><\/div>\n\n<style type=\"text\/css\" data-created_by=\"avia_inline_auto\" id=\"style-css-av-me8n98on-d5aafcefdad114c037ac6f9a50973fd1\">\n#top .hr.hr-invisible.av-me8n98on-d5aafcefdad114c037ac6f9a50973fd1{\nheight:30px;\n}\n<\/style>\n<div  class='hr av-me8n98on-d5aafcefdad114c037ac6f9a50973fd1 hr-invisible  avia-builder-el-1  el_after_av_image  el_before_av_heading '><span class='hr-inner '><span class=\"hr-inner-style\"><\/span><\/span><\/div>\n\n<style type=\"text\/css\" data-created_by=\"avia_inline_auto\" id=\"style-css-av-me8nb8rz-5bcf2e96929da9e3283845d7cb6d9748\">\n#top .av-special-heading.av-me8nb8rz-5bcf2e96929da9e3283845d7cb6d9748{\npadding-bottom:10px;\n}\nbody .av-special-heading.av-me8nb8rz-5bcf2e96929da9e3283845d7cb6d9748 .av-special-heading-tag .heading-char{\nfont-size:25px;\n}\n.av-special-heading.av-me8nb8rz-5bcf2e96929da9e3283845d7cb6d9748 .av-subheading{\nfont-size:15px;\n}\n<\/style>\n<div  class='av-special-heading av-me8nb8rz-5bcf2e96929da9e3283845d7cb6d9748 av-special-heading-h1  avia-builder-el-2  el_after_av_hr  el_before_av_textblock '><h1 class='av-special-heading-tag '  itemprop=\"headline\"  >Budimex i Amiblu nawi\u0105zuj\u0105 wsp\u00f3\u0142prac\u0119 przy projekcie pierwszej elektrowni j\u0105drowej w Polsce<\/h1><div class=\"special-heading-border\"><div class=\"special-heading-inner-border\"><\/div><\/div><\/div>\n<section  class='av_textblock_section av-me8neu06-0673c0b86f6cce32eb52b7ef84fb9a28 '   itemscope=\"itemscope\" itemtype=\"https:\/\/schema.org\/BlogPosting\" itemprop=\"blogPost\" ><div class='avia_textblock'  itemprop=\"text\" ><p>Budimex S.A., jeden z najwi\u0119kszych wykonawc\u00f3w budowlanych w kraju, oraz Amiblu \u2013 europejski lider dostarczaj\u0105cy systemy rurowe GRP dla infrastruktury wodnej \u2013 podpisali umow\u0119 o partnerstwie. Obejmuje ona wsp\u00f3\u0142prac\u0119 w zakresie przygotowania ofert oraz realizacj\u0119 wybranych zakres\u00f3w prac w ramach projektu budowy pierwszej w Polsce elektrowni j\u0105drowej z reaktorem typu AP1000, zlokalizowanej na terenie gminy Choczewo.<\/p>\n<p>Inwestorem projektu jest sp\u00f3\u0142ka <a href=\"https:\/\/pej.pl\/\">Polskie Elektrownie J\u0105drowe<\/a>, realizuj\u0105ca inwestycj\u0119 we wsp\u00f3\u0142pracy z konsorcjum Westinghouse i Bechtel, pe\u0142ni\u0105cym rol\u0119 Generalnego Wykonawcy.<\/p>\n<h3>Wsp\u00f3lne dzia\u0142ania i do\u015bwiadczenie Amiblu<\/h3>\n<p>Na mocy podpisanej umowy <a href=\"https:\/\/budimex.pl\/\">Budimex<\/a> i Amiblu b\u0119d\u0105 wsp\u00f3\u0142pracowa\u0107 przy przygotowaniu ofert przetargowych oraz realizacji element\u00f3w infrastruktury technologicznej, w tym system\u00f3w wodnych. Amiblu wniesie do projektu swoje wieloletnie do\u015bwiadczenie w dostarczaniu <a href=\"https:\/\/www.amiblu.com\/pl\/dlaczego-grp\/\">system\u00f3w rurowych GRP<\/a>, wykorzystywanych na ca\u0142ym \u015bwiecie w wymagaj\u0105cych inwestycjach energetycznych, przemys\u0142owych i infrastrukturalnych.<\/p>\n<p>Zakres wsp\u00f3\u0142pracy obejmuje tak\u017ce wsp\u00f3lne dzia\u0142ania w obszarze value engineering, <a href=\"https:\/\/www.amiblu.com\/pl\/amiblu-wspiera-kampanie-unesco\/\">wymian\u0119 wiedzy technicznej<\/a> oraz udzia\u0142 w naradach, spotkaniach i negocjacjach organizowanych przez Budimex.<\/p>\n<h3>Systemy rurowe GRP w strategicznej inwestycji<\/h3>\n<blockquote>\n<p>Budowa elektrowni j\u0105drowej to projekt o znaczeniu strategicznym dla bezpiecze\u0144stwa energetycznego Polski i ca\u0142ego regionu. Nasze systemy rurowe GRP s\u0105 wykorzystywane w wielu instalacjach energetycznych na \u015bwiecie \u2013 w tym tak\u017ce w obiegach ch\u0142odzenia w elektrowniach j\u0105drowych. Cieszymy si\u0119, \u017ce wsp\u00f3lnie z Budimexem mo\u017cemy wnie\u015b\u0107 realn\u0105 warto\u015b\u0107 do tego prze\u0142omowego przedsi\u0119wzi\u0119cia \u2013 m\u00f3wi Tomasz Wojtczak, Prezes Zarz\u0105du Amiblu Poland.<\/p>\n<\/blockquote>\n<p>Wsp\u00f3\u0142praca ma charakter strategiczny i d\u0142ugoterminowy \u2013 obie firmy planuj\u0105 udzia\u0142 we wszystkich kluczowych etapach post\u0119powa\u0144 przetargowych prowadzonych przez Generalnego Wykonawc\u0119 oraz wsp\u00f3ln\u0105 realizacj\u0119 wybranych element\u00f3w projektu po uzyskaniu zam\u00f3wie\u0144, w tym dostawy system\u00f3w rurowych GRP.<\/p>\n<\/div><\/section>\n","protected":false},"excerpt":{"rendered":"<p>Budimex i Amiblu \u2013 europejski lider dostarczaj\u0105cy systemy rurowe GRP dla infrastruktury wodnej \u2013 podpisali umow\u0119 o partnerstwie. <\/p>\n","protected":false},"author":62,"featured_media":73578,"comment_status":"closed","ping_status":"closed","sticky":false,"template":"","format":"standard","meta":{"_acf_changed":false,"footnotes":""},"categories":[163],"tags":[],"class_list":["post-73579","post","type-post","status-publish","format-standard","has-post-thumbnail","hentry","category-news-3"],"acf":[],"yoast_head":"<!-- This site is optimized with the Yoast SEO Premium plugin v27.5 (Yoast SEO v27.5) - https:\/\/yoast.com\/product\/yoast-seo-premium-wordpress\/ -->\n<title>Budimex i Amiblu wsp\u00f3lnie przy projekcie pierwszej elektrowni j\u0105drowej w Polsce - Amiblu<\/title>\n<meta name=\"description\" content=\"Budimex i Amiblu \u2013 europejski lider dostarczaj\u0105cy systemy rurowe GRP dla infrastruktury wodnej \u2013 podpisali umow\u0119 o partnerstwie. Obejmuje ona wsp\u00f3\u0142prac\u0119 w zakresie przygotowania ofert oraz realizacj\u0119 wybranych zakres\u00f3w prac w ramach projektu budowy pierwszej w Polsce elektrowni j\u0105drowej w Choczewie.\" \/>\n<meta name=\"robots\" content=\"index, follow, max-snippet:-1, max-image-preview:large, max-video-preview:-1\" \/>\n<link rel=\"canonical\" href=\"https:\/\/www.amiblu.com\/pl\/budimex-i-amiblu-wspolnie-przy-projekcie-pierwszej-elektrowni-jadrowej-w-polsce\/\" \/>\n<meta property=\"og:locale\" content=\"pl_PL\" \/>\n<meta property=\"og:type\" content=\"article\" \/>\n<meta property=\"og:title\" content=\"Budimex i Amiblu wsp\u00f3lnie przy projekcie pierwszej elektrowni j\u0105drowej w Polsce\" \/>\n<meta property=\"og:description\" content=\"Budimex i Amiblu \u2013 europejski lider dostarczaj\u0105cy systemy rurowe GRP dla infrastruktury wodnej \u2013 podpisali umow\u0119 o partnerstwie. Obejmuje ona wsp\u00f3\u0142prac\u0119 w zakresie przygotowania ofert oraz realizacj\u0119 wybranych zakres\u00f3w prac w ramach projektu budowy pierwszej w Polsce elektrowni j\u0105drowej w Choczewie.\" \/>\n<meta property=\"og:url\" content=\"https:\/\/www.amiblu.com\/pl\/budimex-i-amiblu-wspolnie-przy-projekcie-pierwszej-elektrowni-jadrowej-w-polsce\/\" \/>\n<meta property=\"og:site_name\" content=\"Amiblu\" \/>\n<meta property=\"article:publisher\" content=\"https:\/\/www.facebook.com\/amiblupipes\" \/>\n<meta property=\"article:published_time\" content=\"2025-08-12T14:58:14+00:00\" \/>\n<meta property=\"article:modified_time\" content=\"2025-08-28T13:11:22+00:00\" \/>\n<meta property=\"og:image\" content=\"https:\/\/www.amiblu.com\/wp-content\/uploads\/Polskie-Elektrownie-Jadrowe-Choczewo-Wizualizacja.jpg\" \/>\n\t<meta property=\"og:image:width\" content=\"1057\" \/>\n\t<meta property=\"og:image:height\" content=\"660\" \/>\n\t<meta property=\"og:image:type\" content=\"image\/jpeg\" \/>\n<meta name=\"author\" content=\"Agnieszka Lubieniecka\" \/>\n<meta name=\"twitter:card\" content=\"summary_large_image\" \/>\n<meta name=\"twitter:label1\" content=\"Napisane przez\" \/>\n\t<meta name=\"twitter:data1\" content=\"Agnieszka Lubieniecka\" \/>\n\t<meta name=\"twitter:label2\" content=\"Szacowany czas czytania\" \/>\n\t<meta name=\"twitter:data2\" content=\"2 minuty\" \/>\n<script type=\"application\/ld+json\" class=\"yoast-schema-graph\">{\"@context\":\"https:\\\/\\\/schema.org\",\"@graph\":[{\"@type\":\"Article\",\"@id\":\"https:\\\/\\\/www.amiblu.com\\\/pl\\\/budimex-i-amiblu-wspolnie-przy-projekcie-pierwszej-elektrowni-jadrowej-w-polsce\\\/#article\",\"isPartOf\":{\"@id\":\"https:\\\/\\\/www.amiblu.com\\\/pl\\\/budimex-i-amiblu-wspolnie-przy-projekcie-pierwszej-elektrowni-jadrowej-w-polsce\\\/\"},\"author\":{\"name\":\"Agnieszka Lubieniecka\",\"@id\":\"https:\\\/\\\/www.amiblu.com\\\/pl\\\/#\\\/schema\\\/person\\\/ed8f7c265fbc7bd94ebcd50860c87eaa\"},\"headline\":\"Budimex i Amiblu wsp\u00f3lnie przy projekcie pierwszej elektrowni j\u0105drowej w Polsce\",\"datePublished\":\"2025-08-12T14:58:14+00:00\",\"dateModified\":\"2025-08-28T13:11:22+00:00\",\"mainEntityOfPage\":{\"@id\":\"https:\\\/\\\/www.amiblu.com\\\/pl\\\/budimex-i-amiblu-wspolnie-przy-projekcie-pierwszej-elektrowni-jadrowej-w-polsce\\\/\"},\"wordCount\":856,\"publisher\":{\"@id\":\"https:\\\/\\\/www.amiblu.com\\\/pl\\\/#organization\"},\"image\":{\"@id\":\"https:\\\/\\\/www.amiblu.com\\\/pl\\\/budimex-i-amiblu-wspolnie-przy-projekcie-pierwszej-elektrowni-jadrowej-w-polsce\\\/#primaryimage\"},\"thumbnailUrl\":\"https:\\\/\\\/www.amiblu.com\\\/wp-content\\\/uploads\\\/Polskie-Elektrownie-Jadrowe-Choczewo-Wizualizacja.jpg\",\"articleSection\":[\"Nowo\u015bci\"],\"inLanguage\":\"pl-PL\"},{\"@type\":\"WebPage\",\"@id\":\"https:\\\/\\\/www.amiblu.com\\\/pl\\\/budimex-i-amiblu-wspolnie-przy-projekcie-pierwszej-elektrowni-jadrowej-w-polsce\\\/\",\"url\":\"https:\\\/\\\/www.amiblu.com\\\/pl\\\/budimex-i-amiblu-wspolnie-przy-projekcie-pierwszej-elektrowni-jadrowej-w-polsce\\\/\",\"name\":\"Budimex i Amiblu wsp\u00f3lnie przy projekcie pierwszej elektrowni j\u0105drowej w Polsce - Amiblu\",\"isPartOf\":{\"@id\":\"https:\\\/\\\/www.amiblu.com\\\/pl\\\/#website\"},\"primaryImageOfPage\":{\"@id\":\"https:\\\/\\\/www.amiblu.com\\\/pl\\\/budimex-i-amiblu-wspolnie-przy-projekcie-pierwszej-elektrowni-jadrowej-w-polsce\\\/#primaryimage\"},\"image\":{\"@id\":\"https:\\\/\\\/www.amiblu.com\\\/pl\\\/budimex-i-amiblu-wspolnie-przy-projekcie-pierwszej-elektrowni-jadrowej-w-polsce\\\/#primaryimage\"},\"thumbnailUrl\":\"https:\\\/\\\/www.amiblu.com\\\/wp-content\\\/uploads\\\/Polskie-Elektrownie-Jadrowe-Choczewo-Wizualizacja.jpg\",\"datePublished\":\"2025-08-12T14:58:14+00:00\",\"dateModified\":\"2025-08-28T13:11:22+00:00\",\"description\":\"Budimex i Amiblu \u2013 europejski lider dostarczaj\u0105cy systemy rurowe GRP dla infrastruktury wodnej \u2013 podpisali umow\u0119 o partnerstwie. Obejmuje ona wsp\u00f3\u0142prac\u0119 w zakresie przygotowania ofert oraz realizacj\u0119 wybranych zakres\u00f3w prac w ramach projektu budowy pierwszej w Polsce elektrowni j\u0105drowej w Choczewie.\",\"inLanguage\":\"pl-PL\",\"potentialAction\":[{\"@type\":\"ReadAction\",\"target\":[\"https:\\\/\\\/www.amiblu.com\\\/pl\\\/budimex-i-amiblu-wspolnie-przy-projekcie-pierwszej-elektrowni-jadrowej-w-polsce\\\/\"]}]},{\"@type\":\"ImageObject\",\"inLanguage\":\"pl-PL\",\"@id\":\"https:\\\/\\\/www.amiblu.com\\\/pl\\\/budimex-i-amiblu-wspolnie-przy-projekcie-pierwszej-elektrowni-jadrowej-w-polsce\\\/#primaryimage\",\"url\":\"https:\\\/\\\/www.amiblu.com\\\/wp-content\\\/uploads\\\/Polskie-Elektrownie-Jadrowe-Choczewo-Wizualizacja.jpg\",\"contentUrl\":\"https:\\\/\\\/www.amiblu.com\\\/wp-content\\\/uploads\\\/Polskie-Elektrownie-Jadrowe-Choczewo-Wizualizacja.jpg\",\"width\":1057,\"height\":660,\"caption\":\"Wizualizacja pierwszej elektrowni j\u0105drowej w Polsce, znajduj\u0105cej sie w gminie Choczewo.\"},{\"@type\":\"WebSite\",\"@id\":\"https:\\\/\\\/www.amiblu.com\\\/pl\\\/#website\",\"url\":\"https:\\\/\\\/www.amiblu.com\\\/pl\\\/\",\"name\":\"Amiblu\",\"description\":\"GFK-Rohrsysteme f\u00fcr Generationen\",\"publisher\":{\"@id\":\"https:\\\/\\\/www.amiblu.com\\\/pl\\\/#organization\"},\"potentialAction\":[{\"@type\":\"SearchAction\",\"target\":{\"@type\":\"EntryPoint\",\"urlTemplate\":\"https:\\\/\\\/www.amiblu.com\\\/pl\\\/?s={search_term_string}\"},\"query-input\":{\"@type\":\"PropertyValueSpecification\",\"valueRequired\":true,\"valueName\":\"search_term_string\"}}],\"inLanguage\":\"pl-PL\"},{\"@type\":\"Organization\",\"@id\":\"https:\\\/\\\/www.amiblu.com\\\/pl\\\/#organization\",\"name\":\"Amiblu Group\",\"url\":\"https:\\\/\\\/www.amiblu.com\\\/pl\\\/\",\"logo\":{\"@type\":\"ImageObject\",\"inLanguage\":\"pl-PL\",\"@id\":\"https:\\\/\\\/www.amiblu.com\\\/pl\\\/#\\\/schema\\\/logo\\\/image\\\/\",\"url\":\"https:\\\/\\\/www.amiblu.com\\\/wp-content\\\/uploads\\\/2021\\\/01\\\/Amiblu-logo-website-1.png\",\"contentUrl\":\"https:\\\/\\\/www.amiblu.com\\\/wp-content\\\/uploads\\\/2021\\\/01\\\/Amiblu-logo-website-1.png\",\"width\":201,\"height\":38,\"caption\":\"Amiblu Group\"},\"image\":{\"@id\":\"https:\\\/\\\/www.amiblu.com\\\/pl\\\/#\\\/schema\\\/logo\\\/image\\\/\"},\"sameAs\":[\"https:\\\/\\\/www.facebook.com\\\/amiblupipes\",\"https:\\\/\\\/www.youtube.com\\\/c\\\/Amiblu\",\"https:\\\/\\\/de.wikipedia.org\\\/wiki\\\/Amiblu\",\"https:\\\/\\\/www.linkedin.com\\\/company\\\/amiblupipes\\\/\"]},{\"@type\":\"Person\",\"@id\":\"https:\\\/\\\/www.amiblu.com\\\/pl\\\/#\\\/schema\\\/person\\\/ed8f7c265fbc7bd94ebcd50860c87eaa\",\"name\":\"Agnieszka Lubieniecka\",\"image\":{\"@type\":\"ImageObject\",\"inLanguage\":\"pl-PL\",\"@id\":\"https:\\\/\\\/secure.gravatar.com\\\/avatar\\\/a7e009455a3a9009ac63a3788655a8697f2fd583ff5b25a108ff66699b274427?s=96&d=mm&r=g\",\"url\":\"https:\\\/\\\/secure.gravatar.com\\\/avatar\\\/a7e009455a3a9009ac63a3788655a8697f2fd583ff5b25a108ff66699b274427?s=96&d=mm&r=g\",\"contentUrl\":\"https:\\\/\\\/secure.gravatar.com\\\/avatar\\\/a7e009455a3a9009ac63a3788655a8697f2fd583ff5b25a108ff66699b274427?s=96&d=mm&r=g\",\"caption\":\"Agnieszka Lubieniecka\"}}]}<\/script>\n<!-- \/ Yoast SEO Premium plugin. -->","yoast_head_json":{"title":"Budimex i Amiblu wsp\u00f3lnie przy projekcie pierwszej elektrowni j\u0105drowej w Polsce - Amiblu","description":"Budimex i Amiblu \u2013 europejski lider dostarczaj\u0105cy systemy rurowe GRP dla infrastruktury wodnej \u2013 podpisali umow\u0119 o partnerstwie. Obejmuje ona wsp\u00f3\u0142prac\u0119 w zakresie przygotowania ofert oraz realizacj\u0119 wybranych zakres\u00f3w prac w ramach projektu budowy pierwszej w Polsce elektrowni j\u0105drowej w Choczewie.","robots":{"index":"index","follow":"follow","max-snippet":"max-snippet:-1","max-image-preview":"max-image-preview:large","max-video-preview":"max-video-preview:-1"},"canonical":"https:\/\/www.amiblu.com\/pl\/budimex-i-amiblu-wspolnie-przy-projekcie-pierwszej-elektrowni-jadrowej-w-polsce\/","og_locale":"pl_PL","og_type":"article","og_title":"Budimex i Amiblu wsp\u00f3lnie przy projekcie pierwszej elektrowni j\u0105drowej w Polsce","og_description":"Budimex i Amiblu \u2013 europejski lider dostarczaj\u0105cy systemy rurowe GRP dla infrastruktury wodnej \u2013 podpisali umow\u0119 o partnerstwie. Obejmuje ona wsp\u00f3\u0142prac\u0119 w zakresie przygotowania ofert oraz realizacj\u0119 wybranych zakres\u00f3w prac w ramach projektu budowy pierwszej w Polsce elektrowni j\u0105drowej w Choczewie.","og_url":"https:\/\/www.amiblu.com\/pl\/budimex-i-amiblu-wspolnie-przy-projekcie-pierwszej-elektrowni-jadrowej-w-polsce\/","og_site_name":"Amiblu","article_publisher":"https:\/\/www.facebook.com\/amiblupipes","article_published_time":"2025-08-12T14:58:14+00:00","article_modified_time":"2025-08-28T13:11:22+00:00","og_image":[{"width":1057,"height":660,"url":"https:\/\/www.amiblu.com\/wp-content\/uploads\/Polskie-Elektrownie-Jadrowe-Choczewo-Wizualizacja.jpg","type":"image\/jpeg"}],"author":"Agnieszka Lubieniecka","twitter_card":"summary_large_image","twitter_misc":{"Napisane przez":"Agnieszka Lubieniecka","Szacowany czas czytania":"2 minuty"},"schema":{"@context":"https:\/\/schema.org","@graph":[{"@type":"Article","@id":"https:\/\/www.amiblu.com\/pl\/budimex-i-amiblu-wspolnie-przy-projekcie-pierwszej-elektrowni-jadrowej-w-polsce\/#article","isPartOf":{"@id":"https:\/\/www.amiblu.com\/pl\/budimex-i-amiblu-wspolnie-przy-projekcie-pierwszej-elektrowni-jadrowej-w-polsce\/"},"author":{"name":"Agnieszka Lubieniecka","@id":"https:\/\/www.amiblu.com\/pl\/#\/schema\/person\/ed8f7c265fbc7bd94ebcd50860c87eaa"},"headline":"Budimex i Amiblu wsp\u00f3lnie przy projekcie pierwszej elektrowni j\u0105drowej w Polsce","datePublished":"2025-08-12T14:58:14+00:00","dateModified":"2025-08-28T13:11:22+00:00","mainEntityOfPage":{"@id":"https:\/\/www.amiblu.com\/pl\/budimex-i-amiblu-wspolnie-przy-projekcie-pierwszej-elektrowni-jadrowej-w-polsce\/"},"wordCount":856,"publisher":{"@id":"https:\/\/www.amiblu.com\/pl\/#organization"},"image":{"@id":"https:\/\/www.amiblu.com\/pl\/budimex-i-amiblu-wspolnie-przy-projekcie-pierwszej-elektrowni-jadrowej-w-polsce\/#primaryimage"},"thumbnailUrl":"https:\/\/www.amiblu.com\/wp-content\/uploads\/Polskie-Elektrownie-Jadrowe-Choczewo-Wizualizacja.jpg","articleSection":["Nowo\u015bci"],"inLanguage":"pl-PL"},{"@type":"WebPage","@id":"https:\/\/www.amiblu.com\/pl\/budimex-i-amiblu-wspolnie-przy-projekcie-pierwszej-elektrowni-jadrowej-w-polsce\/","url":"https:\/\/www.amiblu.com\/pl\/budimex-i-amiblu-wspolnie-przy-projekcie-pierwszej-elektrowni-jadrowej-w-polsce\/","name":"Budimex i Amiblu wsp\u00f3lnie przy projekcie pierwszej elektrowni j\u0105drowej w Polsce - Amiblu","isPartOf":{"@id":"https:\/\/www.amiblu.com\/pl\/#website"},"primaryImageOfPage":{"@id":"https:\/\/www.amiblu.com\/pl\/budimex-i-amiblu-wspolnie-przy-projekcie-pierwszej-elektrowni-jadrowej-w-polsce\/#primaryimage"},"image":{"@id":"https:\/\/www.amiblu.com\/pl\/budimex-i-amiblu-wspolnie-przy-projekcie-pierwszej-elektrowni-jadrowej-w-polsce\/#primaryimage"},"thumbnailUrl":"https:\/\/www.amiblu.com\/wp-content\/uploads\/Polskie-Elektrownie-Jadrowe-Choczewo-Wizualizacja.jpg","datePublished":"2025-08-12T14:58:14+00:00","dateModified":"2025-08-28T13:11:22+00:00","description":"Budimex i Amiblu \u2013 europejski lider dostarczaj\u0105cy systemy rurowe GRP dla infrastruktury wodnej \u2013 podpisali umow\u0119 o partnerstwie. Obejmuje ona wsp\u00f3\u0142prac\u0119 w zakresie przygotowania ofert oraz realizacj\u0119 wybranych zakres\u00f3w prac w ramach projektu budowy pierwszej w Polsce elektrowni j\u0105drowej w Choczewie.","inLanguage":"pl-PL","potentialAction":[{"@type":"ReadAction","target":["https:\/\/www.amiblu.com\/pl\/budimex-i-amiblu-wspolnie-przy-projekcie-pierwszej-elektrowni-jadrowej-w-polsce\/"]}]},{"@type":"ImageObject","inLanguage":"pl-PL","@id":"https:\/\/www.amiblu.com\/pl\/budimex-i-amiblu-wspolnie-przy-projekcie-pierwszej-elektrowni-jadrowej-w-polsce\/#primaryimage","url":"https:\/\/www.amiblu.com\/wp-content\/uploads\/Polskie-Elektrownie-Jadrowe-Choczewo-Wizualizacja.jpg","contentUrl":"https:\/\/www.amiblu.com\/wp-content\/uploads\/Polskie-Elektrownie-Jadrowe-Choczewo-Wizualizacja.jpg","width":1057,"height":660,"caption":"Wizualizacja pierwszej elektrowni j\u0105drowej w Polsce, znajduj\u0105cej sie w gminie Choczewo."},{"@type":"WebSite","@id":"https:\/\/www.amiblu.com\/pl\/#website","url":"https:\/\/www.amiblu.com\/pl\/","name":"Amiblu","description":"GFK-Rohrsysteme f\u00fcr Generationen","publisher":{"@id":"https:\/\/www.amiblu.com\/pl\/#organization"},"potentialAction":[{"@type":"SearchAction","target":{"@type":"EntryPoint","urlTemplate":"https:\/\/www.amiblu.com\/pl\/?s={search_term_string}"},"query-input":{"@type":"PropertyValueSpecification","valueRequired":true,"valueName":"search_term_string"}}],"inLanguage":"pl-PL"},{"@type":"Organization","@id":"https:\/\/www.amiblu.com\/pl\/#organization","name":"Amiblu Group","url":"https:\/\/www.amiblu.com\/pl\/","logo":{"@type":"ImageObject","inLanguage":"pl-PL","@id":"https:\/\/www.amiblu.com\/pl\/#\/schema\/logo\/image\/","url":"https:\/\/www.amiblu.com\/wp-content\/uploads\/2021\/01\/Amiblu-logo-website-1.png","contentUrl":"https:\/\/www.amiblu.com\/wp-content\/uploads\/2021\/01\/Amiblu-logo-website-1.png","width":201,"height":38,"caption":"Amiblu Group"},"image":{"@id":"https:\/\/www.amiblu.com\/pl\/#\/schema\/logo\/image\/"},"sameAs":["https:\/\/www.facebook.com\/amiblupipes","https:\/\/www.youtube.com\/c\/Amiblu","https:\/\/de.wikipedia.org\/wiki\/Amiblu","https:\/\/www.linkedin.com\/company\/amiblupipes\/"]},{"@type":"Person","@id":"https:\/\/www.amiblu.com\/pl\/#\/schema\/person\/ed8f7c265fbc7bd94ebcd50860c87eaa","name":"Agnieszka Lubieniecka","image":{"@type":"ImageObject","inLanguage":"pl-PL","@id":"https:\/\/secure.gravatar.com\/avatar\/a7e009455a3a9009ac63a3788655a8697f2fd583ff5b25a108ff66699b274427?s=96&d=mm&r=g","url":"https:\/\/secure.gravatar.com\/avatar\/a7e009455a3a9009ac63a3788655a8697f2fd583ff5b25a108ff66699b274427?s=96&d=mm&r=g","contentUrl":"https:\/\/secure.gravatar.com\/avatar\/a7e009455a3a9009ac63a3788655a8697f2fd583ff5b25a108ff66699b274427?s=96&d=mm&r=g","caption":"Agnieszka Lubieniecka"}}]}},"_links":{"self":[{"href":"https:\/\/www.amiblu.com\/pl\/wp-json\/wp\/v2\/posts\/73579","targetHints":{"allow":["GET"]}}],"collection":[{"href":"https:\/\/www.amiblu.com\/pl\/wp-json\/wp\/v2\/posts"}],"about":[{"href":"https:\/\/www.amiblu.com\/pl\/wp-json\/wp\/v2\/types\/post"}],"author":[{"embeddable":true,"href":"https:\/\/www.amiblu.com\/pl\/wp-json\/wp\/v2\/users\/62"}],"replies":[{"embeddable":true,"href":"https:\/\/www.amiblu.com\/pl\/wp-json\/wp\/v2\/comments?post=73579"}],"version-history":[{"count":28,"href":"https:\/\/www.amiblu.com\/pl\/wp-json\/wp\/v2\/posts\/73579\/revisions"}],"predecessor-version":[{"id":73887,"href":"https:\/\/www.amiblu.com\/pl\/wp-json\/wp\/v2\/posts\/73579\/revisions\/73887"}],"wp:featuredmedia":[{"embeddable":true,"href":"https:\/\/www.amiblu.com\/pl\/wp-json\/wp\/v2\/media\/73578"}],"wp:attachment":[{"href":"https:\/\/www.amiblu.com\/pl\/wp-json\/wp\/v2\/media?parent=73579"}],"wp:term":[{"taxonomy":"category","embeddable":true,"href":"https:\/\/www.amiblu.com\/pl\/wp-json\/wp\/v2\/categories?post=73579"},{"taxonomy":"post_tag","embeddable":true,"href":"https:\/\/www.amiblu.com\/pl\/wp-json\/wp\/v2\/tags?post=73579"}],"curies":[{"name":"wp","href":"https:\/\/api.w.org\/{rel}","templated":true}]}}