{"id":74733,"date":"2025-11-14T11:35:11","date_gmt":"2025-11-14T10:35:11","guid":{"rendered":"https:\/\/www.amiblu.com\/?p=74733"},"modified":"2025-11-18T09:14:00","modified_gmt":"2025-11-18T08:14:00","slug":"amiblu-optymalizuje-swoje-dzialania-w-europie","status":"publish","type":"post","link":"https:\/\/www.amiblu.com\/pl\/amiblu-optymalizuje-swoje-dzialania-w-europie\/","title":{"rendered":"Amiblu optymalizuje swoje dzia\u0142ania w Europie"},"content":{"rendered":"\n<style type=\"text\/css\" data-created_by=\"avia_inline_auto\" id=\"style-css-av-mhypwrao-659e165aa618e64f08e127d9e182ae1b\">\n.avia-image-container.av-mhypwrao-659e165aa618e64f08e127d9e182ae1b img.avia_image{\nbox-shadow:none;\n}\n.avia-image-container.av-mhypwrao-659e165aa618e64f08e127d9e182ae1b .av-image-caption-overlay-center{\ncolor:#ffffff;\n}\n<\/style>\n<div  class='avia-image-container av-mhypwrao-659e165aa618e64f08e127d9e182ae1b av-styling- avia-align-left  avia-builder-el-0  el_before_av_hr  avia-builder-el-first '   itemprop=\"image\" itemscope=\"itemscope\" itemtype=\"https:\/\/schema.org\/ImageObject\" ><div class=\"avia-image-container-inner\"><div class=\"avia-image-overlay-wrap\"><img fetchpriority=\"high\" fetchpriority=\"high\" decoding=\"async\" fetchpriority=\"high\" class='wp-image-74732 avia-img-lazy-loading-not-74732 avia_image ' src=\"https:\/\/www.amiblu.com\/wp-content\/uploads\/Gdansk-plant.png\" alt='Widok na fabryk\u0119 Amiblu w Gda\u0144sku' title='Gdansk-plant'  height=\"500\" width=\"800\"  itemprop=\"thumbnailUrl\" srcset=\"https:\/\/www.amiblu.com\/wp-content\/uploads\/Gdansk-plant.png 800w, https:\/\/www.amiblu.com\/wp-content\/uploads\/Gdansk-plant-300x188.png 300w, https:\/\/www.amiblu.com\/wp-content\/uploads\/Gdansk-plant-768x480.png 768w, https:\/\/www.amiblu.com\/wp-content\/uploads\/Gdansk-plant-705x441.png 705w\" sizes=\"(max-width: 800px) 100vw, 800px\" \/><\/div><\/div><\/div>\n\n<style type=\"text\/css\" data-created_by=\"avia_inline_auto\" id=\"style-css-av-mhypo9fa-a287b8de373293a8475738b63a036d78\">\n#top .hr.hr-invisible.av-mhypo9fa-a287b8de373293a8475738b63a036d78{\nheight:30px;\n}\n<\/style>\n<div  class='hr av-mhypo9fa-a287b8de373293a8475738b63a036d78 hr-invisible  avia-builder-el-1  el_after_av_image  el_before_av_heading '><span class='hr-inner '><span class=\"hr-inner-style\"><\/span><\/span><\/div>\n\n<style type=\"text\/css\" data-created_by=\"avia_inline_auto\" id=\"style-css-av-mhypnwvv-00f7b3aa8e86c77c35686665c552fa8e\">\n#top .av-special-heading.av-mhypnwvv-00f7b3aa8e86c77c35686665c552fa8e{\npadding-bottom:10px;\n}\nbody .av-special-heading.av-mhypnwvv-00f7b3aa8e86c77c35686665c552fa8e .av-special-heading-tag .heading-char{\nfont-size:25px;\n}\n.av-special-heading.av-mhypnwvv-00f7b3aa8e86c77c35686665c552fa8e .av-subheading{\nfont-size:15px;\n}\n<\/style>\n<div  class='av-special-heading av-mhypnwvv-00f7b3aa8e86c77c35686665c552fa8e av-special-heading-h1  avia-builder-el-2  el_after_av_hr  el_before_av_textblock '><h1 class='av-special-heading-tag '  itemprop=\"headline\"  >Amiblu optymalizuje swoje dzia\u0142ania w Europie<\/h1><div class=\"special-heading-border\"><div class=\"special-heading-inner-border\"><\/div><\/div><\/div>\n<section  class='av_textblock_section av-mhypovgt-4989a67dc2b9c2d241720be0050861c3 '   itemscope=\"itemscope\" itemtype=\"https:\/\/schema.org\/BlogPosting\" itemprop=\"blogPost\" ><div class='avia_textblock'  itemprop=\"text\" ><p><!--StartFragment --><\/p>\n<p class=\"pf0\"><span class=\"cf0\">Amiblu prowadzi proces zmian w swojej sieci fabryk w Europie, kt<\/span><span class=\"cf1\">\u00f3rego celem jest dostosowanie mocy produkcyjnych do reali\u00f3w rynkowych oraz zabezpieczenie d<\/span><span class=\"cf2\">\u0142ugoterminowej konkurencyjno\u015bci firmy. W ramach tych dzia\u0142a\u0144, zgodnie z decyzj\u0105 Rady Nadzorczej, planowane jest zako\u0144czenie produkcji w zak\u0142adzie Amiblu w Gda\u0144sku z ko\u0144cem lutego 2026 roku oraz w <\/span><span class=\"cf2\">Trollenhagen<\/span><span class=\"cf2\"> w Niemczech. Produkcja w D\u0105browie G<\/span><span class=\"cf1\">\u00f3rniczej oraz w innych zak<\/span><span class=\"cf2\">\u0142adach w Europie b\u0119dzie kontynuowana. Zmiany nie wp\u0142yn\u0105 na dost\u0119pno\u015b\u0107 produkt<\/span><span class=\"cf1\">\u00f3w, obs<\/span><span class=\"cf2\">\u0142ug\u0119 klient<\/span><span class=\"cf1\">\u00f3w ani realizacj<\/span><span class=\"cf2\">\u0119 zam<\/span><span class=\"cf1\">\u00f3wie<\/span><span class=\"cf2\">\u0144.<\/span><\/p>\n<p class=\"pf0\"><span class=\"cf2\">Decyzja ta zosta\u0142a poprzedzona szczeg<\/span><span class=\"cf1\">\u00f3<\/span><span class=\"cf2\">\u0142ow\u0105 analiz\u0105 oraz wieloma dzia\u0142aniami maj\u0105cymi na celu popraw\u0119 sytuacji. Amiblu od lat podejmuje aktywno\u015bci maj\u0105ce na celu podniesienie \u015bwiadomo\u015bci decydent<\/span><span class=\"cf1\">\u00f3w na temat potrzeby zwi<\/span><span class=\"cf2\">\u0119kszenia inwestycji w tym sektorze, jednak post\u0119py w tym zakresie s\u0105 zbyt powolne. Dodatkowo rynek jest zdominowany przez ta\u0144szych producent<\/span><span class=\"cf1\">\u00f3w z pa<\/span><span class=\"cf2\">\u0144stw spoza Unii Europejskiej, kt<\/span><span class=\"cf1\">\u00f3rych produkty powstaj<\/span><span class=\"cf2\">\u0105 w miejscach, gdzie obowi\u0105zuj\u0105 ni\u017csze standardy pracy i ochrony \u015brodowiska.<\/span><\/p>\n<p><span class=\"cf2\">Priorytetem firmy jest zapewnienie wszystkim pracownikom pe\u0142nego wsparcia w tym czasie. Amiblu przygotowa\u0142o pakiet \u015bwiadcze\u0144 wykraczaj\u0105cych poza wymogi prawa, w tym dodatkowe odprawy oraz indywidualny program obejmuj\u0105cy m.in.: przygotowanie do wej\u015bcia na rynek pracy i pomoc w szukaniu zatrudnienia. W tym celu firma prowadzi dialog m.in. z Pomorsk\u0105 Specjaln\u0105 Stref\u0105 Ekonomiczn\u0105 i Wojew\u00f3dzkim Urz\u0119dem Pracy.\u00a0<\/span><\/p>\n<p><!--EndFragment --><\/p>\n<\/div><\/section>\n","protected":false},"excerpt":{"rendered":"<p>Zgodnie z decyzj\u0105 Rady Nadzorczej, planowane jest zako\u0144czenie produkcji w zak\u0142adach Amiblu w Gda\u0144sku i Trollenhagen w Niemczech.<\/p>\n","protected":false},"author":62,"featured_media":74732,"comment_status":"closed","ping_status":"closed","sticky":false,"template":"","format":"standard","meta":{"_acf_changed":false,"footnotes":""},"categories":[163],"tags":[],"class_list":["post-74733","post","type-post","status-publish","format-standard","has-post-thumbnail","hentry","category-news-3"],"acf":[],"yoast_head":"<!-- This site is optimized with the Yoast SEO Premium plugin v27.5 (Yoast SEO v27.5) - https:\/\/yoast.com\/product\/yoast-seo-premium-wordpress\/ -->\n<title>Amiblu optymalizuje swoje dzia\u0142ania w Europie - Amiblu<\/title>\n<meta name=\"description\" content=\"Amiblu prowadzi proces zmian w swojej sieci fabryk w Europie, kt\u00f3rego celem jest dostosowanie mocy produkcyjnych do reali\u00f3w rynkowych\" \/>\n<meta name=\"robots\" content=\"index, follow, max-snippet:-1, max-image-preview:large, max-video-preview:-1\" \/>\n<link rel=\"canonical\" href=\"https:\/\/www.amiblu.com\/pl\/amiblu-optymalizuje-swoje-dzialania-w-europie\/\" \/>\n<meta property=\"og:locale\" content=\"pl_PL\" \/>\n<meta property=\"og:type\" content=\"article\" \/>\n<meta property=\"og:title\" content=\"Amiblu optymalizuje swoje dzia\u0142ania w Europie\" \/>\n<meta property=\"og:description\" content=\"Amiblu prowadzi proces zmian w swojej sieci fabryk w Europie, kt\u00f3rego celem jest dostosowanie mocy produkcyjnych do reali\u00f3w rynkowych\" \/>\n<meta property=\"og:url\" content=\"https:\/\/www.amiblu.com\/pl\/amiblu-optymalizuje-swoje-dzialania-w-europie\/\" \/>\n<meta property=\"og:site_name\" content=\"Amiblu\" \/>\n<meta property=\"article:publisher\" content=\"https:\/\/www.facebook.com\/amiblupipes\" \/>\n<meta property=\"article:published_time\" content=\"2025-11-14T10:35:11+00:00\" \/>\n<meta property=\"article:modified_time\" content=\"2025-11-18T08:14:00+00:00\" \/>\n<meta property=\"og:image\" content=\"https:\/\/www.amiblu.com\/wp-content\/uploads\/Gdansk-plant.png\" \/>\n\t<meta property=\"og:image:width\" content=\"800\" \/>\n\t<meta property=\"og:image:height\" content=\"500\" \/>\n\t<meta property=\"og:image:type\" content=\"image\/png\" \/>\n<meta name=\"author\" content=\"Agnieszka Lubieniecka\" \/>\n<meta name=\"twitter:card\" content=\"summary_large_image\" \/>\n<meta name=\"twitter:label1\" content=\"Napisane przez\" \/>\n\t<meta name=\"twitter:data1\" content=\"Agnieszka Lubieniecka\" \/>\n\t<meta name=\"twitter:label2\" content=\"Szacowany czas czytania\" \/>\n\t<meta name=\"twitter:data2\" content=\"2 minuty\" \/>\n<script type=\"application\/ld+json\" class=\"yoast-schema-graph\">{\"@context\":\"https:\\\/\\\/schema.org\",\"@graph\":[{\"@type\":\"Article\",\"@id\":\"https:\\\/\\\/www.amiblu.com\\\/pl\\\/amiblu-optymalizuje-swoje-dzialania-w-europie\\\/#article\",\"isPartOf\":{\"@id\":\"https:\\\/\\\/www.amiblu.com\\\/pl\\\/amiblu-optymalizuje-swoje-dzialania-w-europie\\\/\"},\"author\":{\"name\":\"Agnieszka Lubieniecka\",\"@id\":\"https:\\\/\\\/www.amiblu.com\\\/pl\\\/#\\\/schema\\\/person\\\/ed8f7c265fbc7bd94ebcd50860c87eaa\"},\"headline\":\"Amiblu optymalizuje swoje dzia\u0142ania w Europie\",\"datePublished\":\"2025-11-14T10:35:11+00:00\",\"dateModified\":\"2025-11-18T08:14:00+00:00\",\"mainEntityOfPage\":{\"@id\":\"https:\\\/\\\/www.amiblu.com\\\/pl\\\/amiblu-optymalizuje-swoje-dzialania-w-europie\\\/\"},\"wordCount\":775,\"publisher\":{\"@id\":\"https:\\\/\\\/www.amiblu.com\\\/pl\\\/#organization\"},\"image\":{\"@id\":\"https:\\\/\\\/www.amiblu.com\\\/pl\\\/amiblu-optymalizuje-swoje-dzialania-w-europie\\\/#primaryimage\"},\"thumbnailUrl\":\"https:\\\/\\\/www.amiblu.com\\\/wp-content\\\/uploads\\\/Gdansk-plant.png\",\"articleSection\":[\"Nowo\u015bci\"],\"inLanguage\":\"pl-PL\"},{\"@type\":\"WebPage\",\"@id\":\"https:\\\/\\\/www.amiblu.com\\\/pl\\\/amiblu-optymalizuje-swoje-dzialania-w-europie\\\/\",\"url\":\"https:\\\/\\\/www.amiblu.com\\\/pl\\\/amiblu-optymalizuje-swoje-dzialania-w-europie\\\/\",\"name\":\"Amiblu optymalizuje swoje dzia\u0142ania w Europie - Amiblu\",\"isPartOf\":{\"@id\":\"https:\\\/\\\/www.amiblu.com\\\/pl\\\/#website\"},\"primaryImageOfPage\":{\"@id\":\"https:\\\/\\\/www.amiblu.com\\\/pl\\\/amiblu-optymalizuje-swoje-dzialania-w-europie\\\/#primaryimage\"},\"image\":{\"@id\":\"https:\\\/\\\/www.amiblu.com\\\/pl\\\/amiblu-optymalizuje-swoje-dzialania-w-europie\\\/#primaryimage\"},\"thumbnailUrl\":\"https:\\\/\\\/www.amiblu.com\\\/wp-content\\\/uploads\\\/Gdansk-plant.png\",\"datePublished\":\"2025-11-14T10:35:11+00:00\",\"dateModified\":\"2025-11-18T08:14:00+00:00\",\"description\":\"Amiblu prowadzi proces zmian w swojej sieci fabryk w Europie, kt\u00f3rego celem jest dostosowanie mocy produkcyjnych do reali\u00f3w rynkowych\",\"inLanguage\":\"pl-PL\",\"potentialAction\":[{\"@type\":\"ReadAction\",\"target\":[\"https:\\\/\\\/www.amiblu.com\\\/pl\\\/amiblu-optymalizuje-swoje-dzialania-w-europie\\\/\"]}]},{\"@type\":\"ImageObject\",\"inLanguage\":\"pl-PL\",\"@id\":\"https:\\\/\\\/www.amiblu.com\\\/pl\\\/amiblu-optymalizuje-swoje-dzialania-w-europie\\\/#primaryimage\",\"url\":\"https:\\\/\\\/www.amiblu.com\\\/wp-content\\\/uploads\\\/Gdansk-plant.png\",\"contentUrl\":\"https:\\\/\\\/www.amiblu.com\\\/wp-content\\\/uploads\\\/Gdansk-plant.png\",\"width\":800,\"height\":500,\"caption\":\"Widok na fabryk\u0119 Amiblu w Gda\u0144sku\"},{\"@type\":\"WebSite\",\"@id\":\"https:\\\/\\\/www.amiblu.com\\\/pl\\\/#website\",\"url\":\"https:\\\/\\\/www.amiblu.com\\\/pl\\\/\",\"name\":\"Amiblu\",\"description\":\"GFK-Rohrsysteme f\u00fcr Generationen\",\"publisher\":{\"@id\":\"https:\\\/\\\/www.amiblu.com\\\/pl\\\/#organization\"},\"potentialAction\":[{\"@type\":\"SearchAction\",\"target\":{\"@type\":\"EntryPoint\",\"urlTemplate\":\"https:\\\/\\\/www.amiblu.com\\\/pl\\\/?s={search_term_string}\"},\"query-input\":{\"@type\":\"PropertyValueSpecification\",\"valueRequired\":true,\"valueName\":\"search_term_string\"}}],\"inLanguage\":\"pl-PL\"},{\"@type\":\"Organization\",\"@id\":\"https:\\\/\\\/www.amiblu.com\\\/pl\\\/#organization\",\"name\":\"Amiblu Group\",\"url\":\"https:\\\/\\\/www.amiblu.com\\\/pl\\\/\",\"logo\":{\"@type\":\"ImageObject\",\"inLanguage\":\"pl-PL\",\"@id\":\"https:\\\/\\\/www.amiblu.com\\\/pl\\\/#\\\/schema\\\/logo\\\/image\\\/\",\"url\":\"https:\\\/\\\/www.amiblu.com\\\/wp-content\\\/uploads\\\/2021\\\/01\\\/Amiblu-logo-website-1.png\",\"contentUrl\":\"https:\\\/\\\/www.amiblu.com\\\/wp-content\\\/uploads\\\/2021\\\/01\\\/Amiblu-logo-website-1.png\",\"width\":201,\"height\":38,\"caption\":\"Amiblu Group\"},\"image\":{\"@id\":\"https:\\\/\\\/www.amiblu.com\\\/pl\\\/#\\\/schema\\\/logo\\\/image\\\/\"},\"sameAs\":[\"https:\\\/\\\/www.facebook.com\\\/amiblupipes\",\"https:\\\/\\\/www.youtube.com\\\/c\\\/Amiblu\",\"https:\\\/\\\/de.wikipedia.org\\\/wiki\\\/Amiblu\",\"https:\\\/\\\/www.linkedin.com\\\/company\\\/amiblupipes\\\/\"]},{\"@type\":\"Person\",\"@id\":\"https:\\\/\\\/www.amiblu.com\\\/pl\\\/#\\\/schema\\\/person\\\/ed8f7c265fbc7bd94ebcd50860c87eaa\",\"name\":\"Agnieszka Lubieniecka\",\"image\":{\"@type\":\"ImageObject\",\"inLanguage\":\"pl-PL\",\"@id\":\"https:\\\/\\\/secure.gravatar.com\\\/avatar\\\/a7e009455a3a9009ac63a3788655a8697f2fd583ff5b25a108ff66699b274427?s=96&d=mm&r=g\",\"url\":\"https:\\\/\\\/secure.gravatar.com\\\/avatar\\\/a7e009455a3a9009ac63a3788655a8697f2fd583ff5b25a108ff66699b274427?s=96&d=mm&r=g\",\"contentUrl\":\"https:\\\/\\\/secure.gravatar.com\\\/avatar\\\/a7e009455a3a9009ac63a3788655a8697f2fd583ff5b25a108ff66699b274427?s=96&d=mm&r=g\",\"caption\":\"Agnieszka Lubieniecka\"}}]}<\/script>\n<!-- \/ Yoast SEO Premium plugin. -->","yoast_head_json":{"title":"Amiblu optymalizuje swoje dzia\u0142ania w Europie - Amiblu","description":"Amiblu prowadzi proces zmian w swojej sieci fabryk w Europie, kt\u00f3rego celem jest dostosowanie mocy produkcyjnych do reali\u00f3w rynkowych","robots":{"index":"index","follow":"follow","max-snippet":"max-snippet:-1","max-image-preview":"max-image-preview:large","max-video-preview":"max-video-preview:-1"},"canonical":"https:\/\/www.amiblu.com\/pl\/amiblu-optymalizuje-swoje-dzialania-w-europie\/","og_locale":"pl_PL","og_type":"article","og_title":"Amiblu optymalizuje swoje dzia\u0142ania w Europie","og_description":"Amiblu prowadzi proces zmian w swojej sieci fabryk w Europie, kt\u00f3rego celem jest dostosowanie mocy produkcyjnych do reali\u00f3w rynkowych","og_url":"https:\/\/www.amiblu.com\/pl\/amiblu-optymalizuje-swoje-dzialania-w-europie\/","og_site_name":"Amiblu","article_publisher":"https:\/\/www.facebook.com\/amiblupipes","article_published_time":"2025-11-14T10:35:11+00:00","article_modified_time":"2025-11-18T08:14:00+00:00","og_image":[{"width":800,"height":500,"url":"https:\/\/www.amiblu.com\/wp-content\/uploads\/Gdansk-plant.png","type":"image\/png"}],"author":"Agnieszka Lubieniecka","twitter_card":"summary_large_image","twitter_misc":{"Napisane przez":"Agnieszka Lubieniecka","Szacowany czas czytania":"2 minuty"},"schema":{"@context":"https:\/\/schema.org","@graph":[{"@type":"Article","@id":"https:\/\/www.amiblu.com\/pl\/amiblu-optymalizuje-swoje-dzialania-w-europie\/#article","isPartOf":{"@id":"https:\/\/www.amiblu.com\/pl\/amiblu-optymalizuje-swoje-dzialania-w-europie\/"},"author":{"name":"Agnieszka Lubieniecka","@id":"https:\/\/www.amiblu.com\/pl\/#\/schema\/person\/ed8f7c265fbc7bd94ebcd50860c87eaa"},"headline":"Amiblu optymalizuje swoje dzia\u0142ania w Europie","datePublished":"2025-11-14T10:35:11+00:00","dateModified":"2025-11-18T08:14:00+00:00","mainEntityOfPage":{"@id":"https:\/\/www.amiblu.com\/pl\/amiblu-optymalizuje-swoje-dzialania-w-europie\/"},"wordCount":775,"publisher":{"@id":"https:\/\/www.amiblu.com\/pl\/#organization"},"image":{"@id":"https:\/\/www.amiblu.com\/pl\/amiblu-optymalizuje-swoje-dzialania-w-europie\/#primaryimage"},"thumbnailUrl":"https:\/\/www.amiblu.com\/wp-content\/uploads\/Gdansk-plant.png","articleSection":["Nowo\u015bci"],"inLanguage":"pl-PL"},{"@type":"WebPage","@id":"https:\/\/www.amiblu.com\/pl\/amiblu-optymalizuje-swoje-dzialania-w-europie\/","url":"https:\/\/www.amiblu.com\/pl\/amiblu-optymalizuje-swoje-dzialania-w-europie\/","name":"Amiblu optymalizuje swoje dzia\u0142ania w Europie - Amiblu","isPartOf":{"@id":"https:\/\/www.amiblu.com\/pl\/#website"},"primaryImageOfPage":{"@id":"https:\/\/www.amiblu.com\/pl\/amiblu-optymalizuje-swoje-dzialania-w-europie\/#primaryimage"},"image":{"@id":"https:\/\/www.amiblu.com\/pl\/amiblu-optymalizuje-swoje-dzialania-w-europie\/#primaryimage"},"thumbnailUrl":"https:\/\/www.amiblu.com\/wp-content\/uploads\/Gdansk-plant.png","datePublished":"2025-11-14T10:35:11+00:00","dateModified":"2025-11-18T08:14:00+00:00","description":"Amiblu prowadzi proces zmian w swojej sieci fabryk w Europie, kt\u00f3rego celem jest dostosowanie mocy produkcyjnych do reali\u00f3w rynkowych","inLanguage":"pl-PL","potentialAction":[{"@type":"ReadAction","target":["https:\/\/www.amiblu.com\/pl\/amiblu-optymalizuje-swoje-dzialania-w-europie\/"]}]},{"@type":"ImageObject","inLanguage":"pl-PL","@id":"https:\/\/www.amiblu.com\/pl\/amiblu-optymalizuje-swoje-dzialania-w-europie\/#primaryimage","url":"https:\/\/www.amiblu.com\/wp-content\/uploads\/Gdansk-plant.png","contentUrl":"https:\/\/www.amiblu.com\/wp-content\/uploads\/Gdansk-plant.png","width":800,"height":500,"caption":"Widok na fabryk\u0119 Amiblu w Gda\u0144sku"},{"@type":"WebSite","@id":"https:\/\/www.amiblu.com\/pl\/#website","url":"https:\/\/www.amiblu.com\/pl\/","name":"Amiblu","description":"GFK-Rohrsysteme f\u00fcr Generationen","publisher":{"@id":"https:\/\/www.amiblu.com\/pl\/#organization"},"potentialAction":[{"@type":"SearchAction","target":{"@type":"EntryPoint","urlTemplate":"https:\/\/www.amiblu.com\/pl\/?s={search_term_string}"},"query-input":{"@type":"PropertyValueSpecification","valueRequired":true,"valueName":"search_term_string"}}],"inLanguage":"pl-PL"},{"@type":"Organization","@id":"https:\/\/www.amiblu.com\/pl\/#organization","name":"Amiblu Group","url":"https:\/\/www.amiblu.com\/pl\/","logo":{"@type":"ImageObject","inLanguage":"pl-PL","@id":"https:\/\/www.amiblu.com\/pl\/#\/schema\/logo\/image\/","url":"https:\/\/www.amiblu.com\/wp-content\/uploads\/2021\/01\/Amiblu-logo-website-1.png","contentUrl":"https:\/\/www.amiblu.com\/wp-content\/uploads\/2021\/01\/Amiblu-logo-website-1.png","width":201,"height":38,"caption":"Amiblu Group"},"image":{"@id":"https:\/\/www.amiblu.com\/pl\/#\/schema\/logo\/image\/"},"sameAs":["https:\/\/www.facebook.com\/amiblupipes","https:\/\/www.youtube.com\/c\/Amiblu","https:\/\/de.wikipedia.org\/wiki\/Amiblu","https:\/\/www.linkedin.com\/company\/amiblupipes\/"]},{"@type":"Person","@id":"https:\/\/www.amiblu.com\/pl\/#\/schema\/person\/ed8f7c265fbc7bd94ebcd50860c87eaa","name":"Agnieszka Lubieniecka","image":{"@type":"ImageObject","inLanguage":"pl-PL","@id":"https:\/\/secure.gravatar.com\/avatar\/a7e009455a3a9009ac63a3788655a8697f2fd583ff5b25a108ff66699b274427?s=96&d=mm&r=g","url":"https:\/\/secure.gravatar.com\/avatar\/a7e009455a3a9009ac63a3788655a8697f2fd583ff5b25a108ff66699b274427?s=96&d=mm&r=g","contentUrl":"https:\/\/secure.gravatar.com\/avatar\/a7e009455a3a9009ac63a3788655a8697f2fd583ff5b25a108ff66699b274427?s=96&d=mm&r=g","caption":"Agnieszka Lubieniecka"}}]}},"_links":{"self":[{"href":"https:\/\/www.amiblu.com\/pl\/wp-json\/wp\/v2\/posts\/74733","targetHints":{"allow":["GET"]}}],"collection":[{"href":"https:\/\/www.amiblu.com\/pl\/wp-json\/wp\/v2\/posts"}],"about":[{"href":"https:\/\/www.amiblu.com\/pl\/wp-json\/wp\/v2\/types\/post"}],"author":[{"embeddable":true,"href":"https:\/\/www.amiblu.com\/pl\/wp-json\/wp\/v2\/users\/62"}],"replies":[{"embeddable":true,"href":"https:\/\/www.amiblu.com\/pl\/wp-json\/wp\/v2\/comments?post=74733"}],"version-history":[{"count":20,"href":"https:\/\/www.amiblu.com\/pl\/wp-json\/wp\/v2\/posts\/74733\/revisions"}],"predecessor-version":[{"id":74790,"href":"https:\/\/www.amiblu.com\/pl\/wp-json\/wp\/v2\/posts\/74733\/revisions\/74790"}],"wp:featuredmedia":[{"embeddable":true,"href":"https:\/\/www.amiblu.com\/pl\/wp-json\/wp\/v2\/media\/74732"}],"wp:attachment":[{"href":"https:\/\/www.amiblu.com\/pl\/wp-json\/wp\/v2\/media?parent=74733"}],"wp:term":[{"taxonomy":"category","embeddable":true,"href":"https:\/\/www.amiblu.com\/pl\/wp-json\/wp\/v2\/categories?post=74733"},{"taxonomy":"post_tag","embeddable":true,"href":"https:\/\/www.amiblu.com\/pl\/wp-json\/wp\/v2\/tags?post=74733"}],"curies":[{"name":"wp","href":"https:\/\/api.w.org\/{rel}","templated":true}]}}