{"id":79556,"date":"2026-04-01T13:43:25","date_gmt":"2026-04-01T11:43:25","guid":{"rendered":"https:\/\/www.amiblu.com\/?p=79556"},"modified":"2026-04-01T13:55:54","modified_gmt":"2026-04-01T11:55:54","slug":"zrownowazona-infrastruktura-wodna-amiblu-oficjalnym-partnerem-swiatowego-dnia-inzynierii-unesco-2026","status":"publish","type":"post","link":"https:\/\/www.amiblu.com\/pl\/zrownowazona-infrastruktura-wodna-amiblu-oficjalnym-partnerem-swiatowego-dnia-inzynierii-unesco-2026\/","title":{"rendered":"Zr\u00f3wnowa\u017cona infrastruktura wodna. Amiblu oficjalnym partnerem \u015awiatowego Dnia In\u017cynierii UNESCO 2026"},"content":{"rendered":"\n<style type=\"text\/css\" data-created_by=\"avia_inline_auto\" id=\"style-css-av-mnfymvwc-4227002caaa701ed475c70c65293dae5\">\n.avia-image-container.av-mnfymvwc-4227002caaa701ed475c70c65293dae5 img.avia_image{\nbox-shadow:none;\n}\n.avia-image-container.av-mnfymvwc-4227002caaa701ed475c70c65293dae5 .av-image-caption-overlay-center{\ncolor:#ffffff;\n}\n<\/style>\n<div  class='avia-image-container av-mnfymvwc-4227002caaa701ed475c70c65293dae5 av-styling- avia-align-left  avia-builder-el-0  el_before_av_hr  avia-builder-el-first '   itemprop=\"image\" itemscope=\"itemscope\" itemtype=\"https:\/\/schema.org\/ImageObject\" ><div class=\"avia-image-container-inner\"><div class=\"avia-image-overlay-wrap\"><img fetchpriority=\"high\" fetchpriority=\"high\" decoding=\"async\" fetchpriority=\"high\" class='wp-image-79571 avia-img-lazy-loading-not-79571 avia_image ' src=\"https:\/\/www.amiblu.com\/wp-content\/uploads\/zrownowazona-infrastruktura-wodna-1.png\" alt='Wsp\u00f3\u0142praca Amiblu z Unesco w zwi\u0105zku ze \u015awiatowym Dniem In\u017cynierii' title='zr\u00f3wnowa\u017cona-infrastruktura-wodna'  height=\"500\" width=\"800\"  itemprop=\"thumbnailUrl\" srcset=\"https:\/\/www.amiblu.com\/wp-content\/uploads\/zrownowazona-infrastruktura-wodna-1.png 800w, https:\/\/www.amiblu.com\/wp-content\/uploads\/zrownowazona-infrastruktura-wodna-1-300x188.png 300w, https:\/\/www.amiblu.com\/wp-content\/uploads\/zrownowazona-infrastruktura-wodna-1-768x480.png 768w, https:\/\/www.amiblu.com\/wp-content\/uploads\/zrownowazona-infrastruktura-wodna-1-705x441.png 705w\" sizes=\"(max-width: 800px) 100vw, 800px\" \/><\/div><\/div><\/div>\n\n<style type=\"text\/css\" data-created_by=\"avia_inline_auto\" id=\"style-css-av-mnfyne4c-a54a3992abe3d53a975435b8f3226ce7\">\n#top .hr.hr-invisible.av-mnfyne4c-a54a3992abe3d53a975435b8f3226ce7{\nheight:30px;\n}\n<\/style>\n<div  class='hr av-mnfyne4c-a54a3992abe3d53a975435b8f3226ce7 hr-invisible  avia-builder-el-1  el_after_av_image  el_before_av_heading '><span class='hr-inner '><span class=\"hr-inner-style\"><\/span><\/span><\/div>\n\n<style type=\"text\/css\" data-created_by=\"avia_inline_auto\" id=\"style-css-av-mnfypee9-ad93af801369868ed86209450097b472\">\n#top .av-special-heading.av-mnfypee9-ad93af801369868ed86209450097b472{\npadding-bottom:10px;\n}\nbody .av-special-heading.av-mnfypee9-ad93af801369868ed86209450097b472 .av-special-heading-tag .heading-char{\nfont-size:25px;\n}\n.av-special-heading.av-mnfypee9-ad93af801369868ed86209450097b472 .av-subheading{\nfont-size:15px;\n}\n<\/style>\n<div  class='av-special-heading av-mnfypee9-ad93af801369868ed86209450097b472 av-special-heading-h1  avia-builder-el-2  el_after_av_hr  el_before_av_textblock '><h1 class='av-special-heading-tag '  itemprop=\"headline\"  >Po raz kolejny jeste\u015bmy partnerem w \u015awiatowym Dniu In\u017cyniera przy Unesco<\/h1><div class=\"special-heading-border\"><div class=\"special-heading-inner-border\"><\/div><\/div><\/div>\n<section  class='av_textblock_section av-mnfyumey-4941eaf44f5ad0e4c1ad94e6e288e667 '   itemscope=\"itemscope\" itemtype=\"https:\/\/schema.org\/BlogPosting\" itemprop=\"blogPost\" ><div class='avia_textblock'  itemprop=\"text\" ><p>Wyzwania, przed kt\u00f3rymi stoi dzi\u015b \u015bwiat, s\u0105 liczne. Od rosn\u0105cego niedoboru wody po coraz wi\u0119ksz\u0105 presj\u0119 wynikaj\u0105c\u0105 ze zmian klimatu. Ich rozwi\u0105zanie wymaga czego\u015b wi\u0119cej ni\u017c tylko dobrych intencji.<\/p>\n<p>Za ka\u017cd\u0105 odporn\u0105 na wyzwania wsp\u00f3\u0142czesno\u015bci metropoli\u0105, ka\u017cd\u0105 <a href=\"https:\/\/www.amiblu.com\/pl\/woda-pitna\/\">niezawodn\u0105 sieci\u0105 wodoci\u0105gow\u0105<\/a> i ka\u017cdym krokiem w kierunku bardziej zr\u00f3wnowa\u017conej przysz\u0142o\u015bci stoi pot\u0119\u017cna si\u0142a: in\u017cynieria.<\/p>\n<p>Woda znajduje si\u0119 w centrum wielu z tych globalnych wyzwa\u0144. Wraz ze wzrostem liczby ludno\u015bci i nasilaj\u0105cymi si\u0119 skutkami zmian klimatycznych potrzeba, jak\u0105 jest zr\u00f3wnowa\u017cona infrastruktura wodna, staje si\u0119 bardziej pilna ni\u017c kiedykolwiek wcze\u015bniej.<\/p>\n<p>W Amiblu wierzymy, \u017ce inteligentna in\u017cynieria odgrywa kluczow\u0105 rol\u0119 w sprostaniu tym wyzwaniom. Ka\u017cdego dnia pracujemy nad rozwojem <a href=\"https:\/\/www.amiblu.com\/pl\/dlaczego-grp\/\">trwa\u0142ych system\u00f3w rur GRP<\/a>, zaprojektowanych tak, aby ogranicza\u0107 straty wody. Dbamy o to, by wyd\u0142u\u017ca\u0107 \u017cywotno\u015b\u0107 sieci oraz wspiera\u0107 spo\u0142eczno\u015bci w budowaniu odporno\u015bci na przysz\u0142o\u015b\u0107.<\/p>\n<p>Dla nas in\u017cynieria to rozwi\u0105zywanie realnych problem\u00f3w i ochrona kluczowych zasob\u00f3w. Przede wszystkim jednak oznacza tworzenie infrastruktury, kt\u00f3ra b\u0119dzie s\u0142u\u017cy\u0107 kolejnym pokoleniom. W\u0142a\u015bnie dlatego zr\u00f3wnowa\u017cona infrastruktura wodna stanowi fundament naszych dzia\u0142a\u0144.<\/p>\n<p>Amiblu po raz kolejny zosta\u0142o oficjalnym partnerem kampanii <a href=\"https:\/\/worldengineeringday.net\/\">UNESCO World Engineering Day for Sustainable Development 2026<\/a>. Obchodzony co roku 4 marca, ten mi\u0119dzynarodowy dzie\u0144 podkre\u015bla wk\u0142ad in\u017cynier\u00f3w na ca\u0142ym \u015bwiecie w realizacj\u0119 Cel\u00f3w Zr\u00f3wnowa\u017conego Rozwoju ONZ oraz budow\u0119 bardziej zr\u00f3wnowa\u017conej przysz\u0142o\u015bci.<\/p>\n<p><a href=\"https:\/\/worldengineeringday.net\/partner\/amiblu\/\">Kliknij tutaj<\/a>, aby dowiedzie\u0107 si\u0119 wi\u0119cej o wk\u0142adzie Amiblu w kampani\u0119 WED.<\/p>\n<\/div><\/section>\n","protected":false},"excerpt":{"rendered":"<p>Jak odpowiada\u0107 na rosn\u0105ce wyzwania zwi\u0105zane z wod\u0105? Zr\u00f3wnowa\u017cona infrastruktura wodna i nowoczesna in\u017cynieria to fundament dzia\u0142a\u0144 Amiblu. <\/p>\n","protected":false},"author":62,"featured_media":79571,"comment_status":"closed","ping_status":"closed","sticky":false,"template":"","format":"standard","meta":{"_acf_changed":false,"footnotes":""},"categories":[163],"tags":[],"class_list":["post-79556","post","type-post","status-publish","format-standard","has-post-thumbnail","hentry","category-news-3"],"acf":[],"yoast_head":"<!-- This site is optimized with the Yoast SEO Premium plugin v27.5 (Yoast SEO v27.5) - https:\/\/yoast.com\/product\/yoast-seo-premium-wordpress\/ -->\n<title>Zr\u00f3wnowa\u017cona infrastruktura wodna. Amiblu oficjalnym partnerem \u015awiatowego Dnia In\u017cynierii UNESCO 2026 - Amiblu<\/title>\n<meta name=\"description\" content=\"Zr\u00f3wnowa\u017cona infrastruktura wodna w praktyce. Zobacz, jak Amiblu wspiera globalne wyzwania wodne jako partner UNESCO World Engineering Day 2026.\" \/>\n<meta name=\"robots\" content=\"index, follow, max-snippet:-1, max-image-preview:large, max-video-preview:-1\" \/>\n<link rel=\"canonical\" href=\"https:\/\/www.amiblu.com\/pl\/zrownowazona-infrastruktura-wodna-amiblu-oficjalnym-partnerem-swiatowego-dnia-inzynierii-unesco-2026\/\" \/>\n<meta property=\"og:locale\" content=\"pl_PL\" \/>\n<meta property=\"og:type\" content=\"article\" \/>\n<meta property=\"og:title\" content=\"Zr\u00f3wnowa\u017cona infrastruktura wodna. Amiblu oficjalnym partnerem \u015awiatowego Dnia In\u017cynierii UNESCO 2026\" \/>\n<meta property=\"og:description\" content=\"Zr\u00f3wnowa\u017cona infrastruktura wodna w praktyce. Zobacz, jak Amiblu wspiera globalne wyzwania wodne jako partner UNESCO World Engineering Day 2026.\" \/>\n<meta property=\"og:url\" content=\"https:\/\/www.amiblu.com\/pl\/zrownowazona-infrastruktura-wodna-amiblu-oficjalnym-partnerem-swiatowego-dnia-inzynierii-unesco-2026\/\" \/>\n<meta property=\"og:site_name\" content=\"Amiblu\" \/>\n<meta property=\"article:publisher\" content=\"https:\/\/www.facebook.com\/amiblupipes\" \/>\n<meta property=\"article:published_time\" content=\"2026-04-01T11:43:25+00:00\" \/>\n<meta property=\"article:modified_time\" content=\"2026-04-01T11:55:54+00:00\" \/>\n<meta property=\"og:image\" content=\"https:\/\/www.amiblu.com\/wp-content\/uploads\/zrownowazona-infrastruktura-wodna-1.png\" \/>\n\t<meta property=\"og:image:width\" content=\"800\" \/>\n\t<meta property=\"og:image:height\" content=\"500\" \/>\n\t<meta property=\"og:image:type\" content=\"image\/png\" \/>\n<meta name=\"author\" content=\"Agnieszka Lubieniecka\" \/>\n<meta name=\"twitter:card\" content=\"summary_large_image\" \/>\n<meta name=\"twitter:label1\" content=\"Napisane przez\" \/>\n\t<meta name=\"twitter:data1\" content=\"Agnieszka Lubieniecka\" \/>\n\t<meta name=\"twitter:label2\" content=\"Szacowany czas czytania\" \/>\n\t<meta name=\"twitter:data2\" content=\"2 minuty\" \/>\n<script type=\"application\/ld+json\" class=\"yoast-schema-graph\">{\"@context\":\"https:\\\/\\\/schema.org\",\"@graph\":[{\"@type\":\"Article\",\"@id\":\"https:\\\/\\\/www.amiblu.com\\\/pl\\\/zrownowazona-infrastruktura-wodna-amiblu-oficjalnym-partnerem-swiatowego-dnia-inzynierii-unesco-2026\\\/#article\",\"isPartOf\":{\"@id\":\"https:\\\/\\\/www.amiblu.com\\\/pl\\\/zrownowazona-infrastruktura-wodna-amiblu-oficjalnym-partnerem-swiatowego-dnia-inzynierii-unesco-2026\\\/\"},\"author\":{\"name\":\"Agnieszka Lubieniecka\",\"@id\":\"https:\\\/\\\/www.amiblu.com\\\/pl\\\/#\\\/schema\\\/person\\\/ed8f7c265fbc7bd94ebcd50860c87eaa\"},\"headline\":\"Zr\u00f3wnowa\u017cona infrastruktura wodna. Amiblu oficjalnym partnerem \u015awiatowego Dnia In\u017cynierii UNESCO 2026\",\"datePublished\":\"2026-04-01T11:43:25+00:00\",\"dateModified\":\"2026-04-01T11:55:54+00:00\",\"mainEntityOfPage\":{\"@id\":\"https:\\\/\\\/www.amiblu.com\\\/pl\\\/zrownowazona-infrastruktura-wodna-amiblu-oficjalnym-partnerem-swiatowego-dnia-inzynierii-unesco-2026\\\/\"},\"wordCount\":822,\"publisher\":{\"@id\":\"https:\\\/\\\/www.amiblu.com\\\/pl\\\/#organization\"},\"image\":{\"@id\":\"https:\\\/\\\/www.amiblu.com\\\/pl\\\/zrownowazona-infrastruktura-wodna-amiblu-oficjalnym-partnerem-swiatowego-dnia-inzynierii-unesco-2026\\\/#primaryimage\"},\"thumbnailUrl\":\"https:\\\/\\\/www.amiblu.com\\\/wp-content\\\/uploads\\\/zrownowazona-infrastruktura-wodna-1.png\",\"articleSection\":[\"Nowo\u015bci\"],\"inLanguage\":\"pl-PL\"},{\"@type\":\"WebPage\",\"@id\":\"https:\\\/\\\/www.amiblu.com\\\/pl\\\/zrownowazona-infrastruktura-wodna-amiblu-oficjalnym-partnerem-swiatowego-dnia-inzynierii-unesco-2026\\\/\",\"url\":\"https:\\\/\\\/www.amiblu.com\\\/pl\\\/zrownowazona-infrastruktura-wodna-amiblu-oficjalnym-partnerem-swiatowego-dnia-inzynierii-unesco-2026\\\/\",\"name\":\"Zr\u00f3wnowa\u017cona infrastruktura wodna. Amiblu oficjalnym partnerem \u015awiatowego Dnia In\u017cynierii UNESCO 2026 - Amiblu\",\"isPartOf\":{\"@id\":\"https:\\\/\\\/www.amiblu.com\\\/pl\\\/#website\"},\"primaryImageOfPage\":{\"@id\":\"https:\\\/\\\/www.amiblu.com\\\/pl\\\/zrownowazona-infrastruktura-wodna-amiblu-oficjalnym-partnerem-swiatowego-dnia-inzynierii-unesco-2026\\\/#primaryimage\"},\"image\":{\"@id\":\"https:\\\/\\\/www.amiblu.com\\\/pl\\\/zrownowazona-infrastruktura-wodna-amiblu-oficjalnym-partnerem-swiatowego-dnia-inzynierii-unesco-2026\\\/#primaryimage\"},\"thumbnailUrl\":\"https:\\\/\\\/www.amiblu.com\\\/wp-content\\\/uploads\\\/zrownowazona-infrastruktura-wodna-1.png\",\"datePublished\":\"2026-04-01T11:43:25+00:00\",\"dateModified\":\"2026-04-01T11:55:54+00:00\",\"description\":\"Zr\u00f3wnowa\u017cona infrastruktura wodna w praktyce. Zobacz, jak Amiblu wspiera globalne wyzwania wodne jako partner UNESCO World Engineering Day 2026.\",\"inLanguage\":\"pl-PL\",\"potentialAction\":[{\"@type\":\"ReadAction\",\"target\":[\"https:\\\/\\\/www.amiblu.com\\\/pl\\\/zrownowazona-infrastruktura-wodna-amiblu-oficjalnym-partnerem-swiatowego-dnia-inzynierii-unesco-2026\\\/\"]}]},{\"@type\":\"ImageObject\",\"inLanguage\":\"pl-PL\",\"@id\":\"https:\\\/\\\/www.amiblu.com\\\/pl\\\/zrownowazona-infrastruktura-wodna-amiblu-oficjalnym-partnerem-swiatowego-dnia-inzynierii-unesco-2026\\\/#primaryimage\",\"url\":\"https:\\\/\\\/www.amiblu.com\\\/wp-content\\\/uploads\\\/zrownowazona-infrastruktura-wodna-1.png\",\"contentUrl\":\"https:\\\/\\\/www.amiblu.com\\\/wp-content\\\/uploads\\\/zrownowazona-infrastruktura-wodna-1.png\",\"width\":800,\"height\":500,\"caption\":\"Wsp\u00f3\u0142praca Amiblu z Unesco w zwi\u0105zku ze \u015awiatowym Dniem In\u017cynierii\"},{\"@type\":\"WebSite\",\"@id\":\"https:\\\/\\\/www.amiblu.com\\\/pl\\\/#website\",\"url\":\"https:\\\/\\\/www.amiblu.com\\\/pl\\\/\",\"name\":\"Amiblu\",\"description\":\"GFK-Rohrsysteme f\u00fcr Generationen\",\"publisher\":{\"@id\":\"https:\\\/\\\/www.amiblu.com\\\/pl\\\/#organization\"},\"potentialAction\":[{\"@type\":\"SearchAction\",\"target\":{\"@type\":\"EntryPoint\",\"urlTemplate\":\"https:\\\/\\\/www.amiblu.com\\\/pl\\\/?s={search_term_string}\"},\"query-input\":{\"@type\":\"PropertyValueSpecification\",\"valueRequired\":true,\"valueName\":\"search_term_string\"}}],\"inLanguage\":\"pl-PL\"},{\"@type\":\"Organization\",\"@id\":\"https:\\\/\\\/www.amiblu.com\\\/pl\\\/#organization\",\"name\":\"Amiblu Group\",\"url\":\"https:\\\/\\\/www.amiblu.com\\\/pl\\\/\",\"logo\":{\"@type\":\"ImageObject\",\"inLanguage\":\"pl-PL\",\"@id\":\"https:\\\/\\\/www.amiblu.com\\\/pl\\\/#\\\/schema\\\/logo\\\/image\\\/\",\"url\":\"https:\\\/\\\/www.amiblu.com\\\/wp-content\\\/uploads\\\/2021\\\/01\\\/Amiblu-logo-website-1.png\",\"contentUrl\":\"https:\\\/\\\/www.amiblu.com\\\/wp-content\\\/uploads\\\/2021\\\/01\\\/Amiblu-logo-website-1.png\",\"width\":201,\"height\":38,\"caption\":\"Amiblu Group\"},\"image\":{\"@id\":\"https:\\\/\\\/www.amiblu.com\\\/pl\\\/#\\\/schema\\\/logo\\\/image\\\/\"},\"sameAs\":[\"https:\\\/\\\/www.facebook.com\\\/amiblupipes\",\"https:\\\/\\\/www.youtube.com\\\/c\\\/Amiblu\",\"https:\\\/\\\/de.wikipedia.org\\\/wiki\\\/Amiblu\",\"https:\\\/\\\/www.linkedin.com\\\/company\\\/amiblupipes\\\/\"]},{\"@type\":\"Person\",\"@id\":\"https:\\\/\\\/www.amiblu.com\\\/pl\\\/#\\\/schema\\\/person\\\/ed8f7c265fbc7bd94ebcd50860c87eaa\",\"name\":\"Agnieszka Lubieniecka\",\"image\":{\"@type\":\"ImageObject\",\"inLanguage\":\"pl-PL\",\"@id\":\"https:\\\/\\\/secure.gravatar.com\\\/avatar\\\/a7e009455a3a9009ac63a3788655a8697f2fd583ff5b25a108ff66699b274427?s=96&d=mm&r=g\",\"url\":\"https:\\\/\\\/secure.gravatar.com\\\/avatar\\\/a7e009455a3a9009ac63a3788655a8697f2fd583ff5b25a108ff66699b274427?s=96&d=mm&r=g\",\"contentUrl\":\"https:\\\/\\\/secure.gravatar.com\\\/avatar\\\/a7e009455a3a9009ac63a3788655a8697f2fd583ff5b25a108ff66699b274427?s=96&d=mm&r=g\",\"caption\":\"Agnieszka Lubieniecka\"}}]}<\/script>\n<!-- \/ Yoast SEO Premium plugin. -->","yoast_head_json":{"title":"Zr\u00f3wnowa\u017cona infrastruktura wodna. Amiblu oficjalnym partnerem \u015awiatowego Dnia In\u017cynierii UNESCO 2026 - Amiblu","description":"Zr\u00f3wnowa\u017cona infrastruktura wodna w praktyce. Zobacz, jak Amiblu wspiera globalne wyzwania wodne jako partner UNESCO World Engineering Day 2026.","robots":{"index":"index","follow":"follow","max-snippet":"max-snippet:-1","max-image-preview":"max-image-preview:large","max-video-preview":"max-video-preview:-1"},"canonical":"https:\/\/www.amiblu.com\/pl\/zrownowazona-infrastruktura-wodna-amiblu-oficjalnym-partnerem-swiatowego-dnia-inzynierii-unesco-2026\/","og_locale":"pl_PL","og_type":"article","og_title":"Zr\u00f3wnowa\u017cona infrastruktura wodna. Amiblu oficjalnym partnerem \u015awiatowego Dnia In\u017cynierii UNESCO 2026","og_description":"Zr\u00f3wnowa\u017cona infrastruktura wodna w praktyce. Zobacz, jak Amiblu wspiera globalne wyzwania wodne jako partner UNESCO World Engineering Day 2026.","og_url":"https:\/\/www.amiblu.com\/pl\/zrownowazona-infrastruktura-wodna-amiblu-oficjalnym-partnerem-swiatowego-dnia-inzynierii-unesco-2026\/","og_site_name":"Amiblu","article_publisher":"https:\/\/www.facebook.com\/amiblupipes","article_published_time":"2026-04-01T11:43:25+00:00","article_modified_time":"2026-04-01T11:55:54+00:00","og_image":[{"width":800,"height":500,"url":"https:\/\/www.amiblu.com\/wp-content\/uploads\/zrownowazona-infrastruktura-wodna-1.png","type":"image\/png"}],"author":"Agnieszka Lubieniecka","twitter_card":"summary_large_image","twitter_misc":{"Napisane przez":"Agnieszka Lubieniecka","Szacowany czas czytania":"2 minuty"},"schema":{"@context":"https:\/\/schema.org","@graph":[{"@type":"Article","@id":"https:\/\/www.amiblu.com\/pl\/zrownowazona-infrastruktura-wodna-amiblu-oficjalnym-partnerem-swiatowego-dnia-inzynierii-unesco-2026\/#article","isPartOf":{"@id":"https:\/\/www.amiblu.com\/pl\/zrownowazona-infrastruktura-wodna-amiblu-oficjalnym-partnerem-swiatowego-dnia-inzynierii-unesco-2026\/"},"author":{"name":"Agnieszka Lubieniecka","@id":"https:\/\/www.amiblu.com\/pl\/#\/schema\/person\/ed8f7c265fbc7bd94ebcd50860c87eaa"},"headline":"Zr\u00f3wnowa\u017cona infrastruktura wodna. Amiblu oficjalnym partnerem \u015awiatowego Dnia In\u017cynierii UNESCO 2026","datePublished":"2026-04-01T11:43:25+00:00","dateModified":"2026-04-01T11:55:54+00:00","mainEntityOfPage":{"@id":"https:\/\/www.amiblu.com\/pl\/zrownowazona-infrastruktura-wodna-amiblu-oficjalnym-partnerem-swiatowego-dnia-inzynierii-unesco-2026\/"},"wordCount":822,"publisher":{"@id":"https:\/\/www.amiblu.com\/pl\/#organization"},"image":{"@id":"https:\/\/www.amiblu.com\/pl\/zrownowazona-infrastruktura-wodna-amiblu-oficjalnym-partnerem-swiatowego-dnia-inzynierii-unesco-2026\/#primaryimage"},"thumbnailUrl":"https:\/\/www.amiblu.com\/wp-content\/uploads\/zrownowazona-infrastruktura-wodna-1.png","articleSection":["Nowo\u015bci"],"inLanguage":"pl-PL"},{"@type":"WebPage","@id":"https:\/\/www.amiblu.com\/pl\/zrownowazona-infrastruktura-wodna-amiblu-oficjalnym-partnerem-swiatowego-dnia-inzynierii-unesco-2026\/","url":"https:\/\/www.amiblu.com\/pl\/zrownowazona-infrastruktura-wodna-amiblu-oficjalnym-partnerem-swiatowego-dnia-inzynierii-unesco-2026\/","name":"Zr\u00f3wnowa\u017cona infrastruktura wodna. Amiblu oficjalnym partnerem \u015awiatowego Dnia In\u017cynierii UNESCO 2026 - Amiblu","isPartOf":{"@id":"https:\/\/www.amiblu.com\/pl\/#website"},"primaryImageOfPage":{"@id":"https:\/\/www.amiblu.com\/pl\/zrownowazona-infrastruktura-wodna-amiblu-oficjalnym-partnerem-swiatowego-dnia-inzynierii-unesco-2026\/#primaryimage"},"image":{"@id":"https:\/\/www.amiblu.com\/pl\/zrownowazona-infrastruktura-wodna-amiblu-oficjalnym-partnerem-swiatowego-dnia-inzynierii-unesco-2026\/#primaryimage"},"thumbnailUrl":"https:\/\/www.amiblu.com\/wp-content\/uploads\/zrownowazona-infrastruktura-wodna-1.png","datePublished":"2026-04-01T11:43:25+00:00","dateModified":"2026-04-01T11:55:54+00:00","description":"Zr\u00f3wnowa\u017cona infrastruktura wodna w praktyce. Zobacz, jak Amiblu wspiera globalne wyzwania wodne jako partner UNESCO World Engineering Day 2026.","inLanguage":"pl-PL","potentialAction":[{"@type":"ReadAction","target":["https:\/\/www.amiblu.com\/pl\/zrownowazona-infrastruktura-wodna-amiblu-oficjalnym-partnerem-swiatowego-dnia-inzynierii-unesco-2026\/"]}]},{"@type":"ImageObject","inLanguage":"pl-PL","@id":"https:\/\/www.amiblu.com\/pl\/zrownowazona-infrastruktura-wodna-amiblu-oficjalnym-partnerem-swiatowego-dnia-inzynierii-unesco-2026\/#primaryimage","url":"https:\/\/www.amiblu.com\/wp-content\/uploads\/zrownowazona-infrastruktura-wodna-1.png","contentUrl":"https:\/\/www.amiblu.com\/wp-content\/uploads\/zrownowazona-infrastruktura-wodna-1.png","width":800,"height":500,"caption":"Wsp\u00f3\u0142praca Amiblu z Unesco w zwi\u0105zku ze \u015awiatowym Dniem In\u017cynierii"},{"@type":"WebSite","@id":"https:\/\/www.amiblu.com\/pl\/#website","url":"https:\/\/www.amiblu.com\/pl\/","name":"Amiblu","description":"GFK-Rohrsysteme f\u00fcr Generationen","publisher":{"@id":"https:\/\/www.amiblu.com\/pl\/#organization"},"potentialAction":[{"@type":"SearchAction","target":{"@type":"EntryPoint","urlTemplate":"https:\/\/www.amiblu.com\/pl\/?s={search_term_string}"},"query-input":{"@type":"PropertyValueSpecification","valueRequired":true,"valueName":"search_term_string"}}],"inLanguage":"pl-PL"},{"@type":"Organization","@id":"https:\/\/www.amiblu.com\/pl\/#organization","name":"Amiblu Group","url":"https:\/\/www.amiblu.com\/pl\/","logo":{"@type":"ImageObject","inLanguage":"pl-PL","@id":"https:\/\/www.amiblu.com\/pl\/#\/schema\/logo\/image\/","url":"https:\/\/www.amiblu.com\/wp-content\/uploads\/2021\/01\/Amiblu-logo-website-1.png","contentUrl":"https:\/\/www.amiblu.com\/wp-content\/uploads\/2021\/01\/Amiblu-logo-website-1.png","width":201,"height":38,"caption":"Amiblu Group"},"image":{"@id":"https:\/\/www.amiblu.com\/pl\/#\/schema\/logo\/image\/"},"sameAs":["https:\/\/www.facebook.com\/amiblupipes","https:\/\/www.youtube.com\/c\/Amiblu","https:\/\/de.wikipedia.org\/wiki\/Amiblu","https:\/\/www.linkedin.com\/company\/amiblupipes\/"]},{"@type":"Person","@id":"https:\/\/www.amiblu.com\/pl\/#\/schema\/person\/ed8f7c265fbc7bd94ebcd50860c87eaa","name":"Agnieszka Lubieniecka","image":{"@type":"ImageObject","inLanguage":"pl-PL","@id":"https:\/\/secure.gravatar.com\/avatar\/a7e009455a3a9009ac63a3788655a8697f2fd583ff5b25a108ff66699b274427?s=96&d=mm&r=g","url":"https:\/\/secure.gravatar.com\/avatar\/a7e009455a3a9009ac63a3788655a8697f2fd583ff5b25a108ff66699b274427?s=96&d=mm&r=g","contentUrl":"https:\/\/secure.gravatar.com\/avatar\/a7e009455a3a9009ac63a3788655a8697f2fd583ff5b25a108ff66699b274427?s=96&d=mm&r=g","caption":"Agnieszka Lubieniecka"}}]}},"_links":{"self":[{"href":"https:\/\/www.amiblu.com\/pl\/wp-json\/wp\/v2\/posts\/79556","targetHints":{"allow":["GET"]}}],"collection":[{"href":"https:\/\/www.amiblu.com\/pl\/wp-json\/wp\/v2\/posts"}],"about":[{"href":"https:\/\/www.amiblu.com\/pl\/wp-json\/wp\/v2\/types\/post"}],"author":[{"embeddable":true,"href":"https:\/\/www.amiblu.com\/pl\/wp-json\/wp\/v2\/users\/62"}],"replies":[{"embeddable":true,"href":"https:\/\/www.amiblu.com\/pl\/wp-json\/wp\/v2\/comments?post=79556"}],"version-history":[{"count":18,"href":"https:\/\/www.amiblu.com\/pl\/wp-json\/wp\/v2\/posts\/79556\/revisions"}],"predecessor-version":[{"id":79576,"href":"https:\/\/www.amiblu.com\/pl\/wp-json\/wp\/v2\/posts\/79556\/revisions\/79576"}],"wp:featuredmedia":[{"embeddable":true,"href":"https:\/\/www.amiblu.com\/pl\/wp-json\/wp\/v2\/media\/79571"}],"wp:attachment":[{"href":"https:\/\/www.amiblu.com\/pl\/wp-json\/wp\/v2\/media?parent=79556"}],"wp:term":[{"taxonomy":"category","embeddable":true,"href":"https:\/\/www.amiblu.com\/pl\/wp-json\/wp\/v2\/categories?post=79556"},{"taxonomy":"post_tag","embeddable":true,"href":"https:\/\/www.amiblu.com\/pl\/wp-json\/wp\/v2\/tags?post=79556"}],"curies":[{"name":"wp","href":"https:\/\/api.w.org\/{rel}","templated":true}]}}